{"id":758992,"date":"2024-10-05T20:10:35","date_gmt":"2024-10-05T16:10:35","guid":{"rendered":"https:\/\/arantv.az\/?p=758992"},"modified":"2024-10-05T20:10:35","modified_gmt":"2024-10-05T16:10:35","slug":"naxcivanin-sosial-iqtisadi-inkisafinin-dair-dovl%c9%99t-proqraminin-maliyy%c9%99l%c9%99sdirilm%c9%99sin%c9%99-ayrilan-v%c9%99sait-azaldilib","status":"publish","type":"post","link":"https:\/\/arantv.az\/?p=758992","title":{"rendered":"Nax\u00e7\u0131van\u0131n sosial-iqtisadi inki\u015faf\u0131n\u0131n dair D\u00f6vl\u0259t Proqram\u0131n\u0131n maliyy\u0259l\u0259\u015fdirilm\u0259sin\u0259 ayr\u0131lan v\u0259sait azald\u0131l\u0131b"},"content":{"rendered":"<p><strong>Nax\u00e7\u0131van Muxtar Respublikas\u0131n\u0131n sosial-iqtisadi inki\u015faf\u0131na dair D\u00f6vl\u0259t Proqram\u0131n\u0131n maliyy\u0259l\u0259\u015fdirilm\u0259sin\u0259 ayr\u0131lan v\u0259sait 3 d\u0259f\u0259d\u0259n \u00e7ox azald\u0131l\u0131b.<\/strong><\/p>\n<p><b>ARANTV.AZ <\/b>x\u0259b\u0259r verir ki, bu bar\u0259d\u0259 Prezident \u0130lham \u018fliyev \u201cAz\u0259rbaycan Respublikas\u0131n\u0131n 2024-c\u00fc il d\u00f6vl\u0259t b\u00fcdc\u0259si haqq\u0131nda\u201d Az\u0259rbaycan Respublikas\u0131n\u0131n 2023-c\u00fc il 5 dekabr tarixli 1028-VIQ n\u00f6mr\u0259li Qanununun t\u0259tbiqi il\u0259 ba\u011fl\u0131 bir s\u0131ra m\u0259s\u0259l\u0259l\u0259r bar\u0259d\u0259\u201d F\u0259rman\u0131nda d\u0259yi\u015fiklik edilm\u0259si bar\u0259d\u0259 F\u0259rman imzalay\u0131b.<\/p>\n<p>F\u0259rmanda Nax\u00e7\u0131van\u0131n sosial-iqtisadi inki\u015faf\u0131na dair D\u00f6vl\u0259t Proqram\u0131n\u0131n maliyy\u0259l\u0259\u015fdirilm\u0259si \u00fc\u00e7\u00fcn ayr\u0131lan 249 milyon 100 min manat m\u0259bl\u0259\u011fin 70 milyon manata endirilm\u0259si bildirilib.<\/p>\n","protected":false},"excerpt":{"rendered":"<p>Nax\u00e7\u0131van Muxtar Respublikas\u0131n\u0131n sosial-iqtisadi inki\u015faf\u0131na dair D\u00f6vl\u0259t Proqram\u0131n\u0131n maliyy\u0259l\u0259\u015fdirilm\u0259sin\u0259 ayr\u0131lan v\u0259sait 3 d\u0259f\u0259d\u0259n \u00e7ox azald\u0131l\u0131b. ARANTV.AZ x\u0259b\u0259r verir ki, bu bar\u0259d\u0259 Prezident \u0130lham \u018fliyev \u201cAz\u0259rbaycan Respublikas\u0131n\u0131n 2024-c\u00fc il d\u00f6vl\u0259t b\u00fcdc\u0259si haqq\u0131nda\u201d Az\u0259rbaycan Respublikas\u0131n\u0131n 2023-c\u00fc il 5 dekabr tarixli 1028-VIQ n\u00f6mr\u0259li Qanununun t\u0259tbiqi il\u0259 ba\u011fl\u0131 bir s\u0131ra m\u0259s\u0259l\u0259l\u0259r bar\u0259d\u0259\u201d F\u0259rman\u0131nda d\u0259yi\u015fiklik edilm\u0259si bar\u0259d\u0259 F\u0259rman imzalay\u0131b. F\u0259rmanda Nax\u00e7\u0131van\u0131n sosial-iqtisadi inki\u015faf\u0131na dair D\u00f6vl\u0259t Proqram\u0131n\u0131n maliyy\u0259l\u0259\u015fdirilm\u0259si \u00fc\u00e7\u00fcn ayr\u0131lan 249 milyon 100 min manat m\u0259bl\u0259\u011fin 70 milyon manata endirilm\u0259si bildirilib.<\/p>\n","protected":false},"author":2,"featured_media":758993,"comment_status":"closed","ping_status":"closed","sticky":false,"template":"","format":"standard","meta":{"om_disable_all_campaigns":false,"_monsterinsights_skip_tracking":false,"_monsterinsights_sitenote_active":false,"_monsterinsights_sitenote_note":"","_monsterinsights_sitenote_category":0},"categories":[4],"tags":[],"aioseo_notices":[],"gutentor_comment":0,"rttpg_featured_image_url":{"full":["https:\/\/arantv.az\/wp-content\/uploads\/2024\/10\/3b2e3208acb2dcec1ab0cc1639f14eb4.jpg",850,500,false],"landscape":["https:\/\/arantv.az\/wp-content\/uploads\/2024\/10\/3b2e3208acb2dcec1ab0cc1639f14eb4.jpg",850,500,false],"portraits":["https:\/\/arantv.az\/wp-content\/uploads\/2024\/10\/3b2e3208acb2dcec1ab0cc1639f14eb4.jpg",850,500,false],"thumbnail":["https:\/\/arantv.az\/wp-content\/uploads\/2024\/10\/3b2e3208acb2dcec1ab0cc1639f14eb4-500x280.jpg",500,280,true],"medium":["https:\/\/arantv.az\/wp-content\/uploads\/2024\/10\/3b2e3208acb2dcec1ab0cc1639f14eb4-621x365.jpg",621,365,true],"large":["https:\/\/arantv.az\/wp-content\/uploads\/2024\/10\/3b2e3208acb2dcec1ab0cc1639f14eb4-840x494.jpg",640,376,true],"1536x1536":["https:\/\/arantv.az\/wp-content\/uploads\/2024\/10\/3b2e3208acb2dcec1ab0cc1639f14eb4.jpg",850,500,false],"2048x2048":["https:\/\/arantv.az\/wp-content\/uploads\/2024\/10\/3b2e3208acb2dcec1ab0cc1639f14eb4.jpg",850,500,false],"post-thumbnail":["https:\/\/arantv.az\/wp-content\/uploads\/2024\/10\/3b2e3208acb2dcec1ab0cc1639f14eb4-240x172.jpg",240,172,true],"advps-thumb-one":["https:\/\/arantv.az\/wp-content\/uploads\/2024\/10\/3b2e3208acb2dcec1ab0cc1639f14eb4.jpg",850,500,false]},"rttpg_author":{"display_name":"V\u00fcsal Rafiqo\u011flu","author_link":"https:\/\/arantv.az\/?author=2"},"rttpg_comment":0,"rttpg_category":"<a href=\"https:\/\/arantv.az\/?cat=4\" rel=\"category\">Siyas\u0259t<\/a>","rttpg_excerpt":"Nax\u00e7\u0131van Muxtar Respublikas\u0131n\u0131n sosial-iqtisadi inki\u015faf\u0131na dair D\u00f6vl\u0259t Proqram\u0131n\u0131n maliyy\u0259l\u0259\u015fdirilm\u0259sin\u0259 ayr\u0131lan v\u0259sait 3 d\u0259f\u0259d\u0259n \u00e7ox azald\u0131l\u0131b. ARANTV.AZ x\u0259b\u0259r verir ki, bu bar\u0259d\u0259 Prezident \u0130lham \u018fliyev \u201cAz\u0259rbaycan Respublikas\u0131n\u0131n 2024-c\u00fc il d\u00f6vl\u0259t b\u00fcdc\u0259si haqq\u0131nda\u201d Az\u0259rbaycan Respublikas\u0131n\u0131n 2023-c\u00fc il 5 dekabr tarixli 1028-VIQ n\u00f6mr\u0259li Qanununun t\u0259tbiqi il\u0259 ba\u011fl\u0131 bir s\u0131ra m\u0259s\u0259l\u0259l\u0259r bar\u0259d\u0259\u201d F\u0259rman\u0131nda d\u0259yi\u015fiklik edilm\u0259si bar\u0259d\u0259 F\u0259rman imzalay\u0131b. F\u0259rmanda&hellip;","_links":{"self":[{"href":"https:\/\/arantv.az\/index.php?rest_route=\/wp\/v2\/posts\/758992"}],"collection":[{"href":"https:\/\/arantv.az\/index.php?rest_route=\/wp\/v2\/posts"}],"about":[{"href":"https:\/\/arantv.az\/index.php?rest_route=\/wp\/v2\/types\/post"}],"author":[{"embeddable":true,"href":"https:\/\/arantv.az\/index.php?rest_route=\/wp\/v2\/users\/2"}],"replies":[{"embeddable":true,"href":"https:\/\/arantv.az\/index.php?rest_route=%2Fwp%2Fv2%2Fcomments&post=758992"}],"version-history":[{"count":1,"href":"https:\/\/arantv.az\/index.php?rest_route=\/wp\/v2\/posts\/758992\/revisions"}],"predecessor-version":[{"id":758994,"href":"https:\/\/arantv.az\/index.php?rest_route=\/wp\/v2\/posts\/758992\/revisions\/758994"}],"wp:featuredmedia":[{"embeddable":true,"href":"https:\/\/arantv.az\/index.php?rest_route=\/wp\/v2\/media\/758993"}],"wp:attachment":[{"href":"https:\/\/arantv.az\/index.php?rest_route=%2Fwp%2Fv2%2Fmedia&parent=758992"}],"wp:term":[{"taxonomy":"category","embeddable":true,"href":"https:\/\/arantv.az\/index.php?rest_route=%2Fwp%2Fv2%2Fcategories&post=758992"},{"taxonomy":"post_tag","embeddable":true,"href":"https:\/\/arantv.az\/index.php?rest_route=%2Fwp%2Fv2%2Ftags&post=758992"}],"curies":[{"name":"wp","href":"https:\/\/api.w.org\/{rel}","templated":true}]}}