{"id":758995,"date":"2024-10-05T20:11:28","date_gmt":"2024-10-05T16:11:28","guid":{"rendered":"https:\/\/arantv.az\/?p=758995"},"modified":"2024-10-05T20:11:28","modified_gmt":"2024-10-05T16:11:28","slug":"b%c9%99l%c9%99diyy%c9%99l%c9%99rl%c9%99-bagli-q%c9%99rara-muxalif%c9%99tci-ekspertd%c9%99n-r%c9%99y","status":"publish","type":"post","link":"https:\/\/arantv.az\/?p=758995","title":{"rendered":"B\u0259l\u0259diyy\u0259l\u0259rl\u0259 ba\u011fl\u0131 q\u0259rara m\u00fcxalif\u0259t\u00e7i ekspertd\u0259n R\u018fY"},"content":{"rendered":"<p><strong>B\u0259l\u0259diyy\u0259l\u0259r qrant ala bil\u0259c\u0259k. APA-n\u0131n x\u0259b\u0259rin\u0259 g\u00f6r\u0259, bu, \u201cQrant haqq\u0131nda\u201d qanuna t\u0259klif edil\u0259n d\u0259yi\u015fiklikd\u0259 \u0259ksini tap\u0131b.<\/strong><\/p>\n<p>Layih\u0259 s\u0259n\u0259d b\u0259l\u0259diyy\u0259l\u0259rin maliyy\u0259 resurslar\u0131na \u00e7\u0131x\u0131\u015f\u0131n\u0131n art\u0131r\u0131lmas\u0131 m\u0259qs\u0259dil\u0259 onlara qrant verilm\u0259sinin h\u00fcquqi \u0259saslar\u0131n\u0131n yarad\u0131lmas\u0131 v\u0259 t\u0259nziml\u0259nm\u0259si m\u0259qs\u0259dil\u0259 haz\u0131rlan\u0131b.<\/p>\n<p>Respublika\u00e7\u0131 Alternativ (ReAl) partiyas\u0131n\u0131n s\u0259dri, iqtisad\u00e7\u0131 ekspert Natiq C\u0259f\u0259rli Musavat.com-a bildirib ki, Az\u0259rbaycanda b\u0259l\u0259diyy\u0259l\u0259rin maliyy\u0259 s\u0131x\u0131nt\u0131s\u0131 var:<\/p>\n<p>&#8220;Maliyy\u0259si az olan b\u0259l\u0259diyy\u0259l\u0259r ciddi xidm\u0259t g\u00f6st\u0259r\u0259 bilmirl\u0259r. B\u0259l\u0259diyy\u0259l\u0259rin maliyy\u0259 m\u0259nb\u0259l\u0259ri kifay\u0259t q\u0259d\u0259r z\u0259if oldu\u011funa g\u00f6r\u0259 \u0259lav\u0259 g\u0259lir m\u0259nb\u0259l\u0259ri \u00fc\u00e7\u00fcn qanunvericilikd\u0259 d\u0259yi\u015fiklikl\u0259r\u0259 ehtiyac yaranm\u0131\u015fd\u0131. B\u0259l\u0259diyy\u0259l\u0259rin qrant almas\u0131 beyn\u0259lxalq t\u0259cr\u00fcb\u0259y\u0259 uy\u011fundur. Bir \u00e7ox \u00f6lk\u0259d\u0259, T\u00fcrkiy\u0259d\u0259, G\u00fcrc\u00fcstanda bu c\u00fcr normativ h\u00fcquqi aktlar m\u00f6vcuddur. Bel\u0259 bir d\u0259yi\u015fiklikd\u0259n sonra b\u0259l\u0259diyy\u0259l\u0259r yerli icmalar\u0131n inki\u015faf\u0131 \u00fc\u00e7\u00fcn m\u00fcxt\u0259lif fondlardan, o c\u00fcml\u0259d\u0259n QHT-\u0259 yard\u0131m fondundan, \u00f6lk\u0259 daxilind\u0259n v\u0259 xaricd\u0259n qrant c\u0259lb ed\u0259 bil\u0259c\u0259kl\u0259r ki, bu, onlar\u0131n maliyy\u0259 dayan\u0131ql\u0131\u011f\u0131n\u0131 art\u0131racaq\u201d.<\/p>\n","protected":false},"excerpt":{"rendered":"<p>B\u0259l\u0259diyy\u0259l\u0259r qrant ala bil\u0259c\u0259k. APA-n\u0131n x\u0259b\u0259rin\u0259 g\u00f6r\u0259, bu, \u201cQrant haqq\u0131nda\u201d qanuna t\u0259klif edil\u0259n d\u0259yi\u015fiklikd\u0259 \u0259ksini tap\u0131b. Layih\u0259 s\u0259n\u0259d b\u0259l\u0259diyy\u0259l\u0259rin maliyy\u0259 resurslar\u0131na \u00e7\u0131x\u0131\u015f\u0131n\u0131n art\u0131r\u0131lmas\u0131 m\u0259qs\u0259dil\u0259 onlara qrant verilm\u0259sinin h\u00fcquqi \u0259saslar\u0131n\u0131n yarad\u0131lmas\u0131 v\u0259 t\u0259nziml\u0259nm\u0259si m\u0259qs\u0259dil\u0259 haz\u0131rlan\u0131b. Respublika\u00e7\u0131 Alternativ (ReAl) partiyas\u0131n\u0131n s\u0259dri, iqtisad\u00e7\u0131 ekspert Natiq C\u0259f\u0259rli Musavat.com-a bildirib ki, Az\u0259rbaycanda b\u0259l\u0259diyy\u0259l\u0259rin maliyy\u0259 s\u0131x\u0131nt\u0131s\u0131 var: &#8220;Maliyy\u0259si az olan b\u0259l\u0259diyy\u0259l\u0259r ciddi xidm\u0259t g\u00f6st\u0259r\u0259 bilmirl\u0259r. B\u0259l\u0259diyy\u0259l\u0259rin maliyy\u0259 m\u0259nb\u0259l\u0259ri kifay\u0259t q\u0259d\u0259r z\u0259if oldu\u011funa g\u00f6r\u0259 \u0259lav\u0259 g\u0259lir m\u0259nb\u0259l\u0259ri \u00fc\u00e7\u00fcn qanunvericilikd\u0259 d\u0259yi\u015fiklikl\u0259r\u0259 ehtiyac yaranm\u0131\u015fd\u0131. B\u0259l\u0259diyy\u0259l\u0259rin qrant almas\u0131 beyn\u0259lxalq t\u0259cr\u00fcb\u0259y\u0259 uy\u011fundur. Bir \u00e7ox \u00f6lk\u0259d\u0259, T\u00fcrkiy\u0259d\u0259, G\u00fcrc\u00fcstanda bu c\u00fcr normativ h\u00fcquqi&hellip;<\/p>\n","protected":false},"author":2,"featured_media":758996,"comment_status":"closed","ping_status":"closed","sticky":false,"template":"","format":"standard","meta":{"om_disable_all_campaigns":false,"_monsterinsights_skip_tracking":false,"_monsterinsights_sitenote_active":false,"_monsterinsights_sitenote_note":"","_monsterinsights_sitenote_category":0},"categories":[19],"tags":[],"aioseo_notices":[],"gutentor_comment":0,"rttpg_featured_image_url":{"full":["https:\/\/arantv.az\/wp-content\/uploads\/2024\/10\/d6ac3ccbc632532d76ea15b964df1449.jpg",554,360,false],"landscape":["https:\/\/arantv.az\/wp-content\/uploads\/2024\/10\/d6ac3ccbc632532d76ea15b964df1449.jpg",554,360,false],"portraits":["https:\/\/arantv.az\/wp-content\/uploads\/2024\/10\/d6ac3ccbc632532d76ea15b964df1449.jpg",554,360,false],"thumbnail":["https:\/\/arantv.az\/wp-content\/uploads\/2024\/10\/d6ac3ccbc632532d76ea15b964df1449-500x280.jpg",500,280,true],"medium":["https:\/\/arantv.az\/wp-content\/uploads\/2024\/10\/d6ac3ccbc632532d76ea15b964df1449.jpg",554,360,false],"large":["https:\/\/arantv.az\/wp-content\/uploads\/2024\/10\/d6ac3ccbc632532d76ea15b964df1449.jpg",554,360,false],"1536x1536":["https:\/\/arantv.az\/wp-content\/uploads\/2024\/10\/d6ac3ccbc632532d76ea15b964df1449.jpg",554,360,false],"2048x2048":["https:\/\/arantv.az\/wp-content\/uploads\/2024\/10\/d6ac3ccbc632532d76ea15b964df1449.jpg",554,360,false],"post-thumbnail":["https:\/\/arantv.az\/wp-content\/uploads\/2024\/10\/d6ac3ccbc632532d76ea15b964df1449-240x172.jpg",240,172,true],"advps-thumb-one":["https:\/\/arantv.az\/wp-content\/uploads\/2024\/10\/d6ac3ccbc632532d76ea15b964df1449.jpg",554,360,false]},"rttpg_author":{"display_name":"V\u00fcsal Rafiqo\u011flu","author_link":"https:\/\/arantv.az\/?author=2"},"rttpg_comment":0,"rttpg_category":"<a href=\"https:\/\/arantv.az\/?cat=19\" rel=\"category\">G\u00fcnd\u0259m<\/a>","rttpg_excerpt":"B\u0259l\u0259diyy\u0259l\u0259r qrant ala bil\u0259c\u0259k. APA-n\u0131n x\u0259b\u0259rin\u0259 g\u00f6r\u0259, bu, \u201cQrant haqq\u0131nda\u201d qanuna t\u0259klif edil\u0259n d\u0259yi\u015fiklikd\u0259 \u0259ksini tap\u0131b. Layih\u0259 s\u0259n\u0259d b\u0259l\u0259diyy\u0259l\u0259rin maliyy\u0259 resurslar\u0131na \u00e7\u0131x\u0131\u015f\u0131n\u0131n art\u0131r\u0131lmas\u0131 m\u0259qs\u0259dil\u0259 onlara qrant verilm\u0259sinin h\u00fcquqi \u0259saslar\u0131n\u0131n yarad\u0131lmas\u0131 v\u0259 t\u0259nziml\u0259nm\u0259si m\u0259qs\u0259dil\u0259 haz\u0131rlan\u0131b. Respublika\u00e7\u0131 Alternativ (ReAl) partiyas\u0131n\u0131n s\u0259dri, iqtisad\u00e7\u0131 ekspert Natiq C\u0259f\u0259rli Musavat.com-a bildirib ki, Az\u0259rbaycanda b\u0259l\u0259diyy\u0259l\u0259rin maliyy\u0259 s\u0131x\u0131nt\u0131s\u0131 var: &#8220;Maliyy\u0259si az olan b\u0259l\u0259diyy\u0259l\u0259r&hellip;","_links":{"self":[{"href":"https:\/\/arantv.az\/index.php?rest_route=\/wp\/v2\/posts\/758995"}],"collection":[{"href":"https:\/\/arantv.az\/index.php?rest_route=\/wp\/v2\/posts"}],"about":[{"href":"https:\/\/arantv.az\/index.php?rest_route=\/wp\/v2\/types\/post"}],"author":[{"embeddable":true,"href":"https:\/\/arantv.az\/index.php?rest_route=\/wp\/v2\/users\/2"}],"replies":[{"embeddable":true,"href":"https:\/\/arantv.az\/index.php?rest_route=%2Fwp%2Fv2%2Fcomments&post=758995"}],"version-history":[{"count":2,"href":"https:\/\/arantv.az\/index.php?rest_route=\/wp\/v2\/posts\/758995\/revisions"}],"predecessor-version":[{"id":758998,"href":"https:\/\/arantv.az\/index.php?rest_route=\/wp\/v2\/posts\/758995\/revisions\/758998"}],"wp:featuredmedia":[{"embeddable":true,"href":"https:\/\/arantv.az\/index.php?rest_route=\/wp\/v2\/media\/758996"}],"wp:attachment":[{"href":"https:\/\/arantv.az\/index.php?rest_route=%2Fwp%2Fv2%2Fmedia&parent=758995"}],"wp:term":[{"taxonomy":"category","embeddable":true,"href":"https:\/\/arantv.az\/index.php?rest_route=%2Fwp%2Fv2%2Fcategories&post=758995"},{"taxonomy":"post_tag","embeddable":true,"href":"https:\/\/arantv.az\/index.php?rest_route=%2Fwp%2Fv2%2Ftags&post=758995"}],"curies":[{"name":"wp","href":"https:\/\/api.w.org\/{rel}","templated":true}]}}