{"id":759009,"date":"2024-10-05T20:16:40","date_gmt":"2024-10-05T16:16:40","guid":{"rendered":"https:\/\/arantv.az\/?p=759009"},"modified":"2024-10-05T20:16:40","modified_gmt":"2024-10-05T16:16:40","slug":"mu%c9%99llim%c9%99-bir-gun-az-bir-gul-coxdur","status":"publish","type":"post","link":"https:\/\/arantv.az\/?p=759009","title":{"rendered":"M\u00fc\u0259llim\u0259 bir g\u00fcn az, bir g\u00fcl \u00e7oxdur?"},"content":{"rendered":"<p>D\u00fcnyan\u0131n y\u00fczd\u0259n \u00e7ox \u00f6lk\u0259si h\u0259r il oktyabr\u0131n 5-ni Beyn\u0259lxalq M\u00fc\u0259lliml\u0259r G\u00fcn\u00fc kimi qeyd edir.<\/p>\n<p>B\u0259zil\u0259rind\u0259 is\u0259 m\u00fc\u0259lliml\u0259r \u00fc\u00e7\u00fcn f\u0259rqli tarixl\u0259rd\u0259 bayram t\u0259\u015fkil olunur. M\u0259s\u0259l\u0259n, Argentina \u00fc\u00e7\u00fcn bu g\u00fcn milli bayram statusundad\u0131r v\u0259 sentyabr\u0131n 11-d\u0259 qeyd olunur, t\u0259hsil sistemi b\u00fct\u00fcnl\u00fckl\u0259 h\u0259min g\u00fcn istirah\u0259t edir. Braziliyada is\u0259 oktyabr\u0131n 15-d\u0259 m\u00fc\u0259lliml\u0259r v\u0259 \u015fagirdl\u0259ri m\u0259kt\u0259b\u0259 evd\u0259 bi\u015fmi\u015f \u015firniyyat g\u0259tir\u0259r\u0259k bayram edirl\u0259r. \u00c7ind\u0259 filosof Konfutsinin do\u011fum g\u00fcn\u00fc &#8211; sentyabr\u0131n 28-i valideynl\u0259r ke\u00e7mi\u015f m\u00fc\u0259lliml\u0259rin\u0259 g\u00fcl d\u0259st\u0259l\u0259ri g\u0259tirirl\u0259r. Livanda d\u00fcz bir h\u0259ft\u0259 &#8211; mart\u0131n 3-d\u0259n 9-d\u0259k m\u00fc\u0259lliml\u0259r bayram edirl\u0259r. AB\u015e-d\u0259 is\u0259 bel\u0259 h\u0259ft\u0259 may\u0131n \u0259vv\u0259lind\u0259 t\u0259\u015fkil olunur &#8211; \u015fagirdl\u0259r sevimli m\u00fc\u0259lliml\u0259rin\u0259 \u0259ll\u0259 yaz\u0131lm\u0131\u015f a\u00e7\u0131qcalar t\u0259qdim edirl\u0259r.<\/p>\n<p>Az\u0259rbaycanda is\u0259 bu \u0259lam\u0259tdar g\u00fcn yax\u0131nla\u015fd\u0131qca valideynl\u0259rin pul y\u0131\u011f\u0131b-y\u0131\u011fmayacaqlar\u0131 m\u00fczakir\u0259 m\u00f6vzusuna \u00e7evrilir, aidiyy\u0259ti qurumdan m\u0259kt\u0259bl\u0259r\u0259 x\u00fcsusi t\u0259limat g\u00f6nd\u0259rilir. M\u0259s\u0259l\u0259n, bu il d\u0259 M\u0259kt\u0259b\u0259q\u0259d\u0259r v\u0259 \u00dcmumi T\u0259hsil D\u00f6vl\u0259t Agentliyind\u0259n bildirilib ki, valideynl\u0259r t\u0259r\u0259find\u0259n h\u0259r hans\u0131 maddi v\u0259 qeyri-maddi nem\u0259tl\u0259rin, qiym\u0259tli \u0259\u015fyalar\u0131n h\u0259diyy\u0259 edilm\u0259si, bu m\u0259qs\u0259dl\u0259 pul y\u0131\u011f\u0131lmas\u0131 v\u0259 sair kimi hallar\u0131n ba\u015f verm\u0259si yolverilm\u0259zdir.<\/p>\n<p>Maraql\u0131d\u0131r, b\u0259s bu Beyn\u0259lxalq M\u00fc\u0259lliml\u0259r G\u00fcn\u00fc, \u0259slind\u0259, nec\u0259 ke\u00e7irilm\u0259lidir ki, h\u0259m m\u00fc\u0259lliml\u0259r raz\u0131 qals\u0131nlar, h\u0259m d\u0259 valideynl\u0259r?<\/p>\n<p>M\u0259s\u0259l\u0259 il\u0259 ba\u011fl\u0131 t\u0259hsil eksperti \u0130lqar Orucov Oxu.Az-a a\u00e7\u0131qlamas\u0131nda bildirib ki, x\u00fcsusi g\u00fcn\u00fcn t\u0259sis olunmas\u0131 Az\u0259rbaycanda m\u00fc\u0259llim\u0259 v\u0259 m\u00fc\u0259llimlik pe\u015f\u0259sin\u0259 veril\u0259n d\u0259y\u0259ri g\u00f6st\u0259rir. Onun s\u00f6zl\u0259rin\u0259 g\u00f6r\u0259, bu g\u00fcnl\u0259 \u0259laq\u0259dar valideynl\u0259rd\u0259n m\u00fc\u0259yy\u0259n miqdarda pul y\u0131\u011f\u0131lmas\u0131 bu pe\u015f\u0259nin m\u00fcq\u0259dd\u0259sliyin\u0259 haram qat\u0131r:<\/p>\n<p>&#8220;\u00dcmumiyy\u0259tl\u0259, b\u00f6y\u00fck h\u0259diyy\u0259l\u0259r, pul y\u0131\u011f\u0131lmas\u0131 m\u00fc\u0259llimlik ad\u0131n\u0131n \u015f\u0259r\u0259fin\u0259 v\u0259 m\u00fcq\u0259dd\u0259sliyin\u0259 z\u0259r\u0259r verir. Hesab edir\u0259m ki, valideyn v\u0259 \u015fagirdl\u0259r m\u00fc\u0259lliml\u0259ri sad\u0259 \u015f\u0259kild\u0259 d\u0259 t\u0259brik ed\u0259 bil\u0259rl\u0259r. Y\u0259ni bu t\u0259brik maddiyyatla \u00f6l\u00e7\u00fclm\u0259m\u0259lidir.<\/p>\n<p>\u015eagirdi \u00f6yr\u0259tm\u0259k m\u00fc\u0259llimin v\u0259zif\u0259sidir. Bu g\u00fcn c\u0259miyy\u0259td\u0259 ist\u0259r alim\u0259, ist\u0259r f\u0259hl\u0259y\u0259 &#8211; pe\u015f\u0259sind\u0259n as\u0131l\u0131 olmayaraq h\u0259r bir k\u0259s\u0259 yazma\u011f\u0131 v\u0259 oxuma\u011f\u0131 m\u00fc\u0259llim \u00f6yr\u0259dib. \u018flb\u0259tt\u0259 ki, m\u00fc\u0259llimin haqq\u0131 \u00f6d\u0259nm\u0259z. Amma onun \u0259m\u0259yinin qar\u015f\u0131l\u0131\u011f\u0131n\u0131, onsuz da, d\u00f6vl\u0259t ona qaytar\u0131r.<\/p>\n<p>Bir \u00e7ox hallarda m\u00fc\u0259lliml\u0259r\u0259 h\u0259diyy\u0259, pul, q\u0131z\u0131l kimi maddi nem\u0259tl\u0259rin verilm\u0259sinin t\u0259\u015f\u0259bb\u00fcskar\u0131 valideynl\u0259r olurlar. Normal direktor m\u0259kt\u0259bind\u0259 bel\u0259 hallar ya\u015fand\u0131\u011f\u0131 zaman t\u0259dbir g\u00f6rm\u0259lidir. \u018fg\u0259r g\u00f6rm\u00fcrs\u0259, dem\u0259li, bu i\u015fd\u0259 onun da pay\u0131 var. M\u0259kt\u0259bl\u0259rd\u0259 art\u0131q \u00e7irkin \u0259n\u0259n\u0259y\u0259 \u00e7evril\u0259n pul y\u0131\u011fmaq m\u0259s\u0259l\u0259sin\u0259 qar\u015f\u0131 aidiyy\u0259ti qurumlar h\u0259r\u0259k\u0259t\u0259 ke\u00e7m\u0259li, h\u0259min m\u0259kt\u0259b direktoru v\u0259 m\u00fc\u0259lliml\u0259r c\u0259zaland\u0131r\u0131lmal\u0131d\u0131rlar&#8221;.<\/p>\n<p>Sosioloq Lal\u0259 Mehral\u0131 is\u0259 bildirib ki, M\u00fc\u0259lliml\u0259r G\u00fcn\u00fc, 8 Mart v\u0259 dig\u0259r bayramlarda m\u00fc\u0259lliml\u0259ri t\u0259brik etm\u0259k m\u0259s\u0259l\u0259si bu q\u0259d\u0259r \u015fi\u015firdilm\u0259m\u0259lidir:<\/p>\n<p>&#8220;Bu, tamamil\u0259 ist\u0259y\u0259 ba\u011fl\u0131 bir v\u0259ziyy\u0259tdir. T\u0259brik m\u00fcxt\u0259lif formalarda ola bil\u0259r &#8211; m\u0259s\u0259l\u0259n, bir d\u0259st\u0259 g\u00fcl v\u0259 ya bir qutu \u015fokoladla. \u00c7\u00fcnki haz\u0131rda insanlar\u0131n h\u0259yat standartlar\u0131 f\u0259rqlidir. Valideyn k\u00f6n\u00fcll\u00fc \u015f\u0259kild\u0259 m\u00fc\u0259llim\u0259 pul verirs\u0259, bu, q\u0259bah\u0259t say\u0131lmamal\u0131d\u0131r. M\u0259s\u0259l\u0259n, normal g\u00fcl d\u0259st\u0259sinin qiym\u0259ti 25-30 manatd\u0131r. Valideyn d\u00fc\u015f\u00fcn\u00fcr ki, bu pulu g\u00fcl\u0259 x\u0259rcl\u0259m\u0259k \u0259v\u0259zin\u0259, z\u0259rf\u0259 qoyub m\u00fc\u0259llim\u0259 verm\u0259k daha yax\u015f\u0131d\u0131r. \u018fg\u0259r valideynin k\u00f6nl\u00fcnd\u0259n m\u00fc\u0259llim\u0259 hans\u0131sa h\u0259diyy\u0259 verm\u0259k ke\u00e7irs\u0259, bunu etm\u0259si d\u0259 normald\u0131r&#8221;.<\/p>\n<p>Sosioloqun fikrinc\u0259, m\u0259cburiyy\u0259t oldu\u011fu halda is\u0259 i\u015fin mahiyy\u0259ti d\u0259yi\u015fir:<\/p>\n<p>&#8220;T\u0259\u0259ss\u00fcf ki, m\u00fc\u0259llim \u00fc\u00e7\u00fcn pul y\u0131\u011fmaq m\u0259s\u0259l\u0259sind\u0259 m\u0259cburi hallar da ya\u015fan\u0131r. Bel\u0259 hallarda i\u015f c\u0131\u011f\u0131r\u0131ndan \u00e7\u0131x\u0131r. \u00dcmumiyy\u0259tl\u0259, bu hal t\u0259brikin \u0259h\u0259miyy\u0259tini itirir&#8221;.<\/p>\n<p>\u018fm\u0259kdar m\u00fc\u0259llim Almaz H\u0259sr\u0259t Oxu.Az-a a\u00e7\u0131qlamas\u0131nda bir \u00e7oxlar\u0131n\u0131n bu g\u00fcn\u00fcn \u0259h\u0259miyy\u0259tini d\u00fczg\u00fcn anlamad\u0131\u011f\u0131n\u0131 bildirib:<\/p>\n<p>&#8220;M\u00fc\u0259llim \u00fc\u00e7\u00fcn \u0259n g\u00f6z\u0259l h\u0259diyy\u0259 xo\u015f s\u00f6z e\u015fitm\u0259k v\u0259 h\u00f6rm\u0259t g\u00f6rm\u0259kdir. Pul, bahal\u0131 h\u0259diyy\u0259l\u0259r v\u0259 g\u00fcll\u0259r m\u00fcv\u0259qq\u0259tidir. M\u00fc\u0259lliml\u0259r bu m\u00fcq\u0259dd\u0259s pe\u015f\u0259y\u0259 x\u0259l\u0259l g\u0259tirm\u0259m\u0259lidirl\u0259r. Bu g\u00fcn m\u00fcnasib\u0259til\u0259 valideynl\u0259rd\u0259n t\u0259k ist\u0259yim onlardan xo\u015f r\u0259ftar v\u0259 h\u00f6rm\u0259tdir&#8221;.<\/p>\n<div class=\"AdviadNativeVideo\"><\/div>\n","protected":false},"excerpt":{"rendered":"<p>D\u00fcnyan\u0131n y\u00fczd\u0259n \u00e7ox \u00f6lk\u0259si h\u0259r il oktyabr\u0131n 5-ni Beyn\u0259lxalq M\u00fc\u0259lliml\u0259r G\u00fcn\u00fc kimi qeyd edir. B\u0259zil\u0259rind\u0259 is\u0259 m\u00fc\u0259lliml\u0259r \u00fc\u00e7\u00fcn f\u0259rqli tarixl\u0259rd\u0259 bayram t\u0259\u015fkil olunur. M\u0259s\u0259l\u0259n, Argentina \u00fc\u00e7\u00fcn bu g\u00fcn milli bayram statusundad\u0131r v\u0259 sentyabr\u0131n 11-d\u0259 qeyd olunur, t\u0259hsil sistemi b\u00fct\u00fcnl\u00fckl\u0259 h\u0259min g\u00fcn istirah\u0259t edir. Braziliyada is\u0259 oktyabr\u0131n 15-d\u0259 m\u00fc\u0259lliml\u0259r v\u0259 \u015fagirdl\u0259ri m\u0259kt\u0259b\u0259 evd\u0259 bi\u015fmi\u015f \u015firniyyat g\u0259tir\u0259r\u0259k bayram edirl\u0259r. \u00c7ind\u0259 filosof Konfutsinin do\u011fum g\u00fcn\u00fc &#8211; sentyabr\u0131n 28-i valideynl\u0259r ke\u00e7mi\u015f m\u00fc\u0259lliml\u0259rin\u0259 g\u00fcl d\u0259st\u0259l\u0259ri g\u0259tirirl\u0259r. Livanda d\u00fcz bir h\u0259ft\u0259 &#8211; mart\u0131n 3-d\u0259n 9-d\u0259k m\u00fc\u0259lliml\u0259r bayram edirl\u0259r. AB\u015e-d\u0259 is\u0259 bel\u0259 h\u0259ft\u0259 may\u0131n \u0259vv\u0259lind\u0259 t\u0259\u015fkil olunur&hellip;<\/p>\n","protected":false},"author":2,"featured_media":546462,"comment_status":"closed","ping_status":"closed","sticky":false,"template":"","format":"standard","meta":{"om_disable_all_campaigns":false,"_monsterinsights_skip_tracking":false,"_monsterinsights_sitenote_active":false,"_monsterinsights_sitenote_note":"","_monsterinsights_sitenote_category":0},"categories":[1],"tags":[],"aioseo_notices":[],"gutentor_comment":0,"rttpg_featured_image_url":{"full":["https:\/\/arantv.az\/wp-content\/uploads\/2022\/12\/gul.jpg",650,433,false],"landscape":["https:\/\/arantv.az\/wp-content\/uploads\/2022\/12\/gul.jpg",650,433,false],"portraits":["https:\/\/arantv.az\/wp-content\/uploads\/2022\/12\/gul.jpg",650,433,false],"thumbnail":["https:\/\/arantv.az\/wp-content\/uploads\/2022\/12\/gul-500x280.jpg",500,280,true],"medium":["https:\/\/arantv.az\/wp-content\/uploads\/2022\/12\/gul-548x365.jpg",548,365,true],"large":["https:\/\/arantv.az\/wp-content\/uploads\/2022\/12\/gul.jpg",640,426,false],"1536x1536":["https:\/\/arantv.az\/wp-content\/uploads\/2022\/12\/gul.jpg",650,433,false],"2048x2048":["https:\/\/arantv.az\/wp-content\/uploads\/2022\/12\/gul.jpg",650,433,false],"post-thumbnail":["https:\/\/arantv.az\/wp-content\/uploads\/2022\/12\/gul-240x172.jpg",240,172,true],"advps-thumb-one":["https:\/\/arantv.az\/wp-content\/uploads\/2022\/12\/gul.jpg",650,433,false]},"rttpg_author":{"display_name":"V\u00fcsal Rafiqo\u011flu","author_link":"https:\/\/arantv.az\/?author=2"},"rttpg_comment":0,"rttpg_category":"<a href=\"https:\/\/arantv.az\/?cat=1\" rel=\"category\">C\u0259miyy\u0259t<\/a>","rttpg_excerpt":"D\u00fcnyan\u0131n y\u00fczd\u0259n \u00e7ox \u00f6lk\u0259si h\u0259r il oktyabr\u0131n 5-ni Beyn\u0259lxalq M\u00fc\u0259lliml\u0259r G\u00fcn\u00fc kimi qeyd edir. B\u0259zil\u0259rind\u0259 is\u0259 m\u00fc\u0259lliml\u0259r \u00fc\u00e7\u00fcn f\u0259rqli tarixl\u0259rd\u0259 bayram t\u0259\u015fkil olunur. M\u0259s\u0259l\u0259n, Argentina \u00fc\u00e7\u00fcn bu g\u00fcn milli bayram statusundad\u0131r v\u0259 sentyabr\u0131n 11-d\u0259 qeyd olunur, t\u0259hsil sistemi b\u00fct\u00fcnl\u00fckl\u0259 h\u0259min g\u00fcn istirah\u0259t edir. Braziliyada is\u0259 oktyabr\u0131n 15-d\u0259 m\u00fc\u0259lliml\u0259r v\u0259 \u015fagirdl\u0259ri m\u0259kt\u0259b\u0259 evd\u0259 bi\u015fmi\u015f \u015firniyyat g\u0259tir\u0259r\u0259k&hellip;","_links":{"self":[{"href":"https:\/\/arantv.az\/index.php?rest_route=\/wp\/v2\/posts\/759009"}],"collection":[{"href":"https:\/\/arantv.az\/index.php?rest_route=\/wp\/v2\/posts"}],"about":[{"href":"https:\/\/arantv.az\/index.php?rest_route=\/wp\/v2\/types\/post"}],"author":[{"embeddable":true,"href":"https:\/\/arantv.az\/index.php?rest_route=\/wp\/v2\/users\/2"}],"replies":[{"embeddable":true,"href":"https:\/\/arantv.az\/index.php?rest_route=%2Fwp%2Fv2%2Fcomments&post=759009"}],"version-history":[{"count":1,"href":"https:\/\/arantv.az\/index.php?rest_route=\/wp\/v2\/posts\/759009\/revisions"}],"predecessor-version":[{"id":759010,"href":"https:\/\/arantv.az\/index.php?rest_route=\/wp\/v2\/posts\/759009\/revisions\/759010"}],"wp:featuredmedia":[{"embeddable":true,"href":"https:\/\/arantv.az\/index.php?rest_route=\/wp\/v2\/media\/546462"}],"wp:attachment":[{"href":"https:\/\/arantv.az\/index.php?rest_route=%2Fwp%2Fv2%2Fmedia&parent=759009"}],"wp:term":[{"taxonomy":"category","embeddable":true,"href":"https:\/\/arantv.az\/index.php?rest_route=%2Fwp%2Fv2%2Fcategories&post=759009"},{"taxonomy":"post_tag","embeddable":true,"href":"https:\/\/arantv.az\/index.php?rest_route=%2Fwp%2Fv2%2Ftags&post=759009"}],"curies":[{"name":"wp","href":"https:\/\/api.w.org\/{rel}","templated":true}]}}