{"id":759015,"date":"2024-10-05T20:18:06","date_gmt":"2024-10-05T16:18:06","guid":{"rendered":"https:\/\/arantv.az\/?p=759015"},"modified":"2024-10-05T20:18:06","modified_gmt":"2024-10-05T16:18:06","slug":"z%c9%99ngilanda-insa-edil%c9%99n-iki-yeni-yasayis-kompleksind%c9%99-500-d%c9%99n-cox-ail%c9%99-m%c9%99skunlasacaq","status":"publish","type":"post","link":"https:\/\/arantv.az\/?p=759015","title":{"rendered":"Z\u0259ngilanda in\u015fa edil\u0259n iki yeni ya\u015fay\u0131\u015f kompleksind\u0259 500-d\u0259n \u00e7ox ail\u0259 m\u0259skunla\u015facaq"},"content":{"rendered":"<p>Prezident \u0130lham \u018fliyev v\u0259 birinci xan\u0131m Mehriban \u018fliyevan\u0131n t\u0259m\u0259lini qoydu\u011fu Z\u0259ngilan \u015f\u0259h\u0259rind\u0259 yerl\u0259\u015f\u0259n be\u015finci v\u0259 alt\u0131nc\u0131 ya\u015fay\u0131\u015f kompleksl\u0259rind\u0259 \u00fcmumilikd\u0259 511 ail\u0259nin m\u0259skunla\u015fmas\u0131 n\u0259z\u0259rd\u0259 tutulur.<\/p>\n<p>&#8220;Report&#8221;\u00a0<a title=\"xeberler son xeberler 2024\" href=\"https:\/\/big.az\/\" target=\"_blank\" rel=\"noopener\">x\u0259b\u0259r<\/a>\u00a0verir ki, bunu C\u0259bray\u0131l, Qubadl\u0131 v\u0259 Z\u0259ngilan rayonlar\u0131nda B\u0259rpa, Tikinti v\u0259 \u0130dar\u0259etm\u0259 Xidm\u0259tinin (BT\u0130X) \u0130ctimaiyy\u0259tl\u0259 \u0259laq\u0259l\u0259r \u015f\u00f6b\u0259sinin m\u00fcdiri \u0130lhamiyy\u0259 Rzayeva deyib.<\/p>\n<p>Onun s\u00f6zl\u0259rin\u0259 g\u00f6r\u0259, Z\u0259ngilan \u015f\u0259h\u0259rind\u0259 tikinti i\u015fl\u0259ri b\u00f6y\u00fck s\u00fcr\u0259tl\u0259 davam edir: &#8220;Haz\u0131rda Z\u0259ngilan \u015f\u0259h\u0259rind\u0259 in\u015fa edil\u0259n 5-ci ya\u015fay\u0131\u015f kompleksi 5 hektar \u0259razini \u0259hat\u0259 edir. Burada 3, 4, 5, 6 m\u0259rt\u0259b\u0259li binalar in\u015fa edil\u0259c\u0259k. Bu kompleks 334 ail\u0259nin m\u0259skunla\u015fmas\u0131 \u00fc\u00e7\u00fcn n\u0259z\u0259rd\u0259 tutulub&#8221;.<\/p>\n<p>O qeyd edib ki, bundan ba\u015fqa Z\u0259ngilan \u015f\u0259h\u0259rind\u0259 in\u015fa edil\u0259n alt\u0131nc\u0131 ya\u015fay\u0131\u015f kompleksi is\u0259 3 hektar \u0259razid\u0259 yerl\u0259\u015fir: &#8220;Burada 177 ail\u0259 m\u0259skunla\u015faraq. H\u0259r iki ya\u015fay\u0131\u015f kompleksi \u015f\u0259h\u0259rin m\u0259rk\u0259zind\u0259, rahat v\u0259 b\u00fct\u00fcn infrastruktura yax\u0131n yerd\u0259 yerl\u0259\u015fir. Ya\u015fay\u0131\u015f kompleksl\u0259ri \u0259lveri\u015fli n\u0259qliyyat v\u0259 piyada yollar\u0131, \u00fcmumiyy\u0259tl\u0259 \u015f\u0259h\u0259r infrastrukturu \u0259lveri\u015fli yerd\u0259 yerl\u0259\u015fir. M\u0259kt\u0259b\u0259, u\u015faq bax\u00e7as\u0131na v\u0259 \u015f\u0259h\u0259r park\u0131na yax\u0131n yerd\u0259 yerl\u0259\u015fir&#8221;.<\/p>\n","protected":false},"excerpt":{"rendered":"<p>Prezident \u0130lham \u018fliyev v\u0259 birinci xan\u0131m Mehriban \u018fliyevan\u0131n t\u0259m\u0259lini qoydu\u011fu Z\u0259ngilan \u015f\u0259h\u0259rind\u0259 yerl\u0259\u015f\u0259n be\u015finci v\u0259 alt\u0131nc\u0131 ya\u015fay\u0131\u015f kompleksl\u0259rind\u0259 \u00fcmumilikd\u0259 511 ail\u0259nin m\u0259skunla\u015fmas\u0131 n\u0259z\u0259rd\u0259 tutulur. &#8220;Report&#8221;\u00a0x\u0259b\u0259r\u00a0verir ki, bunu C\u0259bray\u0131l, Qubadl\u0131 v\u0259 Z\u0259ngilan rayonlar\u0131nda B\u0259rpa, Tikinti v\u0259 \u0130dar\u0259etm\u0259 Xidm\u0259tinin (BT\u0130X) \u0130ctimaiyy\u0259tl\u0259 \u0259laq\u0259l\u0259r \u015f\u00f6b\u0259sinin m\u00fcdiri \u0130lhamiyy\u0259 Rzayeva deyib. Onun s\u00f6zl\u0259rin\u0259 g\u00f6r\u0259, Z\u0259ngilan \u015f\u0259h\u0259rind\u0259 tikinti i\u015fl\u0259ri b\u00f6y\u00fck s\u00fcr\u0259tl\u0259 davam edir: &#8220;Haz\u0131rda Z\u0259ngilan \u015f\u0259h\u0259rind\u0259 in\u015fa edil\u0259n 5-ci ya\u015fay\u0131\u015f kompleksi 5 hektar \u0259razini \u0259hat\u0259 edir. Burada 3, 4, 5, 6 m\u0259rt\u0259b\u0259li binalar in\u015fa edil\u0259c\u0259k. Bu kompleks 334 ail\u0259nin m\u0259skunla\u015fmas\u0131 \u00fc\u00e7\u00fcn n\u0259z\u0259rd\u0259 tutulub&#8221;. O qeyd edib ki,&hellip;<\/p>\n","protected":false},"author":2,"featured_media":759016,"comment_status":"closed","ping_status":"closed","sticky":false,"template":"","format":"standard","meta":{"om_disable_all_campaigns":false,"_monsterinsights_skip_tracking":false,"_monsterinsights_sitenote_active":false,"_monsterinsights_sitenote_note":"","_monsterinsights_sitenote_category":0},"categories":[1],"tags":[],"aioseo_notices":[],"gutentor_comment":0,"rttpg_featured_image_url":{"full":["https:\/\/arantv.az\/wp-content\/uploads\/2024\/10\/50868109-67c4-3551-8ad8-b80f3675b473_850.jpg",650,405,false],"landscape":["https:\/\/arantv.az\/wp-content\/uploads\/2024\/10\/50868109-67c4-3551-8ad8-b80f3675b473_850.jpg",650,405,false],"portraits":["https:\/\/arantv.az\/wp-content\/uploads\/2024\/10\/50868109-67c4-3551-8ad8-b80f3675b473_850.jpg",650,405,false],"thumbnail":["https:\/\/arantv.az\/wp-content\/uploads\/2024\/10\/50868109-67c4-3551-8ad8-b80f3675b473_850-500x280.jpg",500,280,true],"medium":["https:\/\/arantv.az\/wp-content\/uploads\/2024\/10\/50868109-67c4-3551-8ad8-b80f3675b473_850-586x365.jpg",586,365,true],"large":["https:\/\/arantv.az\/wp-content\/uploads\/2024\/10\/50868109-67c4-3551-8ad8-b80f3675b473_850.jpg",640,399,false],"1536x1536":["https:\/\/arantv.az\/wp-content\/uploads\/2024\/10\/50868109-67c4-3551-8ad8-b80f3675b473_850.jpg",650,405,false],"2048x2048":["https:\/\/arantv.az\/wp-content\/uploads\/2024\/10\/50868109-67c4-3551-8ad8-b80f3675b473_850.jpg",650,405,false],"post-thumbnail":["https:\/\/arantv.az\/wp-content\/uploads\/2024\/10\/50868109-67c4-3551-8ad8-b80f3675b473_850-240x172.jpg",240,172,true],"advps-thumb-one":["https:\/\/arantv.az\/wp-content\/uploads\/2024\/10\/50868109-67c4-3551-8ad8-b80f3675b473_850.jpg",650,405,false]},"rttpg_author":{"display_name":"V\u00fcsal Rafiqo\u011flu","author_link":"https:\/\/arantv.az\/?author=2"},"rttpg_comment":0,"rttpg_category":"<a href=\"https:\/\/arantv.az\/?cat=1\" rel=\"category\">C\u0259miyy\u0259t<\/a>","rttpg_excerpt":"Prezident \u0130lham \u018fliyev v\u0259 birinci xan\u0131m Mehriban \u018fliyevan\u0131n t\u0259m\u0259lini qoydu\u011fu Z\u0259ngilan \u015f\u0259h\u0259rind\u0259 yerl\u0259\u015f\u0259n be\u015finci v\u0259 alt\u0131nc\u0131 ya\u015fay\u0131\u015f kompleksl\u0259rind\u0259 \u00fcmumilikd\u0259 511 ail\u0259nin m\u0259skunla\u015fmas\u0131 n\u0259z\u0259rd\u0259 tutulur. &#8220;Report&#8221;\u00a0x\u0259b\u0259r\u00a0verir ki, bunu C\u0259bray\u0131l, Qubadl\u0131 v\u0259 Z\u0259ngilan rayonlar\u0131nda B\u0259rpa, Tikinti v\u0259 \u0130dar\u0259etm\u0259 Xidm\u0259tinin (BT\u0130X) \u0130ctimaiyy\u0259tl\u0259 \u0259laq\u0259l\u0259r \u015f\u00f6b\u0259sinin m\u00fcdiri \u0130lhamiyy\u0259 Rzayeva deyib. Onun s\u00f6zl\u0259rin\u0259 g\u00f6r\u0259, Z\u0259ngilan \u015f\u0259h\u0259rind\u0259 tikinti i\u015fl\u0259ri b\u00f6y\u00fck s\u00fcr\u0259tl\u0259 davam&hellip;","_links":{"self":[{"href":"https:\/\/arantv.az\/index.php?rest_route=\/wp\/v2\/posts\/759015"}],"collection":[{"href":"https:\/\/arantv.az\/index.php?rest_route=\/wp\/v2\/posts"}],"about":[{"href":"https:\/\/arantv.az\/index.php?rest_route=\/wp\/v2\/types\/post"}],"author":[{"embeddable":true,"href":"https:\/\/arantv.az\/index.php?rest_route=\/wp\/v2\/users\/2"}],"replies":[{"embeddable":true,"href":"https:\/\/arantv.az\/index.php?rest_route=%2Fwp%2Fv2%2Fcomments&post=759015"}],"version-history":[{"count":2,"href":"https:\/\/arantv.az\/index.php?rest_route=\/wp\/v2\/posts\/759015\/revisions"}],"predecessor-version":[{"id":759018,"href":"https:\/\/arantv.az\/index.php?rest_route=\/wp\/v2\/posts\/759015\/revisions\/759018"}],"wp:featuredmedia":[{"embeddable":true,"href":"https:\/\/arantv.az\/index.php?rest_route=\/wp\/v2\/media\/759016"}],"wp:attachment":[{"href":"https:\/\/arantv.az\/index.php?rest_route=%2Fwp%2Fv2%2Fmedia&parent=759015"}],"wp:term":[{"taxonomy":"category","embeddable":true,"href":"https:\/\/arantv.az\/index.php?rest_route=%2Fwp%2Fv2%2Fcategories&post=759015"},{"taxonomy":"post_tag","embeddable":true,"href":"https:\/\/arantv.az\/index.php?rest_route=%2Fwp%2Fv2%2Ftags&post=759015"}],"curies":[{"name":"wp","href":"https:\/\/api.w.org\/{rel}","templated":true}]}}