{"id":759026,"date":"2024-10-05T20:20:42","date_gmt":"2024-10-05T16:20:42","guid":{"rendered":"https:\/\/arantv.az\/?p=759026"},"modified":"2024-10-05T20:20:42","modified_gmt":"2024-10-05T16:20:42","slug":"muasir-dovrun-kommunikasiya-problemi","status":"publish","type":"post","link":"https:\/\/arantv.az\/?p=759026","title":{"rendered":"M\u00fcasir d\u00f6vr\u00fcn kommunikasiya problemi?"},"content":{"rendered":"<p><em><strong>\u0130nsanlar\u0131n bir-biri il\u0259 harmonik v\u0259 h\u00f6rm\u0259t \u00e7\u0259r\u00e7iv\u0259sind\u0259 m\u00fcnasib\u0259tl\u0259r qurmas\u0131 d\u00fczg\u00fcn davran\u0131\u015f qaydalar\u0131ndan bilavasit\u0259 as\u0131l\u0131d\u0131r. Bu, h\u0259m \u015f\u0259xsi, h\u0259m d\u0259 ictimai m\u00fcnasib\u0259tl\u0259rd\u0259 \u0259sas rola malikdir. Ba\u015fqalar\u0131n\u0131n fikirl\u0259rin\u0259 h\u00f6rm\u0259tl\u0259 yana\u015fmaq, empatiya g\u00f6st\u0259rm\u0259k kommunikasiyan\u0131n keyfiyy\u0259tli t\u0259\u015fkilin\u0259 t\u0259sir g\u00f6st\u0259rir.<\/strong><\/em><\/p>\n<p>M\u00fcasir d\u00f6vr\u00fcn sosial probleml\u0259ri aras\u0131nda t\u0259\u0259ss\u00fcf ki, kommunikasiya m\u0259s\u0259l\u0259si d\u0259 yer al\u0131r. Problemin s\u0259b\u0259bl\u0259rind\u0259n b\u0259hs ed\u0259rk\u0259n ilk n\u00f6vb\u0259d\u0259 mental d\u0259y\u0259rl\u0259rd\u0259n dan\u0131\u015fmaq yerin\u0259 d\u00fc\u015f\u0259r. M\u0259s\u0259l\u0259n, Az\u0259rbaycan mentalitetind\u0259 \u00fcnsiyy\u0259tin cins v\u0259 ya\u015f f\u0259rql\u0259ri oldu\u011fu a\u015fkard\u0131r. Bu da \u00f6z n\u00f6vb\u0259sind\u0259, daha az ya\u015flar\u0131ndan d\u00fc\u015f\u00fcnc\u0259l\u0259ri ifad\u0259 etm\u0259kd\u0259 \u00e7\u0259tinlikl\u0259r yarad\u0131r. N\u0259tic\u0259d\u0259 m\u00fcnaqi\u015f\u0259l\u0259r qa\u00e7\u0131n\u0131lmazd\u0131r ki, bu da arzuolunmazd\u0131r.<\/p>\n<p>\u00dcmumilikd\u0259 is\u0259, kommunikasiya probleminin s\u0259b\u0259bl\u0259ri m\u00fcxt\u0259lif ola bil\u0259r:<\/p>\n<p><strong>1)<\/strong>\u00a0Texnologiyan\u0131n t\u0259siri: R\u0259q\u0259msal texnologiyalar\u0131n v\u0259 sosial median\u0131n geni\u015f yay\u0131lmas\u0131, canl\u0131 \u00fcnsiyy\u0259tin azalmas\u0131na s\u0259b\u0259b olub. Bu, insanlar aras\u0131nda yanl\u0131\u015f anla\u015f\u0131lmalara v\u0259 \u0259laq\u0259l\u0259rin z\u0259ifl\u0259m\u0259sin\u0259 yol a\u00e7\u0131r.<\/p>\n<p><strong>2)<\/strong>\u00a0M\u0259d\u0259ni m\u00fcxt\u0259liflik: M\u00fcxt\u0259lif m\u0259d\u0259niyy\u0259tl\u0259rd\u0259n olan insanlar\u0131n f\u0259rqli \u00fcnsiyy\u0259t t\u0259rzl\u0259ri v\u0259 d\u0259y\u0259rl\u0259ri, anla\u015f\u0131lmazl\u0131qlara v\u0259 konfliktl\u0259r\u0259 s\u0259b\u0259b ola bil\u0259r.<\/p>\n<p><strong>3)<\/strong>\u00a0Stress v\u0259 zaman \u00e7at\u0131\u015fmazl\u0131\u011f\u0131: M\u00fcasir h\u0259yat\u0131n tempi v\u0259 stress s\u0259viyy\u0259si y\u00fcks\u0259kdir. Bunun n\u0259tic\u0259sidir ki, insanlar effektiv \u00fcnsiyy\u0259t \u00fc\u00e7\u00fcn kifay\u0259t q\u0259d\u0259r vaxt v\u0259 enerji ay\u0131rmaq ist\u0259mirl\u0259r.<\/p>\n<p><strong>4)\u00a0<\/strong>Psixoloji faktorlar: \u00dcnsiyy\u0259t probleml\u0259rin\u0259 yol a\u00e7an faktorlardan b\u0259zil\u0259ri qorxu, \u00f6z\u00fcn\u0259 inams\u0131zl\u0131q, sosial narahatl\u0131q ola bil\u0259r.<\/p>\n<p>\u00dcnsiyy\u0259tin t\u0259\u015fkilind\u0259 yaranan probleml\u0259r d\u0259 \u00f6z n\u00f6vb\u0259sind\u0259 c\u0259miyy\u0259td\u0259 bir \u00e7ox probleml\u0259rin yaranma s\u0259b\u0259bi ola bil\u0259r. Bu probleml\u0259r h\u0259m \u015f\u0259xsi, h\u0259m d\u0259 pe\u015f\u0259kar sah\u0259d\u0259 m\u0259nfi t\u0259sir g\u00f6st\u0259r\u0259c\u0259k. Ail\u0259, dostluq m\u00fcnasib\u0259tl\u0259rind\u0259 m\u00fcnaqi\u015f\u0259l\u0259r\u0259, i\u015f yerind\u0259 m\u0259hsuldarl\u0131\u011f\u0131n azalmas\u0131na, komanda il\u0259 i\u015fin z\u0259ifl\u0259m\u0259sin\u0259, stress v\u0259 depressiya kimi psixoloji probleml\u0259r\u0259 yol a\u00e7a bil\u0259r. Bu kimi probleml\u0259rin h\u0259lli \u00fc\u00e7\u00fcn \u00fcnsiyy\u0259tin a\u00e7\u0131q v\u0259 s\u0259mimi t\u0259\u015fkili, empatiya , dinl\u0259m\u0259 v\u0259 kommunikasiya bacar\u0131qlar\u0131n\u0131n inki\u015faf\u0131 kimi f\u0259rdi istiqam\u0259tind\u0259 t\u0259dbirl\u0259rl\u0259 yana\u015f\u0131 r\u0259q\u0259msal media savadl\u0131l\u0131g\u0131, texnologiyalardan d\u00fczg\u00fcn istifad\u0259 il\u0259 ba\u011fl\u0131 t\u0259dbirl\u0259rin g\u00f6r\u00fclm\u0259si \u00fcnsiyy\u0259t probleml\u0259rinin qar\u015f\u0131s\u0131n\u0131 alma\u011fa k\u00f6m\u0259k ed\u0259 bil\u0259r.<\/p>\n<p><em><strong>Nuray S\u0259xav\u0259t<\/strong><\/em><\/p>\n","protected":false},"excerpt":{"rendered":"<p>\u0130nsanlar\u0131n bir-biri il\u0259 harmonik v\u0259 h\u00f6rm\u0259t \u00e7\u0259r\u00e7iv\u0259sind\u0259 m\u00fcnasib\u0259tl\u0259r qurmas\u0131 d\u00fczg\u00fcn davran\u0131\u015f qaydalar\u0131ndan bilavasit\u0259 as\u0131l\u0131d\u0131r. Bu, h\u0259m \u015f\u0259xsi, h\u0259m d\u0259 ictimai m\u00fcnasib\u0259tl\u0259rd\u0259 \u0259sas rola malikdir. Ba\u015fqalar\u0131n\u0131n fikirl\u0259rin\u0259 h\u00f6rm\u0259tl\u0259 yana\u015fmaq, empatiya g\u00f6st\u0259rm\u0259k kommunikasiyan\u0131n keyfiyy\u0259tli t\u0259\u015fkilin\u0259 t\u0259sir g\u00f6st\u0259rir. M\u00fcasir d\u00f6vr\u00fcn sosial probleml\u0259ri aras\u0131nda t\u0259\u0259ss\u00fcf ki, kommunikasiya m\u0259s\u0259l\u0259si d\u0259 yer al\u0131r. Problemin s\u0259b\u0259bl\u0259rind\u0259n b\u0259hs ed\u0259rk\u0259n ilk n\u00f6vb\u0259d\u0259 mental d\u0259y\u0259rl\u0259rd\u0259n dan\u0131\u015fmaq yerin\u0259 d\u00fc\u015f\u0259r. M\u0259s\u0259l\u0259n, Az\u0259rbaycan mentalitetind\u0259 \u00fcnsiyy\u0259tin cins v\u0259 ya\u015f f\u0259rql\u0259ri oldu\u011fu a\u015fkard\u0131r. Bu da \u00f6z n\u00f6vb\u0259sind\u0259, daha az ya\u015flar\u0131ndan d\u00fc\u015f\u00fcnc\u0259l\u0259ri ifad\u0259 etm\u0259kd\u0259 \u00e7\u0259tinlikl\u0259r yarad\u0131r. N\u0259tic\u0259d\u0259 m\u00fcnaqi\u015f\u0259l\u0259r qa\u00e7\u0131n\u0131lmazd\u0131r ki, bu da arzuolunmazd\u0131r. \u00dcmumilikd\u0259 is\u0259, kommunikasiya&hellip;<\/p>\n","protected":false},"author":2,"featured_media":759027,"comment_status":"closed","ping_status":"closed","sticky":false,"template":"","format":"standard","meta":{"om_disable_all_campaigns":false,"_monsterinsights_skip_tracking":false,"_monsterinsights_sitenote_active":false,"_monsterinsights_sitenote_note":"","_monsterinsights_sitenote_category":0},"categories":[19],"tags":[],"aioseo_notices":[],"gutentor_comment":0,"rttpg_featured_image_url":{"full":["https:\/\/arantv.az\/wp-content\/uploads\/2024\/10\/d9e74f47172812168954283893710966691.jpg",975,540,false],"landscape":["https:\/\/arantv.az\/wp-content\/uploads\/2024\/10\/d9e74f47172812168954283893710966691.jpg",975,540,false],"portraits":["https:\/\/arantv.az\/wp-content\/uploads\/2024\/10\/d9e74f47172812168954283893710966691.jpg",975,540,false],"thumbnail":["https:\/\/arantv.az\/wp-content\/uploads\/2024\/10\/d9e74f47172812168954283893710966691-500x280.jpg",500,280,true],"medium":["https:\/\/arantv.az\/wp-content\/uploads\/2024\/10\/d9e74f47172812168954283893710966691-660x365.jpg",660,365,true],"large":["https:\/\/arantv.az\/wp-content\/uploads\/2024\/10\/d9e74f47172812168954283893710966691-840x465.jpg",640,354,true],"1536x1536":["https:\/\/arantv.az\/wp-content\/uploads\/2024\/10\/d9e74f47172812168954283893710966691.jpg",975,540,false],"2048x2048":["https:\/\/arantv.az\/wp-content\/uploads\/2024\/10\/d9e74f47172812168954283893710966691.jpg",975,540,false],"post-thumbnail":["https:\/\/arantv.az\/wp-content\/uploads\/2024\/10\/d9e74f47172812168954283893710966691-240x172.jpg",240,172,true],"advps-thumb-one":["https:\/\/arantv.az\/wp-content\/uploads\/2024\/10\/d9e74f47172812168954283893710966691.jpg",975,540,false]},"rttpg_author":{"display_name":"V\u00fcsal Rafiqo\u011flu","author_link":"https:\/\/arantv.az\/?author=2"},"rttpg_comment":0,"rttpg_category":"<a href=\"https:\/\/arantv.az\/?cat=19\" rel=\"category\">G\u00fcnd\u0259m<\/a>","rttpg_excerpt":"\u0130nsanlar\u0131n bir-biri il\u0259 harmonik v\u0259 h\u00f6rm\u0259t \u00e7\u0259r\u00e7iv\u0259sind\u0259 m\u00fcnasib\u0259tl\u0259r qurmas\u0131 d\u00fczg\u00fcn davran\u0131\u015f qaydalar\u0131ndan bilavasit\u0259 as\u0131l\u0131d\u0131r. Bu, h\u0259m \u015f\u0259xsi, h\u0259m d\u0259 ictimai m\u00fcnasib\u0259tl\u0259rd\u0259 \u0259sas rola malikdir. Ba\u015fqalar\u0131n\u0131n fikirl\u0259rin\u0259 h\u00f6rm\u0259tl\u0259 yana\u015fmaq, empatiya g\u00f6st\u0259rm\u0259k kommunikasiyan\u0131n keyfiyy\u0259tli t\u0259\u015fkilin\u0259 t\u0259sir g\u00f6st\u0259rir. M\u00fcasir d\u00f6vr\u00fcn sosial probleml\u0259ri aras\u0131nda t\u0259\u0259ss\u00fcf ki, kommunikasiya m\u0259s\u0259l\u0259si d\u0259 yer al\u0131r. Problemin s\u0259b\u0259bl\u0259rind\u0259n b\u0259hs ed\u0259rk\u0259n ilk n\u00f6vb\u0259d\u0259 mental d\u0259y\u0259rl\u0259rd\u0259n&hellip;","_links":{"self":[{"href":"https:\/\/arantv.az\/index.php?rest_route=\/wp\/v2\/posts\/759026"}],"collection":[{"href":"https:\/\/arantv.az\/index.php?rest_route=\/wp\/v2\/posts"}],"about":[{"href":"https:\/\/arantv.az\/index.php?rest_route=\/wp\/v2\/types\/post"}],"author":[{"embeddable":true,"href":"https:\/\/arantv.az\/index.php?rest_route=\/wp\/v2\/users\/2"}],"replies":[{"embeddable":true,"href":"https:\/\/arantv.az\/index.php?rest_route=%2Fwp%2Fv2%2Fcomments&post=759026"}],"version-history":[{"count":1,"href":"https:\/\/arantv.az\/index.php?rest_route=\/wp\/v2\/posts\/759026\/revisions"}],"predecessor-version":[{"id":759028,"href":"https:\/\/arantv.az\/index.php?rest_route=\/wp\/v2\/posts\/759026\/revisions\/759028"}],"wp:featuredmedia":[{"embeddable":true,"href":"https:\/\/arantv.az\/index.php?rest_route=\/wp\/v2\/media\/759027"}],"wp:attachment":[{"href":"https:\/\/arantv.az\/index.php?rest_route=%2Fwp%2Fv2%2Fmedia&parent=759026"}],"wp:term":[{"taxonomy":"category","embeddable":true,"href":"https:\/\/arantv.az\/index.php?rest_route=%2Fwp%2Fv2%2Fcategories&post=759026"},{"taxonomy":"post_tag","embeddable":true,"href":"https:\/\/arantv.az\/index.php?rest_route=%2Fwp%2Fv2%2Ftags&post=759026"}],"curies":[{"name":"wp","href":"https:\/\/api.w.org\/{rel}","templated":true}]}}