{"id":759033,"date":"2024-10-05T20:22:23","date_gmt":"2024-10-05T16:22:23","guid":{"rendered":"https:\/\/arantv.az\/?p=759033"},"modified":"2024-10-05T20:22:23","modified_gmt":"2024-10-05T16:22:23","slug":"yeni-h%c9%99rbi-nizamnam%c9%99-layih%c9%99l%c9%99rinin-hazirlanmasi-m%c9%99qs%c9%99dil%c9%99-yaradilan-isci-qrupunun-gorusu-kecirilib","status":"publish","type":"post","link":"https:\/\/arantv.az\/?p=759033","title":{"rendered":"Yeni h\u0259rbi nizamnam\u0259 layih\u0259l\u0259rinin haz\u0131rlanmas\u0131 m\u0259qs\u0259dil\u0259 yarad\u0131lan i\u015f\u00e7i qrupunun g\u00f6r\u00fc\u015f\u00fc ke\u00e7irilib"},"content":{"rendered":"<p>Az\u0259rbaycan Ordusunun T\u0259lim v\u0259 T\u0259dris M\u0259rk\u0259zind\u0259 Az\u0259rbaycan Respublikas\u0131 Silahl\u0131 Q\u00fcvv\u0259l\u0259rinin \u0130ntizam, Qarnizon v\u0259 Qaravul Xidm\u0259tl\u0259ri, Daxili Xidm\u0259t nizamnam\u0259l\u0259rinin layih\u0259l\u0259rinin haz\u0131rlanmas\u0131 m\u0259qs\u0259dil\u0259 m\u00fcdafi\u0259 naziri general-polkovnik Zakir H\u0259s\u0259novun m\u00fcvafiq \u0259mrin\u0259 \u0259sas\u0259n yarad\u0131lan i\u015f\u00e7i qrupunun g\u00f6r\u00fc\u015f\u00fc ke\u00e7irilib.<\/p>\n<p><strong>ARANTV.AZ\u00a0 x\u0259b\u0259r verir ki,<\/strong>\u00a0\u00a0bu bar\u0259d\u0259 M\u00fcdafi\u0259 Nazirliyi m\u0259lumat yay\u0131b. M\u00fcdafi\u0259 nazirinin birinci m\u00fcavini &#8211; Az\u0259rbaycan Ordusunun Ba\u015f Q\u0259rargah r\u0259isi general-polkovnik K\u0259rim V\u0259liyevin r\u0259hb\u0259rliyi il\u0259 ke\u00e7iril\u0259n g\u00f6r\u00fc\u015fd\u0259 Silahl\u0131 Q\u00fcvv\u0259l\u0259rin aidiyyat\u0131 qurumlar\u0131n\u0131n m\u0259sul v\u0259zif\u0259li \u015f\u0259xsl\u0259ri qeyd olunan nizamnam\u0259l\u0259rin t\u0259kmill\u0259\u015fdirilm\u0259si m\u0259qs\u0259dil\u0259 g\u00f6r\u00fcl\u0259c\u0259k i\u015fl\u0259r bar\u0259d\u0259 m\u00fczakir\u0259 apar\u0131blar.<\/p>\n<p>Qeyd olunub ki, Az\u0259rbaycan Prezidenti, Silahl\u0131 Q\u00fcvv\u0259l\u0259rin Ali Ba\u015f Komandan\u0131 \u0130lham \u018fliyevin r\u0259hb\u0259rliyi il\u0259 Silahl\u0131 Q\u00fcvv\u0259l\u0259rd\u0259 apar\u0131lan islahatlar, \u0259ld\u0259 edil\u0259n u\u011furlar v\u0259 t\u0259tbiq edil\u0259n yenilikl\u0259r istifad\u0259d\u0259 olan h\u0259rbi nizamnam\u0259l\u0259rin m\u00fcasir d\u00f6vr\u00fcn t\u0259l\u0259bl\u0259rin\u0259 uy\u011funla\u015fd\u0131r\u0131lmas\u0131n\u0131 v\u0259 t\u0259kmill\u0259\u015fdirilm\u0259sini z\u0259ruri edir. Bundan ba\u015fqa, g\u00f6r\u00fc\u015fd\u0259 nizamnam\u0259l\u0259rin t\u0259kmill\u0259\u015fdirilm\u0259sin\u0259 \u0259sas ver\u0259n dig\u0259r s\u0259b\u0259bl\u0259r v\u0259 m\u0259qs\u0259dl\u0259r, h\u0259m\u00e7inin i\u015f\u00e7i qrupunun f\u0259aliyy\u0259t istiqam\u0259tind\u0259 g\u00f6r\u00fcl\u0259c\u0259k i\u015fl\u0259r zaman\u0131 inki\u015faf etmi\u015f \u00f6lk\u0259l\u0259rin ordular\u0131n\u0131n t\u0259cr\u00fcb\u0259l\u0259rind\u0259n yararlanma\u011fa dair \u0259trafl\u0131 fikir m\u00fcbadil\u0259si apar\u0131l\u0131b.<\/p>\n","protected":false},"excerpt":{"rendered":"<p>Az\u0259rbaycan Ordusunun T\u0259lim v\u0259 T\u0259dris M\u0259rk\u0259zind\u0259 Az\u0259rbaycan Respublikas\u0131 Silahl\u0131 Q\u00fcvv\u0259l\u0259rinin \u0130ntizam, Qarnizon v\u0259 Qaravul Xidm\u0259tl\u0259ri, Daxili Xidm\u0259t nizamnam\u0259l\u0259rinin layih\u0259l\u0259rinin haz\u0131rlanmas\u0131 m\u0259qs\u0259dil\u0259 m\u00fcdafi\u0259 naziri general-polkovnik Zakir H\u0259s\u0259novun m\u00fcvafiq \u0259mrin\u0259 \u0259sas\u0259n yarad\u0131lan i\u015f\u00e7i qrupunun g\u00f6r\u00fc\u015f\u00fc ke\u00e7irilib. ARANTV.AZ\u00a0 x\u0259b\u0259r verir ki,\u00a0\u00a0bu bar\u0259d\u0259 M\u00fcdafi\u0259 Nazirliyi m\u0259lumat yay\u0131b. M\u00fcdafi\u0259 nazirinin birinci m\u00fcavini &#8211; Az\u0259rbaycan Ordusunun Ba\u015f Q\u0259rargah r\u0259isi general-polkovnik K\u0259rim V\u0259liyevin r\u0259hb\u0259rliyi il\u0259 ke\u00e7iril\u0259n g\u00f6r\u00fc\u015fd\u0259 Silahl\u0131 Q\u00fcvv\u0259l\u0259rin aidiyyat\u0131 qurumlar\u0131n\u0131n m\u0259sul v\u0259zif\u0259li \u015f\u0259xsl\u0259ri qeyd olunan nizamnam\u0259l\u0259rin t\u0259kmill\u0259\u015fdirilm\u0259si m\u0259qs\u0259dil\u0259 g\u00f6r\u00fcl\u0259c\u0259k i\u015fl\u0259r bar\u0259d\u0259 m\u00fczakir\u0259 apar\u0131blar. Qeyd olunub ki, Az\u0259rbaycan Prezidenti, Silahl\u0131 Q\u00fcvv\u0259l\u0259rin Ali Ba\u015f Komandan\u0131 \u0130lham \u018fliyevin r\u0259hb\u0259rliyi&hellip;<\/p>\n","protected":false},"author":2,"featured_media":759034,"comment_status":"closed","ping_status":"closed","sticky":false,"template":"","format":"standard","meta":{"om_disable_all_campaigns":false,"_monsterinsights_skip_tracking":false,"_monsterinsights_sitenote_active":false,"_monsterinsights_sitenote_note":"","_monsterinsights_sitenote_category":0},"categories":[10],"tags":[],"aioseo_notices":[],"gutentor_comment":0,"rttpg_featured_image_url":{"full":["https:\/\/arantv.az\/wp-content\/uploads\/2024\/10\/6ef07f92172812959479364930210233030.jpg",975,540,false],"landscape":["https:\/\/arantv.az\/wp-content\/uploads\/2024\/10\/6ef07f92172812959479364930210233030.jpg",975,540,false],"portraits":["https:\/\/arantv.az\/wp-content\/uploads\/2024\/10\/6ef07f92172812959479364930210233030.jpg",975,540,false],"thumbnail":["https:\/\/arantv.az\/wp-content\/uploads\/2024\/10\/6ef07f92172812959479364930210233030-500x280.jpg",500,280,true],"medium":["https:\/\/arantv.az\/wp-content\/uploads\/2024\/10\/6ef07f92172812959479364930210233030-660x365.jpg",660,365,true],"large":["https:\/\/arantv.az\/wp-content\/uploads\/2024\/10\/6ef07f92172812959479364930210233030-840x465.jpg",640,354,true],"1536x1536":["https:\/\/arantv.az\/wp-content\/uploads\/2024\/10\/6ef07f92172812959479364930210233030.jpg",975,540,false],"2048x2048":["https:\/\/arantv.az\/wp-content\/uploads\/2024\/10\/6ef07f92172812959479364930210233030.jpg",975,540,false],"post-thumbnail":["https:\/\/arantv.az\/wp-content\/uploads\/2024\/10\/6ef07f92172812959479364930210233030-240x172.jpg",240,172,true],"advps-thumb-one":["https:\/\/arantv.az\/wp-content\/uploads\/2024\/10\/6ef07f92172812959479364930210233030.jpg",975,540,false]},"rttpg_author":{"display_name":"V\u00fcsal Rafiqo\u011flu","author_link":"https:\/\/arantv.az\/?author=2"},"rttpg_comment":0,"rttpg_category":"<a href=\"https:\/\/arantv.az\/?cat=10\" rel=\"category\">C\u0259bh\u0259d\u0259n X\u0259b\u0259r<\/a>","rttpg_excerpt":"Az\u0259rbaycan Ordusunun T\u0259lim v\u0259 T\u0259dris M\u0259rk\u0259zind\u0259 Az\u0259rbaycan Respublikas\u0131 Silahl\u0131 Q\u00fcvv\u0259l\u0259rinin \u0130ntizam, Qarnizon v\u0259 Qaravul Xidm\u0259tl\u0259ri, Daxili Xidm\u0259t nizamnam\u0259l\u0259rinin layih\u0259l\u0259rinin haz\u0131rlanmas\u0131 m\u0259qs\u0259dil\u0259 m\u00fcdafi\u0259 naziri general-polkovnik Zakir H\u0259s\u0259novun m\u00fcvafiq \u0259mrin\u0259 \u0259sas\u0259n yarad\u0131lan i\u015f\u00e7i qrupunun g\u00f6r\u00fc\u015f\u00fc ke\u00e7irilib. ARANTV.AZ\u00a0 x\u0259b\u0259r verir ki,\u00a0\u00a0bu bar\u0259d\u0259 M\u00fcdafi\u0259 Nazirliyi m\u0259lumat yay\u0131b. M\u00fcdafi\u0259 nazirinin birinci m\u00fcavini &#8211; Az\u0259rbaycan Ordusunun Ba\u015f Q\u0259rargah r\u0259isi general-polkovnik K\u0259rim&hellip;","_links":{"self":[{"href":"https:\/\/arantv.az\/index.php?rest_route=\/wp\/v2\/posts\/759033"}],"collection":[{"href":"https:\/\/arantv.az\/index.php?rest_route=\/wp\/v2\/posts"}],"about":[{"href":"https:\/\/arantv.az\/index.php?rest_route=\/wp\/v2\/types\/post"}],"author":[{"embeddable":true,"href":"https:\/\/arantv.az\/index.php?rest_route=\/wp\/v2\/users\/2"}],"replies":[{"embeddable":true,"href":"https:\/\/arantv.az\/index.php?rest_route=%2Fwp%2Fv2%2Fcomments&post=759033"}],"version-history":[{"count":1,"href":"https:\/\/arantv.az\/index.php?rest_route=\/wp\/v2\/posts\/759033\/revisions"}],"predecessor-version":[{"id":759035,"href":"https:\/\/arantv.az\/index.php?rest_route=\/wp\/v2\/posts\/759033\/revisions\/759035"}],"wp:featuredmedia":[{"embeddable":true,"href":"https:\/\/arantv.az\/index.php?rest_route=\/wp\/v2\/media\/759034"}],"wp:attachment":[{"href":"https:\/\/arantv.az\/index.php?rest_route=%2Fwp%2Fv2%2Fmedia&parent=759033"}],"wp:term":[{"taxonomy":"category","embeddable":true,"href":"https:\/\/arantv.az\/index.php?rest_route=%2Fwp%2Fv2%2Fcategories&post=759033"},{"taxonomy":"post_tag","embeddable":true,"href":"https:\/\/arantv.az\/index.php?rest_route=%2Fwp%2Fv2%2Ftags&post=759033"}],"curies":[{"name":"wp","href":"https:\/\/api.w.org\/{rel}","templated":true}]}}