{"id":759048,"date":"2024-10-05T21:31:04","date_gmt":"2024-10-05T17:31:04","guid":{"rendered":"https:\/\/arantv.az\/?p=759048"},"modified":"2024-10-05T21:31:04","modified_gmt":"2024-10-05T17:31:04","slug":"lavrov-gurcustanin-separatci-rejiml%c9%99rin-nazirl%c9%99rin%c9%99-n%c9%99-dedi","status":"publish","type":"post","link":"https:\/\/arantv.az\/?p=759048","title":{"rendered":"Lavrov G\u00fcrc\u00fcstan\u0131n separat\u00e7\u0131 rejiml\u0259rin \u201cnazirl\u0259ri\u201dn\u0259 n\u0259 dedi?"},"content":{"rendered":"<h3><em><strong>Rusiya qondarma rejiml\u0259rini \u201ctan\u0131maq\u201d q\u0259rar\u0131n\u0131 h\u0259l\u0259 d\u0259yi\u015fm\u0259k ist\u0259mir<\/strong><\/em><\/h3>\n<p><strong>Rusiyan\u0131n xarici i\u015fl\u0259r naziri Sergey Lavrov Moskvada Abxaziyan\u0131n xarici i\u015fl\u0259r naziri Sergey \u015eamba v\u0259 C\u0259nubi Osetiyan\u0131n xarici i\u015fl\u0259r naziri Axsar Djioyev il\u0259 g\u00f6r\u00fc\u015f\u00fcb. G\u00f6r\u00fc\u015fl\u0259r ikit\u0259r\u0259fli v\u0259 \u00fc\u00e7t\u0259r\u0259fli formatda ba\u015f tutub.<\/strong><\/p>\n<p>Rusiya Xarici \u0130\u015fl\u0259r Nazirliyinin s\u00f6z\u00e7\u00fcs\u00fc Mariya Zaxarova \u201cnazirl\u0259r Rusiya-Abxaziya v\u0259 Rusiya-C\u0259nubi Osetiya m\u00fcnasib\u0259tl\u0259rinin geni\u015f spektrini v\u0259 xarici siyas\u0259t g\u00fcnd\u0259mini, el\u0259c\u0259 d\u0259 qar\u015f\u0131l\u0131ql\u0131 maraq do\u011furan m\u0259s\u0259l\u0259l\u0259r, probleml\u0259r v\u0259 m\u00f6vzular\u0131 m\u00fczakir\u0259 ed\u0259c\u0259kl\u0259rini\u201d demi\u015fdi.<\/p>\n<p>Musavat.com qruzia.online-y\u0259 istinad\u0259n x\u0259b\u0259r verir ki, Sergey Lavrov qondarma C\u0259nubi Osetiyan\u0131n \u201cX\u0130N\u201dr\u0259hb\u0259ri il\u0259 g\u00f6r\u00fc\u015fd\u0259 Rusiyan\u0131n \u201c2008-ci ilin q\u0259rarlar\u0131na yenid\u0259n bax\u0131lmayaca\u011f\u0131n\u0131\u201d b\u0259yan edib.<\/p>\n<p><img src=\"https:\/\/cdn.musavat.com\/news\/images\/Gugu\/gugu2\/%D0%9D%D0%BE%D0%B2%D0%B0%D1%8F%D0%9F%D0%B0%D0%BF%D0%BA%D0%B0\/5871f84f21ef9a7ad288925a2e141a4e.png\" width=\"700\" \/><\/p>\n<p>\u201cBiz dostlar\u0131m\u0131za ikit\u0259r\u0259fli m\u00fcqavil\u0259l\u0259rd\u0259 n\u0259z\u0259rd\u0259 tutuldu\u011fu kimi t\u0259hl\u00fck\u0259sizliyin t\u0259min edilm\u0259sind\u0259, sosial-iqtisadi v\u0259 dig\u0259r sah\u0259l\u0259rin inki\u015faf\u0131nda, d\u00f6vl\u0259tin m\u00f6hk\u0259ml\u0259ndirilm\u0259sind\u0259 k\u00f6m\u0259kliyimizi davam etdir\u0259c\u0259yik. Bizim \u00fc\u00e7\u00fcn do\u011fru yegan\u0259 yol ir\u0259lil\u0259m\u0259kdir &#8211; 2008-ci ilin q\u0259rarlar\u0131na yenid\u0259n bax\u0131lmayacaq\u201d, &#8211; Lavrov bildirib.<\/p>\n<p>Rusiya X\u0130N r\u0259hb\u0259ri Sxinvalid\u0259n Ukraynadak\u0131 m\u00fcharib\u0259d\u0259 Rusiya t\u0259r\u0259find\u0259n i\u015ftirak\u0131na g\u00f6r\u0259 minn\u0259tdarl\u0131\u011f\u0131n\u0131 bildirib. Lavrov t\u0259hl\u00fck\u0259sizlik v\u0259 sabitlikl\u0259 ba\u011fl\u0131 m\u00fczakir\u0259l\u0259rin Cenevr\u0259d\u0259n ba\u015fqa \u015f\u0259h\u0259r\u0259 ke\u00e7irilm\u0259si m\u00f6vzusuna da toxunub.\u201cBiz bu yax\u0131nlara q\u0259d\u0259r Cenevr\u0259d\u0259 ke\u00e7iril\u0259n Transqafqaz \u00fczr\u0259 m\u0259sl\u0259h\u0259tl\u0259\u015fm\u0259l\u0259r \u00e7\u0259r\u00e7iv\u0259sind\u0259 abxaz dostlar\u0131m\u0131zla s\u0131x \u0259m\u0259kda\u015fl\u0131q edirik. \u0130ndi<br \/>\ng\u00f6r\u0259c\u0259yik ki, bu c\u00fcr g\u00f6r\u00fc\u015f\u00fc harada t\u0259\u015fkil etm\u0259k daha \u0259lveri\u015flidir\u201d dey\u0259, Lavrov bildirib.<\/p>\n<p>\u201cG\u00fcrc\u00fcstan onillikl\u0259r \u0259rzind\u0259 iki regionunun Rusiyan\u0131n i\u015f\u011fal\u0131 il\u0259 \u00fczl\u0259\u015fib\u201d- AT\u018fT Parlament Assambleyas\u0131n\u0131n Dublind\u0259 ke\u00e7iril\u0259n pay\u0131z sessiyas\u0131nda \u00e7\u0131x\u0131\u015f ed\u0259n G\u00fcrc\u00fcstan parlamentinin komit\u0259 s\u0259dri Maka Bo\u00e7ori\u015fvili bel\u0259 deyib.<\/p>\n<p>Onun s\u00f6zl\u0259rin\u0259 g\u00f6r\u0259, G\u00fcrc\u00fcstan hakimiyy\u0259ti m\u00fcnaqi\u015f\u0259nin s\u00fclh yolu il\u0259 \u0259razi b\u00fct\u00f6vl\u00fcy\u00fcn\u00fc b\u0259rpa etm\u0259k \u00fc\u00e7\u00fcn dinc yollar tapmaqd\u0131r v\u0259 bu prosesd\u0259 b\u00fct\u00fcn beyn\u0259lxalq aktorlar i\u015ftirak edir, baxmayaraq ki, Cenevr\u0259d\u0259ki beyn\u0259lxalq dan\u0131\u015f\u0131qlar\u0131n u\u011furu bar\u0259d\u0259 dan\u0131\u015fmaq h\u0259l\u0259 d\u0259 \u00e7\u0259tindir.<\/p>\n<p><img loading=\"lazy\" src=\"https:\/\/cdn.musavat.com\/news\/images\/GUGU\/ria-8778723-tn.jpg\" alt=\"ria-8778723-tn.jpg (24 KB)\" width=\"700\" height=\"420\" \/><\/p>\n<p>\u201cG\u00fcrc\u00fcstan hakimiyy\u0259tinin 10 illik s\u0259yi n\u0259tic\u0259sind\u0259 bu g\u00fcn beyn\u0259lxalq m\u0259hk\u0259m\u0259l\u0259rin q\u0259rarlar\u0131 arxa c\u0259bh\u0259mizi g\u00fccl\u0259ndirir v\u0259 biz m\u00fcnaqi\u015f\u0259nin s\u00fclh yolu il\u0259 h\u0259lli \u00fc\u00e7\u00fcn t\u0259kc\u0259 siyasi deyil, h\u0259m d\u0259 h\u00fcquqi arqumentl\u0259rl\u0259 m\u00fcbariz\u0259 apara bil\u0259rik. Bu g\u00fcn v\u0259ziyy\u0259tin n\u0259 q\u0259d\u0259r \u00e7\u0259tin oldu\u011funu ba\u015fa d\u00fc\u015fm\u0259k \u00fc\u00e7\u00fcn x\u0259rit\u0259y\u0259 n\u0259z\u0259r salmaq kifay\u0259tdir\u201d, &#8211; dey\u0259 Maka Bo\u00e7ori\u015fvili bildirib.<\/p>\n<p>Yada salaq ki, bu g\u00fcnl\u0259rd\u0259 hakim \u201cG\u00fcrc\u00fc arzusu &#8211; Demokratik G\u00fcrc\u00fcstan\u201d partiyas\u0131 partiyan\u0131n t\u0259sis\u00e7isi Bidzina \u0130vani\u015fvili \u00f6lk\u0259ni \u0259razi b\u00fct\u00f6vl\u00fcy\u00fcn\u00fcn b\u0259rpas\u0131na imkan ver\u0259c\u0259k konstitusiya modelin\u0259 ke\u00e7irm\u0259y\u0259 haz\u0131r oldu\u011funu b\u0259yan edib.<\/p>\n<p>\u201cOktyabr\u0131n 26-da \u00a0s\u0259s \u00e7oxlu\u011fu \u0259ld\u0259 ets\u0259k, \u201cG\u00fcrc\u00fc arzusu\u201d komandas\u0131 \u00f6lk\u0259ni uzun ill\u0259rin \u00a0arzusunu \u2013 vahid v\u0259 g\u00fccl\u00fc G\u00fcrc\u00fcstan\u0131 g\u00f6rm\u0259k imkan\u0131 ver\u0259c\u0259k konstitusiya modelin\u0259 ke\u00e7m\u0259y\u0259 \u00a0 haz\u0131rd\u0131r \u201d dey\u0259, \u0130vani\u015fvili bildirib.<\/p>\n<p>O h\u0259m\u00e7inin vur\u011fulay\u0131b ki, G\u00fcrc\u00fcstan\u0131n \u0259razi b\u00fct\u00f6vl\u00fcy\u00fcn\u00fcn b\u0259rpas\u0131 yaln\u0131z \u201cs\u00fclh yolu il\u0259, bar\u0131\u015f\u0131q v\u0259 qar\u015f\u0131l\u0131ql\u0131 ba\u011f\u0131\u015flama \u0259sas\u0131nda\u201d m\u00fcmk\u00fcnd\u00fcr.<\/p>\n<p>2008-ci ilin avqustunda Rusiyan\u0131n o zamank\u0131 prezidenti Medvedyev C\u0259nubi Osetiya v\u0259 Abxaziyan\u0131n konfederasiyaya birl\u0259\u015fm\u0259sini t\u0259klif edib, lakin G\u00fcrc\u00fcstan\u0131n o vaxtk\u0131 prezidenti Mixail Saaka\u015fvili bu ideyan\u0131 r\u0259dd edib. Separat\u00e7\u0131 b\u00f6lg\u0259l\u0259rl\u0259 haz\u0131rl\u0131qs\u0131z sava\u015fa girib. Bu avant\u00fcran\u0131n n\u0259tic\u0259sind\u0259 konfederasiya t\u0259klifl\u0259rind\u0259n vaz ke\u00e7\u0259n Rusiya separat\u00e7\u0131 regionlar\u0131n \u201cm\u00fcst\u0259qilliyini\u201d tan\u0131d\u0131. Lavrov h\u0259min \u201ctan\u0131maq q\u0259rar\u0131n\u0131\u201d d\u0259yi\u015fdirilm\u0259y\u0259c\u0259yini deyir.<\/p>\n<p><strong>Musavat.com<\/strong><\/p>\n","protected":false},"excerpt":{"rendered":"<p>Rusiya qondarma rejiml\u0259rini \u201ctan\u0131maq\u201d q\u0259rar\u0131n\u0131 h\u0259l\u0259 d\u0259yi\u015fm\u0259k ist\u0259mir Rusiyan\u0131n xarici i\u015fl\u0259r naziri Sergey Lavrov Moskvada Abxaziyan\u0131n xarici i\u015fl\u0259r naziri Sergey \u015eamba v\u0259 C\u0259nubi Osetiyan\u0131n xarici i\u015fl\u0259r naziri Axsar Djioyev il\u0259 g\u00f6r\u00fc\u015f\u00fcb. G\u00f6r\u00fc\u015fl\u0259r ikit\u0259r\u0259fli v\u0259 \u00fc\u00e7t\u0259r\u0259fli formatda ba\u015f tutub. Rusiya Xarici \u0130\u015fl\u0259r Nazirliyinin s\u00f6z\u00e7\u00fcs\u00fc Mariya Zaxarova \u201cnazirl\u0259r Rusiya-Abxaziya v\u0259 Rusiya-C\u0259nubi Osetiya m\u00fcnasib\u0259tl\u0259rinin geni\u015f spektrini v\u0259 xarici siyas\u0259t g\u00fcnd\u0259mini, el\u0259c\u0259 d\u0259 qar\u015f\u0131l\u0131ql\u0131 maraq do\u011furan m\u0259s\u0259l\u0259l\u0259r, probleml\u0259r v\u0259 m\u00f6vzular\u0131 m\u00fczakir\u0259 ed\u0259c\u0259kl\u0259rini\u201d demi\u015fdi. Musavat.com qruzia.online-y\u0259 istinad\u0259n x\u0259b\u0259r verir ki, Sergey Lavrov qondarma C\u0259nubi Osetiyan\u0131n \u201cX\u0130N\u201dr\u0259hb\u0259ri il\u0259 g\u00f6r\u00fc\u015fd\u0259 Rusiyan\u0131n \u201c2008-ci ilin q\u0259rarlar\u0131na yenid\u0259n bax\u0131lmayaca\u011f\u0131n\u0131\u201d b\u0259yan&hellip;<\/p>\n","protected":false},"author":2,"featured_media":759049,"comment_status":"closed","ping_status":"closed","sticky":false,"template":"","format":"standard","meta":{"om_disable_all_campaigns":false,"_monsterinsights_skip_tracking":false,"_monsterinsights_sitenote_active":false,"_monsterinsights_sitenote_note":"","_monsterinsights_sitenote_category":0},"categories":[7],"tags":[],"aioseo_notices":[],"gutentor_comment":0,"rttpg_featured_image_url":{"full":["https:\/\/arantv.az\/wp-content\/uploads\/2024\/10\/d9f79471a9739a4d53f5257c26d2504a.jpg",870,500,false],"landscape":["https:\/\/arantv.az\/wp-content\/uploads\/2024\/10\/d9f79471a9739a4d53f5257c26d2504a.jpg",870,500,false],"portraits":["https:\/\/arantv.az\/wp-content\/uploads\/2024\/10\/d9f79471a9739a4d53f5257c26d2504a.jpg",870,500,false],"thumbnail":["https:\/\/arantv.az\/wp-content\/uploads\/2024\/10\/d9f79471a9739a4d53f5257c26d2504a-500x280.jpg",500,280,true],"medium":["https:\/\/arantv.az\/wp-content\/uploads\/2024\/10\/d9f79471a9739a4d53f5257c26d2504a-635x365.jpg",635,365,true],"large":["https:\/\/arantv.az\/wp-content\/uploads\/2024\/10\/d9f79471a9739a4d53f5257c26d2504a-840x483.jpg",640,368,true],"1536x1536":["https:\/\/arantv.az\/wp-content\/uploads\/2024\/10\/d9f79471a9739a4d53f5257c26d2504a.jpg",870,500,false],"2048x2048":["https:\/\/arantv.az\/wp-content\/uploads\/2024\/10\/d9f79471a9739a4d53f5257c26d2504a.jpg",870,500,false],"post-thumbnail":["https:\/\/arantv.az\/wp-content\/uploads\/2024\/10\/d9f79471a9739a4d53f5257c26d2504a-240x172.jpg",240,172,true],"advps-thumb-one":["https:\/\/arantv.az\/wp-content\/uploads\/2024\/10\/d9f79471a9739a4d53f5257c26d2504a.jpg",870,500,false]},"rttpg_author":{"display_name":"V\u00fcsal Rafiqo\u011flu","author_link":"https:\/\/arantv.az\/?author=2"},"rttpg_comment":0,"rttpg_category":"<a href=\"https:\/\/arantv.az\/?cat=7\" rel=\"category\">D\u00fcnya<\/a>","rttpg_excerpt":"Rusiya qondarma rejiml\u0259rini \u201ctan\u0131maq\u201d q\u0259rar\u0131n\u0131 h\u0259l\u0259 d\u0259yi\u015fm\u0259k ist\u0259mir Rusiyan\u0131n xarici i\u015fl\u0259r naziri Sergey Lavrov Moskvada Abxaziyan\u0131n xarici i\u015fl\u0259r naziri Sergey \u015eamba v\u0259 C\u0259nubi Osetiyan\u0131n xarici i\u015fl\u0259r naziri Axsar Djioyev il\u0259 g\u00f6r\u00fc\u015f\u00fcb. G\u00f6r\u00fc\u015fl\u0259r ikit\u0259r\u0259fli v\u0259 \u00fc\u00e7t\u0259r\u0259fli formatda ba\u015f tutub. Rusiya Xarici \u0130\u015fl\u0259r Nazirliyinin s\u00f6z\u00e7\u00fcs\u00fc Mariya Zaxarova \u201cnazirl\u0259r Rusiya-Abxaziya v\u0259 Rusiya-C\u0259nubi Osetiya m\u00fcnasib\u0259tl\u0259rinin geni\u015f spektrini v\u0259 xarici&hellip;","_links":{"self":[{"href":"https:\/\/arantv.az\/index.php?rest_route=\/wp\/v2\/posts\/759048"}],"collection":[{"href":"https:\/\/arantv.az\/index.php?rest_route=\/wp\/v2\/posts"}],"about":[{"href":"https:\/\/arantv.az\/index.php?rest_route=\/wp\/v2\/types\/post"}],"author":[{"embeddable":true,"href":"https:\/\/arantv.az\/index.php?rest_route=\/wp\/v2\/users\/2"}],"replies":[{"embeddable":true,"href":"https:\/\/arantv.az\/index.php?rest_route=%2Fwp%2Fv2%2Fcomments&post=759048"}],"version-history":[{"count":1,"href":"https:\/\/arantv.az\/index.php?rest_route=\/wp\/v2\/posts\/759048\/revisions"}],"predecessor-version":[{"id":759050,"href":"https:\/\/arantv.az\/index.php?rest_route=\/wp\/v2\/posts\/759048\/revisions\/759050"}],"wp:featuredmedia":[{"embeddable":true,"href":"https:\/\/arantv.az\/index.php?rest_route=\/wp\/v2\/media\/759049"}],"wp:attachment":[{"href":"https:\/\/arantv.az\/index.php?rest_route=%2Fwp%2Fv2%2Fmedia&parent=759048"}],"wp:term":[{"taxonomy":"category","embeddable":true,"href":"https:\/\/arantv.az\/index.php?rest_route=%2Fwp%2Fv2%2Fcategories&post=759048"},{"taxonomy":"post_tag","embeddable":true,"href":"https:\/\/arantv.az\/index.php?rest_route=%2Fwp%2Fv2%2Ftags&post=759048"}],"curies":[{"name":"wp","href":"https:\/\/api.w.org\/{rel}","templated":true}]}}