{"id":759066,"date":"2024-10-07T12:27:30","date_gmt":"2024-10-07T08:27:30","guid":{"rendered":"https:\/\/arantv.az\/?p=759066"},"modified":"2024-10-07T12:27:30","modified_gmt":"2024-10-07T08:27:30","slug":"general-mayis-b%c9%99rxudarov-v%c9%99zif%c9%99d%c9%99n-azad-olunmasindan-danisdi-q%c9%99rar-q%c9%99bul-olunub","status":"publish","type":"post","link":"https:\/\/arantv.az\/?p=759066","title":{"rendered":"General Mayis B\u0259rxudarov v\u0259zif\u0259d\u0259n azad olunmas\u0131ndan dan\u0131\u015fd\u0131: Q\u0259rar q\u0259bul olunub"},"content":{"rendered":"<p><strong>X\u0259b\u0259r verdiyimiz kimi, \u0130kinci ordu korpusunun komandiri general-leytenant Mayis B\u0259rxudarov v\u0259zif\u0259sind\u0259n azad edil\u0259r\u0259k s\u0259r\u0259ncama g\u00f6t\u00fcr\u00fcl\u00fcb.<\/strong><\/p>\n<p>44 G\u00fcnl\u00fck V\u0259t\u0259n M\u00fcharib\u0259sind\u0259ki qalibiyy\u0259timizin \u0259sas simalar\u0131ndan biri olan Mayis B\u0259rxudarovun &#8220;vurulmas\u0131&#8221; mediada \u015f\u0259rti olaraq &#8220;T\u0259rt\u0259r \u0130\u015fi&#8221; adland\u0131r\u0131lan faci\u0259vi olayla \u0259laq\u0259l\u0259ndirilib.<\/p>\n<p>Bel\u0259 ki, bu i\u015fl\u0259 ba\u011fl\u0131 Bak\u0131 Apellyasiya M\u0259hk\u0259m\u0259sind\u0259ki prosesl\u0259rd\u0259 h\u0259m h\u0259bs edil\u0259nl\u0259r, h\u0259m d\u0259 z\u0259r\u0259r\u00e7\u0259k\u0259n kimi tan\u0131nanlar i\u015fg\u0259nc\u0259 g\u00f6st\u0259ri\u015fl\u0259rind\u0259 general\u0131n ad\u0131n\u0131 halland\u0131r\u0131b.<\/p>\n<p>Gununsesi.info Mais B\u0259rxudarovla \u0259laq\u0259 saxlayaraq, onun v\u0259zif\u0259sind\u0259n azad olunmas\u0131 bar\u0259d\u0259 fikirl\u0259rini \u00f6yr\u0259nib.<\/p>\n<p>Haz\u0131rda s\u0259r\u0259ncamda oldu\u011funu dey\u0259n Mais B\u0259rxudarov v\u0259zif\u0259sini itirm\u0259sini bel\u0259 qiym\u0259tl\u0259ndirib: &#8220;He\u00e7 bir m\u0259yuslu\u011fum yoxdur. Ola da bilm\u0259z. Q\u0259rar q\u0259bul olunub. M\u0259n d\u0259 haz\u0131rda s\u0259r\u0259ncamdayam&#8221;.<\/p>\n<p>&#8220;Orduda yeni y\u00fcks\u0259k t\u0259yinat g\u00f6zl\u0259yirsinizmi&#8221; sual\u0131na g\u0259linc\u0259, general-leytenant bel\u0259 deyib: &#8220;\u018f\u015fi, bu s\u00f6hb\u0259tin ba\u015f\u0131n\u0131 burax\u0131n. Bu bar\u0259d\u0259 m\u0259lumats\u0131zam&#8221;.<\/p>\n","protected":false},"excerpt":{"rendered":"<p>X\u0259b\u0259r verdiyimiz kimi, \u0130kinci ordu korpusunun komandiri general-leytenant Mayis B\u0259rxudarov v\u0259zif\u0259sind\u0259n azad edil\u0259r\u0259k s\u0259r\u0259ncama g\u00f6t\u00fcr\u00fcl\u00fcb. 44 G\u00fcnl\u00fck V\u0259t\u0259n M\u00fcharib\u0259sind\u0259ki qalibiyy\u0259timizin \u0259sas simalar\u0131ndan biri olan Mayis B\u0259rxudarovun &#8220;vurulmas\u0131&#8221; mediada \u015f\u0259rti olaraq &#8220;T\u0259rt\u0259r \u0130\u015fi&#8221; adland\u0131r\u0131lan faci\u0259vi olayla \u0259laq\u0259l\u0259ndirilib. Bel\u0259 ki, bu i\u015fl\u0259 ba\u011fl\u0131 Bak\u0131 Apellyasiya M\u0259hk\u0259m\u0259sind\u0259ki prosesl\u0259rd\u0259 h\u0259m h\u0259bs edil\u0259nl\u0259r, h\u0259m d\u0259 z\u0259r\u0259r\u00e7\u0259k\u0259n kimi tan\u0131nanlar i\u015fg\u0259nc\u0259 g\u00f6st\u0259ri\u015fl\u0259rind\u0259 general\u0131n ad\u0131n\u0131 halland\u0131r\u0131b. Gununsesi.info Mais B\u0259rxudarovla \u0259laq\u0259 saxlayaraq, onun v\u0259zif\u0259sind\u0259n azad olunmas\u0131 bar\u0259d\u0259 fikirl\u0259rini \u00f6yr\u0259nib. Haz\u0131rda s\u0259r\u0259ncamda oldu\u011funu dey\u0259n Mais B\u0259rxudarov v\u0259zif\u0259sini itirm\u0259sini bel\u0259 qiym\u0259tl\u0259ndirib: &#8220;He\u00e7 bir m\u0259yuslu\u011fum yoxdur. Ola da bilm\u0259z. Q\u0259rar q\u0259bul olunub.&hellip;<\/p>\n","protected":false},"author":2,"featured_media":759067,"comment_status":"closed","ping_status":"closed","sticky":false,"template":"","format":"standard","meta":{"om_disable_all_campaigns":false,"_monsterinsights_skip_tracking":false,"_monsterinsights_sitenote_active":false,"_monsterinsights_sitenote_note":"","_monsterinsights_sitenote_category":0},"categories":[19],"tags":[],"aioseo_notices":[],"gutentor_comment":0,"rttpg_featured_image_url":{"full":["https:\/\/arantv.az\/wp-content\/uploads\/2024\/10\/5f11dd5c08461eae193a67feb8a4f83c.jpg",637,400,false],"landscape":["https:\/\/arantv.az\/wp-content\/uploads\/2024\/10\/5f11dd5c08461eae193a67feb8a4f83c.jpg",637,400,false],"portraits":["https:\/\/arantv.az\/wp-content\/uploads\/2024\/10\/5f11dd5c08461eae193a67feb8a4f83c.jpg",637,400,false],"thumbnail":["https:\/\/arantv.az\/wp-content\/uploads\/2024\/10\/5f11dd5c08461eae193a67feb8a4f83c-500x280.jpg",500,280,true],"medium":["https:\/\/arantv.az\/wp-content\/uploads\/2024\/10\/5f11dd5c08461eae193a67feb8a4f83c-581x365.jpg",581,365,true],"large":["https:\/\/arantv.az\/wp-content\/uploads\/2024\/10\/5f11dd5c08461eae193a67feb8a4f83c.jpg",637,400,false],"1536x1536":["https:\/\/arantv.az\/wp-content\/uploads\/2024\/10\/5f11dd5c08461eae193a67feb8a4f83c.jpg",637,400,false],"2048x2048":["https:\/\/arantv.az\/wp-content\/uploads\/2024\/10\/5f11dd5c08461eae193a67feb8a4f83c.jpg",637,400,false],"post-thumbnail":["https:\/\/arantv.az\/wp-content\/uploads\/2024\/10\/5f11dd5c08461eae193a67feb8a4f83c-240x172.jpg",240,172,true],"advps-thumb-one":["https:\/\/arantv.az\/wp-content\/uploads\/2024\/10\/5f11dd5c08461eae193a67feb8a4f83c.jpg",637,400,false]},"rttpg_author":{"display_name":"V\u00fcsal Rafiqo\u011flu","author_link":"https:\/\/arantv.az\/?author=2"},"rttpg_comment":0,"rttpg_category":"<a href=\"https:\/\/arantv.az\/?cat=19\" rel=\"category\">G\u00fcnd\u0259m<\/a>","rttpg_excerpt":"X\u0259b\u0259r verdiyimiz kimi, \u0130kinci ordu korpusunun komandiri general-leytenant Mayis B\u0259rxudarov v\u0259zif\u0259sind\u0259n azad edil\u0259r\u0259k s\u0259r\u0259ncama g\u00f6t\u00fcr\u00fcl\u00fcb. 44 G\u00fcnl\u00fck V\u0259t\u0259n M\u00fcharib\u0259sind\u0259ki qalibiyy\u0259timizin \u0259sas simalar\u0131ndan biri olan Mayis B\u0259rxudarovun &#8220;vurulmas\u0131&#8221; mediada \u015f\u0259rti olaraq &#8220;T\u0259rt\u0259r \u0130\u015fi&#8221; adland\u0131r\u0131lan faci\u0259vi olayla \u0259laq\u0259l\u0259ndirilib. Bel\u0259 ki, bu i\u015fl\u0259 ba\u011fl\u0131 Bak\u0131 Apellyasiya M\u0259hk\u0259m\u0259sind\u0259ki prosesl\u0259rd\u0259 h\u0259m h\u0259bs edil\u0259nl\u0259r, h\u0259m d\u0259 z\u0259r\u0259r\u00e7\u0259k\u0259n kimi tan\u0131nanlar i\u015fg\u0259nc\u0259 g\u00f6st\u0259ri\u015fl\u0259rind\u0259&hellip;","_links":{"self":[{"href":"https:\/\/arantv.az\/index.php?rest_route=\/wp\/v2\/posts\/759066"}],"collection":[{"href":"https:\/\/arantv.az\/index.php?rest_route=\/wp\/v2\/posts"}],"about":[{"href":"https:\/\/arantv.az\/index.php?rest_route=\/wp\/v2\/types\/post"}],"author":[{"embeddable":true,"href":"https:\/\/arantv.az\/index.php?rest_route=\/wp\/v2\/users\/2"}],"replies":[{"embeddable":true,"href":"https:\/\/arantv.az\/index.php?rest_route=%2Fwp%2Fv2%2Fcomments&post=759066"}],"version-history":[{"count":1,"href":"https:\/\/arantv.az\/index.php?rest_route=\/wp\/v2\/posts\/759066\/revisions"}],"predecessor-version":[{"id":759068,"href":"https:\/\/arantv.az\/index.php?rest_route=\/wp\/v2\/posts\/759066\/revisions\/759068"}],"wp:featuredmedia":[{"embeddable":true,"href":"https:\/\/arantv.az\/index.php?rest_route=\/wp\/v2\/media\/759067"}],"wp:attachment":[{"href":"https:\/\/arantv.az\/index.php?rest_route=%2Fwp%2Fv2%2Fmedia&parent=759066"}],"wp:term":[{"taxonomy":"category","embeddable":true,"href":"https:\/\/arantv.az\/index.php?rest_route=%2Fwp%2Fv2%2Fcategories&post=759066"},{"taxonomy":"post_tag","embeddable":true,"href":"https:\/\/arantv.az\/index.php?rest_route=%2Fwp%2Fv2%2Ftags&post=759066"}],"curies":[{"name":"wp","href":"https:\/\/api.w.org\/{rel}","templated":true}]}}