{"id":759079,"date":"2024-10-07T12:31:42","date_gmt":"2024-10-07T08:31:42","guid":{"rendered":"https:\/\/arantv.az\/?p=759079"},"modified":"2024-10-07T12:31:42","modified_gmt":"2024-10-07T08:31:42","slug":"ail%c9%99nin-t%c9%99k-ovladi-imis-%c9%99sg%c9%99r-getm%c9%99y%c9%99-hazirlasirmis-foto","status":"publish","type":"post","link":"https:\/\/arantv.az\/?p=759079","title":{"rendered":"Ail\u0259nin t\u0259k \u00f6vlad\u0131 imi\u015f, \u0259sg\u0259r getm\u0259y\u0259 haz\u0131rla\u015f\u0131rm\u0131\u015f (FOTO)"},"content":{"rendered":"<p>\u00d6t\u0259n g\u00fcn L\u0259nk\u0259ran-Boradigah-Masall\u0131 magistral\u0131nda, rayonun \u015ea\u011flaser k\u0259ndi \u0259razisind\u0259 \u00f6l\u00fcml\u0259 n\u0259tic\u0259l\u0259n\u0259n yol-n\u0259qliyyat hadis\u0259si ba\u015f verib.<\/p>\n<p>Qaynarinfo-nun m\u0259lumat\u0131na g\u00f6r\u0259, 2006-c\u0131 il t\u0259v\u0259ll\u00fcdl\u00fc Amil Ehtiram o\u011flu Sad\u0131qov ald\u0131\u011f\u0131 v\u0259d\u0259n x\u0259sar\u0259tl\u0259ri n\u0259tic\u0259sind\u0259 hadis\u0259 yerind\u0259 h\u0259ak olub.<\/p>\n<p>2003-c\u00fc il t\u0259v\u0259ll\u00fcdl\u00fc Ruslan Fikr\u0259t o\u011flu R\u0259sulov, 2006-c\u0131 il t\u0259v\u0259ll\u00fcdl\u00fc Qurban\u0259li \u018ftafil o\u011flu Salayev, 2005-ci il t\u0259v\u0259ll\u00fcdl\u00fc Elvin \u018fbd\u00fcl o\u011flu \u018fliyev v\u0259 2006-c\u0131 il t\u0259v\u0259ll\u00fcdl\u00fc \u018fbd\u00fcl Tapd\u0131q o\u011flu K\u0259rimov m\u00fcxt\u0259lif d\u0259r\u0259c\u0259li b\u0259d\u0259n x\u0259sar\u0259tl\u0259ri il\u0259 L\u0259nk\u0259ran Rayon M\u0259rk\u0259zi X\u0259st\u0259xanas\u0131na hospitalizasiya olunublar.<\/p>\n<p>Q\u0259za zaman\u0131 d\u00fcnyas\u0131n\u0131 d\u0259yi\u015f\u0259n Amil Sad\u0131qov ail\u0259nin t\u0259k \u00f6vlad\u0131 olub. M\u0259rhum bu ilin yanvar ay\u0131nda h\u0259rbi xidm\u0259t\u0259 yola d\u00fc\u015f\u0259c\u0259kmi\u015f.<\/p>\n<p>Hadis\u0259 zaman\u0131 x\u0259sar\u0259t alanlar\u0131n da haz\u0131rda L\u0259nk\u0259ran Rayon M\u0259rk\u0259zi X\u0259st\u0259xanas\u0131nda m\u00fcalic\u0259l\u0259ri davam edir.<\/p>\n<p><img class=\"imgbcode\" src=\"https:\/\/upload.az\/foto\/arxiv\/yol1_91728284998.jpg\" alt=\"Ail\u0259nin t\u0259k \u00f6vlad\u0131 imi\u015f, \u0259sg\u0259r getm\u0259y\u0259 haz\u0131rla\u015f\u0131rm\u0131\u015f (FOTO)\" \/><\/p>\n","protected":false},"excerpt":{"rendered":"<p>\u00d6t\u0259n g\u00fcn L\u0259nk\u0259ran-Boradigah-Masall\u0131 magistral\u0131nda, rayonun \u015ea\u011flaser k\u0259ndi \u0259razisind\u0259 \u00f6l\u00fcml\u0259 n\u0259tic\u0259l\u0259n\u0259n yol-n\u0259qliyyat hadis\u0259si ba\u015f verib. Qaynarinfo-nun m\u0259lumat\u0131na g\u00f6r\u0259, 2006-c\u0131 il t\u0259v\u0259ll\u00fcdl\u00fc Amil Ehtiram o\u011flu Sad\u0131qov ald\u0131\u011f\u0131 v\u0259d\u0259n x\u0259sar\u0259tl\u0259ri n\u0259tic\u0259sind\u0259 hadis\u0259 yerind\u0259 h\u0259ak olub. 2003-c\u00fc il t\u0259v\u0259ll\u00fcdl\u00fc Ruslan Fikr\u0259t o\u011flu R\u0259sulov, 2006-c\u0131 il t\u0259v\u0259ll\u00fcdl\u00fc Qurban\u0259li \u018ftafil o\u011flu Salayev, 2005-ci il t\u0259v\u0259ll\u00fcdl\u00fc Elvin \u018fbd\u00fcl o\u011flu \u018fliyev v\u0259 2006-c\u0131 il t\u0259v\u0259ll\u00fcdl\u00fc \u018fbd\u00fcl Tapd\u0131q o\u011flu K\u0259rimov m\u00fcxt\u0259lif d\u0259r\u0259c\u0259li b\u0259d\u0259n x\u0259sar\u0259tl\u0259ri il\u0259 L\u0259nk\u0259ran Rayon M\u0259rk\u0259zi X\u0259st\u0259xanas\u0131na hospitalizasiya olunublar. Q\u0259za zaman\u0131 d\u00fcnyas\u0131n\u0131 d\u0259yi\u015f\u0259n Amil Sad\u0131qov ail\u0259nin t\u0259k \u00f6vlad\u0131 olub. M\u0259rhum bu ilin yanvar ay\u0131nda h\u0259rbi xidm\u0259t\u0259 yola&hellip;<\/p>\n","protected":false},"author":2,"featured_media":759080,"comment_status":"closed","ping_status":"closed","sticky":false,"template":"","format":"standard","meta":{"om_disable_all_campaigns":false,"_monsterinsights_skip_tracking":false,"_monsterinsights_sitenote_active":false,"_monsterinsights_sitenote_note":"","_monsterinsights_sitenote_category":0},"categories":[5],"tags":[],"aioseo_notices":[],"gutentor_comment":0,"rttpg_featured_image_url":{"full":["https:\/\/arantv.az\/wp-content\/uploads\/2024\/10\/yol1_91728284998.jpg",649,365,false],"landscape":["https:\/\/arantv.az\/wp-content\/uploads\/2024\/10\/yol1_91728284998.jpg",649,365,false],"portraits":["https:\/\/arantv.az\/wp-content\/uploads\/2024\/10\/yol1_91728284998.jpg",649,365,false],"thumbnail":["https:\/\/arantv.az\/wp-content\/uploads\/2024\/10\/yol1_91728284998-500x280.jpg",500,280,true],"medium":["https:\/\/arantv.az\/wp-content\/uploads\/2024\/10\/yol1_91728284998.jpg",649,365,false],"large":["https:\/\/arantv.az\/wp-content\/uploads\/2024\/10\/yol1_91728284998.jpg",640,360,false],"1536x1536":["https:\/\/arantv.az\/wp-content\/uploads\/2024\/10\/yol1_91728284998.jpg",649,365,false],"2048x2048":["https:\/\/arantv.az\/wp-content\/uploads\/2024\/10\/yol1_91728284998.jpg",649,365,false],"post-thumbnail":["https:\/\/arantv.az\/wp-content\/uploads\/2024\/10\/yol1_91728284998-240x172.jpg",240,172,true],"advps-thumb-one":["https:\/\/arantv.az\/wp-content\/uploads\/2024\/10\/yol1_91728284998.jpg",649,365,false]},"rttpg_author":{"display_name":"V\u00fcsal Rafiqo\u011flu","author_link":"https:\/\/arantv.az\/?author=2"},"rttpg_comment":0,"rttpg_category":"<a href=\"https:\/\/arantv.az\/?cat=5\" rel=\"category\">Hadis\u0259<\/a>","rttpg_excerpt":"\u00d6t\u0259n g\u00fcn L\u0259nk\u0259ran-Boradigah-Masall\u0131 magistral\u0131nda, rayonun \u015ea\u011flaser k\u0259ndi \u0259razisind\u0259 \u00f6l\u00fcml\u0259 n\u0259tic\u0259l\u0259n\u0259n yol-n\u0259qliyyat hadis\u0259si ba\u015f verib. Qaynarinfo-nun m\u0259lumat\u0131na g\u00f6r\u0259, 2006-c\u0131 il t\u0259v\u0259ll\u00fcdl\u00fc Amil Ehtiram o\u011flu Sad\u0131qov ald\u0131\u011f\u0131 v\u0259d\u0259n x\u0259sar\u0259tl\u0259ri n\u0259tic\u0259sind\u0259 hadis\u0259 yerind\u0259 h\u0259ak olub. 2003-c\u00fc il t\u0259v\u0259ll\u00fcdl\u00fc Ruslan Fikr\u0259t o\u011flu R\u0259sulov, 2006-c\u0131 il t\u0259v\u0259ll\u00fcdl\u00fc Qurban\u0259li \u018ftafil o\u011flu Salayev, 2005-ci il t\u0259v\u0259ll\u00fcdl\u00fc Elvin \u018fbd\u00fcl o\u011flu \u018fliyev v\u0259 2006-c\u0131&hellip;","_links":{"self":[{"href":"https:\/\/arantv.az\/index.php?rest_route=\/wp\/v2\/posts\/759079"}],"collection":[{"href":"https:\/\/arantv.az\/index.php?rest_route=\/wp\/v2\/posts"}],"about":[{"href":"https:\/\/arantv.az\/index.php?rest_route=\/wp\/v2\/types\/post"}],"author":[{"embeddable":true,"href":"https:\/\/arantv.az\/index.php?rest_route=\/wp\/v2\/users\/2"}],"replies":[{"embeddable":true,"href":"https:\/\/arantv.az\/index.php?rest_route=%2Fwp%2Fv2%2Fcomments&post=759079"}],"version-history":[{"count":1,"href":"https:\/\/arantv.az\/index.php?rest_route=\/wp\/v2\/posts\/759079\/revisions"}],"predecessor-version":[{"id":759081,"href":"https:\/\/arantv.az\/index.php?rest_route=\/wp\/v2\/posts\/759079\/revisions\/759081"}],"wp:featuredmedia":[{"embeddable":true,"href":"https:\/\/arantv.az\/index.php?rest_route=\/wp\/v2\/media\/759080"}],"wp:attachment":[{"href":"https:\/\/arantv.az\/index.php?rest_route=%2Fwp%2Fv2%2Fmedia&parent=759079"}],"wp:term":[{"taxonomy":"category","embeddable":true,"href":"https:\/\/arantv.az\/index.php?rest_route=%2Fwp%2Fv2%2Fcategories&post=759079"},{"taxonomy":"post_tag","embeddable":true,"href":"https:\/\/arantv.az\/index.php?rest_route=%2Fwp%2Fv2%2Ftags&post=759079"}],"curies":[{"name":"wp","href":"https:\/\/api.w.org\/{rel}","templated":true}]}}