{"id":759093,"date":"2024-10-07T12:34:42","date_gmt":"2024-10-07T08:34:42","guid":{"rendered":"https:\/\/arantv.az\/?p=759093"},"modified":"2024-10-07T12:34:42","modified_gmt":"2024-10-07T08:34:42","slug":"asiq-%c9%99l%c9%99sg%c9%99rin-abid%c9%99sinin-ucaldilmasi-g%c9%99l%c9%99c%c9%99k-n%c9%99sill%c9%99r%c9%99-z%c9%99ngin-irsi-catdirmaq-baximindan-olduqca-vacibdir","status":"publish","type":"post","link":"https:\/\/arantv.az\/?p=759093","title":{"rendered":"A\u015f\u0131q \u018fl\u0259sg\u0259rin abid\u0259sinin ucald\u0131lmas\u0131 g\u0259l\u0259c\u0259k n\u0259sill\u0259r\u0259 z\u0259ngin irsi \u00e7atd\u0131rmaq bax\u0131m\u0131ndan olduqca vacibdir"},"content":{"rendered":"<p>A\u015f\u0131q \u018fl\u0259sg\u0259r (1801-1873) Az\u0259rbaycan\u0131n \u0259n tan\u0131nm\u0131\u015f a\u015f\u0131qlar\u0131ndan biridir. A\u015f\u0131q \u018fl\u0259sg\u0259r, Az\u0259rbaycan\u0131n xalq \u0259d\u0259biyyat\u0131n\u0131n \u0259n d\u0259y\u0259rli n\u00fcmay\u0259nd\u0259l\u0259rind\u0259n biri olaraq, yarad\u0131c\u0131l\u0131\u011f\u0131 il\u0259 xalq\u0131n\u0131n yadda\u015f\u0131nda silinm\u0259z izl\u0259r buraxm\u0131\u015fd\u0131r. Onun \u0259s\u0259rl\u0259ri, yaln\u0131z 19-cu \u0259srin a\u015f\u0131q \u0259d\u0259biyyat\u0131 il\u0259 m\u0259hdudla\u015fmay\u0131b, bu g\u00fcn d\u0259 m\u00fcasir d\u00f6vrd\u0259 aktuald\u0131r. A\u015f\u0131q \u018fl\u0259sg\u0259rin yarad\u0131c\u0131l\u0131\u011f\u0131nda v\u0259t\u0259np\u0259rv\u0259rlik, sevgi, t\u0259bi\u0259t g\u00f6z\u0259lliyi v\u0259 insan\u0131n daxili al\u0259mi kimi m\u00f6vzular \u00f6n plandad\u0131r. O, \u00f6z \u015feirl\u0259rind\u0259 xalq\u0131n\u0131n tarixi, m\u0259d\u0259niyy\u0259ti v\u0259 q\u0259hr\u0259manl\u0131qlar\u0131 haqq\u0131nda yazm\u0131\u015f, eyni zamanda insanlar\u0131n duy\u011fular\u0131n\u0131, hisl\u0259rini v\u0259 arzular\u0131n\u0131 ustal\u0131qla \u0259ks etdirmi\u015fdir. Onun &#8220;V\u0259t\u0259n&#8221; m\u00f6vzusunda yazd\u0131\u011f\u0131 \u0259s\u0259rl\u0259r, m\u00fcst\u0259qil Az\u0259rbaycan\u0131n m\u00fcasir g\u0259ncliyi \u00fc\u00e7\u00fcn d\u0259 ilham m\u0259nb\u0259yi olmaqdad\u0131r. A\u015f\u0131q \u018fl\u0259sg\u0259r, yaln\u0131z bir a\u015f\u0131q kimi deyil, h\u0259m d\u0259 bir v\u0259t\u0259np\u0259rv\u0259r \u015f\u0259xsiyy\u0259t kimi tan\u0131n\u0131r. O, m\u00fcst\u0259qil Az\u0259rbaycan\u0131n simvolu, milli kimliyin v\u0259 m\u0259d\u0259ni irsin qoruyucusu kimi yadda\u015flarda qalm\u0131\u015fd\u0131r. Onun yarad\u0131c\u0131l\u0131\u011f\u0131, xalq\u0131n\u0131n m\u00fcbariz\u0259si, \u00e7\u0259tinlikl\u0259ri v\u0259 q\u0259l\u0259b\u0259l\u0259ri il\u0259 doludur. A\u015f\u0131q, d\u00f6vr\u00fcn sosial-siyasi hadis\u0259l\u0259rini \u015feirl\u0259rind\u0259 \u0259ks etdir\u0259r\u0259k, insanlar\u0131 m\u00fcbariz\u0259y\u0259 v\u0259 birlik olmaya \u00e7a\u011f\u0131rm\u0131\u015fd\u0131r.<\/p>\n<p>1970-ci ill\u0259rd\u0259 Ulu \u00d6nd\u0259r Heyd\u0259r \u018fliyevin t\u0259\u015f\u0259bb\u00fcs\u00fc il\u0259 A\u015f\u0131q \u018fl\u0259sg\u0259rin 150 illik yubileyi geni\u015f miqyasda qeyd edildi. Bu yubiley, yaln\u0131z Az\u0259rbaycan \u00fc\u00e7\u00fcn deyil, eyni zamanda Sovet \u0130ttifaq\u0131 miqyas\u0131nda \u0259h\u0259miyy\u0259t k\u0259sb edirdi. Yubiley t\u0259dbirl\u0259ri \u00e7\u0259r\u00e7iv\u0259sind\u0259 A\u015f\u0131q \u018fl\u0259sg\u0259rin yarad\u0131c\u0131l\u0131\u011f\u0131n\u0131n tan\u0131d\u0131lmas\u0131, a\u015f\u0131q s\u0259n\u0259tinin inki\u015faf\u0131 v\u0259 onun xalq \u0259d\u0259biyyat\u0131ndak\u0131 yeri vur\u011fuland\u0131. Yubiley m\u00fcnasib\u0259til\u0259 A\u015f\u0131q \u018fl\u0259sg\u0259rin do\u011fma k\u0259ndi olan A\u011fkils\u0259 (indiki A\u011fdam rayonu) \u0259razisind\u0259 onun abid\u0259si ucald\u0131ld\u0131. Bu abid\u0259, A\u015f\u0131q \u018fl\u0259sg\u0259rin irsinin v\u0259 m\u0259d\u0259niyy\u0259tinin qorunmas\u0131 m\u0259qs\u0259dini g\u00fcd\u00fcr v\u0259 onun yarad\u0131c\u0131l\u0131\u011f\u0131n\u0131 g\u0259l\u0259c\u0259k n\u0259sill\u0259r\u0259 \u00e7atd\u0131rmaqda m\u00fch\u00fcm rol oynay\u0131r. Abid\u0259nin a\u00e7\u0131l\u0131\u015f\u0131, m\u0259d\u0259niyy\u0259t v\u0259 inc\u0259s\u0259n\u0259t sah\u0259sind\u0259ki f\u0259aliyy\u0259tl\u0259rin t\u0259\u015fviqi bax\u0131m\u0131ndan da \u0259h\u0259miyy\u0259tli bir hadis\u0259 oldu. A\u015f\u0131q \u018fl\u0259sg\u0259rin yubileyinin qeyd olunmas\u0131, h\u0259m\u00e7inin milli m\u0259d\u0259niyy\u0259tin v\u0259 a\u015f\u0131q s\u0259n\u0259tinin d\u0259y\u0259rl\u0259rinin, \u0259h\u0259miyy\u0259tinin art\u0131r\u0131lmas\u0131na, xalq\u0131n bu sah\u0259y\u0259 olan mara\u011f\u0131n\u0131n daha da geni\u015fl\u0259nm\u0259sin\u0259 xidm\u0259t etdi. Ulu \u00d6nd\u0259r Heyd\u0259r \u018fliyev, bu c\u00fcr t\u0259dbirl\u0259rl\u0259 Az\u0259rbaycan m\u0259d\u0259ni irsinin qorunmas\u0131 v\u0259 inki\u015faf etdirilm\u0259sin\u0259 olan ba\u011fl\u0131l\u0131\u011f\u0131n\u0131 bir daha n\u00fcmayi\u015f etdirdi.<\/p>\n<p>Qaraba\u011f v\u0259 \u015e\u0259rqi Z\u0259ng\u0259zur, Az\u0259rbaycan\u0131n tarixi v\u0259 m\u0259d\u0259ni irsinin z\u0259ngin oldu\u011fu b\u00f6lg\u0259l\u0259rdir. Bu \u0259razil\u0259rd\u0259 bir \u00e7ox tarixi abid\u0259l\u0259r, g\u00f6rk\u0259mli \u015f\u0259xsiyy\u0259tl\u0259rin m\u0259qb\u0259r\u0259l\u0259ri, q\u0259dim m\u0259scidl\u0259r, saraylar v\u0259 q\u0259biristanl\u0131qlar m\u00f6vcuddur. Lakin, uzun ill\u0259r \u0259rzind\u0259 erm\u0259ni vandallar\u0131 bu m\u0259d\u0259ni irsi q\u0259sd\u0259n da\u011f\u0131tm\u0131\u015f v\u0259 m\u0259hv etmi\u015fdir.Qaraba\u011fda yerl\u0259\u015f\u0259n tarixi abid\u0259l\u0259r, min ill\u0259r boyu burada ya\u015fam\u0131\u015f xalqlar\u0131n m\u0259d\u0259niyy\u0259tini \u0259ks etdirir. Bu abid\u0259l\u0259r aras\u0131nda orta \u0259sr qalalar\u0131, t\u00fcrb\u0259l\u0259r, karvansaralar v\u0259 dig\u0259r memarl\u0131q n\u00fcmun\u0259l\u0259ri var. M\u0259s\u0259l\u0259n, \u015eu\u015fa \u015f\u0259h\u0259rind\u0259ki Qala m\u0259scidi, B\u00fclb\u00fcl\u00fcn v\u0259 Cavan\u015firin m\u0259qb\u0259r\u0259l\u0259ri, Xank\u0259ndid\u0259ki tarix\u0259n \u0259h\u0259miyy\u0259tli tikilil\u0259r, bu irsin qiym\u0259tli n\u00fcmun\u0259l\u0259ridir.Qaraba\u011f, h\u0259m\u00e7inin bir \u00e7ox g\u00f6rk\u0259mli \u015f\u0259xsiyy\u0259tl\u0259rin, o c\u00fcml\u0259d\u0259n a\u015f\u0131qlar\u0131n, \u015fairl\u0259rin v\u0259 tarix\u00e7il\u0259rin do\u011fuldu\u011fu yerdir. A\u015f\u0131q \u018fl\u0259sg\u0259r, B\u00fclb\u00fcl, Nat\u0259van kimi m\u0259d\u0259niyy\u0259t xadiml\u0259rinin abid\u0259l\u0259ri bu b\u00f6lg\u0259d\u0259 yerl\u0259\u015fir. Onlar\u0131n irsinin qorunmas\u0131 \u0259h\u0259miyy\u0259tli olsa da, erm\u0259ni i\u015f\u011fal\u0131 bu abid\u0259l\u0259ri ciddi \u015f\u0259kild\u0259 z\u0259d\u0259l\u0259mi\u015fdir. Erm\u0259ni vandallar\u0131 t\u0259r\u0259find\u0259n h\u0259yata ke\u00e7iril\u0259n bu m\u0259d\u0259ni soyq\u0131r\u0131m, yaln\u0131z fiziki abid\u0259l\u0259rin da\u011f\u0131d\u0131lmas\u0131 il\u0259 m\u0259hdudla\u015fmay\u0131b, eyni zamanda b\u00f6lg\u0259nin tarixini, m\u0259d\u0259niyy\u0259tini v\u0259 kimliyini d\u0259 z\u0259d\u0259l\u0259mi\u015fdir. Tarixi irsin b\u0259rpas\u0131, m\u00fcasir d\u00f6vrd\u0259 \u00f6n\u0259mli bir m\u0259s\u0259l\u0259dir v\u0259 Az\u0259rbaycan d\u00f6vl\u0259ti bu sah\u0259d\u0259 ciddi t\u0259dbirl\u0259r g\u00f6rm\u0259y\u0259 \u00e7al\u0131\u015f\u0131r. Bu abid\u0259l\u0259rin qorunmas\u0131 v\u0259 b\u0259rpas\u0131, g\u0259l\u0259c\u0259k n\u0259sill\u0259r\u0259 bu z\u0259ngin irsi \u00e7atd\u0131rmaq bax\u0131m\u0131ndan olduqca vacibdir.<\/p>\n<p><strong>M\u0259h\u0259mm\u0259d Babayev,<\/strong><br \/>\n<em>Humanitar f\u0259nl\u0259r t\u0259may\u00fcll\u00fc m\u0259kt\u0259b-liseyin laborant\u0131,<br \/>\nYAP X\u0259tai rayon t\u0259\u015fkilat\u0131n\u0131n \u00fczv\u00fc<\/em><\/p>\n","protected":false},"excerpt":{"rendered":"<p>A\u015f\u0131q \u018fl\u0259sg\u0259r (1801-1873) Az\u0259rbaycan\u0131n \u0259n tan\u0131nm\u0131\u015f a\u015f\u0131qlar\u0131ndan biridir. A\u015f\u0131q \u018fl\u0259sg\u0259r, Az\u0259rbaycan\u0131n xalq \u0259d\u0259biyyat\u0131n\u0131n \u0259n d\u0259y\u0259rli n\u00fcmay\u0259nd\u0259l\u0259rind\u0259n biri olaraq, yarad\u0131c\u0131l\u0131\u011f\u0131 il\u0259 xalq\u0131n\u0131n yadda\u015f\u0131nda silinm\u0259z izl\u0259r buraxm\u0131\u015fd\u0131r. Onun \u0259s\u0259rl\u0259ri, yaln\u0131z 19-cu \u0259srin a\u015f\u0131q \u0259d\u0259biyyat\u0131 il\u0259 m\u0259hdudla\u015fmay\u0131b, bu g\u00fcn d\u0259 m\u00fcasir d\u00f6vrd\u0259 aktuald\u0131r. A\u015f\u0131q \u018fl\u0259sg\u0259rin yarad\u0131c\u0131l\u0131\u011f\u0131nda v\u0259t\u0259np\u0259rv\u0259rlik, sevgi, t\u0259bi\u0259t g\u00f6z\u0259lliyi v\u0259 insan\u0131n daxili al\u0259mi kimi m\u00f6vzular \u00f6n plandad\u0131r. O, \u00f6z \u015feirl\u0259rind\u0259 xalq\u0131n\u0131n tarixi, m\u0259d\u0259niyy\u0259ti v\u0259 q\u0259hr\u0259manl\u0131qlar\u0131 haqq\u0131nda yazm\u0131\u015f, eyni zamanda insanlar\u0131n duy\u011fular\u0131n\u0131, hisl\u0259rini v\u0259 arzular\u0131n\u0131 ustal\u0131qla \u0259ks etdirmi\u015fdir. Onun &#8220;V\u0259t\u0259n&#8221; m\u00f6vzusunda yazd\u0131\u011f\u0131 \u0259s\u0259rl\u0259r, m\u00fcst\u0259qil Az\u0259rbaycan\u0131n m\u00fcasir g\u0259ncliyi \u00fc\u00e7\u00fcn d\u0259 ilham m\u0259nb\u0259yi olmaqdad\u0131r. A\u015f\u0131q&hellip;<\/p>\n","protected":false},"author":2,"featured_media":759094,"comment_status":"closed","ping_status":"closed","sticky":false,"template":"","format":"standard","meta":{"om_disable_all_campaigns":false,"_monsterinsights_skip_tracking":false,"_monsterinsights_sitenote_active":false,"_monsterinsights_sitenote_note":"","_monsterinsights_sitenote_category":0},"categories":[19],"tags":[],"aioseo_notices":[],"gutentor_comment":0,"rttpg_featured_image_url":{"full":["https:\/\/arantv.az\/wp-content\/uploads\/2024\/10\/18cdf49e17282852202307513451104141.jpg",975,540,false],"landscape":["https:\/\/arantv.az\/wp-content\/uploads\/2024\/10\/18cdf49e17282852202307513451104141.jpg",975,540,false],"portraits":["https:\/\/arantv.az\/wp-content\/uploads\/2024\/10\/18cdf49e17282852202307513451104141.jpg",975,540,false],"thumbnail":["https:\/\/arantv.az\/wp-content\/uploads\/2024\/10\/18cdf49e17282852202307513451104141-500x280.jpg",500,280,true],"medium":["https:\/\/arantv.az\/wp-content\/uploads\/2024\/10\/18cdf49e17282852202307513451104141-660x365.jpg",660,365,true],"large":["https:\/\/arantv.az\/wp-content\/uploads\/2024\/10\/18cdf49e17282852202307513451104141-840x465.jpg",640,354,true],"1536x1536":["https:\/\/arantv.az\/wp-content\/uploads\/2024\/10\/18cdf49e17282852202307513451104141.jpg",975,540,false],"2048x2048":["https:\/\/arantv.az\/wp-content\/uploads\/2024\/10\/18cdf49e17282852202307513451104141.jpg",975,540,false],"post-thumbnail":["https:\/\/arantv.az\/wp-content\/uploads\/2024\/10\/18cdf49e17282852202307513451104141-240x172.jpg",240,172,true],"advps-thumb-one":["https:\/\/arantv.az\/wp-content\/uploads\/2024\/10\/18cdf49e17282852202307513451104141.jpg",975,540,false]},"rttpg_author":{"display_name":"V\u00fcsal Rafiqo\u011flu","author_link":"https:\/\/arantv.az\/?author=2"},"rttpg_comment":0,"rttpg_category":"<a href=\"https:\/\/arantv.az\/?cat=19\" rel=\"category\">G\u00fcnd\u0259m<\/a>","rttpg_excerpt":"A\u015f\u0131q \u018fl\u0259sg\u0259r (1801-1873) Az\u0259rbaycan\u0131n \u0259n tan\u0131nm\u0131\u015f a\u015f\u0131qlar\u0131ndan biridir. A\u015f\u0131q \u018fl\u0259sg\u0259r, Az\u0259rbaycan\u0131n xalq \u0259d\u0259biyyat\u0131n\u0131n \u0259n d\u0259y\u0259rli n\u00fcmay\u0259nd\u0259l\u0259rind\u0259n biri olaraq, yarad\u0131c\u0131l\u0131\u011f\u0131 il\u0259 xalq\u0131n\u0131n yadda\u015f\u0131nda silinm\u0259z izl\u0259r buraxm\u0131\u015fd\u0131r. Onun \u0259s\u0259rl\u0259ri, yaln\u0131z 19-cu \u0259srin a\u015f\u0131q \u0259d\u0259biyyat\u0131 il\u0259 m\u0259hdudla\u015fmay\u0131b, bu g\u00fcn d\u0259 m\u00fcasir d\u00f6vrd\u0259 aktuald\u0131r. A\u015f\u0131q \u018fl\u0259sg\u0259rin yarad\u0131c\u0131l\u0131\u011f\u0131nda v\u0259t\u0259np\u0259rv\u0259rlik, sevgi, t\u0259bi\u0259t g\u00f6z\u0259lliyi v\u0259 insan\u0131n daxili al\u0259mi kimi m\u00f6vzular \u00f6n plandad\u0131r.&hellip;","_links":{"self":[{"href":"https:\/\/arantv.az\/index.php?rest_route=\/wp\/v2\/posts\/759093"}],"collection":[{"href":"https:\/\/arantv.az\/index.php?rest_route=\/wp\/v2\/posts"}],"about":[{"href":"https:\/\/arantv.az\/index.php?rest_route=\/wp\/v2\/types\/post"}],"author":[{"embeddable":true,"href":"https:\/\/arantv.az\/index.php?rest_route=\/wp\/v2\/users\/2"}],"replies":[{"embeddable":true,"href":"https:\/\/arantv.az\/index.php?rest_route=%2Fwp%2Fv2%2Fcomments&post=759093"}],"version-history":[{"count":1,"href":"https:\/\/arantv.az\/index.php?rest_route=\/wp\/v2\/posts\/759093\/revisions"}],"predecessor-version":[{"id":759095,"href":"https:\/\/arantv.az\/index.php?rest_route=\/wp\/v2\/posts\/759093\/revisions\/759095"}],"wp:featuredmedia":[{"embeddable":true,"href":"https:\/\/arantv.az\/index.php?rest_route=\/wp\/v2\/media\/759094"}],"wp:attachment":[{"href":"https:\/\/arantv.az\/index.php?rest_route=%2Fwp%2Fv2%2Fmedia&parent=759093"}],"wp:term":[{"taxonomy":"category","embeddable":true,"href":"https:\/\/arantv.az\/index.php?rest_route=%2Fwp%2Fv2%2Fcategories&post=759093"},{"taxonomy":"post_tag","embeddable":true,"href":"https:\/\/arantv.az\/index.php?rest_route=%2Fwp%2Fv2%2Ftags&post=759093"}],"curies":[{"name":"wp","href":"https:\/\/api.w.org\/{rel}","templated":true}]}}