{"id":759096,"date":"2024-10-07T12:35:17","date_gmt":"2024-10-07T08:35:17","guid":{"rendered":"https:\/\/arantv.az\/?p=759096"},"modified":"2024-10-07T12:35:17","modified_gmt":"2024-10-07T08:35:17","slug":"asiq-%c9%99l%c9%99sg%c9%99rin-h%c9%99yat-hekay%c9%99si-tarixi-%c9%99dal%c9%99tsizlikl%c9%99rin-sahididir","status":"publish","type":"post","link":"https:\/\/arantv.az\/?p=759096","title":{"rendered":"A\u015f\u0131q \u018fl\u0259sg\u0259rin h\u0259yat hekay\u0259si tarixi \u0259dal\u0259tsizlikl\u0259rin \u015fahididir"},"content":{"rendered":"<p>A\u015f\u0131q \u018fl\u0259sg\u0259rin h\u0259yat hekay\u0259si tarixi \u0259dal\u0259tsizlikl\u0259rin canl\u0131 \u015fahididir.<\/p>\n<p>A\u015f\u0131q \u018fl\u0259sg\u0259r (1821-1926) Az\u0259rbaycan\u0131n g\u00f6rk\u0259mli xalq a\u015f\u0131\u011f\u0131 v\u0259 \u015fairidir. O, saz havalar\u0131 v\u0259 poeziya yarad\u0131c\u0131l\u0131\u011f\u0131 il\u0259 tan\u0131n\u0131r. \u018fl\u0259sg\u0259r, saz\u0131n m\u00fc\u015fayi\u0259ti il\u0259 qo\u015fma, g\u0259rayl\u0131, divani kimi \u015feir n\u00f6vl\u0259rini ustal\u0131qla ifa etmi\u015fdir. Onun \u0259s\u0259rl\u0259rind\u0259 sevgi, t\u0259bi\u0259t, v\u0259t\u0259np\u0259rv\u0259rlik v\u0259 insanl\u0131q m\u00f6vzular\u0131 \u00f6n plandad\u0131r. A\u015f\u0131q \u018fl\u0259sg\u0259r xalq \u0259d\u0259biyyat\u0131n\u0131n \u0259n parlaq n\u00fcmay\u0259nd\u0259l\u0259rind\u0259n biri hesab edilir v\u0259 Az\u0259rbaycan a\u015f\u0131q s\u0259n\u0259tinin inki\u015faf\u0131nda b\u00f6y\u00fck rol oynam\u0131\u015fd\u0131r.<\/p>\n<p>2021-ci ild\u0259 A\u015f\u0131q \u018fl\u0259sg\u0259rin anadan olmas\u0131n\u0131n 200 illiyi il\u0259 \u0259laq\u0259dar Az\u0259rbaycan Prezidenti \u0130lham \u018fliyev t\u0259r\u0259find\u0259n iki S\u0259r\u0259ncam imzalanm\u0131\u015fd\u0131r. Bu s\u0259r\u0259ncamlar A\u015f\u0131q \u018fl\u0259sg\u0259rin irsinin qorunub saxlanmas\u0131, t\u0259bli\u011f edilm\u0259si v\u0259 ad\u0131n\u0131n \u0259b\u0259dil\u0259\u015fdirilm\u0259si m\u0259qs\u0259dini da\u015f\u0131y\u0131rd\u0131.<\/p>\n<p>1. \u201cA\u015f\u0131q \u018fl\u0259sg\u0259rin 200 illik yubileyinin qeyd edilm\u0259si haqq\u0131nda\u201d S\u0259r\u0259ncam (18 fevral 2021-ci il)<\/p>\n<p>Prezident \u0130lham \u018fliyev bu s\u0259r\u0259ncam\u0131 il\u0259 A\u015f\u0131q \u018fl\u0259sg\u0259rin do\u011fumunun 200 illik yubileyinin y\u00fcks\u0259k s\u0259viyy\u0259d\u0259 qeyd edilm\u0259si \u00fc\u00e7\u00fcn tap\u015f\u0131r\u0131q vermi\u015fdir. S\u0259r\u0259ncamda A\u015f\u0131q \u018fl\u0259sg\u0259rin Az\u0259rbaycan\u0131n \u0259d\u0259bi v\u0259 m\u0259d\u0259ni irsin\u0259 verdiyi t\u00f6hf\u0259l\u0259r x\u00fcsusi vur\u011fulan\u0131r v\u0259 onun irsinin g\u0259l\u0259c\u0259k n\u0259sill\u0259r\u0259 \u00e7atd\u0131r\u0131lmas\u0131 m\u0259qs\u0259dil\u0259 bir s\u0131ra t\u0259dbirl\u0259rin ke\u00e7irilm\u0259si n\u0259z\u0259rd\u0259 tutulmu\u015fdur.<\/p>\n<p>2. \u201cA\u015f\u0131q \u018fl\u0259sg\u0259rin abid\u0259sinin ucald\u0131lmas\u0131 haqq\u0131nda\u201d S\u0259r\u0259ncam (30 mart 2021-ci il)<\/p>\n<p>Bu S\u0259r\u0259ncamda Prezident \u0130lham \u018fliyev A\u015f\u0131q \u018fl\u0259sg\u0259rin ad\u0131n\u0131n \u0259b\u0259dil\u0259\u015fdirilm\u0259si v\u0259 irsinin t\u0259bli\u011fi m\u0259qs\u0259dil\u0259 onun \u015f\u0259r\u0259fin\u0259 abid\u0259 ucald\u0131lmas\u0131 bar\u0259d\u0259 q\u0259rar vermi\u015fdir. S\u0259r\u0259ncamda abid\u0259nin Az\u0259rbaycan\u0131n paytaxt\u0131 Bak\u0131da ucald\u0131lmas\u0131 n\u0259z\u0259rd\u0259 tutulmu\u015fdur. Bu add\u0131m, A\u015f\u0131q \u018fl\u0259sg\u0259rin Az\u0259rbaycan m\u0259d\u0259niyy\u0259tind\u0259ki roluna veril\u0259n y\u00fcks\u0259k qiym\u0259tin g\u00f6st\u0259ricisidir v\u0259 onun yarad\u0131c\u0131l\u0131\u011f\u0131n\u0131n geni\u015f ictimaiyy\u0259t\u0259 tan\u0131d\u0131lmas\u0131na xidm\u0259t edir.<\/p>\n<p>Bu s\u0259r\u0259ncamlar A\u015f\u0131q \u018fl\u0259sg\u0259rin xalq yarad\u0131c\u0131l\u0131\u011f\u0131nda tutdu\u011fu vacib yerin bir daha t\u0259sdiqi v\u0259 onun s\u0259n\u0259tinin \u00f6lk\u0259 v\u0259 beyn\u0259lxalq s\u0259viyy\u0259d\u0259 t\u0259bli\u011fin\u0259 \u015f\u0259rait yaratm\u0131\u015fd\u0131r.<\/p>\n<p>A\u015f\u0131q \u018fl\u0259sg\u0259r (1821-1926) Az\u0259rbaycan\u0131n q\u0259dim torpa\u011f\u0131 olan G\u00f6y\u00e7\u0259 mahal\u0131nda do\u011fulmu\u015f, \u00f6mr\u00fc boyu burada ya\u015fam\u0131\u015f v\u0259 yarad\u0131c\u0131l\u0131qla m\u0259\u015f\u011ful olmu\u015fdur. G\u00f6y\u00e7\u0259 mahal\u0131, Az\u0259rbaycan m\u0259d\u0259niyy\u0259tind\u0259 b\u00f6y\u00fck \u0259h\u0259miyy\u0259t\u0259 malik olan b\u00f6lg\u0259l\u0259rd\u0259n biridir. A\u015f\u0131q \u018fl\u0259sg\u0259r burada \u00f6z a\u015f\u0131q s\u0259n\u0259tini inki\u015faf etdir\u0259r\u0259k, saz\u0131 il\u0259 bir \u00e7ox m\u0259nal\u0131 \u015feirl\u0259r yazm\u0131\u015f v\u0259 xalq \u0259d\u0259biyyat\u0131nda d\u0259rin izl\u0259r qoymu\u015fdur.Lakin 1918-ci ild\u0259 ba\u015f ver\u0259n tarixi hadis\u0259l\u0259r n\u0259tic\u0259sind\u0259, Erm\u0259nistan\u0131n az\u0259rbaycanl\u0131 \u0259haliy\u0259 qar\u015f\u0131 t\u00f6r\u0259tdiyi etnik t\u0259mizl\u0259m\u0259 v\u0259 t\u0259zyiql\u0259r s\u0259b\u0259bind\u0259n, A\u015f\u0131q \u018fl\u0259sg\u0259r \u00f6mr\u00fcn\u00fcn son ill\u0259rind\u0259 \u00f6z do\u011fma torpaqlar\u0131n\u0131 t\u0259rk etm\u0259y\u0259 m\u0259cbur olmu\u015fdur. O, uzun m\u00fcdd\u0259t do\u011fma G\u00f6y\u00e7\u0259 mahal\u0131nda ya\u015fam\u0131\u015f, lakin bu hadis\u0259l\u0259r onun v\u0259 ail\u0259sinin m\u0259cburi k\u00f6\u00e7k\u00fcn d\u00fc\u015fm\u0259sin\u0259 s\u0259b\u0259b olmu\u015fdur. Buna baxmayaraq, V\u0259t\u0259n sevgisi il\u0259 dolu olan A\u015f\u0131q \u018fl\u0259sg\u0259r \u00e7\u0259tinlikl\u0259r\u0259 sin\u0259 g\u0259r\u0259r\u0259k do\u011fma yurduna qay\u0131tm\u0131\u015f v\u0259 orada v\u0259fat etmi\u015fdir.<\/p>\n<p>A\u015f\u0131q \u018fl\u0259sg\u0259rin bu taleyi Az\u0259rbaycan xalq\u0131n\u0131n tarixi \u0259dal\u0259tsizlikl\u0259rl\u0259 \u00fczl\u0259\u015fm\u0259sini simvoliz\u0259 edir v\u0259 onun yarad\u0131c\u0131l\u0131\u011f\u0131 h\u0259m d\u0259 bu k\u00f6\u00e7k\u00fcnl\u00fck, itirilmi\u015f torpaqlara ba\u011fl\u0131l\u0131q m\u00f6vzular\u0131n\u0131 \u00f6z\u00fcnd\u0259 \u0259ks etdirir\u200b.<\/p>\n<p>A\u015f\u0131q \u018fl\u0259sg\u0259rin do\u011fma torpaqlar\u0131ndan m\u0259cburi k\u00f6\u00e7\u00fcr\u00fclm\u0259si 1918-ci ild\u0259 ba\u015f ver\u0259n birinci deportasiya dal\u011fas\u0131 il\u0259 ba\u015flam\u0131\u015fd\u0131. Bundan sonra Az\u0259rbaycan xalq\u0131 daha iki deportasiya dal\u011fas\u0131na m\u0259ruz qalm\u0131\u015fd\u0131r.1940-1950-ci ill\u0259rd\u0259ki deportasiya \u2013 Sovet \u0130ttifaq\u0131n\u0131n q\u0259rarlar\u0131 n\u0259tic\u0259sind\u0259 Erm\u0259nistan SSR-d\u0259n az\u0259rbaycanl\u0131lar\u0131n k\u00fctl\u0259vi \u015f\u0259kild\u0259 s\u00fcrg\u00fcn edilm\u0259si h\u0259yata ke\u00e7irilmi\u015fdir. Bu prosesd\u0259 \u00e7ox sayda az\u0259rbaycanl\u0131 \u00f6z yurd-yuvas\u0131ndan zorla k\u00f6\u00e7\u00fcr\u00fclm\u00fc\u015f v\u0259 uzaq b\u00f6lg\u0259l\u0259r\u0259 s\u00fcrg\u00fcn olunmu\u015fdur. G\u00f6y\u00e7\u0259 mahal\u0131 v\u0259 dig\u0259r tarixi Az\u0259rbaycan torpaqlar\u0131 da bu deportasiyalardan t\u0259sirl\u0259nmi\u015fdir.1980-ci ill\u0259rin sonlar\u0131 v\u0259 1990-c\u0131 ill\u0259rin \u0259vv\u0259ll\u0259rind\u0259ki deportasiya \u2013 Da\u011fl\u0131q Qaraba\u011f m\u00fcnaqi\u015f\u0259si zaman\u0131 erm\u0259ni mill\u0259t\u00e7il\u0259rinin t\u0259zyiqi n\u0259tic\u0259sind\u0259 minl\u0259rl\u0259 az\u0259rbaycanl\u0131 \u00f6z torpaqlar\u0131ndan \u00e7\u0131xar\u0131lm\u0131\u015fd\u0131r. Bu d\u00f6vrd\u0259 Az\u0259rbaycan\u0131n q\u0259dim \u0259razil\u0259rind\u0259, o c\u00fcml\u0259d\u0259n G\u00f6y\u00e7\u0259 mahal\u0131nda ya\u015fayan az\u0259rbaycanl\u0131lar m\u0259cburi \u015f\u0259kild\u0259 k\u00f6\u00e7k\u00fcn d\u00fc\u015fm\u00fc\u015f v\u0259 tarixi yurdlar\u0131ndan uzaq d\u00fc\u015fm\u00fc\u015fd\u00fcr. Erm\u0259nil\u0259rin vandalizmi n\u0259tic\u0259sind\u0259 Az\u0259rbaycan xalq\u0131n\u0131n tarixi v\u0259 m\u0259d\u0259ni irsi ciddi z\u0259rb\u0259l\u0259r alm\u0131\u015fd\u0131r. X\u00fcsusil\u0259, m\u0259scidl\u0259r, q\u0259biristanl\u0131qlar v\u0259 m\u0259d\u0259ni abid\u0259l\u0259r da\u011f\u0131d\u0131lm\u0131\u015fd\u0131r\u200b.<\/p>\n<p>Bu \u00fc\u00e7 deportasiya Az\u0259rbaycan xalq\u0131n\u0131n yadda\u015f\u0131nda d\u0259rin izl\u0259r buraxm\u0131\u015fd\u0131r v\u0259 A\u015f\u0131q \u018fl\u0259sg\u0259rin h\u0259yat hekay\u0259si bu tarixi \u0259dal\u0259tsizlikl\u0259rin canl\u0131 \u015fahididir.<\/p>\n<p><strong>S\u0259lbi \u018fliyeva,<\/strong><br \/>\n<em>YAP X\u0259tai rayon t\u0259\u015fkilat\u0131n\u0131n f\u0259al\u0131<\/em><\/p>\n","protected":false},"excerpt":{"rendered":"<p>A\u015f\u0131q \u018fl\u0259sg\u0259rin h\u0259yat hekay\u0259si tarixi \u0259dal\u0259tsizlikl\u0259rin canl\u0131 \u015fahididir. A\u015f\u0131q \u018fl\u0259sg\u0259r (1821-1926) Az\u0259rbaycan\u0131n g\u00f6rk\u0259mli xalq a\u015f\u0131\u011f\u0131 v\u0259 \u015fairidir. O, saz havalar\u0131 v\u0259 poeziya yarad\u0131c\u0131l\u0131\u011f\u0131 il\u0259 tan\u0131n\u0131r. \u018fl\u0259sg\u0259r, saz\u0131n m\u00fc\u015fayi\u0259ti il\u0259 qo\u015fma, g\u0259rayl\u0131, divani kimi \u015feir n\u00f6vl\u0259rini ustal\u0131qla ifa etmi\u015fdir. Onun \u0259s\u0259rl\u0259rind\u0259 sevgi, t\u0259bi\u0259t, v\u0259t\u0259np\u0259rv\u0259rlik v\u0259 insanl\u0131q m\u00f6vzular\u0131 \u00f6n plandad\u0131r. A\u015f\u0131q \u018fl\u0259sg\u0259r xalq \u0259d\u0259biyyat\u0131n\u0131n \u0259n parlaq n\u00fcmay\u0259nd\u0259l\u0259rind\u0259n biri hesab edilir v\u0259 Az\u0259rbaycan a\u015f\u0131q s\u0259n\u0259tinin inki\u015faf\u0131nda b\u00f6y\u00fck rol oynam\u0131\u015fd\u0131r. 2021-ci ild\u0259 A\u015f\u0131q \u018fl\u0259sg\u0259rin anadan olmas\u0131n\u0131n 200 illiyi il\u0259 \u0259laq\u0259dar Az\u0259rbaycan Prezidenti \u0130lham \u018fliyev t\u0259r\u0259find\u0259n iki S\u0259r\u0259ncam imzalanm\u0131\u015fd\u0131r. Bu s\u0259r\u0259ncamlar A\u015f\u0131q \u018fl\u0259sg\u0259rin irsinin qorunub&hellip;<\/p>\n","protected":false},"author":2,"featured_media":759097,"comment_status":"closed","ping_status":"closed","sticky":false,"template":"","format":"standard","meta":{"om_disable_all_campaigns":false,"_monsterinsights_skip_tracking":false,"_monsterinsights_sitenote_active":false,"_monsterinsights_sitenote_note":"","_monsterinsights_sitenote_category":0},"categories":[19],"tags":[],"aioseo_notices":[],"gutentor_comment":0,"rttpg_featured_image_url":{"full":["https:\/\/arantv.az\/wp-content\/uploads\/2024\/10\/37ca649d172770807666996073210484759.jpg",975,540,false],"landscape":["https:\/\/arantv.az\/wp-content\/uploads\/2024\/10\/37ca649d172770807666996073210484759.jpg",975,540,false],"portraits":["https:\/\/arantv.az\/wp-content\/uploads\/2024\/10\/37ca649d172770807666996073210484759.jpg",975,540,false],"thumbnail":["https:\/\/arantv.az\/wp-content\/uploads\/2024\/10\/37ca649d172770807666996073210484759-500x280.jpg",500,280,true],"medium":["https:\/\/arantv.az\/wp-content\/uploads\/2024\/10\/37ca649d172770807666996073210484759-660x365.jpg",660,365,true],"large":["https:\/\/arantv.az\/wp-content\/uploads\/2024\/10\/37ca649d172770807666996073210484759-840x465.jpg",640,354,true],"1536x1536":["https:\/\/arantv.az\/wp-content\/uploads\/2024\/10\/37ca649d172770807666996073210484759.jpg",975,540,false],"2048x2048":["https:\/\/arantv.az\/wp-content\/uploads\/2024\/10\/37ca649d172770807666996073210484759.jpg",975,540,false],"post-thumbnail":["https:\/\/arantv.az\/wp-content\/uploads\/2024\/10\/37ca649d172770807666996073210484759-240x172.jpg",240,172,true],"advps-thumb-one":["https:\/\/arantv.az\/wp-content\/uploads\/2024\/10\/37ca649d172770807666996073210484759.jpg",975,540,false]},"rttpg_author":{"display_name":"V\u00fcsal Rafiqo\u011flu","author_link":"https:\/\/arantv.az\/?author=2"},"rttpg_comment":0,"rttpg_category":"<a href=\"https:\/\/arantv.az\/?cat=19\" rel=\"category\">G\u00fcnd\u0259m<\/a>","rttpg_excerpt":"A\u015f\u0131q \u018fl\u0259sg\u0259rin h\u0259yat hekay\u0259si tarixi \u0259dal\u0259tsizlikl\u0259rin canl\u0131 \u015fahididir. A\u015f\u0131q \u018fl\u0259sg\u0259r (1821-1926) Az\u0259rbaycan\u0131n g\u00f6rk\u0259mli xalq a\u015f\u0131\u011f\u0131 v\u0259 \u015fairidir. O, saz havalar\u0131 v\u0259 poeziya yarad\u0131c\u0131l\u0131\u011f\u0131 il\u0259 tan\u0131n\u0131r. \u018fl\u0259sg\u0259r, saz\u0131n m\u00fc\u015fayi\u0259ti il\u0259 qo\u015fma, g\u0259rayl\u0131, divani kimi \u015feir n\u00f6vl\u0259rini ustal\u0131qla ifa etmi\u015fdir. Onun \u0259s\u0259rl\u0259rind\u0259 sevgi, t\u0259bi\u0259t, v\u0259t\u0259np\u0259rv\u0259rlik v\u0259 insanl\u0131q m\u00f6vzular\u0131 \u00f6n plandad\u0131r. A\u015f\u0131q \u018fl\u0259sg\u0259r xalq \u0259d\u0259biyyat\u0131n\u0131n \u0259n parlaq n\u00fcmay\u0259nd\u0259l\u0259rind\u0259n&hellip;","_links":{"self":[{"href":"https:\/\/arantv.az\/index.php?rest_route=\/wp\/v2\/posts\/759096"}],"collection":[{"href":"https:\/\/arantv.az\/index.php?rest_route=\/wp\/v2\/posts"}],"about":[{"href":"https:\/\/arantv.az\/index.php?rest_route=\/wp\/v2\/types\/post"}],"author":[{"embeddable":true,"href":"https:\/\/arantv.az\/index.php?rest_route=\/wp\/v2\/users\/2"}],"replies":[{"embeddable":true,"href":"https:\/\/arantv.az\/index.php?rest_route=%2Fwp%2Fv2%2Fcomments&post=759096"}],"version-history":[{"count":1,"href":"https:\/\/arantv.az\/index.php?rest_route=\/wp\/v2\/posts\/759096\/revisions"}],"predecessor-version":[{"id":759098,"href":"https:\/\/arantv.az\/index.php?rest_route=\/wp\/v2\/posts\/759096\/revisions\/759098"}],"wp:featuredmedia":[{"embeddable":true,"href":"https:\/\/arantv.az\/index.php?rest_route=\/wp\/v2\/media\/759097"}],"wp:attachment":[{"href":"https:\/\/arantv.az\/index.php?rest_route=%2Fwp%2Fv2%2Fmedia&parent=759096"}],"wp:term":[{"taxonomy":"category","embeddable":true,"href":"https:\/\/arantv.az\/index.php?rest_route=%2Fwp%2Fv2%2Fcategories&post=759096"},{"taxonomy":"post_tag","embeddable":true,"href":"https:\/\/arantv.az\/index.php?rest_route=%2Fwp%2Fv2%2Ftags&post=759096"}],"curies":[{"name":"wp","href":"https:\/\/api.w.org\/{rel}","templated":true}]}}