{"id":759099,"date":"2024-10-07T12:35:55","date_gmt":"2024-10-07T08:35:55","guid":{"rendered":"https:\/\/arantv.az\/?p=759099"},"modified":"2024-10-07T12:35:55","modified_gmt":"2024-10-07T08:35:55","slug":"s%c9%99rqi-z%c9%99ng%c9%99zurdan-q%c9%99rb%c9%99-x%c9%99b%c9%99rdarliq","status":"publish","type":"post","link":"https:\/\/arantv.az\/?p=759099","title":{"rendered":"\u015e\u0259rqi Z\u0259ng\u0259zurdan Q\u0259rb\u0259 x\u0259b\u0259rdarl\u0131q"},"content":{"rendered":"<h5>C\u0259bray\u0131l \u015f\u0259h\u0259rinin i\u015f\u011faldan azad olunmas\u0131 V\u0259t\u0259n m\u00fcharib\u0259sinin sonrak\u0131 gedi\u015fat\u0131na m\u00fcsb\u0259t t\u0259sir g\u00f6st\u0259rmi\u015f v\u0259 Ordumuzun z\u0259f\u0259r \u0259zmini daha da y\u00fcks\u0259ltmi\u015fdir. \u0130\u015f\u011falda olan dig\u0259r \u0259razil\u0259rimiz kimi C\u0259bray\u0131lda da erm\u0259ni vandalizmi s\u0259rh\u0259d tan\u0131mam\u0131\u015fd\u0131r. B\u00fct\u00fcn \u015f\u0259h\u0259r yerl\u0259 yeksan edilmi\u015f, c\u0259mi iki bina qalm\u0131\u015fd\u0131r ki, orada da erm\u0259ni h\u0259rb\u00e7il\u0259ri yerl\u0259\u015fmi\u015fdi. \u0130\u015f\u011faldan sonra C\u0259bray\u0131l rayonunda geni\u015fmiqyasl\u0131 b\u0259rpa-quruculuq i\u015fl\u0259ri h\u0259yata ke\u00e7irilir. \u0130nfrastruktur layih\u0259l\u0259ri u\u011furla v\u0259 s\u00fcr\u0259tl\u0259 icra edilir. Rayona qay\u0131dacaq sakinl\u0259rin m\u0259\u015f\u011fullu\u011funu t\u0259min etm\u0259k \u00fc\u00e7\u00fcn t\u0259dbirl\u0259r g\u00f6r\u00fcl\u00fcr. Prezident \u0130lham \u018fliyev C\u0259bray\u0131la h\u0259r bir s\u0259f\u0259ri zaman\u0131 m\u00fcxt\u0259lif t\u0259yinatl\u0131 m\u00fc\u0259ssis\u0259l\u0259rin t\u0259m\u0259lini qoymu\u015fdur. \u00dcmumilikd\u0259 \u201cAraz Vadisi S\u0259naye Zonas\u0131\u201dnda 15-\u0259 yax\u0131n m\u00fc\u0259ssis\u0259nin t\u0259m\u0259li qoyulub ki, art\u0131q onlardan biri f\u0259aliyy\u0259td\u0259dir. Bir s\u00f6zl\u0259, insanlar\u0131n C\u0259bray\u0131lda ya\u015famas\u0131 v\u0259 i\u015fl\u0259m\u0259si \u00fc\u00e7\u00fcn h\u0259r bir \u015f\u0259rait yarad\u0131l\u0131r. Oktyabr\u0131n 4-d\u0259 Prezident \u0130lham \u018fliyev v\u0259 birinci xan\u0131m Mehriban \u018fliyevan\u0131n a\u00e7\u0131l\u0131\u015f\u0131nda i\u015ftirak etdikl\u0259ri C\u0259bray\u0131l ya\u015fay\u0131\u015f kompleksi d\u0259 bu q\u0259bld\u0259ndir.<\/h5>\n<p>Ya\u015fay\u0131\u015f kompleksinin a\u00e7\u0131l\u0131\u015f\u0131 zaman\u0131 \u00e7\u0131x\u0131\u015f\u0131nda Prezident \u0130lham \u018fliyev tarixi Z\u0259f\u0259rimizd\u0259n, i\u015f\u011faldan azad olunmu\u015f \u0259razil\u0259rd\u0259 h\u0259yata ke\u00e7iril\u0259n b\u0259rpa-quruculuq i\u015fl\u0259rind\u0259n, Q\u0259rbin \u00f6lk\u0259miz\u0259 qar\u015f\u0131 olan q\u0259r\u0259zli, \u0259sass\u0131z m\u00f6vqeyind\u0259n geni\u015f b\u0259hs etdi. \u00d6lk\u0259 ba\u015f\u00e7\u0131s\u0131 vur\u011fulad\u0131 ki, Erm\u0259nistan 30 il \u0259rzind\u0259 torpaqlarm\u0131z\u0131 i\u015f\u011falda saxlad\u0131\u011f\u0131 m\u00fcdd\u0259td\u0259 bu \u00f6lk\u0259y\u0259 qar\u015f\u0131\u00a0 beyn\u0259lxalq al\u0259m t\u0259r\u0259find\u0259n he\u00e7 bir t\u0259sir v\u0259 t\u0259zyiq olmad\u0131. Minsk qrupu m\u00fcnaqi\u015f\u0259ni h\u0259ll etm\u0259k \u0259v\u0259zin\u0259 erm\u0259ni i\u015f\u011fal\u0131na m\u00fc\u0259yy\u0259n d\u0259r\u0259c\u0259d\u0259 b\u0259ra\u0259t qazand\u0131rmaqla v\u0259 Az\u0259rbaycan\u0131 al\u00e7ald\u0131c\u0131 s\u00fclh\u0259 t\u0259hrik etm\u0259kl\u0259 m\u0259\u015f\u011ful idi. Erm\u0259nistan\u00a0 h\u0259tta d\u00fcnyan\u0131n bir n\u00f6mr\u0259li t\u0259\u015fkilat\u0131 olan BMT-nin T\u0259hl\u00fck\u0259sizlik \u015euras\u0131n\u0131n q\u0259tnam\u0259l\u0259rin\u0259 d\u0259 m\u0259h\u0259l qoymurdu. Prezident \u0130lham \u018fliyev bildirdi ki, Q\u0259rb zamanla \u00f6lk\u0259mizi i\u015f\u011falla bar\u0131\u015fma\u011fa \u00e7a\u011f\u0131r\u0131r, m\u00fcnaqi\u015f\u0259nin h\u0259rbi h\u0259llinin olmad\u0131\u011f\u0131n\u0131 qeyd edirdi. Fransa v\u0259 onun kimi b\u0259zi d\u00f6vl\u0259tl\u0259r bu istiqam\u0259td\u0259 \u0259ll\u0259rind\u0259n g\u0259l\u0259ni edirdil\u0259r. Lakin Az\u0259rbaycan b\u00fct\u00fcn t\u0259zyiql\u0259r\u0259 r\u0259\u011fm\u0259n i\u015f\u011falla bar\u0131\u015fmad\u0131 v\u0259 \u00f6z \u0259z\u0259li torpaqlar\u0131n\u0131 d\u00fc\u015fm\u0259n tapda\u011f\u0131ndan azad etdi. Bunla bar\u0131\u015fa bilm\u0259y\u0259n, Az\u0259rbaycan\u0131n q\u0259l\u0259b\u0259sini h\u0259zm ed\u0259 bilm\u0259y\u0259n Q\u0259rb d\u00f6vl\u0259tl\u0259ri bu g\u00fcn \u00f6lk\u0259miz\u0259 qar\u015f\u0131 sanksiyalar t\u0259tbiq etm\u0259k ist\u0259yir, davaml\u0131 olaraq Erm\u0259nistan\u0131 silahland\u0131r\u0131rlar. Erm\u0259niatan\u0131n t\u0259hl\u00fck\u0259li oyunlara qo\u015fuldu\u011funu qeyd ed\u0259n Prezident \u0130lham \u018fliyev bu \u00f6lk\u0259y\u0259 v\u0259 havadarlar\u0131na \u00e7ox ciddi x\u0259b\u0259rdarl\u0131q etdi. Erm\u0259nistan \u0130kinci Qaraba\u011f m\u00fcharib\u0259sinin tarix\u00e7\u0259sini v\u0259 antiterror \u0259m\u0259liyyatlar\u0131n\u0131 unutmamal\u0131, t\u0259hl\u00fck\u0259li oyunlar\u0131 dayand\u0131rmal\u0131d\u0131r. Erm\u0259nistan\u0131 davaml\u0131 silahland\u0131ran Fransa v\u0259 dig\u0259r anti-Az\u0259rbaycan \u00f6lk\u0259l\u0259r is\u0259 C\u0259nubi Qafqaz\u0131 rahat buraxmal\u0131d\u0131rlar. T\u0259bbi ki, Az\u0259rbaycan\u0131n s\u0259bri sonsuz deyildir.<\/p>\n<p>C\u0259bray\u0131l ya\u015fay\u0131\u015f kompleksinin a\u00e7\u0131l\u0131\u015f\u0131 zaman\u0131 \u00e7\u0131x\u0131\u015f\u0131nda Prezident \u0130lham \u018fliyev \u00f6lk\u0259 g\u0259ncliyin\u0259 d\u0259 xitab etdi. \u00d6lk\u0259 ba\u015f\u00e7\u0131s\u0131 bildirdi ki, g\u0259nc n\u0259sil diqq\u0259tli olmal\u0131 he\u00e7 bir v\u0259d\u0259, he\u00e7 bir yalan\u00e7\u0131 ifad\u0259y\u0259 inanmamal\u0131d\u0131r. Bir halda ki, anti-Az\u0259rbaycan q\u00fcvv\u0259l\u0259rin h\u0259d\u0259fi g\u0259nc n\u0259slin \u015f\u00fcurudur. Bunun \u00fc\u00e7\u00fcn Az\u0259rbaycana qar\u015f\u0131 olmaz\u0131n yalanlar uydurur, \u00f6z m\u0259tbuatlar\u0131nda v\u0259 d\u0131rnaqaras\u0131 qeyri-h\u00f6kum\u0259t t\u0259\u015fkilatlar\u0131nda bu yalanlar\u0131 tirajlay\u0131rlar. Anti-Az\u0259rbaycan m\u00f6vqeyind\u0259 olan m\u00fcxt\u0259lif \u00fcns\u00fcrl\u0259r m\u00fcxt\u0259lif QHT-l\u0259r, hans\u0131sa ictimai qurumlar ad\u0131 alt\u0131nda bu g\u00fcn\u0259 q\u0259d\u0259r maliyy\u0259l\u0259\u015fdirilirl\u0259r. M\u0259qs\u0259d g\u0259nc n\u0259slin \u015f\u00fcuruna t\u0259sir ed\u0259 bilm\u0259kdir. Odur ki, g\u0259ncl\u0259r diqq\u0259tli olmal\u0131, milli ruhda, v\u0259t\u0259np\u0259rv\u0259rlik ruhunda t\u0259rbiy\u0259 olunmal\u0131d\u0131rlar.<\/p>\n<p><img src=\"https:\/\/ikisahil.az\/upload\/\/2024\/10\/07\/\/-0ae1dd39172828214894258074010852584.jpg\" alt=\"\" \/><\/p>\n<p><strong>Anar \u015eahmuradov,<\/strong><\/p>\n<p><em>YAP A\u011fda\u015f rayon t\u0259\u015fkilat\u0131n\u0131n ideoloji i\u015fl\u0259r \u00fczr\u0259 m\u0259sl\u0259h\u0259t\u00e7isi<\/em><\/p>\n","protected":false},"excerpt":{"rendered":"<p>C\u0259bray\u0131l \u015f\u0259h\u0259rinin i\u015f\u011faldan azad olunmas\u0131 V\u0259t\u0259n m\u00fcharib\u0259sinin sonrak\u0131 gedi\u015fat\u0131na m\u00fcsb\u0259t t\u0259sir g\u00f6st\u0259rmi\u015f v\u0259 Ordumuzun z\u0259f\u0259r \u0259zmini daha da y\u00fcks\u0259ltmi\u015fdir. \u0130\u015f\u011falda olan dig\u0259r \u0259razil\u0259rimiz kimi C\u0259bray\u0131lda da erm\u0259ni vandalizmi s\u0259rh\u0259d tan\u0131mam\u0131\u015fd\u0131r. B\u00fct\u00fcn \u015f\u0259h\u0259r yerl\u0259 yeksan edilmi\u015f, c\u0259mi iki bina qalm\u0131\u015fd\u0131r ki, orada da erm\u0259ni h\u0259rb\u00e7il\u0259ri yerl\u0259\u015fmi\u015fdi. \u0130\u015f\u011faldan sonra C\u0259bray\u0131l rayonunda geni\u015fmiqyasl\u0131 b\u0259rpa-quruculuq i\u015fl\u0259ri h\u0259yata ke\u00e7irilir. \u0130nfrastruktur layih\u0259l\u0259ri u\u011furla v\u0259 s\u00fcr\u0259tl\u0259 icra edilir. Rayona qay\u0131dacaq sakinl\u0259rin m\u0259\u015f\u011fullu\u011funu t\u0259min etm\u0259k \u00fc\u00e7\u00fcn t\u0259dbirl\u0259r g\u00f6r\u00fcl\u00fcr. Prezident \u0130lham \u018fliyev C\u0259bray\u0131la h\u0259r bir s\u0259f\u0259ri zaman\u0131 m\u00fcxt\u0259lif t\u0259yinatl\u0131 m\u00fc\u0259ssis\u0259l\u0259rin t\u0259m\u0259lini qoymu\u015fdur. \u00dcmumilikd\u0259 \u201cAraz Vadisi S\u0259naye Zonas\u0131\u201dnda 15-\u0259 yax\u0131n&hellip;<\/p>\n","protected":false},"author":2,"featured_media":759100,"comment_status":"closed","ping_status":"closed","sticky":false,"template":"","format":"standard","meta":{"om_disable_all_campaigns":false,"_monsterinsights_skip_tracking":false,"_monsterinsights_sitenote_active":false,"_monsterinsights_sitenote_note":"","_monsterinsights_sitenote_category":0},"categories":[8],"tags":[],"aioseo_notices":[],"gutentor_comment":0,"rttpg_featured_image_url":{"full":["https:\/\/arantv.az\/wp-content\/uploads\/2024\/10\/05b0afd2172828222979707350610203748.jpg",975,540,false],"landscape":["https:\/\/arantv.az\/wp-content\/uploads\/2024\/10\/05b0afd2172828222979707350610203748.jpg",975,540,false],"portraits":["https:\/\/arantv.az\/wp-content\/uploads\/2024\/10\/05b0afd2172828222979707350610203748.jpg",975,540,false],"thumbnail":["https:\/\/arantv.az\/wp-content\/uploads\/2024\/10\/05b0afd2172828222979707350610203748-500x280.jpg",500,280,true],"medium":["https:\/\/arantv.az\/wp-content\/uploads\/2024\/10\/05b0afd2172828222979707350610203748-660x365.jpg",660,365,true],"large":["https:\/\/arantv.az\/wp-content\/uploads\/2024\/10\/05b0afd2172828222979707350610203748-840x465.jpg",640,354,true],"1536x1536":["https:\/\/arantv.az\/wp-content\/uploads\/2024\/10\/05b0afd2172828222979707350610203748.jpg",975,540,false],"2048x2048":["https:\/\/arantv.az\/wp-content\/uploads\/2024\/10\/05b0afd2172828222979707350610203748.jpg",975,540,false],"post-thumbnail":["https:\/\/arantv.az\/wp-content\/uploads\/2024\/10\/05b0afd2172828222979707350610203748-240x172.jpg",240,172,true],"advps-thumb-one":["https:\/\/arantv.az\/wp-content\/uploads\/2024\/10\/05b0afd2172828222979707350610203748.jpg",975,540,false]},"rttpg_author":{"display_name":"V\u00fcsal Rafiqo\u011flu","author_link":"https:\/\/arantv.az\/?author=2"},"rttpg_comment":0,"rttpg_category":"<a href=\"https:\/\/arantv.az\/?cat=8\" rel=\"category\">\u018fsas s\u0259hif\u0259<\/a>","rttpg_excerpt":"C\u0259bray\u0131l \u015f\u0259h\u0259rinin i\u015f\u011faldan azad olunmas\u0131 V\u0259t\u0259n m\u00fcharib\u0259sinin sonrak\u0131 gedi\u015fat\u0131na m\u00fcsb\u0259t t\u0259sir g\u00f6st\u0259rmi\u015f v\u0259 Ordumuzun z\u0259f\u0259r \u0259zmini daha da y\u00fcks\u0259ltmi\u015fdir. \u0130\u015f\u011falda olan dig\u0259r \u0259razil\u0259rimiz kimi C\u0259bray\u0131lda da erm\u0259ni vandalizmi s\u0259rh\u0259d tan\u0131mam\u0131\u015fd\u0131r. B\u00fct\u00fcn \u015f\u0259h\u0259r yerl\u0259 yeksan edilmi\u015f, c\u0259mi iki bina qalm\u0131\u015fd\u0131r ki, orada da erm\u0259ni h\u0259rb\u00e7il\u0259ri yerl\u0259\u015fmi\u015fdi. \u0130\u015f\u011faldan sonra C\u0259bray\u0131l rayonunda geni\u015fmiqyasl\u0131 b\u0259rpa-quruculuq i\u015fl\u0259ri h\u0259yata ke\u00e7irilir. \u0130nfrastruktur&hellip;","_links":{"self":[{"href":"https:\/\/arantv.az\/index.php?rest_route=\/wp\/v2\/posts\/759099"}],"collection":[{"href":"https:\/\/arantv.az\/index.php?rest_route=\/wp\/v2\/posts"}],"about":[{"href":"https:\/\/arantv.az\/index.php?rest_route=\/wp\/v2\/types\/post"}],"author":[{"embeddable":true,"href":"https:\/\/arantv.az\/index.php?rest_route=\/wp\/v2\/users\/2"}],"replies":[{"embeddable":true,"href":"https:\/\/arantv.az\/index.php?rest_route=%2Fwp%2Fv2%2Fcomments&post=759099"}],"version-history":[{"count":1,"href":"https:\/\/arantv.az\/index.php?rest_route=\/wp\/v2\/posts\/759099\/revisions"}],"predecessor-version":[{"id":759101,"href":"https:\/\/arantv.az\/index.php?rest_route=\/wp\/v2\/posts\/759099\/revisions\/759101"}],"wp:featuredmedia":[{"embeddable":true,"href":"https:\/\/arantv.az\/index.php?rest_route=\/wp\/v2\/media\/759100"}],"wp:attachment":[{"href":"https:\/\/arantv.az\/index.php?rest_route=%2Fwp%2Fv2%2Fmedia&parent=759099"}],"wp:term":[{"taxonomy":"category","embeddable":true,"href":"https:\/\/arantv.az\/index.php?rest_route=%2Fwp%2Fv2%2Fcategories&post=759099"},{"taxonomy":"post_tag","embeddable":true,"href":"https:\/\/arantv.az\/index.php?rest_route=%2Fwp%2Fv2%2Ftags&post=759099"}],"curies":[{"name":"wp","href":"https:\/\/api.w.org\/{rel}","templated":true}]}}