{"id":759102,"date":"2024-10-07T12:39:50","date_gmt":"2024-10-07T08:39:50","guid":{"rendered":"https:\/\/arantv.az\/?p=759102"},"modified":"2024-10-07T12:39:50","modified_gmt":"2024-10-07T08:39:50","slug":"bu-gun-biz-az%c9%99rbaycan-xalqinin-%c9%99yilm%c9%99z-ruhunu-qarabaga-v%c9%99-s%c9%99rqi-z%c9%99ng%c9%99zura-qayidan-soydaslarimizin-timsalinda-goruruk","status":"publish","type":"post","link":"https:\/\/arantv.az\/?p=759102","title":{"rendered":"Bu g\u00fcn biz Az\u0259rbaycan xalq\u0131n\u0131n \u0259yilm\u0259z ruhunu Qaraba\u011fa v\u0259 \u015e\u0259rqi Z\u0259ng\u0259zura qay\u0131dan soyda\u015flar\u0131m\u0131z\u0131n timsal\u0131nda g\u00f6r\u00fcr\u00fck"},"content":{"rendered":"<p>Az\u0259rbaycan xalq\u0131 \u00f6zm\u0259d\u0259niyy\u0259ti, milli-m\u0259n\u0259vi d\u0259y\u0259rl\u0259ri, \u00f6z ad\u0259t-\u0259n\u0259n\u0259l\u0259ri il\u0259 b\u00fct\u00fcn d\u00fcnya xalqlar\u0131 aras\u0131nda se\u00e7ilir.A\u0259rbaycan z\u0259ngin m\u0259d\u0259niyy\u0259t\u0259 malikdir. Az\u0259rbaycan xalq\u0131n\u0131n xilaskar\u0131, m\u00fcst\u0259qil Az\u0259rbaycan\u0131n memar\u0131 v\u0259 qurucusu\u00a0\u00a0\u00a0 ulu \u00f6nd\u0259r Heyd\u0259r \u018fliyev b\u00fct\u00fcn sah\u0259l\u0259rd\u0259 oldu\u011fu kimi Az\u0259rbaycan m\u0259d\u0259niyy\u0259tinin, inc\u0259s\u0259n\u0259tinin, milli-m\u0259n\u0259vi d\u0259y\u0259rl\u0259rinin inki\u015faf\u0131na v\u0259 g\u0259l\u0259c\u0259k n\u0259sill\u0259r\u0259 \u00f6t\u00fcrlm\u0259sin\u0259 b\u00f6y\u00fck diqq\u0259t g\u00f6st\u0259rmi\u015fdir. M\u0259d\u0259niyy\u0259tin h\u0259r bir sah\u0259sinin inki\u015faf\u0131na diqq\u0259t g\u00f6st\u0259r\u0259n ulu \u00f6nd\u0259r Heyd\u0259r \u018fliyev Az\u0259rbaycanda a\u015f\u0131q s\u0259n\u0259tinin inki\u015faf\u0131, g\u0259l\u0259c\u0259k n\u0259sill\u0259r\u0259\u00f6t\u00fcr\u00fclm\u0259si v\u0259 qorunmas\u0131 il\u0259 ba\u011fl\u0131 \u00e7ox m\u00fch\u00fcm t\u0259dbirl\u0259r g\u00f6rm\u00fc\u015fd\u00fcr. Bu g\u00fcnd\u0259 A\u015f\u0131q s\u0259n\u0259tinin ya\u015fad\u0131lmas\u0131 v\u0259 inki\u015faf\u0131 \u00fcmummilli lider Heyd\u0259r \u018fliyevin davam\u00e7\u0131s\u0131 M\u00fcz\u0259ff\u0259r Ali Ba\u015f Komandan, c\u0259nab prezident \u0130lham \u018fliyev t\u0259r\u0259find\u0259n u\u011furla davam etdirilir.<\/p>\n<p>Bir ne\u00e7\u0259 g\u00fcn \u00f6nc\u0259 <strong>Bak\u0131da Az\u0259rbaycan a\u015f\u0131q yarad\u0131c\u0131l\u0131\u011f\u0131n\u0131n g\u00f6rk\u0259mli n\u00fcmay\u0259nd\u0259si, b\u00f6y\u00fck el s\u0259n\u0259tkar\u0131 A\u015f\u0131q \u018fl\u0259sg\u0259rin abid\u0259sinin a\u00e7\u0131l\u0131\u015f\u0131 olub. <\/strong>\u00d6lk\u0259 r\u0259hb\u0259ri c\u0259nab \u0130lham \u018fliyevin <strong>A\u015f\u0131q \u018fl\u0259sg\u0259rin abid\u0259sinin a\u00e7\u0131l\u0131\u015f\u0131nda Heyd\u0259r \u018fliyevl\u0259 birg\u0259 i\u015ftirak etm\u0259si <\/strong>m\u00fcasir Az\u0259rbaycanda a\u015f\u0131q s\u0259n\u0259tinin h\u0259r zaman ya\u015fayaca\u011f\u0131na v\u0259 Q\u0259rbi Az\u0259rbaycandan olan soyda\u015flar\u0131m\u0131z\u0131n \u00f6z d\u0259d\u0259-baba torpaqlar\u0131na qayd\u0131\u015f\u0131 \u00fc\u00e7\u00fcn bir \u00fcmiddir. \u018fminik ki, bu \u00fcmid he\u00e7 zaman s\u00f6nm\u0259y\u0259c\u0259k v\u0259 reall\u0131\u011fa \u00e7evril\u0259c\u0259k.<\/p>\n<p>A\u015f\u0131q \u018fl\u0259sg\u0259r \u00e7ox\u0259srlik ke\u00e7mi\u015f\u0259 malik a\u015f\u0131q s\u0259n\u0259ti \u0259n\u0259n\u0259l\u0259rin\u0259 \u0259n y\u00fcks\u0259k b\u0259dii-estetik meyarlarla yeni m\u0259zmun qazand\u0131r\u0131b, xalq ruhuyla h\u0259mah\u0259ng \u0259s\u0259rl\u0259ri il\u0259 Az\u0259rbaycan\u0131n m\u0259d\u0259ni s\u0259rv\u0259tl\u0259r x\u0259zin\u0259sin\u0259 misilsiz t\u00f6hf\u0259l\u0259r b\u0259x\u015f edib. S\u0259n\u0259tkar\u0131n do\u011fma t\u0259bi\u0259t\u0259 m\u0259h\u0259bb\u0259t v\u0259 v\u0259t\u0259np\u0259rv\u0259rlik hissl\u0259rini v\u0259hd\u0259td\u0259 a\u015f\u0131layan, ana dilimizin safl\u0131\u011f\u0131n\u0131, m\u0259na potensial\u0131n\u0131 v\u0259 h\u00fcdudsuz ifad\u0259 imkanlar\u0131n\u0131 \u00f6z\u00fcnd\u0259 c\u0259ml\u0259\u015fdir\u0259n d\u0259rin koloritli yarad\u0131c\u0131l\u0131\u011f\u0131 Az\u0259rbaycan \u0259d\u0259biyyat\u0131n\u0131n parlaq s\u0259hif\u0259l\u0259rind\u0259ndir. A\u015f\u0131q \u018fl\u0259sg\u0259r \u00e7ox sayda yetirm\u0259l\u0259rind\u0259n ibar\u0259t bir m\u0259kt\u0259b formala\u015fd\u0131r\u0131b v\u0259 g\u0259l\u0259c\u0259yin m\u0259\u015fhur el \u015fairl\u0259rin\u0259 q\u00fcvv\u0259tli t\u0259sir g\u00f6st\u0259rib. Az\u0259rbaycan a\u015f\u0131q s\u0259n\u0259tinin \u00fcmumb\u0259\u015f\u0259ri d\u0259y\u0259rl\u0259r s\u0131ras\u0131nda qorunan d\u00fcnya qeyri-maddi m\u0259d\u0259ni irs n\u00fcmun\u0259l\u0259ri siyah\u0131s\u0131na sal\u0131nmas\u0131 h\u0259m d\u0259 A\u015f\u0131q \u018fl\u0259sg\u0259r s\u0259n\u0259tin\u0259 ehtiram\u0131n t\u0259zah\u00fcr\u00fcd\u00fcr.<\/p>\n<p>S\u0259n\u0259tkar\u0131n yubileyl\u0259ri m\u0259hz Ulu \u00d6nd\u0259rin t\u0259\u015f\u0259bb\u00fcs\u00fc il\u0259 d\u00f6vl\u0259t s\u0259viyy\u0259sind\u0259 qeyd edilib. B\u00f6y\u00fck s\u00f6z ustad\u0131n\u0131n respublikam\u0131zda v\u0259 onun h\u00fcdudlar\u0131ndan k\u0259narda 150 illik yubiley m\u0259rasimi ke\u00e7iril\u0259rk\u0259n \u0259lam\u0259tdar hadis\u0259 ba\u015f verib, az\u0259rbaycanl\u0131lar\u0131n \u0259z\u0259li yurdlar\u0131ndan olan q\u0259dim G\u00f6y\u00e7\u0259 mahal\u0131nda, do\u011fuldu\u011fu k\u0259ndd\u0259 A\u015f\u0131q \u018fl\u0259sg\u0259rin q\u0259bir\u00fcst\u00fc abid\u0259si ucald\u0131l\u0131b. H\u0259min \u0259z\u0259m\u0259tli b\u00fcst soyda\u015flar\u0131m\u0131z \u00f6z d\u0259d\u0259-baba torpaqlar\u0131ndan did\u0259rgin sal\u0131nd\u0131qdan sonra erm\u0259ni vandallar\u0131 t\u0259r\u0259find\u0259n da\u011f\u0131d\u0131lsa da, milli-m\u0259d\u0259ni varl\u0131\u011f\u0131m\u0131z\u0131n t\u0259rkib hiss\u0259sin\u0259 \u00e7evrilmi\u015f A\u015f\u0131q \u018fl\u0259sg\u0259r irsi silinm\u0259z tarixi yadda\u015f r\u0259mzi kimi ya\u015famaqdad\u0131r. A\u015f\u0131q \u018fl\u0259sg\u0259r yarad\u0131c\u0131l\u0131\u011f\u0131n\u0131n m\u0259kt\u0259bl\u0259rd\u0259 v\u0259 dig\u0259r \u00f6lk\u0259l\u0259rd\u0259 t\u0259bli\u011f edilm\u0259si \u00fc\u00e7\u00fcn Birinci vitse-prezident Mehriban \u018fliyevan\u0131n t\u0259\u015f\u0259bb\u00fcs\u00fc il\u0259 a\u015f\u0131q s\u0259n\u0259ti UNESCO-nun qeyri-maddi m\u0259d\u0259ni irsi siyah\u0131s\u0131na daxil edilib. Bununla \u0259laq\u0259dar olaraq bir s\u0131ra t\u0259dbirl\u0259r ke\u00e7irilib. Prezident \u0130lham \u018fliyevin imzalad\u0131\u011f\u0131 S\u0259r\u0259ncama \u0259sas\u0259n Bak\u0131 \u015f\u0259h\u0259rind\u0259 onun heyk\u0259li qoyulub. A\u015f\u0131q \u018fl\u0259sg\u0259r yarad\u0131c\u0131l\u0131\u011f\u0131 onun do\u011fuldu\u011fu yerd\u0259n, G\u00f6y\u00e7\u0259 torpa\u011f\u0131ndan biz\u0259 qalan yegan\u0259 \u0259man\u0259tdir. Buna g\u00f6r\u0259 d\u0259 A\u015f\u0131q \u018fl\u0259sg\u0259r \u015f\u0259xsiyy\u0259ti bizim \u00fc\u00e7\u00fcn \u00f6n\u0259m k\u0259sb edir.Xo\u015f hald\u0131r ki, m\u00fcasir d\u00f6vr\u00fcm\u00fczd\u0259 \u015fifahi xalq \u0259d\u0259biyyat\u0131n\u0131n g\u00f6rk\u0259mli n\u00fcmay\u0259nd\u0259l\u0259rind\u0259n olan D\u0259d\u0259 \u018fl\u0259sg\u0259r, D\u0259d\u0259 \u015e\u0259m\u015fir kimi s\u0259n\u0259tkarlar\u0131n irsi \u00f6yr\u0259nilir v\u0259 g\u0259l\u0259c\u0259k n\u0259sill\u0259r\u0259 \u00f6t\u00fcr\u00fcl\u00fcr.<\/p>\n<p>M\u00fcz\u0259ff\u0259r Ali Ba\u015f Komandan ata v\u0259siyy\u0259tini yerin\u0259 yetir\u0259r\u0259k m\u0259d\u0259niyy\u0259timizin be\u015fiyi olan \u015eu\u015fam\u0131z\u0131 azad etdi. M\u0259d\u0259niyy\u0259timizin incil\u0259rind\u0259n olan\u00a0 dahi b\u0259st\u0259kar \u00dczeyir Hac\u0131b\u0259ylinin, Xan q\u0131z\u0131 Xur\u015fidbanu Nat\u0259van\u0131n, Az\u0259rbaycan pe\u015f\u0259kar vokal s\u0259n\u0259tinin banisi B\u00fclb\u00fcl\u00fcn b\u00fcstl\u0259rini \u0259ziz \u015eu\u015faya nec\u0259 qaytard\u0131sa, A\u015f\u0131q \u018fl\u0259sg\u0259rin abid\u0259sinin d\u0259 G\u00f6y\u00e7\u0259 mahal\u0131nda ucaldaca\u011f\u0131na \u0259minik v\u0259 inan\u0131r\u0131q.<\/p>\n<p>&nbsp;<\/p>\n<p>&nbsp;<\/p>\n<p><strong>F\u0259rid Hac\u0131yev. YAP B\u0259rd\u0259 rayon t\u0259\u015fkilat\u0131 f\u0259al\u0131, Qaraba\u011f Regional M\u0259d\u0259niyy\u0259t idar\u0259sinin ba\u015f m\u0259sl\u0259h\u0259t\u00e7isi, B\u0259rd\u0259 rayon \u00fczr\u0259 n\u00fcmay\u0259nd\u0259<\/strong><\/p>\n<p><strong>\u00a0<\/strong><\/p>\n","protected":false},"excerpt":{"rendered":"<p>Az\u0259rbaycan xalq\u0131 \u00f6zm\u0259d\u0259niyy\u0259ti, milli-m\u0259n\u0259vi d\u0259y\u0259rl\u0259ri, \u00f6z ad\u0259t-\u0259n\u0259n\u0259l\u0259ri il\u0259 b\u00fct\u00fcn d\u00fcnya xalqlar\u0131 aras\u0131nda se\u00e7ilir.A\u0259rbaycan z\u0259ngin m\u0259d\u0259niyy\u0259t\u0259 malikdir. Az\u0259rbaycan xalq\u0131n\u0131n xilaskar\u0131, m\u00fcst\u0259qil Az\u0259rbaycan\u0131n memar\u0131 v\u0259 qurucusu\u00a0\u00a0\u00a0 ulu \u00f6nd\u0259r Heyd\u0259r \u018fliyev b\u00fct\u00fcn sah\u0259l\u0259rd\u0259 oldu\u011fu kimi Az\u0259rbaycan m\u0259d\u0259niyy\u0259tinin, inc\u0259s\u0259n\u0259tinin, milli-m\u0259n\u0259vi d\u0259y\u0259rl\u0259rinin inki\u015faf\u0131na v\u0259 g\u0259l\u0259c\u0259k n\u0259sill\u0259r\u0259 \u00f6t\u00fcrlm\u0259sin\u0259 b\u00f6y\u00fck diqq\u0259t g\u00f6st\u0259rmi\u015fdir. M\u0259d\u0259niyy\u0259tin h\u0259r bir sah\u0259sinin inki\u015faf\u0131na diqq\u0259t g\u00f6st\u0259r\u0259n ulu \u00f6nd\u0259r Heyd\u0259r \u018fliyev Az\u0259rbaycanda a\u015f\u0131q s\u0259n\u0259tinin inki\u015faf\u0131, g\u0259l\u0259c\u0259k n\u0259sill\u0259r\u0259\u00f6t\u00fcr\u00fclm\u0259si v\u0259 qorunmas\u0131 il\u0259 ba\u011fl\u0131 \u00e7ox m\u00fch\u00fcm t\u0259dbirl\u0259r g\u00f6rm\u00fc\u015fd\u00fcr. Bu g\u00fcnd\u0259 A\u015f\u0131q s\u0259n\u0259tinin ya\u015fad\u0131lmas\u0131 v\u0259 inki\u015faf\u0131 \u00fcmummilli lider Heyd\u0259r \u018fliyevin davam\u00e7\u0131s\u0131 M\u00fcz\u0259ff\u0259r Ali Ba\u015f Komandan, c\u0259nab prezident \u0130lham \u018fliyev&hellip;<\/p>\n","protected":false},"author":2,"featured_media":759103,"comment_status":"closed","ping_status":"closed","sticky":false,"template":"","format":"standard","meta":{"om_disable_all_campaigns":false,"_monsterinsights_skip_tracking":false,"_monsterinsights_sitenote_active":false,"_monsterinsights_sitenote_note":"","_monsterinsights_sitenote_category":0},"categories":[2],"tags":[],"aioseo_notices":[],"gutentor_comment":0,"rttpg_featured_image_url":{"full":["https:\/\/arantv.az\/wp-content\/uploads\/2024\/10\/64397156-583e-4bcd-8390-79ad6224aeaf.jpg",900,1200,false],"landscape":["https:\/\/arantv.az\/wp-content\/uploads\/2024\/10\/64397156-583e-4bcd-8390-79ad6224aeaf.jpg",900,1200,false],"portraits":["https:\/\/arantv.az\/wp-content\/uploads\/2024\/10\/64397156-583e-4bcd-8390-79ad6224aeaf.jpg",900,1200,false],"thumbnail":["https:\/\/arantv.az\/wp-content\/uploads\/2024\/10\/64397156-583e-4bcd-8390-79ad6224aeaf-500x280.jpg",500,280,true],"medium":["https:\/\/arantv.az\/wp-content\/uploads\/2024\/10\/64397156-583e-4bcd-8390-79ad6224aeaf-274x365.jpg",274,365,true],"large":["https:\/\/arantv.az\/wp-content\/uploads\/2024\/10\/64397156-583e-4bcd-8390-79ad6224aeaf-630x840.jpg",630,840,true],"1536x1536":["https:\/\/arantv.az\/wp-content\/uploads\/2024\/10\/64397156-583e-4bcd-8390-79ad6224aeaf.jpg",900,1200,false],"2048x2048":["https:\/\/arantv.az\/wp-content\/uploads\/2024\/10\/64397156-583e-4bcd-8390-79ad6224aeaf.jpg",900,1200,false],"post-thumbnail":["https:\/\/arantv.az\/wp-content\/uploads\/2024\/10\/64397156-583e-4bcd-8390-79ad6224aeaf-240x172.jpg",240,172,true],"advps-thumb-one":["https:\/\/arantv.az\/wp-content\/uploads\/2024\/10\/64397156-583e-4bcd-8390-79ad6224aeaf-900x620.jpg",900,620,true]},"rttpg_author":{"display_name":"V\u00fcsal Rafiqo\u011flu","author_link":"https:\/\/arantv.az\/?author=2"},"rttpg_comment":0,"rttpg_category":"<a href=\"https:\/\/arantv.az\/?cat=2\" rel=\"category\">Region X\u0259b\u0259rl\u0259ri<\/a>","rttpg_excerpt":"Az\u0259rbaycan xalq\u0131 \u00f6zm\u0259d\u0259niyy\u0259ti, milli-m\u0259n\u0259vi d\u0259y\u0259rl\u0259ri, \u00f6z ad\u0259t-\u0259n\u0259n\u0259l\u0259ri il\u0259 b\u00fct\u00fcn d\u00fcnya xalqlar\u0131 aras\u0131nda se\u00e7ilir.A\u0259rbaycan z\u0259ngin m\u0259d\u0259niyy\u0259t\u0259 malikdir. Az\u0259rbaycan xalq\u0131n\u0131n xilaskar\u0131, m\u00fcst\u0259qil Az\u0259rbaycan\u0131n memar\u0131 v\u0259 qurucusu\u00a0\u00a0\u00a0 ulu \u00f6nd\u0259r Heyd\u0259r \u018fliyev b\u00fct\u00fcn sah\u0259l\u0259rd\u0259 oldu\u011fu kimi Az\u0259rbaycan m\u0259d\u0259niyy\u0259tinin, inc\u0259s\u0259n\u0259tinin, milli-m\u0259n\u0259vi d\u0259y\u0259rl\u0259rinin inki\u015faf\u0131na v\u0259 g\u0259l\u0259c\u0259k n\u0259sill\u0259r\u0259 \u00f6t\u00fcrlm\u0259sin\u0259 b\u00f6y\u00fck diqq\u0259t g\u00f6st\u0259rmi\u015fdir. M\u0259d\u0259niyy\u0259tin h\u0259r bir sah\u0259sinin inki\u015faf\u0131na diqq\u0259t g\u00f6st\u0259r\u0259n ulu \u00f6nd\u0259r Heyd\u0259r&hellip;","_links":{"self":[{"href":"https:\/\/arantv.az\/index.php?rest_route=\/wp\/v2\/posts\/759102"}],"collection":[{"href":"https:\/\/arantv.az\/index.php?rest_route=\/wp\/v2\/posts"}],"about":[{"href":"https:\/\/arantv.az\/index.php?rest_route=\/wp\/v2\/types\/post"}],"author":[{"embeddable":true,"href":"https:\/\/arantv.az\/index.php?rest_route=\/wp\/v2\/users\/2"}],"replies":[{"embeddable":true,"href":"https:\/\/arantv.az\/index.php?rest_route=%2Fwp%2Fv2%2Fcomments&post=759102"}],"version-history":[{"count":1,"href":"https:\/\/arantv.az\/index.php?rest_route=\/wp\/v2\/posts\/759102\/revisions"}],"predecessor-version":[{"id":759104,"href":"https:\/\/arantv.az\/index.php?rest_route=\/wp\/v2\/posts\/759102\/revisions\/759104"}],"wp:featuredmedia":[{"embeddable":true,"href":"https:\/\/arantv.az\/index.php?rest_route=\/wp\/v2\/media\/759103"}],"wp:attachment":[{"href":"https:\/\/arantv.az\/index.php?rest_route=%2Fwp%2Fv2%2Fmedia&parent=759102"}],"wp:term":[{"taxonomy":"category","embeddable":true,"href":"https:\/\/arantv.az\/index.php?rest_route=%2Fwp%2Fv2%2Fcategories&post=759102"},{"taxonomy":"post_tag","embeddable":true,"href":"https:\/\/arantv.az\/index.php?rest_route=%2Fwp%2Fv2%2Ftags&post=759102"}],"curies":[{"name":"wp","href":"https:\/\/api.w.org\/{rel}","templated":true}]}}