{"id":759118,"date":"2024-10-07T13:15:47","date_gmt":"2024-10-07T09:15:47","guid":{"rendered":"https:\/\/arantv.az\/?p=759118"},"modified":"2024-10-07T13:15:47","modified_gmt":"2024-10-07T09:15:47","slug":"erm%c9%99nistan-xin-moskvada-bayramovla-mirzoyanin-gorusu-planlasdirilmir","status":"publish","type":"post","link":"https:\/\/arantv.az\/?p=759118","title":{"rendered":"Erm\u0259nistan X\u0130N: Moskvada Bayramovla Mirzoyan\u0131n g\u00f6r\u00fc\u015f\u00fc planla\u015fd\u0131r\u0131lm\u0131r"},"content":{"rendered":"<p>Moskvada Az\u0259rbaycan v\u0259 Erm\u0259nistan xarici i\u015fl\u0259r nazirl\u0259ri Ceyhun Bayramovla Ararat Mirzoyan aras\u0131nda g\u00f6r\u00fc\u015f\u00fcn ke\u00e7irilm\u0259si planla\u015fd\u0131r\u0131lmay\u0131b.<\/p>\n<p>\u201cReport\u201d Erm\u0259nistan K\u0130V-in\u0259 istinad\u0259n x\u0259b\u0259r verir ki, bu bar\u0259d\u0259 \u00f6lk\u0259nin Xarici \u0130\u015fl\u0259r Nazirliyinin m\u0259tbuat katibi Ani Badalyan m\u0259lumat verib.<\/p>\n<p>&#8220;Az\u0259rbaycan\u0131n xarici i\u015fl\u0259r naziri il\u0259 ayr\u0131ca g\u00f6r\u00fc\u015f n\u0259z\u0259rd\u0259 tutulmay\u0131b&#8221;, &#8211; o bildirib.<\/p>\n<p>Qeyd ed\u0259k ki, Moskvada MDB D\u00f6vl\u0259t Ba\u015f\u00e7\u0131lar\u0131 \u015euras\u0131n\u0131n iclas\u0131 \u0259r\u0259f\u0259sind\u0259 bu g\u00fcn Birliyin Xarici \u0130\u015fl\u0259r Nazirl\u0259ri \u015euras\u0131n\u0131n iclas\u0131 ke\u00e7iril\u0259c\u0259k.<\/p>\n","protected":false},"excerpt":{"rendered":"<p>Moskvada Az\u0259rbaycan v\u0259 Erm\u0259nistan xarici i\u015fl\u0259r nazirl\u0259ri Ceyhun Bayramovla Ararat Mirzoyan aras\u0131nda g\u00f6r\u00fc\u015f\u00fcn ke\u00e7irilm\u0259si planla\u015fd\u0131r\u0131lmay\u0131b. \u201cReport\u201d Erm\u0259nistan K\u0130V-in\u0259 istinad\u0259n x\u0259b\u0259r verir ki, bu bar\u0259d\u0259 \u00f6lk\u0259nin Xarici \u0130\u015fl\u0259r Nazirliyinin m\u0259tbuat katibi Ani Badalyan m\u0259lumat verib. &#8220;Az\u0259rbaycan\u0131n xarici i\u015fl\u0259r naziri il\u0259 ayr\u0131ca g\u00f6r\u00fc\u015f n\u0259z\u0259rd\u0259 tutulmay\u0131b&#8221;, &#8211; o bildirib. Qeyd ed\u0259k ki, Moskvada MDB D\u00f6vl\u0259t Ba\u015f\u00e7\u0131lar\u0131 \u015euras\u0131n\u0131n iclas\u0131 \u0259r\u0259f\u0259sind\u0259 bu g\u00fcn Birliyin Xarici \u0130\u015fl\u0259r Nazirl\u0259ri \u015euras\u0131n\u0131n iclas\u0131 ke\u00e7iril\u0259c\u0259k.<\/p>\n","protected":false},"author":2,"featured_media":759119,"comment_status":"closed","ping_status":"closed","sticky":false,"template":"","format":"standard","meta":{"om_disable_all_campaigns":false,"_monsterinsights_skip_tracking":false,"_monsterinsights_sitenote_active":false,"_monsterinsights_sitenote_note":"","_monsterinsights_sitenote_category":0},"categories":[4],"tags":[],"aioseo_notices":[],"gutentor_comment":0,"rttpg_featured_image_url":{"full":["https:\/\/arantv.az\/wp-content\/uploads\/2024\/10\/b35fd5ebb1d0ce48a30a7c2688edd2a8.jpg",850,500,false],"landscape":["https:\/\/arantv.az\/wp-content\/uploads\/2024\/10\/b35fd5ebb1d0ce48a30a7c2688edd2a8.jpg",850,500,false],"portraits":["https:\/\/arantv.az\/wp-content\/uploads\/2024\/10\/b35fd5ebb1d0ce48a30a7c2688edd2a8.jpg",850,500,false],"thumbnail":["https:\/\/arantv.az\/wp-content\/uploads\/2024\/10\/b35fd5ebb1d0ce48a30a7c2688edd2a8-500x280.jpg",500,280,true],"medium":["https:\/\/arantv.az\/wp-content\/uploads\/2024\/10\/b35fd5ebb1d0ce48a30a7c2688edd2a8-621x365.jpg",621,365,true],"large":["https:\/\/arantv.az\/wp-content\/uploads\/2024\/10\/b35fd5ebb1d0ce48a30a7c2688edd2a8-840x494.jpg",640,376,true],"1536x1536":["https:\/\/arantv.az\/wp-content\/uploads\/2024\/10\/b35fd5ebb1d0ce48a30a7c2688edd2a8.jpg",850,500,false],"2048x2048":["https:\/\/arantv.az\/wp-content\/uploads\/2024\/10\/b35fd5ebb1d0ce48a30a7c2688edd2a8.jpg",850,500,false],"post-thumbnail":["https:\/\/arantv.az\/wp-content\/uploads\/2024\/10\/b35fd5ebb1d0ce48a30a7c2688edd2a8-240x172.jpg",240,172,true],"advps-thumb-one":["https:\/\/arantv.az\/wp-content\/uploads\/2024\/10\/b35fd5ebb1d0ce48a30a7c2688edd2a8.jpg",850,500,false]},"rttpg_author":{"display_name":"V\u00fcsal Rafiqo\u011flu","author_link":"https:\/\/arantv.az\/?author=2"},"rttpg_comment":0,"rttpg_category":"<a href=\"https:\/\/arantv.az\/?cat=4\" rel=\"category\">Siyas\u0259t<\/a>","rttpg_excerpt":"Moskvada Az\u0259rbaycan v\u0259 Erm\u0259nistan xarici i\u015fl\u0259r nazirl\u0259ri Ceyhun Bayramovla Ararat Mirzoyan aras\u0131nda g\u00f6r\u00fc\u015f\u00fcn ke\u00e7irilm\u0259si planla\u015fd\u0131r\u0131lmay\u0131b. \u201cReport\u201d Erm\u0259nistan K\u0130V-in\u0259 istinad\u0259n x\u0259b\u0259r verir ki, bu bar\u0259d\u0259 \u00f6lk\u0259nin Xarici \u0130\u015fl\u0259r Nazirliyinin m\u0259tbuat katibi Ani Badalyan m\u0259lumat verib. &#8220;Az\u0259rbaycan\u0131n xarici i\u015fl\u0259r naziri il\u0259 ayr\u0131ca g\u00f6r\u00fc\u015f n\u0259z\u0259rd\u0259 tutulmay\u0131b&#8221;, &#8211; o bildirib. Qeyd ed\u0259k ki, Moskvada MDB D\u00f6vl\u0259t Ba\u015f\u00e7\u0131lar\u0131 \u015euras\u0131n\u0131n iclas\u0131&hellip;","_links":{"self":[{"href":"https:\/\/arantv.az\/index.php?rest_route=\/wp\/v2\/posts\/759118"}],"collection":[{"href":"https:\/\/arantv.az\/index.php?rest_route=\/wp\/v2\/posts"}],"about":[{"href":"https:\/\/arantv.az\/index.php?rest_route=\/wp\/v2\/types\/post"}],"author":[{"embeddable":true,"href":"https:\/\/arantv.az\/index.php?rest_route=\/wp\/v2\/users\/2"}],"replies":[{"embeddable":true,"href":"https:\/\/arantv.az\/index.php?rest_route=%2Fwp%2Fv2%2Fcomments&post=759118"}],"version-history":[{"count":1,"href":"https:\/\/arantv.az\/index.php?rest_route=\/wp\/v2\/posts\/759118\/revisions"}],"predecessor-version":[{"id":759120,"href":"https:\/\/arantv.az\/index.php?rest_route=\/wp\/v2\/posts\/759118\/revisions\/759120"}],"wp:featuredmedia":[{"embeddable":true,"href":"https:\/\/arantv.az\/index.php?rest_route=\/wp\/v2\/media\/759119"}],"wp:attachment":[{"href":"https:\/\/arantv.az\/index.php?rest_route=%2Fwp%2Fv2%2Fmedia&parent=759118"}],"wp:term":[{"taxonomy":"category","embeddable":true,"href":"https:\/\/arantv.az\/index.php?rest_route=%2Fwp%2Fv2%2Fcategories&post=759118"},{"taxonomy":"post_tag","embeddable":true,"href":"https:\/\/arantv.az\/index.php?rest_route=%2Fwp%2Fv2%2Ftags&post=759118"}],"curies":[{"name":"wp","href":"https:\/\/api.w.org\/{rel}","templated":true}]}}