{"id":759121,"date":"2024-10-07T13:16:39","date_gmt":"2024-10-07T09:16:39","guid":{"rendered":"https:\/\/arantv.az\/?p=759121"},"modified":"2024-10-07T13:16:39","modified_gmt":"2024-10-07T09:16:39","slug":"suriya-v%c9%99-iraqdan-8-n%c9%99f%c9%99r-az%c9%99rbaycana-repatriasiya-edilib","status":"publish","type":"post","link":"https:\/\/arantv.az\/?p=759121","title":{"rendered":"Suriya v\u0259 \u0130raqdan 8 n\u0259f\u0259r Az\u0259rbaycana repatriasiya edilib"},"content":{"rendered":"<p>Suriyadan sentyabr\u0131n 18-d\u0259 alt\u0131, \u0130raqdan oktyabr\u0131n 7-d\u0259 iki n\u0259f\u0259r Az\u0259rbaycana repatriasiya edilib.<\/p>\n<p><strong>ARANTV.AZ\u00a0<\/strong> x\u0259b\u0259r verir ki, bu bar\u0259d\u0259 Az\u0259rbaycan Xarici \u0130\u015fl\u0259r Nazirliyi m\u0259lumat yay\u0131b.<\/p>\n<p>Bildirilib ki, Suriya v\u0259 \u0130raqdan Az\u0259rbaycan v\u0259t\u0259nda\u015flar\u0131n\u0131n repatriasiyas\u0131na m\u0259sul olan m\u00fcvafiq d\u00f6vl\u0259t qurumlar\u0131n\u0131n n\u00fcmay\u0259nd\u0259l\u0259ri T\u00fcrkiy\u0259 v\u0259 \u0130raqa ezam edilib, repatriantlar\u0131n ilkin tibbi v\u0259 psixoloji m\u00fcayin\u0259sinin h\u0259yata ke\u00e7irilm\u0259si t\u0259min olunub.<\/p>\n<p>Az\u0259rbaycan\u0131n h\u0259min \u00f6lk\u0259l\u0259rd\u0259ki diplomatik n\u00fcmay\u0259nd\u0259likl\u0259ri t\u0259r\u0259find\u0259n m\u00fcvafiq \u0259laq\u0259l\u0259ndirm\u0259 i\u015fi apar\u0131lmaqla v\u0259t\u0259nda\u015flar Az\u0259rbaycana qay\u0131d\u0131\u015f \u015f\u0259had\u0259tnam\u0259l\u0259ri il\u0259 t\u0259min edilib v\u0259 n\u00fcmay\u0259nd\u0259 hey\u0259tinin m\u00fc\u015fayi\u0259ti \u0259sas\u0131nda qeyd olunan \u015f\u0259xsl\u0259rin Az\u0259rbaycana repatriasiyas\u0131 h\u0259yata ke\u00e7irilib.<\/p>\n<p>Qeyd edilib ki, repatriantlar\u0131n sosial reabilitasiyas\u0131 v\u0259 c\u0259miyy\u0259t\u0259 reinteqrasiyas\u0131 istiqam\u0259tind\u0259 m\u00fcvafiq t\u0259dbirl\u0259rin h\u0259yata ke\u00e7irilm\u0259si n\u0259z\u0259rd\u0259 tutulur.<\/p>\n<p>&#8220;Az\u0259rbaycan Respublikas\u0131 h\u00f6kum\u0259ti t\u0259r\u0259find\u0259n xarici \u00f6lk\u0259l\u0259rin \u0259razisind\u0259 silahl\u0131 m\u00fcnaqi\u015f\u0259nin qurban\u0131na \u00e7evrilmi\u015f Az\u0259rbaycan Respublikas\u0131 v\u0259t\u0259nda\u015flar\u0131n\u0131n repatriasiyas\u0131 \u00fc\u00e7\u00fcn z\u0259ruri t\u0259dbirl\u0259rin g\u00f6r\u00fclm\u0259si davam etdiril\u0259c\u0259kdir&#8221;, &#8211; dey\u0259 m\u0259lumatda vur\u011fulan\u0131b.<\/p>\n","protected":false},"excerpt":{"rendered":"<p>Suriyadan sentyabr\u0131n 18-d\u0259 alt\u0131, \u0130raqdan oktyabr\u0131n 7-d\u0259 iki n\u0259f\u0259r Az\u0259rbaycana repatriasiya edilib. ARANTV.AZ\u00a0 x\u0259b\u0259r verir ki, bu bar\u0259d\u0259 Az\u0259rbaycan Xarici \u0130\u015fl\u0259r Nazirliyi m\u0259lumat yay\u0131b. Bildirilib ki, Suriya v\u0259 \u0130raqdan Az\u0259rbaycan v\u0259t\u0259nda\u015flar\u0131n\u0131n repatriasiyas\u0131na m\u0259sul olan m\u00fcvafiq d\u00f6vl\u0259t qurumlar\u0131n\u0131n n\u00fcmay\u0259nd\u0259l\u0259ri T\u00fcrkiy\u0259 v\u0259 \u0130raqa ezam edilib, repatriantlar\u0131n ilkin tibbi v\u0259 psixoloji m\u00fcayin\u0259sinin h\u0259yata ke\u00e7irilm\u0259si t\u0259min olunub. Az\u0259rbaycan\u0131n h\u0259min \u00f6lk\u0259l\u0259rd\u0259ki diplomatik n\u00fcmay\u0259nd\u0259likl\u0259ri t\u0259r\u0259find\u0259n m\u00fcvafiq \u0259laq\u0259l\u0259ndirm\u0259 i\u015fi apar\u0131lmaqla v\u0259t\u0259nda\u015flar Az\u0259rbaycana qay\u0131d\u0131\u015f \u015f\u0259had\u0259tnam\u0259l\u0259ri il\u0259 t\u0259min edilib v\u0259 n\u00fcmay\u0259nd\u0259 hey\u0259tinin m\u00fc\u015fayi\u0259ti \u0259sas\u0131nda qeyd olunan \u015f\u0259xsl\u0259rin Az\u0259rbaycana repatriasiyas\u0131 h\u0259yata ke\u00e7irilib. Qeyd edilib ki, repatriantlar\u0131n sosial reabilitasiyas\u0131 v\u0259 c\u0259miyy\u0259t\u0259&hellip;<\/p>\n","protected":false},"author":2,"featured_media":759122,"comment_status":"closed","ping_status":"closed","sticky":false,"template":"","format":"standard","meta":{"om_disable_all_campaigns":false,"_monsterinsights_skip_tracking":false,"_monsterinsights_sitenote_active":false,"_monsterinsights_sitenote_note":"","_monsterinsights_sitenote_category":0},"categories":[7],"tags":[],"aioseo_notices":[],"gutentor_comment":0,"rttpg_featured_image_url":{"full":["https:\/\/arantv.az\/wp-content\/uploads\/2024\/10\/2af89518be88c0a3450bb8871e285b76.jpg",850,500,false],"landscape":["https:\/\/arantv.az\/wp-content\/uploads\/2024\/10\/2af89518be88c0a3450bb8871e285b76.jpg",850,500,false],"portraits":["https:\/\/arantv.az\/wp-content\/uploads\/2024\/10\/2af89518be88c0a3450bb8871e285b76.jpg",850,500,false],"thumbnail":["https:\/\/arantv.az\/wp-content\/uploads\/2024\/10\/2af89518be88c0a3450bb8871e285b76-500x280.jpg",500,280,true],"medium":["https:\/\/arantv.az\/wp-content\/uploads\/2024\/10\/2af89518be88c0a3450bb8871e285b76-621x365.jpg",621,365,true],"large":["https:\/\/arantv.az\/wp-content\/uploads\/2024\/10\/2af89518be88c0a3450bb8871e285b76-840x494.jpg",640,376,true],"1536x1536":["https:\/\/arantv.az\/wp-content\/uploads\/2024\/10\/2af89518be88c0a3450bb8871e285b76.jpg",850,500,false],"2048x2048":["https:\/\/arantv.az\/wp-content\/uploads\/2024\/10\/2af89518be88c0a3450bb8871e285b76.jpg",850,500,false],"post-thumbnail":["https:\/\/arantv.az\/wp-content\/uploads\/2024\/10\/2af89518be88c0a3450bb8871e285b76-240x172.jpg",240,172,true],"advps-thumb-one":["https:\/\/arantv.az\/wp-content\/uploads\/2024\/10\/2af89518be88c0a3450bb8871e285b76.jpg",850,500,false]},"rttpg_author":{"display_name":"V\u00fcsal Rafiqo\u011flu","author_link":"https:\/\/arantv.az\/?author=2"},"rttpg_comment":0,"rttpg_category":"<a href=\"https:\/\/arantv.az\/?cat=7\" rel=\"category\">D\u00fcnya<\/a>","rttpg_excerpt":"Suriyadan sentyabr\u0131n 18-d\u0259 alt\u0131, \u0130raqdan oktyabr\u0131n 7-d\u0259 iki n\u0259f\u0259r Az\u0259rbaycana repatriasiya edilib. ARANTV.AZ\u00a0 x\u0259b\u0259r verir ki, bu bar\u0259d\u0259 Az\u0259rbaycan Xarici \u0130\u015fl\u0259r Nazirliyi m\u0259lumat yay\u0131b. Bildirilib ki, Suriya v\u0259 \u0130raqdan Az\u0259rbaycan v\u0259t\u0259nda\u015flar\u0131n\u0131n repatriasiyas\u0131na m\u0259sul olan m\u00fcvafiq d\u00f6vl\u0259t qurumlar\u0131n\u0131n n\u00fcmay\u0259nd\u0259l\u0259ri T\u00fcrkiy\u0259 v\u0259 \u0130raqa ezam edilib, repatriantlar\u0131n ilkin tibbi v\u0259 psixoloji m\u00fcayin\u0259sinin h\u0259yata ke\u00e7irilm\u0259si t\u0259min olunub. Az\u0259rbaycan\u0131n h\u0259min&hellip;","_links":{"self":[{"href":"https:\/\/arantv.az\/index.php?rest_route=\/wp\/v2\/posts\/759121"}],"collection":[{"href":"https:\/\/arantv.az\/index.php?rest_route=\/wp\/v2\/posts"}],"about":[{"href":"https:\/\/arantv.az\/index.php?rest_route=\/wp\/v2\/types\/post"}],"author":[{"embeddable":true,"href":"https:\/\/arantv.az\/index.php?rest_route=\/wp\/v2\/users\/2"}],"replies":[{"embeddable":true,"href":"https:\/\/arantv.az\/index.php?rest_route=%2Fwp%2Fv2%2Fcomments&post=759121"}],"version-history":[{"count":1,"href":"https:\/\/arantv.az\/index.php?rest_route=\/wp\/v2\/posts\/759121\/revisions"}],"predecessor-version":[{"id":759123,"href":"https:\/\/arantv.az\/index.php?rest_route=\/wp\/v2\/posts\/759121\/revisions\/759123"}],"wp:featuredmedia":[{"embeddable":true,"href":"https:\/\/arantv.az\/index.php?rest_route=\/wp\/v2\/media\/759122"}],"wp:attachment":[{"href":"https:\/\/arantv.az\/index.php?rest_route=%2Fwp%2Fv2%2Fmedia&parent=759121"}],"wp:term":[{"taxonomy":"category","embeddable":true,"href":"https:\/\/arantv.az\/index.php?rest_route=%2Fwp%2Fv2%2Fcategories&post=759121"},{"taxonomy":"post_tag","embeddable":true,"href":"https:\/\/arantv.az\/index.php?rest_route=%2Fwp%2Fv2%2Ftags&post=759121"}],"curies":[{"name":"wp","href":"https:\/\/api.w.org\/{rel}","templated":true}]}}