{"id":759142,"date":"2024-10-07T14:28:38","date_gmt":"2024-10-07T10:28:38","guid":{"rendered":"https:\/\/arantv.az\/?p=759142"},"modified":"2024-10-07T14:28:38","modified_gmt":"2024-10-07T10:28:38","slug":"emin-agalarov-atasi-il%c9%99-isbirliyin%c9%99-niy%c9%99-son-qoydu-aciqlama","status":"publish","type":"post","link":"https:\/\/arantv.az\/?p=759142","title":{"rendered":"Emin A\u011falarov atas\u0131 il\u0259 i\u015fbirliyin\u0259 niy\u0259 son qoydu? &#8211; A\u00c7IQLAMA"},"content":{"rendered":"<div class=\"text-content\" data-id=\"\" data-url=\"\">\n<p><strong>44 ya\u015fl\u0131 Xalq artisti Emin A\u011falarov atas\u0131, i\u015f adam\u0131 Araz A\u011falarovla i\u015fbirliyini sonland\u0131rmas\u0131ndan dan\u0131\u015f\u0131b.<\/strong><\/p>\n<p>O bu bar\u0259d\u0259 \u201cDiqq\u0259t: Sob\u00e7ak\u201d verili\u015find\u0259 dan\u0131\u015f\u0131b.<\/p>\n<p>Emin A\u011falarov \u201cCrocus\u201du miras almaq ist\u0259m\u0259diyini bildirib.<\/p>\n<p>2022-ci ild\u0259 Emin \u201cCrocus\u201dda 22 il i\u015fl\u0259dikd\u0259n sonra atas\u0131n\u0131n biznesini t\u0259rk edib.<\/p>\n<p>S\u0259n\u0259t\u00e7i \u201cCrocus\u201da \u00e7ox vaxt v\u0259 s\u0259y s\u0259rf etdiyini deyib: \u201cM\u0259nim \u00fc\u00e7\u00fcn bu \u00e7evrilmi\u015f bir s\u0259hif\u0259dir. M\u0259n ona varis olmaq, onunla he\u00e7 bir \u0259laq\u0259min olmas\u0131n\u0131 ist\u0259mir\u0259m. S\u00f6z\u00fcn yax\u015f\u0131 m\u0259nas\u0131nda orada \u00e7oxlu z\u0259hm\u0259t v\u0259 vaxt s\u0259rf etmi\u015f\u0259m. M\u0259n he\u00e7 kimin k\u00f6m\u0259yi olmadan yaln\u0131z m\u0259nim olaca\u011f\u0131m bir \u015fey qurmaq ist\u0259yir\u0259m ki, \u00f6z\u00fcm etdiyimi anlay\u0131m\u201d.<\/p>\n<p>Eminin s\u00f6zl\u0259rin\u0259 g\u00f6r\u0259, \u0259vv\u0259ll\u0259r \u00f6z\u00fcn\u00fc yeni layih\u0259 h\u0259yata ke\u00e7irm\u0259k \u00fc\u00e7\u00fcn kifay\u0259t q\u0259d\u0259r g\u00fccl\u00fc hiss etm\u0259yib.\/News24.az<\/p>\n<\/div>\n<div><\/div>\n<div><\/div>\n<div class=\"inner-social-box\">\n<div class=\"subs-in-social subs-whatsapp\"><\/div>\n<\/div>\n","protected":false},"excerpt":{"rendered":"<p>44 ya\u015fl\u0131 Xalq artisti Emin A\u011falarov atas\u0131, i\u015f adam\u0131 Araz A\u011falarovla i\u015fbirliyini sonland\u0131rmas\u0131ndan dan\u0131\u015f\u0131b. O bu bar\u0259d\u0259 \u201cDiqq\u0259t: Sob\u00e7ak\u201d verili\u015find\u0259 dan\u0131\u015f\u0131b. Emin A\u011falarov \u201cCrocus\u201du miras almaq ist\u0259m\u0259diyini bildirib. 2022-ci ild\u0259 Emin \u201cCrocus\u201dda 22 il i\u015fl\u0259dikd\u0259n sonra atas\u0131n\u0131n biznesini t\u0259rk edib. S\u0259n\u0259t\u00e7i \u201cCrocus\u201da \u00e7ox vaxt v\u0259 s\u0259y s\u0259rf etdiyini deyib: \u201cM\u0259nim \u00fc\u00e7\u00fcn bu \u00e7evrilmi\u015f bir s\u0259hif\u0259dir. M\u0259n ona varis olmaq, onunla he\u00e7 bir \u0259laq\u0259min olmas\u0131n\u0131 ist\u0259mir\u0259m. S\u00f6z\u00fcn yax\u015f\u0131 m\u0259nas\u0131nda orada \u00e7oxlu z\u0259hm\u0259t v\u0259 vaxt s\u0259rf etmi\u015f\u0259m. M\u0259n he\u00e7 kimin k\u00f6m\u0259yi olmadan yaln\u0131z m\u0259nim olaca\u011f\u0131m bir \u015fey qurmaq ist\u0259yir\u0259m ki, \u00f6z\u00fcm etdiyimi&hellip;<\/p>\n","protected":false},"author":2,"featured_media":759143,"comment_status":"closed","ping_status":"closed","sticky":false,"template":"","format":"standard","meta":{"om_disable_all_campaigns":false,"_monsterinsights_skip_tracking":false,"_monsterinsights_sitenote_active":false,"_monsterinsights_sitenote_note":"","_monsterinsights_sitenote_category":0},"categories":[19],"tags":[],"aioseo_notices":[],"gutentor_comment":0,"rttpg_featured_image_url":{"full":["https:\/\/arantv.az\/wp-content\/uploads\/2024\/10\/fd1b864d8489a0545bea919007c11692.jpg",870,500,false],"landscape":["https:\/\/arantv.az\/wp-content\/uploads\/2024\/10\/fd1b864d8489a0545bea919007c11692.jpg",870,500,false],"portraits":["https:\/\/arantv.az\/wp-content\/uploads\/2024\/10\/fd1b864d8489a0545bea919007c11692.jpg",870,500,false],"thumbnail":["https:\/\/arantv.az\/wp-content\/uploads\/2024\/10\/fd1b864d8489a0545bea919007c11692-500x280.jpg",500,280,true],"medium":["https:\/\/arantv.az\/wp-content\/uploads\/2024\/10\/fd1b864d8489a0545bea919007c11692-635x365.jpg",635,365,true],"large":["https:\/\/arantv.az\/wp-content\/uploads\/2024\/10\/fd1b864d8489a0545bea919007c11692-840x483.jpg",640,368,true],"1536x1536":["https:\/\/arantv.az\/wp-content\/uploads\/2024\/10\/fd1b864d8489a0545bea919007c11692.jpg",870,500,false],"2048x2048":["https:\/\/arantv.az\/wp-content\/uploads\/2024\/10\/fd1b864d8489a0545bea919007c11692.jpg",870,500,false],"post-thumbnail":["https:\/\/arantv.az\/wp-content\/uploads\/2024\/10\/fd1b864d8489a0545bea919007c11692-240x172.jpg",240,172,true],"advps-thumb-one":["https:\/\/arantv.az\/wp-content\/uploads\/2024\/10\/fd1b864d8489a0545bea919007c11692.jpg",870,500,false]},"rttpg_author":{"display_name":"V\u00fcsal Rafiqo\u011flu","author_link":"https:\/\/arantv.az\/?author=2"},"rttpg_comment":0,"rttpg_category":"<a href=\"https:\/\/arantv.az\/?cat=19\" rel=\"category\">G\u00fcnd\u0259m<\/a>","rttpg_excerpt":"44 ya\u015fl\u0131 Xalq artisti Emin A\u011falarov atas\u0131, i\u015f adam\u0131 Araz A\u011falarovla i\u015fbirliyini sonland\u0131rmas\u0131ndan dan\u0131\u015f\u0131b. O bu bar\u0259d\u0259 \u201cDiqq\u0259t: Sob\u00e7ak\u201d verili\u015find\u0259 dan\u0131\u015f\u0131b. Emin A\u011falarov \u201cCrocus\u201du miras almaq ist\u0259m\u0259diyini bildirib. 2022-ci ild\u0259 Emin \u201cCrocus\u201dda 22 il i\u015fl\u0259dikd\u0259n sonra atas\u0131n\u0131n biznesini t\u0259rk edib. S\u0259n\u0259t\u00e7i \u201cCrocus\u201da \u00e7ox vaxt v\u0259 s\u0259y s\u0259rf etdiyini deyib: \u201cM\u0259nim \u00fc\u00e7\u00fcn bu \u00e7evrilmi\u015f bir s\u0259hif\u0259dir.&hellip;","_links":{"self":[{"href":"https:\/\/arantv.az\/index.php?rest_route=\/wp\/v2\/posts\/759142"}],"collection":[{"href":"https:\/\/arantv.az\/index.php?rest_route=\/wp\/v2\/posts"}],"about":[{"href":"https:\/\/arantv.az\/index.php?rest_route=\/wp\/v2\/types\/post"}],"author":[{"embeddable":true,"href":"https:\/\/arantv.az\/index.php?rest_route=\/wp\/v2\/users\/2"}],"replies":[{"embeddable":true,"href":"https:\/\/arantv.az\/index.php?rest_route=%2Fwp%2Fv2%2Fcomments&post=759142"}],"version-history":[{"count":2,"href":"https:\/\/arantv.az\/index.php?rest_route=\/wp\/v2\/posts\/759142\/revisions"}],"predecessor-version":[{"id":759145,"href":"https:\/\/arantv.az\/index.php?rest_route=\/wp\/v2\/posts\/759142\/revisions\/759145"}],"wp:featuredmedia":[{"embeddable":true,"href":"https:\/\/arantv.az\/index.php?rest_route=\/wp\/v2\/media\/759143"}],"wp:attachment":[{"href":"https:\/\/arantv.az\/index.php?rest_route=%2Fwp%2Fv2%2Fmedia&parent=759142"}],"wp:term":[{"taxonomy":"category","embeddable":true,"href":"https:\/\/arantv.az\/index.php?rest_route=%2Fwp%2Fv2%2Fcategories&post=759142"},{"taxonomy":"post_tag","embeddable":true,"href":"https:\/\/arantv.az\/index.php?rest_route=%2Fwp%2Fv2%2Ftags&post=759142"}],"curies":[{"name":"wp","href":"https:\/\/api.w.org\/{rel}","templated":true}]}}