{"id":759156,"date":"2024-10-07T14:36:09","date_gmt":"2024-10-07T10:36:09","guid":{"rendered":"https:\/\/arantv.az\/?p=759156"},"modified":"2024-10-07T14:36:09","modified_gmt":"2024-10-07T10:36:09","slug":"biz-h%c9%99r-d%c9%99f%c9%99-qarsiya-h%c9%99d%c9%99fl%c9%99r-qoymaliyiq-2","status":"publish","type":"post","link":"https:\/\/arantv.az\/?p=759156","title":{"rendered":"Biz h\u0259r d\u0259f\u0259 qar\u015f\u0131ya h\u0259d\u0259fl\u0259r qoymal\u0131y\u0131q"},"content":{"rendered":"<p><strong>F\u0259q\u0259t \u015eadlinskaya<\/strong><\/p>\n<p><strong>YAP B\u0259rd\u0259 rayon t\u0259\u015fkilat\u0131n\u0131n s\u0259dri<\/strong><\/p>\n<p>\u201cBu da\u011f\u0131nt\u0131lar t\u0259bii ki, bir m\u00fcdd\u0259td\u0259n sonra s\u00f6k\u00fcl\u0259c\u0259k, bunlar\u0131n yerind\u0259 yeni binalar in\u015fa edil\u0259c\u0259k. Ancaq bu m\u0259nz\u0259r\u0259 he\u00e7 vaxt bizim yad\u0131m\u0131zdan \u00e7\u0131xmamal\u0131d\u0131r. \u00c7\u00fcnki bu i\u015fl\u0259rd\u0259 t\u0259kc\u0259 Erm\u0259nistan g\u00fcnahkar deyil. \u018flb\u0259tt\u0259, Erm\u0259nistan \u0259sas g\u00fcnahkard\u0131r. Amma o g\u00fcnah\u0131 b\u00f6l\u00fc\u015f\u0259nl\u0259r onlar\u0131n arxas\u0131nda o vaxt da, bu g\u00fcn d\u0259 duranlard\u0131r. Bu g\u00fcn Erm\u0259nistan\u0131 silahland\u0131ran Q\u0259rb \u00f6lk\u0259l\u0259ri g\u00f6r\u0259s\u0259n n\u0259 fikirl\u0259\u015firl\u0259r? Hesab edirl\u0259r ki, biz buna g\u00f6z yumaca\u011f\u0131q? Yoxsa ki, biz g\u00f6zl\u0259y\u0259c\u0259yik ki, bax, bu binalar da bu g\u00fcn\u0259 d\u00fc\u015fs\u00fcn? Xeyr, g\u00f6zl\u0259m\u0259y\u0259c\u0259yik. He\u00e7 kim bizi \u00e7\u0259kindir\u0259 bilm\u0259z. Biz \u00f6z g\u0259l\u0259c\u0259k inki\u015faf\u0131m\u0131z\u0131, t\u0259hl\u00fck\u0259siz h\u0259yat\u0131m\u0131z\u0131 t\u0259min etm\u0259liyik v\u0259 t\u0259min ed\u0259c\u0259yik!\u201d D\u00f6vl\u0259t ba\u015f\u00e7\u0131s\u0131 \u0130lham \u018fliyev oktyabr\u0131n 4-d\u0259 C\u0259bray\u0131l \u015f\u0259h\u0259rind\u0259\u00a0 in\u015fa olunan ya\u015fay\u0131\u015f kompleksinin a\u00e7\u0131l\u0131\u015f\u0131nda i\u015ftirak edib\u00a0 yeni evl\u0259r\u0259 k\u00f6\u00e7\u0259n \u015f\u0259h\u0259r sakinl\u0259rin\u0259 m\u0259nzill\u0259rin a\u00e7arlar\u0131n\u0131 t\u0259qdim ed\u0259rk\u0259n \u00e7\u0131x\u0131\u015f\u0131nda onu da \u0259lav\u0259 etdi ki,\u00a0 Erm\u0259nistana bax, burada, da\u011f\u0131nt\u0131lar aras\u0131nda x\u0259b\u0259rdarl\u0131q edir\u0259m: dayand\u0131r\u0131n bu t\u0259hl\u00fck\u0259li oyunlar\u0131! Bir t\u0259r\u0259fd\u0259n s\u00fclhd\u0259n dan\u0131\u015f\u0131rlar, yalan-palan dan\u0131\u015f\u0131rlar, dig\u0259r t\u0259r\u0259fd\u0259n geni\u015fmiqyasl\u0131 silahlanma gedir: \u201cSilahlar\u0131 da kim verir onlara? Fransa v\u0259 onun kimi anti-Az\u0259rbaycan \u00f6lk\u0259l\u0259r. O silahlar n\u0259 \u00fc\u00e7\u00fcn onlara pulsuz verilir? Y\u0259ni, dediyim kimi \u015f\u0259h\u0259r-k\u0259ndl\u0259rimizi yen\u0259 d\u0259 bax, bu v\u0259ziyy\u0259t\u0259 salmaq \u00fc\u00e7\u00fcn. N\u0259 q\u0259d\u0259r \u00e7al\u0131\u015fsalar da, he\u00e7 n\u0259 al\u0131nmayacaq. Ancaq bu g\u00fcn C\u0259nubi Qafqaz\u0131 rahat buraxs\u0131nlar, \u0259l \u00e7\u0259ksinl\u0259r, getsinl\u0259r \u00f6z i\u015fl\u0259ri il\u0259 m\u0259\u015f\u011ful olsunlar, \u00f6z probleml\u0259ri il\u0259 m\u0259\u015f\u011ful olsunlar, \u00f6z qanl\u0131 ke\u00e7mi\u015fl\u0259rini yusunlar, \u00f6z g\u00fcnahlar\u0131n\u0131 yuma\u011fa \u00e7al\u0131\u015fs\u0131nlar. Bu g\u00fcn \u0259zab verdikl\u0259ri 100 minl\u0259rl\u0259 insan\u0131n m\u00fcst\u0259qilliyini b\u0259rpa etsinl\u0259r, m\u00fcst\u0259ml\u0259k\u0259\u00e7ilik siyas\u0259tin\u0259 son qoysunlar, xalqlar\u0131 \u0259zm\u0259sinl\u0259r, h\u0259r yer\u0259 burunlar\u0131n\u0131 soxmas\u0131nlar. X\u0259b\u0259rdarl\u0131\u011f\u0131m budur v\u0259 hesab edir\u0259m ki, bunu e\u015fid\u0259n v\u0259 buna \u0259m\u0259l ed\u0259n s\u0259hv etm\u0259z.\u201d<\/p>\n<p>Az\u0259rbaycan daim d\u00fcnyan\u0131n ikili standartlara \u0259saslanan siyas\u0259ti il\u0259 \u00fcz-\u00fcz\u0259 olur. R\u0259smi Bak\u0131 \u0259n y\u00fcks\u0259k tribunalardan ikili standartlar\u0131n yolverilm\u0259z oldu\u011funu v\u0259 buna son qoyma\u011f\u0131n vacibliyini b\u0259yan edir. Haz\u0131rda tarix\u0259 qovu\u015fan Qaraba\u011f m\u00fcnaqi\u015f\u0259sinin h\u0259lli prosesinin 30 il uzanmas\u0131n\u0131 \u015f\u0259rtl\u0259ndir\u0259n\u00a0 s\u0259b\u0259bl\u0259rd\u0259n biri m\u0259hz \u0259ks\u0259r d\u00fcnya g\u00fccl\u0259rinin \u0259dal\u0259ti v\u0259 beyn\u0259lxalq h\u00fcququ maraqlar\u0131n\u0131n arxas\u0131nda gizl\u0259tm\u0259l\u0259ri oldu. Qaraba\u011f m\u00fcnaqi\u015f\u0259sinin h\u0259llind\u0259 vasit\u0259\u00e7ilik missiyas\u0131n\u0131 yerin\u0259 yetirm\u0259k m\u0259qs\u0259dil\u0259 yarad\u0131lan AT\u018fT-in Minsk qrupunun 28 illik\u00a0 f\u0259aliyy\u0259tin\u0259 diqq\u0259t yetirm\u0259k kifay\u0259tdir. Quruma h\u0259ms\u0259dr olan \u00f6lk\u0259l\u0259rin t\u0259msil\u00e7il\u0259ri iddia edirdil\u0259r ki, i\u015f\u011fal\u00e7\u0131n\u0131n ad\u0131 il\u0259 \u00e7a\u011fr\u0131lmas\u0131 birt\u0259r\u0259flilik kimi q\u0259bul edil\u0259 bil\u0259r. V\u0259ziyy\u0259td\u0259n \u00e7\u0131xmaq \u00fc\u00e7\u00fcn s\u00f6yl\u0259nil\u0259n bu fikir \u00e7oxsayl\u0131 suallar\u0131n yaranmas\u0131na s\u0259b\u0259b olmaya bilm\u0259zdi. \u018fdal\u0259tin v\u0259 beyn\u0259lxalq h\u00fcququn yan\u0131nda olmaq birt\u0259r\u0259flilikdimi? Erm\u0259nistana d\u0259st\u0259k olmaq, maddi v\u0259 m\u0259n\u0259vi d\u0259st\u0259k g\u00f6st\u0259rm\u0259k, silahland\u0131rmaq nec\u0259 d\u0259y\u0259rl\u0259ndirilir? \u0130st\u0259r 30 illik i\u015f\u011fal, ist\u0259rs\u0259 d\u0259 postm\u00fcnaqi\u015f\u0259 d\u00f6vr\u00fcnd\u0259 Az\u0259rbaycan bu yana\u015fmalar\u0131n\u00a0 yaratd\u0131\u011f\u0131 probleml\u0259rd\u0259n narahatl\u0131\u011f\u0131n\u0131\u00a0 daim b\u0259yan edir v\u0259 \u00a0bu \u00e7a\u011f\u0131r\u0131\u015f\u0131 da s\u0259sl\u0259ndirir ki, he\u00e7 bir q\u00fcvv\u0259 bizim irad\u0259miz\u0259 t\u0259sir ed\u0259 bilm\u0259z.<\/p>\n<p>C\u0259nab \u0130lham \u018fliyev s\u00f6z\u00fcged\u0259n \u00e7\u0131x\u0131\u015f\u0131nda da \u00e7a\u011f\u0131r\u0131\u015flar\u0131 il\u0259 diqq\u0259td\u0259 oldu. \u00a0\u201cErm\u0259nistan t\u0259hl\u00fck\u0259li oyunlara qo\u015fulub v\u0259 \u0130kinci Qaraba\u011f m\u00fcharib\u0259sinin tarix\u00e7\u0259si onlar\u0131n yad\u0131ndan \u00e7\u0131xmas\u0131n. Onlar\u0131n yad\u0131ndan \u00e7\u0131xmas\u0131n ki, nec\u0259 diz \u00fcst\u0259 bizd\u0259n imdad dil\u0259yirdil\u0259r, nec\u0259 Rusiyaya g\u00fcnd\u0259 b\u0259lk\u0259 10 d\u0259f\u0259 \u0259n y\u00fcks\u0259k s\u0259viyy\u0259d\u0259 m\u00fcraci\u0259t edirdil\u0259r ki, m\u00fcharib\u0259 dayand\u0131r\u0131ls\u0131n. O, onlar\u0131n yad\u0131ndan \u00e7\u0131x\u0131b\u201d s\u00f6yl\u0259y\u0259n d\u00f6vl\u0259timizin ba\u015f\u00e7\u0131s\u0131 bildirdi ki, indi yeni sahibl\u0259r tap\u0131blar. O sahibl\u0259r qaba\u011f\u0131nda diz \u00fcst\u0259 y\u00fcr\u00fcy\u00fcrl\u0259r. Antiterror \u0259m\u0259liyyat\u0131 onlar\u0131n yad\u0131ndan \u00e7\u0131xmas\u0131n: \u201cYad\u0131ndan \u00e7\u0131xmas\u0131n ki, h\u0259tta o co\u011frafiyada biz ist\u0259diyimiz\u0259 nail ola bilmi\u015fik. He\u00e7 kim\u0259 baxmadan, he\u00e7 n\u0259y\u0259 baxmadan c\u0259mi bir ne\u00e7\u0259 saat \u0259rzind\u0259 separat\u00e7\u0131l\u0131\u011f\u0131n k\u00f6k\u00fcn\u00fc k\u0259smi\u015fik\u2026 D\u00fcnyada v\u0259ziyy\u0259t d\u0259yi\u015fir. \u018flb\u0259tt\u0259 ki, bizim d\u0259 hadis\u0259l\u0259r\u0259 m\u00fcnasib\u0259timiz adekvat olmal\u0131d\u0131r. Ancaq hesab etdim ki, m\u0259n bu s\u00f6zl\u0259ri bax, bu da\u011f\u0131nt\u0131lar v\u0259 bu g\u00f6z\u0259l binalar aras\u0131nda dem\u0259liydim ki, onu h\u0259m Az\u0259rbaycan xalq\u0131 e\u015fitsin, h\u0259m bizim dostlar\u0131m\u0131z e\u015fitsin v\u0259 bir daha bizim Q\u0259l\u0259b\u0259miz\u0259 sevinsin, d\u00fc\u015fm\u0259nl\u0259rimiz d\u0259 e\u015fitsin v\u0259 d\u00fczg\u00fcn n\u0259tic\u0259 \u00e7\u0131xars\u0131n.\u201d<\/p>\n<p>Prezident \u0130lham \u018fliyev Bak\u0131da A\u015f\u0131q \u018fl\u0259sg\u0259rin abid\u0259sinin a\u00e7\u0131l\u0131\u015f\u0131nda da d\u00fcnyan\u0131n \u0259ks\u0259r g\u00fccl\u0259rinin ikili yana\u015fmalar\u0131ndan b\u0259hs etdi. Bildirdi ki, Qaraba\u011f\u0131n i\u015f\u011fal\u0131 d\u00f6vr\u00fcnd\u0259 b\u0259zi hallarda h\u0259r birimiz m\u0259yusluq v\u0259 inams\u0131zl\u0131q hissl\u0259ri ya\u015fam\u0131\u015f\u0131q. H\u0259r birimizin q\u0259lbini incid\u0259n bu \u0259dal\u0259tsizlik biz\u0259 sanki \u0259b\u0259di olacaq kimi g\u0259lirdi. Amma o fikirl\u0259ri \u00f6z\u00fcm\u00fczd\u0259n h\u0259r zaman uzaqla\u015fd\u0131r\u0131rd\u0131q, inamla ya\u015fay\u0131rd\u0131q v\u0259 onu da bilirdik ki, \u0259dal\u0259ti b\u0259rpa etm\u0259k bizim \u00f6z i\u015fimiz olmal\u0131d\u0131r, he\u00e7 kim bizim \u0259v\u0259zimiz\u0259 bu \u0259dal\u0259ti b\u0259rpa etm\u0259y\u0259c\u0259k, he\u00e7 kimin bel\u0259 niyy\u0259ti d\u0259, ist\u0259yi d\u0259 olmam\u0131\u015fd\u0131r. \u00a0H\u0259m \u0130kinci Qaraba\u011f m\u00fcharib\u0259si, h\u0259m antiterror \u0259m\u0259liyyat\u0131 v\u0259 ondan sonrak\u0131 d\u00f6vr, y\u0259ni, bir il g\u00f6st\u0259rdi ki, g\u00fccl\u00fc irad\u0259 olan yerd\u0259, xalq-iqtidar birliyi olan yerd\u0259, xalq\u0131m\u0131z\u0131n \u0259yilm\u0259z ruhu olan yerd\u0259 he\u00e7 bir q\u00fcvv\u0259, he\u00e7 bir t\u0259\u015fkilat bu irad\u0259nin qaba\u011f\u0131nda dura bilm\u0259z. Suverenliyimizin tam b\u0259rpa olunmas\u0131 Q\u0259rbi az\u0259rbaycanl\u0131larda da nikbinlik hissl\u0259rini, fikirl\u0259rini, \u00fcmidl\u0259rini daha da art\u0131rm\u0131\u015fd\u0131r. \u00a0H\u0259d\u0259fl\u0259r h\u0259m stratejidir, h\u0259m taktikidir, h\u0259m q\u0131sam\u00fcdd\u0259tlidir, h\u0259m uzunm\u00fcdd\u0259tlidir. Amma h\u0259d\u0259fl\u0259r d\u00fczg\u00fcn se\u00e7ilm\u0259s\u0259, he\u00e7 bir n\u0259tic\u0259y\u0259 nail olmaq m\u00fcmk\u00fcn olmayacaq. H\u0259d\u0259fl\u0259r h\u0259m h\u0259qiq\u0259ti, \u0259dal\u0259ti v\u0259 h\u0259m d\u0259 real v\u0259ziyy\u0259ti, real g\u00fcc\u00fcm\u00fcz\u00fc \u0259ks etdirm\u0259lidir.<\/p>\n<p>Reall\u0131q budur ki, n\u0259 q\u0259d\u0259r g\u00fccl\u00fc olsaq, o q\u0259d\u0259r d\u0259 bizim s\u0259simiz e\u015fidil\u0259c\u0259k. Antiterror \u0259m\u0259liyyat\u0131ndan ke\u00e7\u0259n il \u0259rzind\u0259\u00a0 bunu g\u00f6r\u00fcr\u00fck. Daha b\u00f6y\u00fck sanksiyalar\u0131n t\u0259tbiq edilm\u0259si \u00fc\u00e7\u00fcn b\u00f6y\u00fck d\u00f6vl\u0259tl\u0259r biz\u0259 qar\u015f\u0131 m\u00fcxt\u0259lif beyn\u0259lxalq platformalarda a\u00e7\u0131q h\u00fccuma ke\u00e7mi\u015fdil\u0259r, soyuq m\u00fcharib\u0259 ba\u015flam\u0131\u015fd\u0131r. Bu g\u00fcn d\u0259 bu, davam edir. \u201cBizim i\u015fimiz haqq i\u015fidir v\u0259 bizim i\u015fimizi Az\u0259rbaycan xalq\u0131 d\u0259st\u0259kl\u0259yir. Qaraba\u011f\u0131, \u015e\u0259rqi Z\u0259ng\u0259zuru azad etm\u0259k, suverenliyi tam b\u0259rpa etm\u0259k Az\u0259rbaycan xalq\u0131n\u0131n irad\u0259si hesab\u0131na, q\u0259hr\u0259man \u00f6vladlar\u0131m\u0131z\u0131n q\u0259hr\u0259manl\u0131\u011f\u0131, \u015f\u00fcca\u0259ti hesab\u0131na m\u00fcmk\u00fcn olmu\u015fdur\u201d s\u00f6yl\u0259y\u0259n c\u0259nab \u0130lham \u018fliyev bu \u0259minliyi ifad\u0259 etdi ki, Z\u0259f\u0259r biziml\u0259 \u0259b\u0259di ya\u015fayacaq.<\/p>\n","protected":false},"excerpt":{"rendered":"<p>F\u0259q\u0259t \u015eadlinskaya YAP B\u0259rd\u0259 rayon t\u0259\u015fkilat\u0131n\u0131n s\u0259dri \u201cBu da\u011f\u0131nt\u0131lar t\u0259bii ki, bir m\u00fcdd\u0259td\u0259n sonra s\u00f6k\u00fcl\u0259c\u0259k, bunlar\u0131n yerind\u0259 yeni binalar in\u015fa edil\u0259c\u0259k. Ancaq bu m\u0259nz\u0259r\u0259 he\u00e7 vaxt bizim yad\u0131m\u0131zdan \u00e7\u0131xmamal\u0131d\u0131r. \u00c7\u00fcnki bu i\u015fl\u0259rd\u0259 t\u0259kc\u0259 Erm\u0259nistan g\u00fcnahkar deyil. \u018flb\u0259tt\u0259, Erm\u0259nistan \u0259sas g\u00fcnahkard\u0131r. Amma o g\u00fcnah\u0131 b\u00f6l\u00fc\u015f\u0259nl\u0259r onlar\u0131n arxas\u0131nda o vaxt da, bu g\u00fcn d\u0259 duranlard\u0131r. Bu g\u00fcn Erm\u0259nistan\u0131 silahland\u0131ran Q\u0259rb \u00f6lk\u0259l\u0259ri g\u00f6r\u0259s\u0259n n\u0259 fikirl\u0259\u015firl\u0259r? Hesab edirl\u0259r ki, biz buna g\u00f6z yumaca\u011f\u0131q? Yoxsa ki, biz g\u00f6zl\u0259y\u0259c\u0259yik ki, bax, bu binalar da bu g\u00fcn\u0259 d\u00fc\u015fs\u00fcn? Xeyr, g\u00f6zl\u0259m\u0259y\u0259c\u0259yik. He\u00e7 kim bizi \u00e7\u0259kindir\u0259 bilm\u0259z. Biz \u00f6z&hellip;<\/p>\n","protected":false},"author":2,"featured_media":755417,"comment_status":"closed","ping_status":"closed","sticky":false,"template":"","format":"standard","meta":{"om_disable_all_campaigns":false,"_monsterinsights_skip_tracking":false,"_monsterinsights_sitenote_active":false,"_monsterinsights_sitenote_note":"","_monsterinsights_sitenote_category":0},"categories":[2],"tags":[],"aioseo_notices":[],"gutentor_comment":0,"rttpg_featured_image_url":{"full":["https:\/\/arantv.az\/wp-content\/uploads\/2024\/09\/thumb-1.jpg",360,271,false],"landscape":["https:\/\/arantv.az\/wp-content\/uploads\/2024\/09\/thumb-1.jpg",360,271,false],"portraits":["https:\/\/arantv.az\/wp-content\/uploads\/2024\/09\/thumb-1.jpg",360,271,false],"thumbnail":["https:\/\/arantv.az\/wp-content\/uploads\/2024\/09\/thumb-1.jpg",360,271,false],"medium":["https:\/\/arantv.az\/wp-content\/uploads\/2024\/09\/thumb-1.jpg",360,271,false],"large":["https:\/\/arantv.az\/wp-content\/uploads\/2024\/09\/thumb-1.jpg",360,271,false],"1536x1536":["https:\/\/arantv.az\/wp-content\/uploads\/2024\/09\/thumb-1.jpg",360,271,false],"2048x2048":["https:\/\/arantv.az\/wp-content\/uploads\/2024\/09\/thumb-1.jpg",360,271,false],"post-thumbnail":["https:\/\/arantv.az\/wp-content\/uploads\/2024\/09\/thumb-1-240x172.jpg",240,172,true],"advps-thumb-one":["https:\/\/arantv.az\/wp-content\/uploads\/2024\/09\/thumb-1.jpg",360,271,false]},"rttpg_author":{"display_name":"V\u00fcsal Rafiqo\u011flu","author_link":"https:\/\/arantv.az\/?author=2"},"rttpg_comment":0,"rttpg_category":"<a href=\"https:\/\/arantv.az\/?cat=2\" rel=\"category\">Region X\u0259b\u0259rl\u0259ri<\/a>","rttpg_excerpt":"F\u0259q\u0259t \u015eadlinskaya YAP B\u0259rd\u0259 rayon t\u0259\u015fkilat\u0131n\u0131n s\u0259dri \u201cBu da\u011f\u0131nt\u0131lar t\u0259bii ki, bir m\u00fcdd\u0259td\u0259n sonra s\u00f6k\u00fcl\u0259c\u0259k, bunlar\u0131n yerind\u0259 yeni binalar in\u015fa edil\u0259c\u0259k. Ancaq bu m\u0259nz\u0259r\u0259 he\u00e7 vaxt bizim yad\u0131m\u0131zdan \u00e7\u0131xmamal\u0131d\u0131r. \u00c7\u00fcnki bu i\u015fl\u0259rd\u0259 t\u0259kc\u0259 Erm\u0259nistan g\u00fcnahkar deyil. \u018flb\u0259tt\u0259, Erm\u0259nistan \u0259sas g\u00fcnahkard\u0131r. Amma o g\u00fcnah\u0131 b\u00f6l\u00fc\u015f\u0259nl\u0259r onlar\u0131n arxas\u0131nda o vaxt da, bu g\u00fcn d\u0259 duranlard\u0131r. Bu g\u00fcn&hellip;","_links":{"self":[{"href":"https:\/\/arantv.az\/index.php?rest_route=\/wp\/v2\/posts\/759156"}],"collection":[{"href":"https:\/\/arantv.az\/index.php?rest_route=\/wp\/v2\/posts"}],"about":[{"href":"https:\/\/arantv.az\/index.php?rest_route=\/wp\/v2\/types\/post"}],"author":[{"embeddable":true,"href":"https:\/\/arantv.az\/index.php?rest_route=\/wp\/v2\/users\/2"}],"replies":[{"embeddable":true,"href":"https:\/\/arantv.az\/index.php?rest_route=%2Fwp%2Fv2%2Fcomments&post=759156"}],"version-history":[{"count":1,"href":"https:\/\/arantv.az\/index.php?rest_route=\/wp\/v2\/posts\/759156\/revisions"}],"predecessor-version":[{"id":759157,"href":"https:\/\/arantv.az\/index.php?rest_route=\/wp\/v2\/posts\/759156\/revisions\/759157"}],"wp:featuredmedia":[{"embeddable":true,"href":"https:\/\/arantv.az\/index.php?rest_route=\/wp\/v2\/media\/755417"}],"wp:attachment":[{"href":"https:\/\/arantv.az\/index.php?rest_route=%2Fwp%2Fv2%2Fmedia&parent=759156"}],"wp:term":[{"taxonomy":"category","embeddable":true,"href":"https:\/\/arantv.az\/index.php?rest_route=%2Fwp%2Fv2%2Fcategories&post=759156"},{"taxonomy":"post_tag","embeddable":true,"href":"https:\/\/arantv.az\/index.php?rest_route=%2Fwp%2Fv2%2Ftags&post=759156"}],"curies":[{"name":"wp","href":"https:\/\/api.w.org\/{rel}","templated":true}]}}