{"id":759166,"date":"2024-10-07T14:43:40","date_gmt":"2024-10-07T10:43:40","guid":{"rendered":"https:\/\/arantv.az\/?p=759166"},"modified":"2024-10-07T14:43:40","modified_gmt":"2024-10-07T10:43:40","slug":"az%c9%99rbaycan-ordusunda-muhum-d%c9%99yisiklik","status":"publish","type":"post","link":"https:\/\/arantv.az\/?p=759166","title":{"rendered":"Az\u0259rbaycan ordusunda m\u00fch\u00fcm D\u018fY\u0130\u015e\u0130KL\u0130K"},"content":{"rendered":"<p><strong>Az\u0259rbaycan ordusunda m\u00fch\u00fcm d\u0259yi\u015fiklikl\u0259r edilib.<\/strong><\/p>\n<p>3-c\u00fc Ordu Korpusu \u2014 \u015e\u0259mkir korpusu olaraq da adland\u0131r\u0131lan Az\u0259rbaycan Quru Qo\u015funlar\u0131n\u0131n regional h\u0259rbi birl\u0259\u015fm\u0259sinin r\u0259hb\u0259ri polkovnik Oruc Abdullayev v\u0259zif\u0259sind\u0259n azad edilib.<\/p>\n<p>Bildir\u0259k ki, onu Az\u0259rbaycan Silahl\u0131 Q\u00fcvv\u0259l\u0259rinin general-mayoru, 1-ci Ordu Korpusunun Komandiri Bilal \u0130smay\u0131l o\u011flu \u00c7ompuzov \u0259v\u0259z edib.<\/p>\n<p>Eyni zamanda, Az\u0259rbaycan Ordusunun La\u00e7\u0131n Korpusunun Komandiri, general-mayoru M\u00fcnasib Babayev d\u0259 tutdu\u011fu v\u0259zif\u0259d\u0259n azad edilib.\/\/News24.az<\/p>\n","protected":false},"excerpt":{"rendered":"<p>Az\u0259rbaycan ordusunda m\u00fch\u00fcm d\u0259yi\u015fiklikl\u0259r edilib. 3-c\u00fc Ordu Korpusu \u2014 \u015e\u0259mkir korpusu olaraq da adland\u0131r\u0131lan Az\u0259rbaycan Quru Qo\u015funlar\u0131n\u0131n regional h\u0259rbi birl\u0259\u015fm\u0259sinin r\u0259hb\u0259ri polkovnik Oruc Abdullayev v\u0259zif\u0259sind\u0259n azad edilib. Bildir\u0259k ki, onu Az\u0259rbaycan Silahl\u0131 Q\u00fcvv\u0259l\u0259rinin general-mayoru, 1-ci Ordu Korpusunun Komandiri Bilal \u0130smay\u0131l o\u011flu \u00c7ompuzov \u0259v\u0259z edib. Eyni zamanda, Az\u0259rbaycan Ordusunun La\u00e7\u0131n Korpusunun Komandiri, general-mayoru M\u00fcnasib Babayev d\u0259 tutdu\u011fu v\u0259zif\u0259d\u0259n azad edilib.\/\/News24.az<\/p>\n","protected":false},"author":2,"featured_media":759167,"comment_status":"closed","ping_status":"closed","sticky":false,"template":"","format":"standard","meta":{"om_disable_all_campaigns":false,"_monsterinsights_skip_tracking":false,"_monsterinsights_sitenote_active":false,"_monsterinsights_sitenote_note":"","_monsterinsights_sitenote_category":0},"categories":[10],"tags":[],"aioseo_notices":[],"gutentor_comment":0,"rttpg_featured_image_url":{"full":["https:\/\/arantv.az\/wp-content\/uploads\/2024\/10\/d17d0d94be83077330dc0738b9f71e18.jpg",750,500,false],"landscape":["https:\/\/arantv.az\/wp-content\/uploads\/2024\/10\/d17d0d94be83077330dc0738b9f71e18.jpg",750,500,false],"portraits":["https:\/\/arantv.az\/wp-content\/uploads\/2024\/10\/d17d0d94be83077330dc0738b9f71e18.jpg",750,500,false],"thumbnail":["https:\/\/arantv.az\/wp-content\/uploads\/2024\/10\/d17d0d94be83077330dc0738b9f71e18-500x280.jpg",500,280,true],"medium":["https:\/\/arantv.az\/wp-content\/uploads\/2024\/10\/d17d0d94be83077330dc0738b9f71e18-548x365.jpg",548,365,true],"large":["https:\/\/arantv.az\/wp-content\/uploads\/2024\/10\/d17d0d94be83077330dc0738b9f71e18.jpg",640,427,false],"1536x1536":["https:\/\/arantv.az\/wp-content\/uploads\/2024\/10\/d17d0d94be83077330dc0738b9f71e18.jpg",750,500,false],"2048x2048":["https:\/\/arantv.az\/wp-content\/uploads\/2024\/10\/d17d0d94be83077330dc0738b9f71e18.jpg",750,500,false],"post-thumbnail":["https:\/\/arantv.az\/wp-content\/uploads\/2024\/10\/d17d0d94be83077330dc0738b9f71e18-240x172.jpg",240,172,true],"advps-thumb-one":["https:\/\/arantv.az\/wp-content\/uploads\/2024\/10\/d17d0d94be83077330dc0738b9f71e18.jpg",750,500,false]},"rttpg_author":{"display_name":"V\u00fcsal Rafiqo\u011flu","author_link":"https:\/\/arantv.az\/?author=2"},"rttpg_comment":0,"rttpg_category":"<a href=\"https:\/\/arantv.az\/?cat=10\" rel=\"category\">C\u0259bh\u0259d\u0259n X\u0259b\u0259r<\/a>","rttpg_excerpt":"Az\u0259rbaycan ordusunda m\u00fch\u00fcm d\u0259yi\u015fiklikl\u0259r edilib. 3-c\u00fc Ordu Korpusu \u2014 \u015e\u0259mkir korpusu olaraq da adland\u0131r\u0131lan Az\u0259rbaycan Quru Qo\u015funlar\u0131n\u0131n regional h\u0259rbi birl\u0259\u015fm\u0259sinin r\u0259hb\u0259ri polkovnik Oruc Abdullayev v\u0259zif\u0259sind\u0259n azad edilib. Bildir\u0259k ki, onu Az\u0259rbaycan Silahl\u0131 Q\u00fcvv\u0259l\u0259rinin general-mayoru, 1-ci Ordu Korpusunun Komandiri Bilal \u0130smay\u0131l o\u011flu \u00c7ompuzov \u0259v\u0259z edib. Eyni zamanda, Az\u0259rbaycan Ordusunun La\u00e7\u0131n Korpusunun Komandiri, general-mayoru M\u00fcnasib Babayev d\u0259&hellip;","_links":{"self":[{"href":"https:\/\/arantv.az\/index.php?rest_route=\/wp\/v2\/posts\/759166"}],"collection":[{"href":"https:\/\/arantv.az\/index.php?rest_route=\/wp\/v2\/posts"}],"about":[{"href":"https:\/\/arantv.az\/index.php?rest_route=\/wp\/v2\/types\/post"}],"author":[{"embeddable":true,"href":"https:\/\/arantv.az\/index.php?rest_route=\/wp\/v2\/users\/2"}],"replies":[{"embeddable":true,"href":"https:\/\/arantv.az\/index.php?rest_route=%2Fwp%2Fv2%2Fcomments&post=759166"}],"version-history":[{"count":1,"href":"https:\/\/arantv.az\/index.php?rest_route=\/wp\/v2\/posts\/759166\/revisions"}],"predecessor-version":[{"id":759168,"href":"https:\/\/arantv.az\/index.php?rest_route=\/wp\/v2\/posts\/759166\/revisions\/759168"}],"wp:featuredmedia":[{"embeddable":true,"href":"https:\/\/arantv.az\/index.php?rest_route=\/wp\/v2\/media\/759167"}],"wp:attachment":[{"href":"https:\/\/arantv.az\/index.php?rest_route=%2Fwp%2Fv2%2Fmedia&parent=759166"}],"wp:term":[{"taxonomy":"category","embeddable":true,"href":"https:\/\/arantv.az\/index.php?rest_route=%2Fwp%2Fv2%2Fcategories&post=759166"},{"taxonomy":"post_tag","embeddable":true,"href":"https:\/\/arantv.az\/index.php?rest_route=%2Fwp%2Fv2%2Ftags&post=759166"}],"curies":[{"name":"wp","href":"https:\/\/api.w.org\/{rel}","templated":true}]}}