{"id":759170,"date":"2024-10-07T18:42:50","date_gmt":"2024-10-07T14:42:50","guid":{"rendered":"https:\/\/arantv.az\/?p=759170"},"modified":"2024-10-07T18:42:50","modified_gmt":"2024-10-07T14:42:50","slug":"son-d%c9%99qiq%c9%99-az%c9%99rbaycanin-mudafi%c9%99-nazirin%c9%99-yeni-muavin-t%c9%99yin-edildi","status":"publish","type":"post","link":"https:\/\/arantv.az\/?p=759170","title":{"rendered":"SON D\u018fQ\u0130Q\u018f! Az\u0259rbaycan\u0131n m\u00fcdafi\u0259 nazirin\u0259 yeni m\u00fcavin T\u018fY\u0130N ED\u0130LD\u0130"},"content":{"rendered":"<p><strong>General-leytenant Namiq \u0130slamzad\u0259 m\u00fcdafi\u0259 nazirinin m\u00fcavini &#8211; H\u0259rbi Hava Q\u00fcvv\u0259l\u0259rinin komandan\u0131 t\u0259yin olunub.<\/strong><\/p>\n<p>Bu bar\u0259d\u0259<strong>\u00a0Musavat.com-a<\/strong>\u00a0M\u00fcdafi\u0259 Nazirliyind\u0259n bildirilib.<\/p>\n<p>T\u0259yinatla ba\u011fl\u0131 Az\u0259rbaycan Prezidenti \u0130lham \u018fliyev m\u00fcvafiq S\u0259r\u0259ncam imzalay\u0131b.<\/p>\n","protected":false},"excerpt":{"rendered":"<p>General-leytenant Namiq \u0130slamzad\u0259 m\u00fcdafi\u0259 nazirinin m\u00fcavini &#8211; H\u0259rbi Hava Q\u00fcvv\u0259l\u0259rinin komandan\u0131 t\u0259yin olunub. Bu bar\u0259d\u0259\u00a0Musavat.com-a\u00a0M\u00fcdafi\u0259 Nazirliyind\u0259n bildirilib. T\u0259yinatla ba\u011fl\u0131 Az\u0259rbaycan Prezidenti \u0130lham \u018fliyev m\u00fcvafiq S\u0259r\u0259ncam imzalay\u0131b.<\/p>\n","protected":false},"author":2,"featured_media":759171,"comment_status":"closed","ping_status":"closed","sticky":false,"template":"","format":"standard","meta":{"om_disable_all_campaigns":false,"_monsterinsights_skip_tracking":false,"_monsterinsights_sitenote_active":false,"_monsterinsights_sitenote_note":"","_monsterinsights_sitenote_category":0},"categories":[10],"tags":[],"aioseo_notices":[],"gutentor_comment":0,"rttpg_featured_image_url":{"full":["https:\/\/arantv.az\/wp-content\/uploads\/2024\/10\/ce11b9e9b8782a540944c20f5b99fde3.jpg",850,500,false],"landscape":["https:\/\/arantv.az\/wp-content\/uploads\/2024\/10\/ce11b9e9b8782a540944c20f5b99fde3.jpg",850,500,false],"portraits":["https:\/\/arantv.az\/wp-content\/uploads\/2024\/10\/ce11b9e9b8782a540944c20f5b99fde3.jpg",850,500,false],"thumbnail":["https:\/\/arantv.az\/wp-content\/uploads\/2024\/10\/ce11b9e9b8782a540944c20f5b99fde3-500x280.jpg",500,280,true],"medium":["https:\/\/arantv.az\/wp-content\/uploads\/2024\/10\/ce11b9e9b8782a540944c20f5b99fde3-621x365.jpg",621,365,true],"large":["https:\/\/arantv.az\/wp-content\/uploads\/2024\/10\/ce11b9e9b8782a540944c20f5b99fde3-840x494.jpg",640,376,true],"1536x1536":["https:\/\/arantv.az\/wp-content\/uploads\/2024\/10\/ce11b9e9b8782a540944c20f5b99fde3.jpg",850,500,false],"2048x2048":["https:\/\/arantv.az\/wp-content\/uploads\/2024\/10\/ce11b9e9b8782a540944c20f5b99fde3.jpg",850,500,false],"post-thumbnail":["https:\/\/arantv.az\/wp-content\/uploads\/2024\/10\/ce11b9e9b8782a540944c20f5b99fde3-240x172.jpg",240,172,true],"advps-thumb-one":["https:\/\/arantv.az\/wp-content\/uploads\/2024\/10\/ce11b9e9b8782a540944c20f5b99fde3.jpg",850,500,false]},"rttpg_author":{"display_name":"V\u00fcsal Rafiqo\u011flu","author_link":"https:\/\/arantv.az\/?author=2"},"rttpg_comment":0,"rttpg_category":"<a href=\"https:\/\/arantv.az\/?cat=10\" rel=\"category\">C\u0259bh\u0259d\u0259n X\u0259b\u0259r<\/a>","rttpg_excerpt":"General-leytenant Namiq \u0130slamzad\u0259 m\u00fcdafi\u0259 nazirinin m\u00fcavini &#8211; H\u0259rbi Hava Q\u00fcvv\u0259l\u0259rinin komandan\u0131 t\u0259yin olunub. Bu bar\u0259d\u0259\u00a0Musavat.com-a\u00a0M\u00fcdafi\u0259 Nazirliyind\u0259n bildirilib. T\u0259yinatla ba\u011fl\u0131 Az\u0259rbaycan Prezidenti \u0130lham \u018fliyev m\u00fcvafiq S\u0259r\u0259ncam imzalay\u0131b.","_links":{"self":[{"href":"https:\/\/arantv.az\/index.php?rest_route=\/wp\/v2\/posts\/759170"}],"collection":[{"href":"https:\/\/arantv.az\/index.php?rest_route=\/wp\/v2\/posts"}],"about":[{"href":"https:\/\/arantv.az\/index.php?rest_route=\/wp\/v2\/types\/post"}],"author":[{"embeddable":true,"href":"https:\/\/arantv.az\/index.php?rest_route=\/wp\/v2\/users\/2"}],"replies":[{"embeddable":true,"href":"https:\/\/arantv.az\/index.php?rest_route=%2Fwp%2Fv2%2Fcomments&post=759170"}],"version-history":[{"count":1,"href":"https:\/\/arantv.az\/index.php?rest_route=\/wp\/v2\/posts\/759170\/revisions"}],"predecessor-version":[{"id":759172,"href":"https:\/\/arantv.az\/index.php?rest_route=\/wp\/v2\/posts\/759170\/revisions\/759172"}],"wp:featuredmedia":[{"embeddable":true,"href":"https:\/\/arantv.az\/index.php?rest_route=\/wp\/v2\/media\/759171"}],"wp:attachment":[{"href":"https:\/\/arantv.az\/index.php?rest_route=%2Fwp%2Fv2%2Fmedia&parent=759170"}],"wp:term":[{"taxonomy":"category","embeddable":true,"href":"https:\/\/arantv.az\/index.php?rest_route=%2Fwp%2Fv2%2Fcategories&post=759170"},{"taxonomy":"post_tag","embeddable":true,"href":"https:\/\/arantv.az\/index.php?rest_route=%2Fwp%2Fv2%2Ftags&post=759170"}],"curies":[{"name":"wp","href":"https:\/\/api.w.org\/{rel}","templated":true}]}}