{"id":759176,"date":"2024-10-07T18:45:20","date_gmt":"2024-10-07T14:45:20","guid":{"rendered":"https:\/\/arantv.az\/?p=759176"},"modified":"2024-10-07T18:45:20","modified_gmt":"2024-10-07T14:45:20","slug":"turk-dovl%c9%99tl%c9%99ri-t%c9%99skilatina-uzv-olk%c9%99l%c9%99rin-s%c9%99hiyy%c9%99-nazirl%c9%99ri-heyd%c9%99r-%c9%99liyevin-m%c9%99zarini-ziyar%c9%99t-etdi-foto","status":"publish","type":"post","link":"https:\/\/arantv.az\/?p=759176","title":{"rendered":"T\u00fcrk D\u00f6vl\u0259tl\u0259ri T\u0259\u015fkilat\u0131na \u00fczv \u00f6lk\u0259l\u0259rin s\u0259hiyy\u0259 nazirl\u0259ri Heyd\u0259r \u018fliyevin m\u0259zar\u0131n\u0131 ziyar\u0259t etdi FOTO"},"content":{"rendered":"<div class=\"blog_text\">\n<p><strong>Oktyabr\u0131n 8-d\u0259 Az\u0259rbaycan\u0131n incisi olan v\u0259 2023-c\u00fc il \u00fc\u00e7\u00fcn T\u00fcrk D\u00fcnyas\u0131n\u0131n M\u0259d\u0259niyy\u0259t paytaxt\u0131 se\u00e7il\u0259n \u015eu\u015fa \u015f\u0259h\u0259rind\u0259 T\u00fcrk D\u00f6vl\u0259tl\u0259ri T\u0259\u015fkilat\u0131na (TDT) \u00fczv v\u0259 m\u00fc\u015fahid\u0259\u00e7i \u00f6lk\u0259l\u0259rin s\u0259hiyy\u0259 nazirl\u0259rinin IV iclas\u0131 ke\u00e7iril\u0259c\u0259k.<\/strong><\/p>\n<p><strong>ARANTV.AZ <\/strong>\u00a0x\u0259b\u0259r verir ki, t\u0259dbird\u0259 T\u00fcrk D\u00f6vl\u0259tl\u0259ri T\u0259\u015fkilat\u0131n\u0131n Ba\u015f katibi, Az\u0259rbaycan, T\u00fcrkiy\u0259, \u00d6zb\u0259kistan, Qazax\u0131stan, Q\u0131r\u011f\u0131z\u0131stan, \u015eimali Kipr T\u00fcrk Respublikas\u0131n\u0131n s\u0259hiyy\u0259 nazirl\u0259ri v\u0259 Macar\u0131stan\u0131n n\u00fcmay\u0259nd\u0259si i\u015ftirak ed\u0259c\u0259kl\u0259r.<\/p>\n<p>T\u0259dbir \u0259r\u0259f\u0259si 7 oktyabr tarixind\u0259 qonaqlar F\u0259xri Xiyabanda T\u00fcrk d\u00fcnyas\u0131n\u0131n b\u00f6y\u00fck o\u011flu v\u0259 Az\u0259rbaycan xalq\u0131n\u0131n \u00fcmummilli lideri Heyd\u0259r \u018fliyevin xatir\u0259sini ehtiramla yad ed\u0259r\u0259k m\u0259zar\u0131 \u00f6n\u00fcn\u0259 \u0259klil qoyub, t\u0259r g\u00fcl d\u0259st\u0259l\u0259ri d\u00fcz\u00fcbl\u0259r.<\/p>\n<\/div>\n<div class=\"two_image\">\n<figure><img src=\"https:\/\/sehiyye.gov.az\/site\/assets\/files\/11733\/4db9f657-deb3-42ab-ba26-2033b206469c.jpg\" alt=\"A group of officials stands in a memorial park, paying respects with floral wreaths, surrounded by trees and greenery.\" data-uw-rm-alt-original=\"\" data-uw-rm-alt=\"BE\" \/><\/figure>\n<figure><img src=\"https:\/\/sehiyye.gov.az\/site\/assets\/files\/11733\/039f8518-f97f-4de0-a53e-3092401f68b3.jpg\" alt=\"A group of men in suits holding red roses stands solemnly at a memorial site, surrounded by greenery.\" data-uw-rm-alt-original=\"\" data-uw-rm-alt=\"BE\" \/><\/figure>\n<figure><img src=\"https:\/\/sehiyye.gov.az\/site\/assets\/files\/11733\/834fc2c3-1046-49e2-b78a-5f029b2fcc7c.jpg\" alt=\"A group of people in formal attire stands near a monument, holding red flowers, in a landscaped area with trees and flowers.\" data-uw-rm-alt-original=\"\" data-uw-rm-alt=\"BE\" \/><\/figure>\n<figure><img src=\"https:\/\/sehiyye.gov.az\/site\/assets\/files\/11733\/f7.jpg\" alt=\"A group of men in suits walking together along a pathway lined with trees.\" data-uw-rm-alt-original=\"\" data-uw-rm-alt=\"BE\" \/><\/figure>\n<\/div>\n<div class=\"blog_text\">\n<p>G\u00f6rk\u0259mli oftalmoloq-alim, akademik Z\u0259rif\u0259 \u018fliyevan\u0131n da \u0259ziz xatir\u0259si yad olunub, m\u0259zar\u0131 \u00fcz\u0259rin\u0259 t\u0259r g\u00fcll\u0259r d\u00fcz\u00fcl\u00fcb.<\/p>\n<\/div>\n<div class=\"two_image\">\n<figure><img src=\"https:\/\/sehiyye.gov.az\/site\/assets\/files\/11734\/12993d98-2578-4134-b265-7d6e6f4aae74-1.jpg\" alt=\"A group of officials in suits carries red roses while walking towards a statue in a memorial park surrounded by trees.\" data-uw-rm-alt-original=\"\" data-uw-rm-alt=\"BE\" \/><\/figure>\n<figure><img src=\"https:\/\/sehiyye.gov.az\/site\/assets\/files\/11734\/80e43aed-de0f-4163-8605-b737c2571f41-1.jpg\" alt=\"A group of officials stands in front of a statue, with a floral tribute of red roses nearby, surrounded by trees.\" data-uw-rm-alt-original=\"\" data-uw-rm-alt=\"BE\" \/><\/figure>\n<\/div>\n<div class=\"blog_text\">\n<p>Daha sonra \u015e\u0259hidl\u0259r Xiyaban\u0131 ziyar\u0259t olunub. Az\u0259rbaycan\u0131n azadl\u0131\u011f\u0131 v\u0259 m\u00fcst\u0259qilliyi u\u011frunda m\u00fcbariz\u0259d\u0259 canlar\u0131n\u0131 qurban ver\u0259n q\u0259hr\u0259man V\u0259t\u0259n \u00f6vladlar\u0131n\u0131n \u0259ziz xatir\u0259si ehtiramla yad edilib, m\u0259zarlar\u0131 \u00fcz\u0259rin\u0259 g\u00fcll\u0259r d\u00fcz\u00fcl\u00fcb.<\/p>\n<\/div>\n<div class=\"two_image\">\n<figure><img src=\"https:\/\/sehiyye.gov.az\/site\/assets\/files\/11735\/38856415-2878-4a1a-9e05-12670af66573.jpg\" alt=\"A group of men in suits walking together, holding red flowers, in a landscaped outdoor setting.\" data-uw-rm-alt-original=\"\" data-uw-rm-alt=\"BE\" \/><\/figure>\n<figure><img src=\"https:\/\/sehiyye.gov.az\/site\/assets\/files\/11735\/4ce1e087-7f97-45c3-a1e3-cf60379dd33a.jpg\" alt=\"A group of people in formal attire are laying red flowers at a memorial wall with portraits, surrounded by greenery.\" data-uw-rm-alt-original=\"\" data-uw-rm-alt=\"BE\" \/><\/figure>\n<figure><img src=\"https:\/\/sehiyye.gov.az\/site\/assets\/files\/11735\/42a3f8bd-4121-4e75-85c0-f61ba4cf8355.jpg\" alt=\"A group of men in suits lay red flowers at a memorial with black plaques, honoring individuals. Trees line the background.\" data-uw-rm-alt-original=\"\" data-uw-rm-alt=\"BE\" \/><\/figure>\n<figure><img src=\"https:\/\/sehiyye.gov.az\/site\/assets\/files\/11735\/7977de64-ef8d-40f2-8dcb-a657c311b844.jpg\" alt=\"A group of people in formal attire are laying red flowers at a memorial site, surrounded by trees and reflective panels.\" data-uw-rm-alt-original=\"\" data-uw-rm-alt=\"BE\" \/><\/figure>\n<\/div>\n<div class=\"blog_text\">\n<p>\u015e\u0259hidl\u0259r xiyaban\u0131nda 1918-ci ild\u0259 Bak\u0131n\u0131n bol\u015fevik-erm\u0259ni da\u015fnak qo\u015funlar\u0131ndan azad edilm\u0259si u\u011frunda d\u00f6y\u00fc\u015fl\u0259rd\u0259 h\u0259lak olan q\u0259hr\u0259man t\u00fcrk \u0259sg\u0259rl\u0259rinin xatir\u0259sin\u0259 ucald\u0131lan \u201cT\u00fcrk \u015f\u0259hidliyi\u201d abid\u0259sinin \u00f6n\u00fcn\u0259 g\u00fcl d\u0259st\u0259l\u0259ri d\u00fcz\u00fcbl\u0259r.<\/p>\n<\/div>\n<div class=\"two_image\">\n<figure><img src=\"https:\/\/sehiyye.gov.az\/site\/assets\/files\/11736\/5da202e8-1cf1-4e56-bf50-381e99ff0126.jpg\" alt=\"A group of men in suits stands solemnly in front of a monument, with trees and buildings in the background.\" data-uw-rm-alt-original=\"\" data-uw-rm-alt=\"BE\" \/><\/figure>\n<figure><img src=\"https:\/\/sehiyye.gov.az\/site\/assets\/files\/11736\/5ad9f812-0b1d-4342-9659-0e93050f60f6.jpg\" alt=\"A group of people, including a man in a suit, are placing red carnations at a memorial while others observe and take photos.\" data-uw-rm-alt-original=\"\" data-uw-rm-alt=\"BE\" \/><\/figure>\n<\/div>\n<div class=\"blog_text\">\n<p>N\u00fcmay\u0259nd\u0259 hey\u0259ti, h\u0259m\u00e7inin d\u00fcnya memarl\u0131\u011f\u0131n\u0131n nadir incil\u0259rind\u0259n say\u0131lan Heyd\u0259r \u018fliyev M\u0259rk\u0259zini ziyar\u0259t edib. M\u0259lumat verilib ki, M\u0259rk\u0259zin f\u0259aliyy\u0259ti Az\u0259rbaycan xalq\u0131n\u0131n \u00fcmummilli lideri Heyd\u0259r \u018fliyevin d\u00f6vl\u0259t\u00e7ilik f\u0259ls\u0259f\u0259sinin, irsinin d\u0259rind\u0259n \u00f6yr\u0259nilm\u0259sin\u0259 v\u0259 t\u0259dqiq edilm\u0259sin\u0259 y\u00f6n\u0259lib.<\/p>\n<\/div>\n<div class=\"two_image\">\n<figure><img src=\"https:\/\/sehiyye.gov.az\/site\/assets\/files\/11737\/1b68a082-1eae-49d9-8cf8-7cc34cbf29e9.jpg\" alt=\"A group of people walks through a modern exhibition space, observing displays on the walls. A plant is visible in the background.\" data-uw-rm-alt-original=\"\" data-uw-rm-alt=\"BE\" \/><\/figure>\n<figure><img src=\"https:\/\/sehiyye.gov.az\/site\/assets\/files\/11737\/dfa6e2a2-df65-4be9-b9eb-a9446b0188e6.jpg\" alt=\"A group of professionals observes a city model while a woman explains details, set in a modern interior space.\" data-uw-rm-alt-original=\"\" data-uw-rm-alt=\"BE\" \/><\/figure>\n<\/div>\n<div class=\"blog_text\">\n<p>Qeyd ed\u0259k ki, TDT-nin \u00fczv v\u0259 m\u00fc\u015fahid\u0259\u00e7i \u00f6lk\u0259l\u0259rin s\u0259hiyy\u0259 nazirl\u0259rinin IV iclas\u0131 \u00e7\u0259r\u00e7iv\u0259sind\u0259 Az\u0259rbaycan\u0131n s\u0259hiyy\u0259 naziri Teymur Musayevin T\u00fcrk D\u00f6vl\u0259tl\u0259ri T\u0259\u015fkilat\u0131n\u0131n Ba\u015f katibi, t\u0259\u015fkilata \u00fczv v\u0259 m\u00fc\u015fahid\u0259\u00e7i \u00f6lk\u0259l\u0259rin s\u0259hiyy\u0259 nazirl\u0259ri il\u0259 ikit\u0259r\u0259fli g\u00f6r\u00fc\u015fl\u0259rinin ke\u00e7irilm\u0259si n\u0259z\u0259rd\u0259 tutulub.<\/p>\n<p>Sonda yekun s\u0259n\u0259d &#8211; Birg\u0259 B\u0259yannam\u0259 q\u0259bul edil\u0259c\u0259k.<\/p>\n<\/div>\n","protected":false},"excerpt":{"rendered":"<p>Oktyabr\u0131n 8-d\u0259 Az\u0259rbaycan\u0131n incisi olan v\u0259 2023-c\u00fc il \u00fc\u00e7\u00fcn T\u00fcrk D\u00fcnyas\u0131n\u0131n M\u0259d\u0259niyy\u0259t paytaxt\u0131 se\u00e7il\u0259n \u015eu\u015fa \u015f\u0259h\u0259rind\u0259 T\u00fcrk D\u00f6vl\u0259tl\u0259ri T\u0259\u015fkilat\u0131na (TDT) \u00fczv v\u0259 m\u00fc\u015fahid\u0259\u00e7i \u00f6lk\u0259l\u0259rin s\u0259hiyy\u0259 nazirl\u0259rinin IV iclas\u0131 ke\u00e7iril\u0259c\u0259k. ARANTV.AZ \u00a0x\u0259b\u0259r verir ki, t\u0259dbird\u0259 T\u00fcrk D\u00f6vl\u0259tl\u0259ri T\u0259\u015fkilat\u0131n\u0131n Ba\u015f katibi, Az\u0259rbaycan, T\u00fcrkiy\u0259, \u00d6zb\u0259kistan, Qazax\u0131stan, Q\u0131r\u011f\u0131z\u0131stan, \u015eimali Kipr T\u00fcrk Respublikas\u0131n\u0131n s\u0259hiyy\u0259 nazirl\u0259ri v\u0259 Macar\u0131stan\u0131n n\u00fcmay\u0259nd\u0259si i\u015ftirak ed\u0259c\u0259kl\u0259r. T\u0259dbir \u0259r\u0259f\u0259si 7 oktyabr tarixind\u0259 qonaqlar F\u0259xri Xiyabanda T\u00fcrk d\u00fcnyas\u0131n\u0131n b\u00f6y\u00fck o\u011flu v\u0259 Az\u0259rbaycan xalq\u0131n\u0131n \u00fcmummilli lideri Heyd\u0259r \u018fliyevin xatir\u0259sini ehtiramla yad ed\u0259r\u0259k m\u0259zar\u0131 \u00f6n\u00fcn\u0259 \u0259klil qoyub, t\u0259r g\u00fcl d\u0259st\u0259l\u0259ri d\u00fcz\u00fcbl\u0259r. G\u00f6rk\u0259mli oftalmoloq-alim, akademik Z\u0259rif\u0259&hellip;<\/p>\n","protected":false},"author":2,"featured_media":759177,"comment_status":"closed","ping_status":"closed","sticky":false,"template":"","format":"standard","meta":{"om_disable_all_campaigns":false,"_monsterinsights_skip_tracking":false,"_monsterinsights_sitenote_active":false,"_monsterinsights_sitenote_note":"","_monsterinsights_sitenote_category":0},"categories":[1],"tags":[],"aioseo_notices":[],"gutentor_comment":0,"rttpg_featured_image_url":{"full":["https:\/\/arantv.az\/wp-content\/uploads\/2024\/10\/1fed441d129177e918c90d35ef77ea2e.jpg",850,500,false],"landscape":["https:\/\/arantv.az\/wp-content\/uploads\/2024\/10\/1fed441d129177e918c90d35ef77ea2e.jpg",850,500,false],"portraits":["https:\/\/arantv.az\/wp-content\/uploads\/2024\/10\/1fed441d129177e918c90d35ef77ea2e.jpg",850,500,false],"thumbnail":["https:\/\/arantv.az\/wp-content\/uploads\/2024\/10\/1fed441d129177e918c90d35ef77ea2e-500x280.jpg",500,280,true],"medium":["https:\/\/arantv.az\/wp-content\/uploads\/2024\/10\/1fed441d129177e918c90d35ef77ea2e-621x365.jpg",621,365,true],"large":["https:\/\/arantv.az\/wp-content\/uploads\/2024\/10\/1fed441d129177e918c90d35ef77ea2e-840x494.jpg",640,376,true],"1536x1536":["https:\/\/arantv.az\/wp-content\/uploads\/2024\/10\/1fed441d129177e918c90d35ef77ea2e.jpg",850,500,false],"2048x2048":["https:\/\/arantv.az\/wp-content\/uploads\/2024\/10\/1fed441d129177e918c90d35ef77ea2e.jpg",850,500,false],"post-thumbnail":["https:\/\/arantv.az\/wp-content\/uploads\/2024\/10\/1fed441d129177e918c90d35ef77ea2e-240x172.jpg",240,172,true],"advps-thumb-one":["https:\/\/arantv.az\/wp-content\/uploads\/2024\/10\/1fed441d129177e918c90d35ef77ea2e.jpg",850,500,false]},"rttpg_author":{"display_name":"V\u00fcsal Rafiqo\u011flu","author_link":"https:\/\/arantv.az\/?author=2"},"rttpg_comment":0,"rttpg_category":"<a href=\"https:\/\/arantv.az\/?cat=1\" rel=\"category\">C\u0259miyy\u0259t<\/a>","rttpg_excerpt":"Oktyabr\u0131n 8-d\u0259 Az\u0259rbaycan\u0131n incisi olan v\u0259 2023-c\u00fc il \u00fc\u00e7\u00fcn T\u00fcrk D\u00fcnyas\u0131n\u0131n M\u0259d\u0259niyy\u0259t paytaxt\u0131 se\u00e7il\u0259n \u015eu\u015fa \u015f\u0259h\u0259rind\u0259 T\u00fcrk D\u00f6vl\u0259tl\u0259ri T\u0259\u015fkilat\u0131na (TDT) \u00fczv v\u0259 m\u00fc\u015fahid\u0259\u00e7i \u00f6lk\u0259l\u0259rin s\u0259hiyy\u0259 nazirl\u0259rinin IV iclas\u0131 ke\u00e7iril\u0259c\u0259k. ARANTV.AZ \u00a0x\u0259b\u0259r verir ki, t\u0259dbird\u0259 T\u00fcrk D\u00f6vl\u0259tl\u0259ri T\u0259\u015fkilat\u0131n\u0131n Ba\u015f katibi, Az\u0259rbaycan, T\u00fcrkiy\u0259, \u00d6zb\u0259kistan, Qazax\u0131stan, Q\u0131r\u011f\u0131z\u0131stan, \u015eimali Kipr T\u00fcrk Respublikas\u0131n\u0131n s\u0259hiyy\u0259 nazirl\u0259ri v\u0259 Macar\u0131stan\u0131n n\u00fcmay\u0259nd\u0259si i\u015ftirak ed\u0259c\u0259kl\u0259r.&hellip;","_links":{"self":[{"href":"https:\/\/arantv.az\/index.php?rest_route=\/wp\/v2\/posts\/759176"}],"collection":[{"href":"https:\/\/arantv.az\/index.php?rest_route=\/wp\/v2\/posts"}],"about":[{"href":"https:\/\/arantv.az\/index.php?rest_route=\/wp\/v2\/types\/post"}],"author":[{"embeddable":true,"href":"https:\/\/arantv.az\/index.php?rest_route=\/wp\/v2\/users\/2"}],"replies":[{"embeddable":true,"href":"https:\/\/arantv.az\/index.php?rest_route=%2Fwp%2Fv2%2Fcomments&post=759176"}],"version-history":[{"count":1,"href":"https:\/\/arantv.az\/index.php?rest_route=\/wp\/v2\/posts\/759176\/revisions"}],"predecessor-version":[{"id":759178,"href":"https:\/\/arantv.az\/index.php?rest_route=\/wp\/v2\/posts\/759176\/revisions\/759178"}],"wp:featuredmedia":[{"embeddable":true,"href":"https:\/\/arantv.az\/index.php?rest_route=\/wp\/v2\/media\/759177"}],"wp:attachment":[{"href":"https:\/\/arantv.az\/index.php?rest_route=%2Fwp%2Fv2%2Fmedia&parent=759176"}],"wp:term":[{"taxonomy":"category","embeddable":true,"href":"https:\/\/arantv.az\/index.php?rest_route=%2Fwp%2Fv2%2Fcategories&post=759176"},{"taxonomy":"post_tag","embeddable":true,"href":"https:\/\/arantv.az\/index.php?rest_route=%2Fwp%2Fv2%2Ftags&post=759176"}],"curies":[{"name":"wp","href":"https:\/\/api.w.org\/{rel}","templated":true}]}}