{"id":759332,"date":"2024-10-08T08:57:52","date_gmt":"2024-10-08T04:57:52","guid":{"rendered":"https:\/\/arantv.az\/?p=759332"},"modified":"2024-10-08T08:57:52","modified_gmt":"2024-10-08T04:57:52","slug":"k%c9%99sfiyyat-sefl%c9%99ri-az%c9%99rbaycana-n%c9%99-ucun-g%c9%99lib-sensasion-detallar","status":"publish","type":"post","link":"https:\/\/arantv.az\/?p=759332","title":{"rendered":"K\u0259\u015ffiyyat &#8220;\u015eEF&#8221;l\u0259ri Az\u0259rbaycana n\u0259 \u00fc\u00e7\u00fcn g\u0259lib? &#8211; SENSAS\u0130ON DETALLAR"},"content":{"rendered":"<div class=\"text-content\" data-id=\"\" data-url=\"\">\n<p><strong>Bak\u0131ya g\u0259l\u0259n ba\u015f k\u0259\u015ffiyyat\u00e7\u0131lar\u0131n ger\u00e7\u0259k m\u0259qs\u0259di v\u0259 niyy\u0259ti n\u0259 olub; ekspertl\u0259rd\u0259n maraql\u0131 a\u00e7\u0131qlamalar<\/strong><\/p>\n<p>Son aylarda d\u00fcnyan\u0131n apar\u0131c\u0131 \u00f6lk\u0259l\u0259rinin k\u0259\u015ffiyyat r\u0259hb\u0259rl\u0259ri Az\u0259rbaycanda s\u0259f\u0259rd\u0259 olub. Bu s\u0259f\u0259rl\u0259ri z\u0259ruri ed\u0259n amill\u0259r bar\u0259d\u0259 konkret a\u00e7\u0131qlamalar\u0131n olmamas\u0131 t\u0259\u0259cc\u00fcbl\u00fc olmasa da, m\u00fczakir\u0259l\u0259r\u0259 r\u0259vac verm\u0259kd\u0259dir.<\/p>\n<p>Qeyd ed\u0259k ki, AB\u015e M\u00fcdafi\u0259 K\u0259\u015ffiyyat \u0130dar\u0259sinin Avropa Avrasiya Regional M\u0259rk\u0259zinin r\u0259hb\u0259ri Patrik Priorun Bak\u0131ya s\u0259f\u0259rind\u0259n sonra, oktyabr\u0131n 2-3-d\u0259 Rusiya Xarici K\u0259\u015ffiyyat Xidm\u0259tinin (SVR) direktoru Sergey Nar\u0131\u015fkin d\u0259 Bak\u0131da s\u0259f\u0259rd\u0259 oldu.<\/p>\n<p><strong>H\u0259m\u00e7inin B\u00f6y\u00fck Britaniyan\u0131n M\u0259xfi K\u0259\u015ffiyyat Xidm\u0259tinin r\u0259hb\u0259ri Ri\u00e7ard Mur Bak\u0131da t\u0259l\u0259b\u0259l\u0259rl\u0259 g\u00f6r\u00fc\u015fd\u00fc. Ri\u00e7ard Murun ADA Universitetind\u0259 t\u0259l\u0259b\u0259l\u0259rin qar\u015f\u0131s\u0131nda m\u00fchazir\u0259 oxudu\u011fu bildirildi.<\/strong><\/p>\n<p>AB\u015e M\u00fcdafi\u0259 K\u0259\u015ffiyyat \u0130dar\u0259sinin Avropa-Avrasiya Regional M\u0259rk\u0259zinin r\u0259hb\u0259ri Patrik Priorun Az\u0259rbaycana AB\u015e-Az\u0259rbaycan t\u0259hl\u00fck\u0259sizlik \u0259laq\u0259l\u0259rinin m\u00f6hk\u0259ml\u0259ndirilm\u0259si yollar\u0131 il\u0259 ba\u011fl\u0131 dan\u0131\u015f\u0131qlar aparmaq \u00fc\u00e7\u00fcn s\u0259f\u0259r etdiyini A\u011f Evin Bak\u0131dak\u0131 missiyas\u0131 a\u00e7\u0131qlad\u0131. S\u0259f\u0259r \u00e7\u0259r\u00e7iv\u0259sind\u0259 o, Az\u0259rbaycan Prezidentinin k\u00f6m\u0259k\u00e7isi &#8211; Prezident Administrasiyas\u0131n\u0131n Xarici siyas\u0259t m\u0259s\u0259l\u0259l\u0259ri \u015f\u00f6b\u0259sinin m\u00fcdiri Hikm\u0259t Hac\u0131yevl\u0259 g\u00f6r\u00fc\u015fm\u00fc\u015f\u00fc. G\u00f6r\u00fc\u015fd\u0259 AB\u015e-Az\u0259rbaycan m\u00fcnasib\u0259tl\u0259rini v\u0259 t\u0259hl\u00fck\u0259sizlik \u0259m\u0259kda\u015fl\u0131\u011f\u0131n\u0131n m\u00fczakir\u0259 edildiyi bildirilirdi. Bundan \u00f6nc\u0259 s\u0259firlik bel\u0259 bir payla\u015f\u0131m etmi\u015fdi: \u201cBiz t\u0259hl\u00fck\u0259sizlik sah\u0259sind\u0259 AB\u015e-Az\u0259rbaycan \u0259laq\u0259l\u0259rinin g\u00fccl\u0259ndirilm\u0259si m\u0259s\u0259l\u0259l\u0259ri il\u0259 ba\u011fl\u0131 Az\u0259rbaycan h\u00f6kum\u0259ti il\u0259 m\u0259sl\u0259h\u0259tl\u0259\u015fm\u0259l\u0259r aparmaq \u00fc\u00e7\u00fcn Bak\u0131ya g\u0259l\u0259n AB\u015e M\u00fcdafi\u0259 K\u0259\u015ffiyyat \u0130dar\u0259sinin Avropa-Avrasiya M\u0259rk\u0259zinin r\u0259hb\u0259ri c\u0259nab Patrik Prioru \u00fcr\u0259kd\u0259n salamlay\u0131r\u0131q\u201d.<\/p>\n<p><strong>Rusiyan\u0131n ba\u015f k\u0259\u015ffiyyat\u00e7\u0131s\u0131n\u0131n s\u0259f\u0259ri il\u0259 ba\u011fl\u0131 yay\u0131lan m\u0259lumatda deyilirdi ki, Nar\u0131\u015fkin Bak\u0131da bir s\u0131ra g\u00f6r\u00fc\u015fl\u0259r ke\u00e7irib. S\u00f6hb\u0259tl\u0259rd\u0259 beyn\u0259lxalq v\u0259ziyy\u0259t, iki \u00f6lk\u0259nin x\u00fcsusi xidm\u0259t orqanlar\u0131 aras\u0131nda qar\u015f\u0131l\u0131ql\u0131 \u0259m\u0259kda\u015fl\u0131\u011f\u0131n istiqam\u0259tl\u0259ri m\u00fczakir\u0259 olunub.<\/strong><\/p>\n<p>Maraql\u0131d\u0131r ki, AB\u015e M\u00fcdafi\u0259 K\u0259\u015ffiyyat \u0130dar\u0259sinin Avropa-Avrasiya Regional M\u0259rk\u0259zinin r\u0259hb\u0259ri Patrik Prayor daha sonra Erm\u0259nistana getdi. Bildirildi ki, \u0130r\u0259vanda, Erm\u0259nistan T\u0259hl\u00fck\u0259sizlik \u015euras\u0131n\u0131n katibi Armen Qriqoryanla ke\u00e7iril\u0259n g\u00f6r\u00fc\u015fd\u0259 Erm\u0259nistanla AB\u015e aras\u0131nda \u0259m\u0259kda\u015fl\u0131q istiqam\u0259tl\u0259rini m\u00fczakir\u0259 edibl\u0259r. \u201cT\u0259r\u0259fl\u0259r x\u00fcsusil\u0259 ikit\u0259r\u0259fli g\u00fcnd\u0259liyin bir s\u0131ra m\u0259s\u0259l\u0259l\u0259ri \u0259traf\u0131nda fikir m\u00fcbadil\u0259si apar\u0131blar. Erm\u0259nistan\u0131n t\u0259hl\u00fck\u0259sizlik sisteminin modernl\u0259\u015fdirilm\u0259si \u00fc\u00e7\u00fcn g\u0259l\u0259c\u0259k \u0259m\u0259kda\u015fl\u0131\u011f\u0131n istiqam\u0259tl\u0259rini m\u00fc\u0259yy\u0259n edibl\u0259r. Bir s\u0131ra regional v\u0259 qlobal t\u0259hl\u00fck\u0259sizlik m\u0259s\u0259l\u0259l\u0259rin\u0259 d\u0259 toxunulub\u201d, &#8211; m\u0259lumatda deyilir.<\/p>\n<p><strong>\u015e\u00fcbh\u0259siz ki, intensiv xarakterli bu s\u0259f\u0259rl\u0259rd\u0259 yaln\u0131z s\u00f6z\u00fcged\u0259n istiqam\u0259tl\u0259r \u00fczr\u0259 m\u00fczakir\u0259l\u0259r apar\u0131lmay\u0131b. M\u00fczakir\u0259l\u0259rin \u0259sas m\u00f6vzusunun Az\u0259rbaycan-Erm\u0259nistan m\u00fcnasib\u0259tl\u0259ri, s\u00fclh sazi\u015fi olmad\u0131\u011f\u0131 da b\u0259llidir. B\u0259s bu s\u0259f\u0259rl\u0259rd\u0259 m\u0259qs\u0259d n\u0259 ola bil\u0259r: m\u00fczakir\u0259 masas\u0131nda Rusiya m\u0259s\u0259l\u0259simi var idi, yoxsa \u0130ran m\u00f6vzusu?<\/strong><\/p>\n<p><strong><img src=\"https:\/\/azertag.az\/files\/2022\/3\/1200x630\/1667290130279029305_1200x630.jpg\" alt=\"Sahib Al\u0131yev: V\u0259t\u0259n m\u00fcharib\u0259sind\u0259 Z\u0259f\u0259r qazanma\u011f\u0131m\u0131z\u0131n \u0259sas s\u0259b\u0259bi m\u0259hz  milli h\u0259mr\u0259ylimiz oldu - AZ\u018fRTAC\" \/><\/strong><\/p>\n<p><strong>Sahib Al\u0131yev<\/strong><\/p>\n<p><strong>Deputat Sahib Al\u0131yev \u201cYeni M\u00fcsavat\u201da a\u00e7\u0131qlamas\u0131nda bildirdi ki, ayr\u0131-ayr\u0131 \u00f6lk\u0259l\u0259rin, o s\u0131radan da AB\u015e, B\u00f6y\u00fck Britaniya v\u0259 Rusiya x\u00fcsusi xidm\u0259tl\u0259rind\u0259 yer alan r\u0259hb\u0259r v\u0259zif\u0259lil\u0259rin Bak\u0131ya s\u0259f\u0259rl\u0259ri ilk deyil:<\/strong>\u00a0\u201c\u018flb\u0259tt\u0259, qlobal t\u0259hl\u00fck\u0259sizlik arxitekturas\u0131n\u0131n tam\u00a0 da\u011f\u0131ld\u0131\u011f\u0131\u00a0 bir vaxtda\u00a0 bel\u0259 s\u0259f\u0259rl\u0259r, sad\u0259c\u0259, ikit\u0259r\u0259fli \u0259laq\u0259l\u0259ri \u0259hat\u0259 etmir v\u0259 ancaq informasiya m\u00fcbadil\u0259si m\u0259qs\u0259di da\u015f\u0131m\u0131r. Burada qlobal m\u0259s\u0259l\u0259l\u0259r d\u0259 g\u00fcnd\u0259md\u0259 olur, onlarla ba\u011fl\u0131 m\u00f6vqel\u0259r \u00e7atd\u0131r\u0131l\u0131r, n\u0259l\u0259rs\u0259 d\u0259qiql\u0259\u015fdirilir, bir s\u0131ra hallarda is\u0259 ist\u0259kl\u0259r s\u0259sl\u0259ndirilir. M\u0259n bu fikird\u0259y\u0259m ki, AB\u015e M\u00fcdafi\u0259 K\u0259\u015ffiyyat \u0130dar\u0259sinin Avropa Avrasiya Regional M\u0259rk\u0259zinin r\u0259hb\u0259ri Patrik Priorun,\u00a0 B\u00f6y\u00fck Britaniyan\u0131n M\u0259xfi K\u0259\u015ffiyyat Xidm\u0259tinin r\u0259hb\u0259ri Ri\u00e7ard Murun v\u0259 Rusiya Xarici K\u0259\u015ffiyyat Xidm\u0259tinin direktoru Sergey Nar\u0131\u015fkinin Bak\u0131ya s\u0259f\u0259rl\u0259rind\u0259 d\u0259 bizim regionla yana\u015f\u0131, Yax\u0131n \u015e\u0259rqd\u0259 v\u0259 Ukraynada ba\u015f ver\u0259nl\u0259r\u0259 d\u0259\u00a0 toxunulub. \u00c7\u00fcnki Yax\u0131n \u015e\u0259rqd\u0259 v\u0259 Ukraynada ba\u015f ver\u0259nl\u0259r bu v\u0259 ya dig\u0259r d\u0259r\u0259c\u0259d\u0259 bizim regiona da t\u0259sirsiz \u00f6t\u00fc\u015fm\u00fcr. Eyni zamanda Az\u0259rbaycan\u0131n tutdu\u011fu m\u00f6vqe d\u0259 oradak\u0131 prosesl\u0259r\u0259 bu v\u0259 ya dig\u0259r d\u0259r\u0259c\u0259d\u0259 t\u0259sir ed\u0259 bil\u0259r v\u0259 edir\u201d. S.Al\u0131yev \u0259lav\u0259 etdi ki, amma kimin hans\u0131 missiya, el\u0259c\u0259 d\u0259 t\u0259klifl\u0259 g\u0259lm\u0259sind\u0259n as\u0131l\u0131 olmayaraq, Az\u0259rbaycan\u0131n h\u0259m regionda, h\u0259m d\u0259 regiona d\u0131\u015f\u0131nda ba\u015f ver\u0259nl\u0259r\u0259 ancaq \u00f6z milli maraqlar\u0131ndan yana\u015faca\u011f\u0131 kims\u0259y\u0259 sirr deyil: \u201cBir \u00e7ox hallarda bu yana\u015fma g\u0259l\u0259n qonaqlar\u0131n t\u0259msil etdikl\u0259ri d\u00f6vl\u0259tl\u0259rinki il\u0259 \u00fcst-\u00fcst\u0259 d\u00fc\u015f\u0259 d\u0259, d\u00fc\u015fm\u0259y\u0259 d\u0259 bil\u0259r. M\u0259s\u0259l\u0259n, Rusiya Federal T\u0259hl\u00fck\u0259sizlik Xidm\u0259tinin r\u0259isi Bortnikovun son a\u00e7\u0131qlamalar\u0131ndan birind\u0259 qeyd olundu\u011fu kimi, biz d\u0259 bu fikird\u0259yik ki,\u00a0 Avropa Birliyinin Erm\u0259nistandak\u0131 &#8220;m\u00fclki&#8221; missiyas\u0131 burada casusluqla m\u0259\u015f\u011fuldur, eyni zamanda da h\u0259m\u0259n \u00f6lk\u0259ni NATO-nun forpostuna \u00e7evirm\u0259k y\u00f6n\u00fcnd\u0259 haz\u0131rl\u0131qlar apar\u0131r. N\u0259z\u0259r\u0259 alsaq ki, hayal\u0259tli siyas\u0259t yerid\u0259nl\u0259rin bu haz\u0131rl\u0131qlar\u0131 region \u00fc\u00e7\u00fcn yax\u015f\u0131 he\u00e7 n\u0259 v\u0259d etmir, t\u0259bii ki, biz\u00a0 Rusiyadan da \u00e7ox ona qar\u015f\u0131 \u00e7\u0131xmal\u0131y\u0131q v\u0259 \u00e7\u0131x\u0131r\u0131q da. \u00c7\u00fcnki Rusiyadan f\u0259rqli olaraq biz bu regionun bir par\u00e7as\u0131y\u0131q&#8221;.<\/p>\n<p><strong>Birl\u0259\u015fmi\u015f \u015etatalar\u0131n d\u00f6vl\u0259t katibi Blinkenin\u00a0 60 konqresmenin ad\u0131ndan \u00f6z\u00fcn\u00fcn \u00f6z\u00fcn\u0259 yazd\u0131rd\u0131\u011f\u0131 m\u00fcraci\u0259t\u0259 g\u0259ldikd\u0259, deputat qeyd etdi ki, b\u0259li, onun hayal\u0259tli geosiyasi ist\u0259kl\u0259ri d\u0259f\u0259l\u0259rl\u0259r r\u0259dd olundu\u011fu \u00fc\u00e7\u00fcn bel\u0259 bir c\u0131zmaqara meydana \u00e7\u0131x\u0131b:<\/strong>\u00a0\u201cSiz h\u0259min Blinkenin Az\u0259rbaycan Prezidenti c\u0259nab \u0130lham \u018fliyev\u0259 ha\u00e7an z\u0259ng etdiyini v\u0259 h\u0259min z\u0259ngl\u0259r zaman\u0131 hans\u0131 m\u0259s\u0259l\u0259l\u0259r\u0259 toxunuldu\u011funu, qar\u015f\u0131 t\u0259r\u0259fin hayal\u0259tli t\u0259klifl\u0259rin\u0259 nec\u0259 d\u0259qiq, yerind\u0259 oturducu cavablar verildiyini bir daha g\u00f6zd\u0259n ke\u00e7irs\u0259niz, \u00f6z\u00fcn\u00fcz d\u0259 bunu a\u00e7\u0131q-ayd\u0131n g\u00f6r\u0259c\u0259ksiniz. V\u0259 c\u0259nab Prezidentin C\u0259bray\u0131ldak\u0131 x\u0259b\u0259rdarl\u0131\u011f\u0131ndan sonra art\u0131q onlar da bilm\u0259mi\u015f\u00a0 deyill\u0259r ki, Az\u0259rbaycan\u0131n \u0259leyhin\u0259 y\u00f6n\u0259l\u0259n\u00a0 m\u0259krli niyy\u0259tl\u0259rini burada realla\u015fd\u0131rmamalar\u0131 \u00fc\u00e7\u00fcn ba\u015fqa cavab add\u0131mlar da at\u0131lacaq. Biz art\u0131q onun bir add\u0131ml\u0131\u011f\u0131nday\u0131q\u201d.<\/p>\n<p><img loading=\"lazy\" src=\"https:\/\/konkret.az\/cloud\/uploads\/2021\/04\/elxansahinoglu.jpg\" alt=\"Elxan \u015eahino\u011flu son \u00e7\u0131x\u0131\u015f\u0131 il\u0259 \u00f6z\u00fcn\u00fc v\u0259 \u201ca\u011falar\u0131n\u0131\u201d bel\u0259 \u0259l\u0259 verdi -  \u018fTRAFLI | KONKRET\" width=\"912\" height=\"628\" \/><\/p>\n<p><strong>Elxan \u015eahino\u011flu<\/strong><\/p>\n<p><strong>\u201cAtlas\u201d Ara\u015fd\u0131rmalar M\u0259rk\u0259zinin r\u0259hb\u0259ri, politoloq Elxan \u015eahino\u011flu is\u0259 \u00f6nc\u0259 x\u00fcsusi bir m\u0259qama diqq\u0259t \u00e7\u0259kdi:<\/strong>\u00a0\u201cAB\u015e M\u00fcdafi\u0259 K\u0259\u015ffiyyat \u0130dar\u0259sinin Avropa Avrasiya Regional M\u0259rk\u0259zinin r\u0259hb\u0259ri Patrik Priorunun v\u0259 B\u00f6y\u00fck Britaniyan\u0131n M\u0259xfi K\u0259\u015ffiyyat Xidm\u0259tinin r\u0259hb\u0259ri Ri\u00e7ard Murun Bak\u0131ya s\u0259f\u0259rl\u0259rind\u0259n f\u0259rqli olaraq Rusiya Xarici K\u0259\u015ffiyyat Xidm\u0259tinin direktoru Sergey Nar\u0131\u015fkinin Bak\u0131ya g\u0259li\u015fi yerli x\u0259b\u0259r agentlikl\u0259ri t\u0259r\u0259find\u0259n t\u0259sqid olunmad\u0131. Onun Bak\u0131da kiml\u0259rl\u0259 g\u00f6r\u00fc\u015fd\u00fcy\u00fc d\u0259 a\u00e7\u0131qlanmad\u0131. Biz, sad\u0259c\u0259, Nar\u0131\u015fkinin a\u00e7\u0131qlamas\u0131ndan anlad\u0131q ki, o, Bak\u0131da olub. Rusiya r\u0259smil\u0259ri a\u00e7\u0131q deyirl\u0259r ki, Q\u0259rb \u00f6lk\u0259l\u0259rinin, o c\u00fcml\u0259d\u0259n AB\u015e, Avropa \u0130ttifaq\u0131 v\u0259 NATO-nun C\u0259nubi Qafqazda artan f\u0259all\u0131qlar\u0131ndan narahatd\u0131rlar. Bu \u00f6lk\u0259l\u0259rin hans\u0131sa r\u0259smisi Az\u0259rbaycana v\u0259 ya Erm\u0259nistana s\u0259f\u0259r ed\u0259n kimi rusiyal\u0131 r\u0259smil\u0259r ya Bak\u0131ya g\u0259lir, ya da \u0130r\u0259vana gedirl\u0259r. G\u00f6r\u00fcn\u00fcr, Kreml hesab edir ki, AB\u015e v\u0259 Avropa \u0130ttifaq\u0131 Rusiyan\u0131n Ukrayna m\u00fcharib\u0259 aparmas\u0131ndan istifad\u0259 ed\u0259r\u0259k C\u0259nubi Qafqazda m\u00f6hk\u0259ml\u0259nm\u0259k ist\u0259yirl\u0259r\u201d. E.\u015eahino\u011flunun fikrinc\u0259, Rusiya r\u0259smil\u0259ri Az\u0259rbaycan v\u0259 Erm\u0259nistana s\u0259f\u0259rl\u0259r etm\u0259kl\u0259 Va\u015finqton v\u0259 Br\u00fcssel\u0259 izah etm\u0259y\u0259 \u00e7al\u0131\u015f\u0131rlar ki, Ukrayna m\u00fcharib\u0259sin\u0259 baxmayaraq, C\u0259nubi Qafqazdak\u0131 maraqlar\u0131ndan imtina etm\u0259y\u0259c\u0259kl\u0259r. Politoloq qeyd etdi ki, Fransa Az\u0259rbaycan \u0259leyhin\u0259 siyas\u0259t aparmaqla aya\u011f\u0131na g\u00fcll\u0259 s\u0131xm\u0131\u015f oldu: \u201c\u00c7\u00fcnki Az\u0259rbaycanla m\u00fcnasib\u0259tl\u0259ri g\u0259rginl\u0259\u015fdir\u0259r\u0259k yaln\u0131z Erm\u0259nistan \u00fcz\u0259rind\u0259n C\u0259nubi Qafqazda maraqlar\u0131n\u0131 qorumaq v\u0259 m\u00f6hk\u0259ml\u0259nm\u0259k m\u00fcmk\u00fcn deyil. Eyni s\u0259hvi AB\u015e t\u0259krarlamaqdad\u0131r. AB\u015e Konqresinin Az\u0259rbaycan \u0259leyhin\u0259 siyas\u0259ti, N\u00fcmay\u0259nd\u0259l\u0259r Palatas\u0131n\u0131n A\u011f Evd\u0259n Az\u0259rbaycana qar\u015f\u0131 sanksiya t\u0259l\u0259bi \u0259ks-effekt ver\u0259c\u0259k. Onsuz da Va\u015finqtonun G\u00fcrc\u00fcstanla m\u00fcnasib\u0259tl\u0259ri pozulub, \u00fcst\u0259g\u0259l, b\u00f6lg\u0259nin \u0259sas \u00f6lk\u0259si olan Az\u0259rbaycanla da m\u00fcnasib\u0259tl\u0259rinin g\u0259rginl\u0259\u015fm\u0259si AB\u015e-\u0131n t\u0259hl\u00fck\u0259sizlik maraqlar\u0131na zidd olacaq. Rusiya AB\u015e-\u0131n G\u00fcrc\u00fcstan v\u0259 Az\u0259rbaycanla m\u00fcnasib\u0259tl\u0259rinin g\u0259rginl\u0259\u015fm\u0259si fonunda C\u0259nubi Qafqazda itirdiyi m\u00f6vqel\u0259ri b\u0259rpa etm\u0259y\u0259, daha da g\u00fccl\u0259nm\u0259y\u0259 \u00e7al\u0131\u015facaq. Bunun G\u00fcrc\u00fcstan v\u0259 Az\u0259rbaycan \u00fc\u00e7\u00fcn d\u0259 risql\u0259ri var. Rusiya Q\u0259rb\u0259 qar\u015f\u0131 m\u00fcbariz\u0259d\u0259 G\u00fcrc\u00fcstan v\u0259 Az\u0259rbaycanla ittifaq qurma\u011fa \u00e7al\u0131\u015f\u0131r. Bu, m\u00fcst\u0259qil siyas\u0259t y\u00fcr\u00fcd\u0259n Az\u0259rbaycan\u0131n v\u0259 G\u00fcrc\u00fcstan\u0131n maraqlar\u0131na ziddir. Bak\u0131 v\u0259 Tiflisin Va\u015finqton v\u0259 Br\u00fcssell\u0259 m\u00fcnasib\u0259tl\u0259rind\u0259 suallar\u0131n say\u0131 artsa da, Rusiyan\u0131n qat\u0131 anti-Q\u0259rb siyas\u0259tini C\u0259nubi Qafqaza inikas etdirm\u0259si b\u00f6lg\u0259 \u00fc\u00e7\u00fcn t\u0259hl\u00fck\u0259lidir. C\u0259nubi Qafqaz b\u00f6y\u00fck d\u00f6vl\u0259tl\u0259rin qar\u015f\u0131durma meydan\u0131na \u00e7evril\u0259rs\u0259, bundan \u0259ziyy\u0259t \u00e7\u0259k\u0259n b\u00f6lg\u0259 \u00f6lk\u0259l\u0259ri olacaq\u201d.<\/p>\n<p><strong>E.PA\u015eASOY,<\/strong><br \/>\n<strong>\u201cYeni M\u00fcsavat<\/strong><\/p>\n<\/div>\n<div><\/div>\n<div><\/div>\n<div class=\"inner-social-box\">\n<div class=\"subs-in-social subs-whatsapp\"><\/div>\n<\/div>\n","protected":false},"excerpt":{"rendered":"<p>Bak\u0131ya g\u0259l\u0259n ba\u015f k\u0259\u015ffiyyat\u00e7\u0131lar\u0131n ger\u00e7\u0259k m\u0259qs\u0259di v\u0259 niyy\u0259ti n\u0259 olub; ekspertl\u0259rd\u0259n maraql\u0131 a\u00e7\u0131qlamalar Son aylarda d\u00fcnyan\u0131n apar\u0131c\u0131 \u00f6lk\u0259l\u0259rinin k\u0259\u015ffiyyat r\u0259hb\u0259rl\u0259ri Az\u0259rbaycanda s\u0259f\u0259rd\u0259 olub. Bu s\u0259f\u0259rl\u0259ri z\u0259ruri ed\u0259n amill\u0259r bar\u0259d\u0259 konkret a\u00e7\u0131qlamalar\u0131n olmamas\u0131 t\u0259\u0259cc\u00fcbl\u00fc olmasa da, m\u00fczakir\u0259l\u0259r\u0259 r\u0259vac verm\u0259kd\u0259dir. Qeyd ed\u0259k ki, AB\u015e M\u00fcdafi\u0259 K\u0259\u015ffiyyat \u0130dar\u0259sinin Avropa Avrasiya Regional M\u0259rk\u0259zinin r\u0259hb\u0259ri Patrik Priorun Bak\u0131ya s\u0259f\u0259rind\u0259n sonra, oktyabr\u0131n 2-3-d\u0259 Rusiya Xarici K\u0259\u015ffiyyat Xidm\u0259tinin (SVR) direktoru Sergey Nar\u0131\u015fkin d\u0259 Bak\u0131da s\u0259f\u0259rd\u0259 oldu. H\u0259m\u00e7inin B\u00f6y\u00fck Britaniyan\u0131n M\u0259xfi K\u0259\u015ffiyyat Xidm\u0259tinin r\u0259hb\u0259ri Ri\u00e7ard Mur Bak\u0131da t\u0259l\u0259b\u0259l\u0259rl\u0259 g\u00f6r\u00fc\u015fd\u00fc. Ri\u00e7ard Murun ADA Universitetind\u0259 t\u0259l\u0259b\u0259l\u0259rin qar\u015f\u0131s\u0131nda m\u00fchazir\u0259 oxudu\u011fu bildirildi.&hellip;<\/p>\n","protected":false},"author":2,"featured_media":759333,"comment_status":"closed","ping_status":"closed","sticky":false,"template":"","format":"standard","meta":{"om_disable_all_campaigns":false,"_monsterinsights_skip_tracking":false,"_monsterinsights_sitenote_active":false,"_monsterinsights_sitenote_note":"","_monsterinsights_sitenote_category":0},"categories":[4],"tags":[],"aioseo_notices":[],"gutentor_comment":0,"rttpg_featured_image_url":{"full":["https:\/\/arantv.az\/wp-content\/uploads\/2024\/10\/c6edfd28c0091a3541a7e805a08d838c.jpg",870,500,false],"landscape":["https:\/\/arantv.az\/wp-content\/uploads\/2024\/10\/c6edfd28c0091a3541a7e805a08d838c.jpg",870,500,false],"portraits":["https:\/\/arantv.az\/wp-content\/uploads\/2024\/10\/c6edfd28c0091a3541a7e805a08d838c.jpg",870,500,false],"thumbnail":["https:\/\/arantv.az\/wp-content\/uploads\/2024\/10\/c6edfd28c0091a3541a7e805a08d838c-500x280.jpg",500,280,true],"medium":["https:\/\/arantv.az\/wp-content\/uploads\/2024\/10\/c6edfd28c0091a3541a7e805a08d838c-635x365.jpg",635,365,true],"large":["https:\/\/arantv.az\/wp-content\/uploads\/2024\/10\/c6edfd28c0091a3541a7e805a08d838c-840x483.jpg",640,368,true],"1536x1536":["https:\/\/arantv.az\/wp-content\/uploads\/2024\/10\/c6edfd28c0091a3541a7e805a08d838c.jpg",870,500,false],"2048x2048":["https:\/\/arantv.az\/wp-content\/uploads\/2024\/10\/c6edfd28c0091a3541a7e805a08d838c.jpg",870,500,false],"post-thumbnail":["https:\/\/arantv.az\/wp-content\/uploads\/2024\/10\/c6edfd28c0091a3541a7e805a08d838c-240x172.jpg",240,172,true],"advps-thumb-one":["https:\/\/arantv.az\/wp-content\/uploads\/2024\/10\/c6edfd28c0091a3541a7e805a08d838c.jpg",870,500,false]},"rttpg_author":{"display_name":"V\u00fcsal Rafiqo\u011flu","author_link":"https:\/\/arantv.az\/?author=2"},"rttpg_comment":0,"rttpg_category":"<a href=\"https:\/\/arantv.az\/?cat=4\" rel=\"category\">Siyas\u0259t<\/a>","rttpg_excerpt":"Bak\u0131ya g\u0259l\u0259n ba\u015f k\u0259\u015ffiyyat\u00e7\u0131lar\u0131n ger\u00e7\u0259k m\u0259qs\u0259di v\u0259 niyy\u0259ti n\u0259 olub; ekspertl\u0259rd\u0259n maraql\u0131 a\u00e7\u0131qlamalar Son aylarda d\u00fcnyan\u0131n apar\u0131c\u0131 \u00f6lk\u0259l\u0259rinin k\u0259\u015ffiyyat r\u0259hb\u0259rl\u0259ri Az\u0259rbaycanda s\u0259f\u0259rd\u0259 olub. Bu s\u0259f\u0259rl\u0259ri z\u0259ruri ed\u0259n amill\u0259r bar\u0259d\u0259 konkret a\u00e7\u0131qlamalar\u0131n olmamas\u0131 t\u0259\u0259cc\u00fcbl\u00fc olmasa da, m\u00fczakir\u0259l\u0259r\u0259 r\u0259vac verm\u0259kd\u0259dir. Qeyd ed\u0259k ki, AB\u015e M\u00fcdafi\u0259 K\u0259\u015ffiyyat \u0130dar\u0259sinin Avropa Avrasiya Regional M\u0259rk\u0259zinin r\u0259hb\u0259ri Patrik Priorun Bak\u0131ya s\u0259f\u0259rind\u0259n sonra,&hellip;","_links":{"self":[{"href":"https:\/\/arantv.az\/index.php?rest_route=\/wp\/v2\/posts\/759332"}],"collection":[{"href":"https:\/\/arantv.az\/index.php?rest_route=\/wp\/v2\/posts"}],"about":[{"href":"https:\/\/arantv.az\/index.php?rest_route=\/wp\/v2\/types\/post"}],"author":[{"embeddable":true,"href":"https:\/\/arantv.az\/index.php?rest_route=\/wp\/v2\/users\/2"}],"replies":[{"embeddable":true,"href":"https:\/\/arantv.az\/index.php?rest_route=%2Fwp%2Fv2%2Fcomments&post=759332"}],"version-history":[{"count":1,"href":"https:\/\/arantv.az\/index.php?rest_route=\/wp\/v2\/posts\/759332\/revisions"}],"predecessor-version":[{"id":759334,"href":"https:\/\/arantv.az\/index.php?rest_route=\/wp\/v2\/posts\/759332\/revisions\/759334"}],"wp:featuredmedia":[{"embeddable":true,"href":"https:\/\/arantv.az\/index.php?rest_route=\/wp\/v2\/media\/759333"}],"wp:attachment":[{"href":"https:\/\/arantv.az\/index.php?rest_route=%2Fwp%2Fv2%2Fmedia&parent=759332"}],"wp:term":[{"taxonomy":"category","embeddable":true,"href":"https:\/\/arantv.az\/index.php?rest_route=%2Fwp%2Fv2%2Fcategories&post=759332"},{"taxonomy":"post_tag","embeddable":true,"href":"https:\/\/arantv.az\/index.php?rest_route=%2Fwp%2Fv2%2Ftags&post=759332"}],"curies":[{"name":"wp","href":"https:\/\/api.w.org\/{rel}","templated":true}]}}