{"id":759486,"date":"2024-10-08T13:48:45","date_gmt":"2024-10-08T09:48:45","guid":{"rendered":"https:\/\/arantv.az\/?p=759486"},"modified":"2024-10-08T13:48:45","modified_gmt":"2024-10-08T09:48:45","slug":"anti-az%c9%99rbaycan-quvv%c9%99l%c9%99r-3-istiqam%c9%99td%c9%99-olk%c9%99miz%c9%99-hucum-etdil%c9%99r-azay-quliyevin-s%c9%99rhi","status":"publish","type":"post","link":"https:\/\/arantv.az\/?p=759486","title":{"rendered":"&#8220;Anti-Az\u0259rbaycan q\u00fcvv\u0259l\u0259r 3 istiqam\u0259td\u0259 \u00f6lk\u0259miz\u0259 h\u00fcc\u00fcm etdil\u0259r&#8221; &#8211; Azay Quliyevin \u015f\u0259rhi"},"content":{"rendered":"<p><strong>C\u0259nab Prezidentin Milli M\u0259clisin 23 sentyabrda ke\u00e7iril\u0259n ilk iclas\u0131nda \u00f6lk\u0259miz\u0259 qar\u015f\u0131 yeni h\u00fccum dal\u011fas\u0131n\u0131n v\u0259 qarayaxma kampaniyas\u0131n\u0131n ba\u015flayaca\u011f\u0131 haqq\u0131nda etdiyi x\u0259b\u0259rdarl\u0131\u011f\u0131 ham\u0131m\u0131z yax\u015f\u0131 xat\u0131rlay\u0131r\u0131q.<\/strong><\/p>\n<p>Bu x\u0259b\u0259rdarl\u0131qdan c\u0259mi 1 h\u0259ft\u0259 sonra, y\u0259ni, ke\u00e7\u0259n h\u0259ft\u0259 anti-Az\u0259rbaycan q\u00fcvv\u0259l\u0259rin 3 istiqam\u0259td\u0259 f\u0259alla\u015fd\u0131\u011f\u0131n\u0131n v\u0259 \u00f6lk\u0259miz\u0259 qar\u015f\u0131 total h\u00fccuma ke\u00e7diyinin \u015fahidi olduq.<br \/>\nOktyabr\u0131n 1-d\u0259 A\u015ePA-da Az\u0259rbaycanla ba\u011fl\u0131 birt\u0259r\u0259fli v\u0259 q\u0259r\u0259zli \u015f\u0259kild\u0259 dinl\u0259m\u0259l\u0259r ke\u00e7irildi, oktyabr\u0131n 3-d\u0259 bir qrup senator v\u0259 konqresmen \u00f6lk\u0259mzin milli maraqlar\u0131n\u0131 v\u0259 t\u0259hl\u00fck\u0259sizliyini t\u0259hdid ed\u0259n m\u0259ktub yayd\u0131, oktyabr\u0131n 5-d\u0259 is\u0259 Fransa prezidenti Makron Parisd\u0259 t\u0259\u015fkil etdiyi Beyn\u0259lxalq Frankofoniya T\u0259\u015fkilat\u0131n\u0131 \u00f6lk\u0259mizin \u0259leyhin\u0259 maksimum istifad\u0259 etm\u0259y\u0259 \u00e7al\u0131\u015fd\u0131.<\/p>\n<p>Diqq\u0259t yetirin, h\u0259r \u00fc\u00e7 ant-Az\u0259rbaycan t\u0259dbirl\u0259ri kampaniya xarakteri da\u015f\u0131d\u0131\u011f\u0131ndan bir g\u00fcn f\u0259rql\u0259 t\u0259\u015fkil olundu, h\u0259r \u00fc\u00e7 t\u0259dbird\u0259 s\u0259sl\u0259ndiril\u0259n uydurma ittihamlar\u0131n ham\u0131s\u0131 eynidir, dem\u0259k olar ki, bir-birini t\u0259krarlay\u0131r.<\/p>\n<p>B\u00fct\u00fcn bu faktlar bir daha onu s\u00fcbut edir ki, \u00f6lk\u0259miz\u0259 qar\u015f\u0131 total \u015f\u0259kild\u0259 apar\u0131lan t\u0259zyiq v\u0259 qarayaxma kampaniyas\u0131 vahid m\u0259rk\u0259zd\u0259n idar\u0259 olunur.<br \/>\nBunun is\u0259 AB\u015e v\u0259 Fransa h\u00f6kum\u0259tinin t\u0259\u015fkil etdiyi he\u00e7 kimd\u0259 \u015f\u00fcbh\u0259 do\u011furmur.<br \/>\nZat\u0259n, c\u0259nab Prezident senator v\u0259 konqresmenl\u0259rin \u00f6lk\u0259miz haqq\u0131nda yayd\u0131\u011f\u0131 b\u0259dnam m\u0259ktubun ger\u00e7\u0259k m\u00fc\u0259llifinin AB\u015e-\u0131n D\u00f6vl\u0259t Departamenti v\u0259 \u015f\u0259xs\u0259n d\u00f6vl\u0259t katibinin oldu\u011funu a\u00e7\u0131q \u015f\u0259kild\u0259 qeyd etmi\u015fdi.<\/p>\n<p><strong>\u0130ndiki m\u0259rh\u0259l\u0259d\u0259 bu t\u0259zyiql\u0259rin is\u0259 bir m\u0259qs\u0259di var:<\/strong><\/p>\n<p>Erm\u0259nistan\u0131n konstitusiyas\u0131nda d\u0259yi\u015fiklik edilm\u0259d\u0259n, \u00f6lk\u0259miz\u0259 qar\u015f\u0131 \u0259razi iddialar\u0131 aradan qald\u0131r\u0131lmadan yar\u0131m\u00e7\u0131q s\u00fclh m\u00fcqavil\u0259si imzalama\u011fa Az\u0259rbaycan\u0131 m\u0259cbur etm\u0259k, bununla, g\u0259l\u0259c\u0259kd\u0259 C\u0259nubi Qafqazda yenid\u0259n \u0259razi iddias\u0131na s\u00f6yk\u0259n\u0259n m\u00fcnaqi\u015f\u0259 oca\u011f\u0131n\u0131n \u0259sas\u0131n\u0131 qoymaq v\u0259 regionu daim t\u0259sir v\u0259 t\u0259zyiq alt\u0131nda saxlamaq ist\u0259yirl\u0259r.<br \/>\nM\u0259hz bel\u0259 bir t\u0259hl\u00fck\u0259li ssenarini r\u0259dd etidiyimizd\u0259n \u00f6lk\u0259miz\u0259 qar\u015f\u0131 bu c\u00fcr oyunlar oynan\u0131l\u0131r.<\/p>\n<p><em><strong>Lakin yax\u0131n ke\u00e7mi\u015fimiz, x\u00fcsusil\u0259, Z\u0259f\u0259r tarixmiz s\u00fcbut etdi ki, Az\u0259rbaycan xalq\u0131n\u0131n v\u0259 hakimiyy\u0259tinin birliyi v\u0259 g\u00fcc\u00fc qar\u015f\u0131s\u0131nda he\u00e7 bir q\u00fcvv\u0259 m\u0259krli plan\u0131n\u0131 h\u0259yata ke\u00e7ir\u0259 bilm\u0259z v\u0259 bilm\u0259y\u0259c\u0259k!<\/strong><\/em><\/p>\n<p><strong>Azay Quliyev, mill\u0259t v\u0259kili<\/strong><\/p>\n","protected":false},"excerpt":{"rendered":"<p>C\u0259nab Prezidentin Milli M\u0259clisin 23 sentyabrda ke\u00e7iril\u0259n ilk iclas\u0131nda \u00f6lk\u0259miz\u0259 qar\u015f\u0131 yeni h\u00fccum dal\u011fas\u0131n\u0131n v\u0259 qarayaxma kampaniyas\u0131n\u0131n ba\u015flayaca\u011f\u0131 haqq\u0131nda etdiyi x\u0259b\u0259rdarl\u0131\u011f\u0131 ham\u0131m\u0131z yax\u015f\u0131 xat\u0131rlay\u0131r\u0131q. Bu x\u0259b\u0259rdarl\u0131qdan c\u0259mi 1 h\u0259ft\u0259 sonra, y\u0259ni, ke\u00e7\u0259n h\u0259ft\u0259 anti-Az\u0259rbaycan q\u00fcvv\u0259l\u0259rin 3 istiqam\u0259td\u0259 f\u0259alla\u015fd\u0131\u011f\u0131n\u0131n v\u0259 \u00f6lk\u0259miz\u0259 qar\u015f\u0131 total h\u00fccuma ke\u00e7diyinin \u015fahidi olduq. Oktyabr\u0131n 1-d\u0259 A\u015ePA-da Az\u0259rbaycanla ba\u011fl\u0131 birt\u0259r\u0259fli v\u0259 q\u0259r\u0259zli \u015f\u0259kild\u0259 dinl\u0259m\u0259l\u0259r ke\u00e7irildi, oktyabr\u0131n 3-d\u0259 bir qrup senator v\u0259 konqresmen \u00f6lk\u0259mzin milli maraqlar\u0131n\u0131 v\u0259 t\u0259hl\u00fck\u0259sizliyini t\u0259hdid ed\u0259n m\u0259ktub yayd\u0131, oktyabr\u0131n 5-d\u0259 is\u0259 Fransa prezidenti Makron Parisd\u0259 t\u0259\u015fkil etdiyi Beyn\u0259lxalq Frankofoniya T\u0259\u015fkilat\u0131n\u0131 \u00f6lk\u0259mizin \u0259leyhin\u0259 maksimum istifad\u0259 etm\u0259y\u0259&hellip;<\/p>\n","protected":false},"author":2,"featured_media":759487,"comment_status":"closed","ping_status":"closed","sticky":false,"template":"","format":"standard","meta":{"om_disable_all_campaigns":false,"_monsterinsights_skip_tracking":false,"_monsterinsights_sitenote_active":false,"_monsterinsights_sitenote_note":"","_monsterinsights_sitenote_category":0},"categories":[4],"tags":[],"aioseo_notices":[],"gutentor_comment":0,"rttpg_featured_image_url":{"full":["https:\/\/arantv.az\/wp-content\/uploads\/2024\/10\/e88794f47af8ad56edefb805601d2254.jpg",750,500,false],"landscape":["https:\/\/arantv.az\/wp-content\/uploads\/2024\/10\/e88794f47af8ad56edefb805601d2254.jpg",750,500,false],"portraits":["https:\/\/arantv.az\/wp-content\/uploads\/2024\/10\/e88794f47af8ad56edefb805601d2254.jpg",750,500,false],"thumbnail":["https:\/\/arantv.az\/wp-content\/uploads\/2024\/10\/e88794f47af8ad56edefb805601d2254-500x280.jpg",500,280,true],"medium":["https:\/\/arantv.az\/wp-content\/uploads\/2024\/10\/e88794f47af8ad56edefb805601d2254-548x365.jpg",548,365,true],"large":["https:\/\/arantv.az\/wp-content\/uploads\/2024\/10\/e88794f47af8ad56edefb805601d2254.jpg",640,427,false],"1536x1536":["https:\/\/arantv.az\/wp-content\/uploads\/2024\/10\/e88794f47af8ad56edefb805601d2254.jpg",750,500,false],"2048x2048":["https:\/\/arantv.az\/wp-content\/uploads\/2024\/10\/e88794f47af8ad56edefb805601d2254.jpg",750,500,false],"post-thumbnail":["https:\/\/arantv.az\/wp-content\/uploads\/2024\/10\/e88794f47af8ad56edefb805601d2254-240x172.jpg",240,172,true],"advps-thumb-one":["https:\/\/arantv.az\/wp-content\/uploads\/2024\/10\/e88794f47af8ad56edefb805601d2254.jpg",750,500,false]},"rttpg_author":{"display_name":"V\u00fcsal Rafiqo\u011flu","author_link":"https:\/\/arantv.az\/?author=2"},"rttpg_comment":0,"rttpg_category":"<a href=\"https:\/\/arantv.az\/?cat=4\" rel=\"category\">Siyas\u0259t<\/a>","rttpg_excerpt":"C\u0259nab Prezidentin Milli M\u0259clisin 23 sentyabrda ke\u00e7iril\u0259n ilk iclas\u0131nda \u00f6lk\u0259miz\u0259 qar\u015f\u0131 yeni h\u00fccum dal\u011fas\u0131n\u0131n v\u0259 qarayaxma kampaniyas\u0131n\u0131n ba\u015flayaca\u011f\u0131 haqq\u0131nda etdiyi x\u0259b\u0259rdarl\u0131\u011f\u0131 ham\u0131m\u0131z yax\u015f\u0131 xat\u0131rlay\u0131r\u0131q. Bu x\u0259b\u0259rdarl\u0131qdan c\u0259mi 1 h\u0259ft\u0259 sonra, y\u0259ni, ke\u00e7\u0259n h\u0259ft\u0259 anti-Az\u0259rbaycan q\u00fcvv\u0259l\u0259rin 3 istiqam\u0259td\u0259 f\u0259alla\u015fd\u0131\u011f\u0131n\u0131n v\u0259 \u00f6lk\u0259miz\u0259 qar\u015f\u0131 total h\u00fccuma ke\u00e7diyinin \u015fahidi olduq. Oktyabr\u0131n 1-d\u0259 A\u015ePA-da Az\u0259rbaycanla ba\u011fl\u0131 birt\u0259r\u0259fli v\u0259 q\u0259r\u0259zli \u015f\u0259kild\u0259&hellip;","_links":{"self":[{"href":"https:\/\/arantv.az\/index.php?rest_route=\/wp\/v2\/posts\/759486"}],"collection":[{"href":"https:\/\/arantv.az\/index.php?rest_route=\/wp\/v2\/posts"}],"about":[{"href":"https:\/\/arantv.az\/index.php?rest_route=\/wp\/v2\/types\/post"}],"author":[{"embeddable":true,"href":"https:\/\/arantv.az\/index.php?rest_route=\/wp\/v2\/users\/2"}],"replies":[{"embeddable":true,"href":"https:\/\/arantv.az\/index.php?rest_route=%2Fwp%2Fv2%2Fcomments&post=759486"}],"version-history":[{"count":1,"href":"https:\/\/arantv.az\/index.php?rest_route=\/wp\/v2\/posts\/759486\/revisions"}],"predecessor-version":[{"id":759488,"href":"https:\/\/arantv.az\/index.php?rest_route=\/wp\/v2\/posts\/759486\/revisions\/759488"}],"wp:featuredmedia":[{"embeddable":true,"href":"https:\/\/arantv.az\/index.php?rest_route=\/wp\/v2\/media\/759487"}],"wp:attachment":[{"href":"https:\/\/arantv.az\/index.php?rest_route=%2Fwp%2Fv2%2Fmedia&parent=759486"}],"wp:term":[{"taxonomy":"category","embeddable":true,"href":"https:\/\/arantv.az\/index.php?rest_route=%2Fwp%2Fv2%2Fcategories&post=759486"},{"taxonomy":"post_tag","embeddable":true,"href":"https:\/\/arantv.az\/index.php?rest_route=%2Fwp%2Fv2%2Ftags&post=759486"}],"curies":[{"name":"wp","href":"https:\/\/api.w.org\/{rel}","templated":true}]}}