{"id":759511,"date":"2024-10-08T13:55:57","date_gmt":"2024-10-08T09:55:57","guid":{"rendered":"https:\/\/arantv.az\/?p=759511"},"modified":"2024-10-08T13:55:57","modified_gmt":"2024-10-08T09:55:57","slug":"abs-in-bolg%c9%99d%c9%99-yenid%c9%99n-munaqis%c9%99-yaratmaq-c%c9%99hdl%c9%99ri-iflasa-m%c9%99hkumdur","status":"publish","type":"post","link":"https:\/\/arantv.az\/?p=759511","title":{"rendered":"AB\u015e-\u0131n b\u00f6lg\u0259d\u0259 yenid\u0259n m\u00fcnaqi\u015f\u0259 yaratmaq c\u0259hdl\u0259ri iflasa m\u0259hkumdur"},"content":{"rendered":"<p>Torpaqlar\u0131m\u0131z\u0131n i\u015f\u011fal\u0131n\u0131n davam etdiyi 30 il\u0259 yax\u0131n m\u00fcdd\u0259td\u0259 Erm\u0259nistan\u0131n cinay\u0259tl\u0259rini tam s\u00fckutla qar\u015f\u0131layan AB\u015e Az\u0259rbaycan\u0131n erm\u0259ni separatizmin\u0259 son qoymas\u0131ndan sonra hans\u0131sa h\u00fcquqlardan d\u0259m vurma\u011fa ba\u015flay\u0131b. \u00d6lk\u0259miz olduqca n\u00fcfuzlu d\u00fcnyamiqyasl\u0131 t\u0259dbir\u0259 ev sahibliyi h\u00fcququ \u0259ld\u0259 etdikd\u0259n d\u0259rhal sonra biz h\u0259m Avropa institutlar\u0131n\u0131n, h\u0259m d\u0259 AB\u015e-\u0131n yeni t\u0259zyiq dal\u011fas\u0131 il\u0259 \u00fczl\u0259\u015fmi\u015fik. Q\u0259rb dair\u0259l\u0259ri b\u00fct\u00fcn imkanlar\u0131 il\u0259 COP-29 t\u0259dbiri \u00f6nc\u0259si diqq\u0259tl\u0259ri iqlim d\u0259yi\u015fikliyind\u0259n yay\u0131nd\u0131rma\u011fa c\u0259hd edirl\u0259r. Bu c\u0259hdl\u0259rin arxas\u0131nda duran \u0259sas g\u00fcc is\u0259 AB\u015e-d\u0131r.<\/p>\n<p>Bir ne\u00e7\u0259 g\u00fcn \u0259vv\u0259l Amerika Konqresinin 60 erm\u0259nip\u0259r\u0259st konqresmeninin Az\u0259rbaycana n\u00f6vb\u0259ti sanksiyalar t\u0259tbiq etm\u0259k \u00fc\u00e7\u00fcn Amerika h\u00f6kum\u0259tin\u0259 m\u00fcraci\u0259t etm\u0259si d\u0259 bunun bariz s\u00fcbutudur. Bel\u0259 ki, oktyabr\u0131n 3-d\u0259 bir qrup konqresmen AB\u015e D\u00f6vl\u0259t katibi Antoni Blinken\u0259 m\u0259ktub yazaraq Az\u0259rbaycana qar\u015f\u0131 q\u0259buledilm\u0259z m\u00f6vqe ifad\u0259 edibl\u0259r. Konqresmenl\u0259r Az\u0259rbaycan\u0131n BMT-nin \u0130qlim D\u0259yi\u015fm\u0259l\u0259ri \u00fczr\u0259 \u00c7\u0259r\u00e7iv\u0259 Konvensiyas\u0131n\u0131n T\u0259r\u0259f D\u00f6vl\u0259tl\u0259rin 29-cu g\u00f6r\u00fc\u015f\u00fcn\u0259 (COP29) ev sahibliyi etm\u0259sind\u0259n istifad\u0259 ed\u0259r\u0259k, Erm\u0259nistan\u0131n g\u00fcnd\u0259liyin\u0259 v\u0259 regionda yenid\u0259n m\u00fcnaqi\u015f\u0259 yaratma\u011fa xidm\u0259t ed\u0259n b\u00fct\u00fcn m\u0259s\u0259l\u0259l\u0259rin, o c\u00fcml\u0259d\u0259n m\u00fcharib\u0259 cinay\u0259tl\u0259rin\u0259 g\u00f6r\u0259 m\u0259suliyy\u0259t da\u015f\u0131yanlar\u0131n azadl\u0131\u011fa burax\u0131lmas\u0131 kimi beyn\u0259lxalq h\u00fcquqa zidd m\u0259s\u0259l\u0259l\u0259rin ir\u0259lil\u0259dilm\u0259sin\u0259 \u00e7al\u0131\u015f\u0131blar.<\/p>\n<p>AB\u015e konqresmenl\u0259rinin h\u00f6kum\u0259t\u0259 Az\u0259rbaycana qar\u015f\u0131 sanksiyalar\u0131n t\u0259tbiq olunmas\u0131 il\u0259 ba\u011fl\u0131 m\u00fcraci\u0259t etm\u0259l\u0259rinin yaln\u0131z bir ad\u0131 var: riyakarl\u0131q. \u018flb\u0259tt\u0259, Az\u0259rbaycana qar\u015f\u0131 ortaya qoyulan bu \u00e7irkin \u0259m\u0259ll\u0259r \u00f6lk\u0259mizi \u00f6z yolundan d\u00f6nd\u0259r\u0259 bilm\u0259z.\u00a0 Bunu tarix d\u0259 s\u00fcbut edib. Prezident \u0130lham \u018fliyevin oktyabr\u0131n 4-d\u0259 C\u0259bray\u0131l \u015f\u0259h\u0259rind\u0259 b\u0259yan etdiyi kimi, bu, bizim irad\u0259miz\u0259 t\u0259sir ed\u0259 bilm\u0259z:\u00a0\u201cAmerika Konqresinin 60 erm\u0259nip\u0259r\u0259st konqresmeni Az\u0259rbaycana n\u00f6vb\u0259ti sanksiyalar t\u0259tbiq etm\u0259k \u00fc\u00e7\u00fcn Amerika h\u00f6kum\u0259tin\u0259 m\u00fcraci\u0259t etmi\u015fdir. S\u0259h\u0259r m\u0259n o m\u00fcraci\u0259ti v\u0259r\u0259ql\u0259dim, \u00e7irkin bir m\u00fcraci\u0259tdir, bizim irad\u0259miz\u0259 t\u0259sir ed\u0259 bilm\u0259z. Ancaq bu, n\u0259yi g\u00f6st\u0259rir, biz\u0259 qar\u015f\u0131 olan d\u00fc\u015fm\u0259n\u00e7ilik siyas\u0259ti dayanm\u0131r. O m\u00fcraci\u0259t\u0259 baxd\u0131qda m\u0259n t\u0259xmin etdim ki, bunun m\u00fc\u0259llifi d\u0259, \u00fcnvan\u0131 da birdir. \u00c7\u00fcnki bunun \u00fcnvan\u0131 Amerika D\u00f6vl\u0259t Departamentinin D\u00f6vl\u0259t katibidir. Amma m\u0259nd\u0259 bir z\u0259rr\u0259 q\u0259d\u0259r \u015f\u00fcbh\u0259 yoxdur ki, bu m\u00fcraci\u0259t Amerika D\u00f6vl\u0259t Departamentind\u0259 d\u0259 yaz\u0131l\u0131r. Y\u0259ni, \u00f6zl\u0259ri \u00f6zl\u0259rin\u0259 m\u0259ktub yaz\u0131rlar, bizi h\u0259d\u0259l\u0259m\u0259k \u00fc\u00e7\u00fcn, bizi ittiham etm\u0259k \u00fc\u00e7\u00fcn. Ax\u0131, biz n\u0259 etmi\u015fik? Biz \u00f6z do\u011fma torpaqlar\u0131m\u0131z\u0131 azad etmi\u015fik. Burada erm\u0259ni ya\u015fay\u0131b? Yox, siz &#8211; C\u0259bray\u0131l\u0131n sakinl\u0259ri\u201d.<\/p>\n<p>&nbsp;<\/p>\n<p>\u018fslind\u0259, bu, Konqres t\u0259r\u0259find\u0259n\u00a0 ilk bel\u0259 hal deyil. Qeyd etdiyimiz kimi, AB\u015e Konqresinin Erm\u0259nistana lobbi\u00e7ilik ed\u0259n \u00fczvl\u0259ri vaxta\u015f\u0131r\u0131 olaraq Az\u0259rbaycana qar\u015f\u0131 q\u0259r\u0259zli m\u00f6vqe s\u0259rgil\u0259yirl\u0259r. H\u0259min konqresmenl\u0259rin AB\u015e-dak\u0131 erm\u0259ni t\u0259\u015fkilat\u0131 olan Amerika Erm\u0259ni Milli Konqresi (ANCA) t\u0259r\u0259find\u0259n maliyy\u0259 d\u0259st\u0259yi almas\u0131 h\u0259r k\u0259s\u0259 m\u0259lumdur. Az\u0259rbaycan \u0259razi b\u00fct\u00f6vl\u00fcy\u00fcn\u00fc v\u0259 suverenliyini b\u0259rpa etdikd\u0259n sonra Erm\u0259nistana havadarl\u0131q ed\u0259n beyn\u0259lxalq dair\u0259l\u0259r aras\u0131nda AB\u015e konqresmenl\u0259ri d\u0259 \u201cf\u0259all\u0131qlar\u0131\u201d il\u0259 se\u00e7ilirl\u0259r. Erm\u0259ni lobbisinin maliyy\u0259si il\u0259 f\u0259aliyy\u0259t g\u00f6st\u0259r\u0259n q\u00fcvv\u0259l\u0259r COP29-u Az\u0259rbaycana qar\u015f\u0131 q\u0259r\u0259zli kampaniya aparmaq \u00fc\u00e7\u00fcn \u201cf\u00fcrs\u0259t\u201d kimi g\u00f6r\u00fcrl\u0259r. \u201cEurovision-2012\u201d mahn\u0131 yar\u0131\u015fmas\u0131 v\u0259 dig\u0259r t\u0259dbirl\u0259r \u0259r\u0259f\u0259sind\u0259 d\u0259 bel\u0259 c\u0259hdl\u0259r edilmi\u015fdi. Tarix g\u00f6st\u0259rir ki, daim Erm\u0259nistan\u0131n suverenliyi v\u0259 \u0259razi b\u00fct\u00f6vl\u00fcy\u00fcnd\u0259n d\u0259m vuran konqresmenl\u0259r birc\u0259 d\u0259f\u0259 olsun Az\u0259rbaycan\u0131n suverenliyi v\u0259 \u0259razi b\u00fct\u00f6vl\u00fcy\u00fcn\u0259 h\u00f6rm\u0259td\u0259n dan\u0131\u015fmay\u0131blar. Az\u0259rbaycan\u0131 \u201cetnik t\u0259mizl\u0259m\u0259\u201dd\u0259 ittiham ed\u0259n konqresmenl\u0259r n\u0259 \u00fc\u00e7\u00fcn Erm\u0259nistandan b\u00fct\u00fcn az\u0259rbaycanl\u0131lar\u0131n deportasiya edilm\u0259sin\u0259, Q\u0259rbi Az\u0259rbaycan \u0130cmas\u0131n\u0131n el\u0259 h\u0259min Antoni Blinken\u0259 \u00fcnvanlad\u0131\u011f\u0131 m\u00fcraci\u0259tl\u0259r\u0259 he\u00e7 bir reaksiya vermirl\u0259r?\u00a0 Az\u0259rbaycan\u0131 s\u00fclh m\u00fcqavil\u0259sini imzalama\u011f\u0131 ist\u0259m\u0259m\u0259kd\u0259 ittiham ed\u0259n konqresmenl\u0259r n\u0259 \u00fc\u00e7\u00fcn s\u00fclh m\u00fcqavil\u0259si t\u0259\u015f\u0259bb\u00fcs\u00fcn\u00fcn m\u0259hz Az\u0259rbaycandan g\u0259ldiyini, el\u0259 onun m\u0259tninin d\u0259 m\u0259hz Az\u0259rbaycan t\u0259r\u0259find\u0259n t\u0259rtib edildiyini \u201cyaddan\u201d \u00e7\u0131xar\u0131r, Erm\u0259nistan Konstitusiyas\u0131nda h\u0259l\u0259 d\u0259 \u00f6lk\u0259miz\u0259 qar\u015f\u0131 \u0259razi iddias\u0131n\u0131n yer almas\u0131n\u0131 pisl\u0259mirl\u0259r?<\/p>\n<p>Art\u0131q d\u0259fn edilmi\u015f Minsk qrupunun h\u0259ms\u0259dri olan AB\u015e he\u00e7 vaxt \u00f6z m\u0259suliyy\u0259tini d\u0259rk etm\u0259yib, Az\u0259rbaycan torpaqlar\u0131n\u0131n i\u015f\u011fal alt\u0131nda qalmas\u0131na \u00e7al\u0131\u015f\u0131b. AB\u015e-\u0131n g\u00f6z\u00fc qar\u015f\u0131s\u0131nda vaxtil\u0259 i\u015f\u011fal edilmi\u015f \u0259razil\u0259rd\u0259 Az\u0259rbaycan xalq\u0131n\u0131n m\u0259d\u0259ni irsi, m\u0259scidl\u0259ri, tarixi abid\u0259l\u0259ri da\u011f\u0131d\u0131l\u0131b, t\u0259hqir edilib, b\u00fct\u00f6v \u015f\u0259h\u0259rl\u0259r v\u0259 k\u0259ndl\u0259r yer \u00fcz\u00fcnd\u0259n silinib. AB\u015e Erm\u0259nistan\u0131n bu barbarl\u0131q \u0259m\u0259ll\u0259rini he\u00e7 vaxt pisl\u0259m\u0259yib. G\u00f6r\u00fcn\u0259n odur ki, AB\u015e Konqresi n\u0259y\u0259 g\u00f6r\u0259s\u0259 otuz il \u0259rzind\u0259 torpaqlar\u0131 i\u015f\u011fal alt\u0131nda qalan, \u0259razil\u0259ri da\u011f\u0131d\u0131lm\u0131\u015f, dinc insanlar\u0131 q\u0259tl\u0259 yetirilmi\u015f \u00f6lk\u0259nin Az\u0259rbaycan oldu\u011funu unudur.<\/p>\n<p>Erm\u0259nistandan b\u00fct\u00fcn az\u0259rbaycanl\u0131lar\u0131n deportasiya edilm\u0259sin\u0259 s\u0259ssiz qalan, 30 ild\u0259n art\u0131qd\u0131r ki, taleyi bilinm\u0259y\u0259n 4 min az\u0259rbaycanl\u0131 itkinl\u0259 ba\u011fl\u0131 bir d\u0259f\u0259 d\u0259 olsun s\u0259sini \u00e7\u0131xarmayan AB\u015e Konqresinin indi bizi n\u0259d\u0259 is\u0259 ittiham etm\u0259y\u0259 n\u0259 h\u00fcququ, n\u0259 d\u0259 haqq\u0131 \u00e7atm\u0131r. \u00c7\u00fcnki insan h\u00fcquqlar\u0131ndan d\u0259m vuran AB\u015e \u0259n m\u00fch\u00fcm insan h\u00fcquqlar\u0131 konvensiyalar\u0131na qo\u015fulmam\u0131\u015fd\u0131r. BMT-nin \u0130\u015fg\u0259nc\u0259l\u0259r\u0259 qar\u015f\u0131 x\u00fcsusi m\u0259ruz\u0259\u00e7isini uzun ill\u0259r Quantanamoya buraxmayan h\u0259min AB\u015e-d\u0131r. Saxta \u0259saslarla insan h\u00fcquqlar\u0131 v\u0259 beyn\u0259lxalq humanitar h\u00fcquqa riay\u0259t edilm\u0259si sah\u0259sind\u0259 Az\u0259rbaycana iradlar ir\u0259li s\u00fcr\u0259n m\u00fcraci\u0259tin m\u00fc\u0259llifl\u0259rin\u0259 AB\u015e-\u0131n \u0130raq, \u018ffqan\u0131stan v\u0259 d\u00fcnyan\u0131n dig\u0259r m\u00fcxt\u0259lif b\u00f6lg\u0259l\u0259rind\u0259 t\u00f6r\u0259tdiyi m\u00fcharib\u0259l\u0259r zaman\u0131 milyonlarla dinc insan\u0131n h\u0259lak oldu\u011funu, \u00e7oxlu sayda insan\u0131n i\u015fg\u0259nc\u0259y\u0259 m\u0259ruz qalmas\u0131 v\u0259 h\u00fcquqi proses olmadan onlara c\u0259za verilm\u0259si d\u0259 tarixin yadda\u015f\u0131ndad\u0131r.<\/p>\n<p>Az\u0259rbaycan t\u0259r\u0259fi h\u0259mi\u015f\u0259 ikit\u0259r\u0259fli m\u00fcnasib\u0259tl\u0259rin ir\u0259li apar\u0131lmas\u0131 \u00fc\u00e7\u00fcn s\u0259bir v\u0259 t\u0259mkin n\u00fcmayi\u015f etdir\u0259r\u0259k, iki \u00f6lk\u0259 aras\u0131nda qar\u015f\u0131l\u0131ql\u0131 maraq do\u011furan m\u0259s\u0259l\u0259l\u0259r \u00fczr\u0259 t\u0259r\u0259fda\u015fl\u0131\u011f\u0131 davam etdirm\u0259k v\u0259 inki\u015faf etdirm\u0259k x\u0259ttini tutubdur.\u00a0Yax\u015f\u0131 olar ki, b\u00fct\u00fcn bunlar\u0131 n\u0259z\u0259r\u0259 alan Amerika Birl\u0259\u015fmi\u015f \u015etatlar\u0131 Az\u0259rbaycana qar\u015f\u0131 \u015fantaj v\u0259 irqi ayr\u0131-se\u00e7kilik siyas\u0259tini, el\u0259c\u0259 d\u0259 regionda yeni m\u00fcnaqi\u015f\u0259 yaratmaq c\u0259hdl\u0259rini dayand\u0131rs\u0131n.<\/p>\n<p><strong>Yaqut A\u011fa\u015fahq\u0131z\u0131, \u201c\u0130ki sahil\u201d<\/strong><\/p>\n","protected":false},"excerpt":{"rendered":"<p>Torpaqlar\u0131m\u0131z\u0131n i\u015f\u011fal\u0131n\u0131n davam etdiyi 30 il\u0259 yax\u0131n m\u00fcdd\u0259td\u0259 Erm\u0259nistan\u0131n cinay\u0259tl\u0259rini tam s\u00fckutla qar\u015f\u0131layan AB\u015e Az\u0259rbaycan\u0131n erm\u0259ni separatizmin\u0259 son qoymas\u0131ndan sonra hans\u0131sa h\u00fcquqlardan d\u0259m vurma\u011fa ba\u015flay\u0131b. \u00d6lk\u0259miz olduqca n\u00fcfuzlu d\u00fcnyamiqyasl\u0131 t\u0259dbir\u0259 ev sahibliyi h\u00fcququ \u0259ld\u0259 etdikd\u0259n d\u0259rhal sonra biz h\u0259m Avropa institutlar\u0131n\u0131n, h\u0259m d\u0259 AB\u015e-\u0131n yeni t\u0259zyiq dal\u011fas\u0131 il\u0259 \u00fczl\u0259\u015fmi\u015fik. Q\u0259rb dair\u0259l\u0259ri b\u00fct\u00fcn imkanlar\u0131 il\u0259 COP-29 t\u0259dbiri \u00f6nc\u0259si diqq\u0259tl\u0259ri iqlim d\u0259yi\u015fikliyind\u0259n yay\u0131nd\u0131rma\u011fa c\u0259hd edirl\u0259r. Bu c\u0259hdl\u0259rin arxas\u0131nda duran \u0259sas g\u00fcc is\u0259 AB\u015e-d\u0131r. Bir ne\u00e7\u0259 g\u00fcn \u0259vv\u0259l Amerika Konqresinin 60 erm\u0259nip\u0259r\u0259st konqresmeninin Az\u0259rbaycana n\u00f6vb\u0259ti sanksiyalar t\u0259tbiq etm\u0259k \u00fc\u00e7\u00fcn Amerika h\u00f6kum\u0259tin\u0259 m\u00fcraci\u0259t etm\u0259si&hellip;<\/p>\n","protected":false},"author":2,"featured_media":759512,"comment_status":"closed","ping_status":"closed","sticky":false,"template":"","format":"standard","meta":{"om_disable_all_campaigns":false,"_monsterinsights_skip_tracking":false,"_monsterinsights_sitenote_active":false,"_monsterinsights_sitenote_note":"","_monsterinsights_sitenote_category":0},"categories":[19],"tags":[],"aioseo_notices":[],"gutentor_comment":0,"rttpg_featured_image_url":{"full":["https:\/\/arantv.az\/wp-content\/uploads\/2024\/10\/c629a1a0172828964948301652510255819.jpg",975,540,false],"landscape":["https:\/\/arantv.az\/wp-content\/uploads\/2024\/10\/c629a1a0172828964948301652510255819.jpg",975,540,false],"portraits":["https:\/\/arantv.az\/wp-content\/uploads\/2024\/10\/c629a1a0172828964948301652510255819.jpg",975,540,false],"thumbnail":["https:\/\/arantv.az\/wp-content\/uploads\/2024\/10\/c629a1a0172828964948301652510255819-500x280.jpg",500,280,true],"medium":["https:\/\/arantv.az\/wp-content\/uploads\/2024\/10\/c629a1a0172828964948301652510255819-660x365.jpg",660,365,true],"large":["https:\/\/arantv.az\/wp-content\/uploads\/2024\/10\/c629a1a0172828964948301652510255819-840x465.jpg",640,354,true],"1536x1536":["https:\/\/arantv.az\/wp-content\/uploads\/2024\/10\/c629a1a0172828964948301652510255819.jpg",975,540,false],"2048x2048":["https:\/\/arantv.az\/wp-content\/uploads\/2024\/10\/c629a1a0172828964948301652510255819.jpg",975,540,false],"post-thumbnail":["https:\/\/arantv.az\/wp-content\/uploads\/2024\/10\/c629a1a0172828964948301652510255819-240x172.jpg",240,172,true],"advps-thumb-one":["https:\/\/arantv.az\/wp-content\/uploads\/2024\/10\/c629a1a0172828964948301652510255819.jpg",975,540,false]},"rttpg_author":{"display_name":"V\u00fcsal Rafiqo\u011flu","author_link":"https:\/\/arantv.az\/?author=2"},"rttpg_comment":0,"rttpg_category":"<a href=\"https:\/\/arantv.az\/?cat=19\" rel=\"category\">G\u00fcnd\u0259m<\/a>","rttpg_excerpt":"Torpaqlar\u0131m\u0131z\u0131n i\u015f\u011fal\u0131n\u0131n davam etdiyi 30 il\u0259 yax\u0131n m\u00fcdd\u0259td\u0259 Erm\u0259nistan\u0131n cinay\u0259tl\u0259rini tam s\u00fckutla qar\u015f\u0131layan AB\u015e Az\u0259rbaycan\u0131n erm\u0259ni separatizmin\u0259 son qoymas\u0131ndan sonra hans\u0131sa h\u00fcquqlardan d\u0259m vurma\u011fa ba\u015flay\u0131b. \u00d6lk\u0259miz olduqca n\u00fcfuzlu d\u00fcnyamiqyasl\u0131 t\u0259dbir\u0259 ev sahibliyi h\u00fcququ \u0259ld\u0259 etdikd\u0259n d\u0259rhal sonra biz h\u0259m Avropa institutlar\u0131n\u0131n, h\u0259m d\u0259 AB\u015e-\u0131n yeni t\u0259zyiq dal\u011fas\u0131 il\u0259 \u00fczl\u0259\u015fmi\u015fik. Q\u0259rb dair\u0259l\u0259ri b\u00fct\u00fcn imkanlar\u0131 il\u0259 COP-29&hellip;","_links":{"self":[{"href":"https:\/\/arantv.az\/index.php?rest_route=\/wp\/v2\/posts\/759511"}],"collection":[{"href":"https:\/\/arantv.az\/index.php?rest_route=\/wp\/v2\/posts"}],"about":[{"href":"https:\/\/arantv.az\/index.php?rest_route=\/wp\/v2\/types\/post"}],"author":[{"embeddable":true,"href":"https:\/\/arantv.az\/index.php?rest_route=\/wp\/v2\/users\/2"}],"replies":[{"embeddable":true,"href":"https:\/\/arantv.az\/index.php?rest_route=%2Fwp%2Fv2%2Fcomments&post=759511"}],"version-history":[{"count":1,"href":"https:\/\/arantv.az\/index.php?rest_route=\/wp\/v2\/posts\/759511\/revisions"}],"predecessor-version":[{"id":759513,"href":"https:\/\/arantv.az\/index.php?rest_route=\/wp\/v2\/posts\/759511\/revisions\/759513"}],"wp:featuredmedia":[{"embeddable":true,"href":"https:\/\/arantv.az\/index.php?rest_route=\/wp\/v2\/media\/759512"}],"wp:attachment":[{"href":"https:\/\/arantv.az\/index.php?rest_route=%2Fwp%2Fv2%2Fmedia&parent=759511"}],"wp:term":[{"taxonomy":"category","embeddable":true,"href":"https:\/\/arantv.az\/index.php?rest_route=%2Fwp%2Fv2%2Fcategories&post=759511"},{"taxonomy":"post_tag","embeddable":true,"href":"https:\/\/arantv.az\/index.php?rest_route=%2Fwp%2Fv2%2Ftags&post=759511"}],"curies":[{"name":"wp","href":"https:\/\/api.w.org\/{rel}","templated":true}]}}