{"id":759518,"date":"2024-10-08T14:30:27","date_gmt":"2024-10-08T10:30:27","guid":{"rendered":"https:\/\/arantv.az\/?p=759518"},"modified":"2024-10-08T14:30:27","modified_gmt":"2024-10-08T10:30:27","slug":"prezident-ilham-%c9%99liyev-az%c9%99rbaycan-il%c9%99-rusiya-arasinda-ikit%c9%99r%c9%99fli-munasib%c9%99tl%c9%99rin-dinamikasi-kifay%c9%99t-q%c9%99d%c9%99r-n%c9%99z%c9%99r%c9%99-carpir","status":"publish","type":"post","link":"https:\/\/arantv.az\/?p=759518","title":{"rendered":"Prezident \u0130lham \u018fliyev: Az\u0259rbaycan il\u0259 Rusiya aras\u0131nda ikit\u0259r\u0259fli m\u00fcnasib\u0259tl\u0259rin dinamikas\u0131 kifay\u0259t q\u0259d\u0259r n\u0259z\u0259r\u0259 \u00e7arp\u0131r"},"content":{"rendered":"<div class=\"text-content\" data-id=\"\" data-url=\"\">\n<p><strong>Az\u0259rbaycan il\u0259 Rusiya aras\u0131nda ikit\u0259r\u0259fli m\u00fcnasib\u0259tl\u0259rin dinamikas\u0131 Prezident Vladimir Putinin Bak\u0131ya d\u00f6vl\u0259t s\u0259f\u0259rind\u0259n sonra kifay\u0259t q\u0259d\u0259r n\u0259z\u0259r\u0259 \u00e7arp\u0131r.<\/strong><\/p>\n<p><strong>ARANTV.AZ <\/strong>\u00a0x\u0259b\u0259r verir ki, bu bar\u0259d\u0259 Az\u0259rbaycan Prezidenti \u0130lham \u018fliyev Rusiya Prezidenti Vladimir Putinl\u0259 g\u00f6r\u00fc\u015fd\u0259 bildirib.<\/p>\n<p>D\u00f6vl\u0259t ba\u015f\u00e7\u0131s\u0131 qeyd edib: \u201cSizin d\u00f6vl\u0259t s\u0259f\u0259rinizd\u0259n sonra ikit\u0259r\u0259fli m\u00fcnasib\u0259tl\u0259rimizin dinamikas\u0131 kifay\u0259t q\u0259d\u0259r n\u0259z\u0259r\u0259 \u00e7arp\u0131r. M\u00fcxt\u0259lif strukturlar\u0131n n\u00fcmay\u0259nd\u0259l\u0259ri s\u0259viyy\u0259sind\u0259 avqust ay\u0131nda Bak\u0131da \u0259ld\u0259 olunmu\u015f q\u0259rarlar\u0131n tamamlanmas\u0131 \u00e7\u0259r\u00e7iv\u0259sind\u0259 h\u00f6kum\u0259t \u00fczvl\u0259ri aras\u0131nda art\u0131q \u00e7oxlu t\u0259maslar olub\u201d.<\/p>\n<p><iframe loading=\"lazy\" id=\"telegram-post-TVmusavat-97837\" src=\"https:\/\/t.me\/TVmusavat\/97837?embed=1\" width=\"100%\" height=\"\" frameborder=\"0\" scrolling=\"no\" data-mce-fragment=\"1\"><\/iframe><\/p>\n<\/div>\n<div><\/div>\n<div><\/div>\n<div class=\"inner-social-box\">\n<div class=\"subs-in-social subs-whatsapp\"><\/div>\n<\/div>\n","protected":false},"excerpt":{"rendered":"<p>Az\u0259rbaycan il\u0259 Rusiya aras\u0131nda ikit\u0259r\u0259fli m\u00fcnasib\u0259tl\u0259rin dinamikas\u0131 Prezident Vladimir Putinin Bak\u0131ya d\u00f6vl\u0259t s\u0259f\u0259rind\u0259n sonra kifay\u0259t q\u0259d\u0259r n\u0259z\u0259r\u0259 \u00e7arp\u0131r. ARANTV.AZ \u00a0x\u0259b\u0259r verir ki, bu bar\u0259d\u0259 Az\u0259rbaycan Prezidenti \u0130lham \u018fliyev Rusiya Prezidenti Vladimir Putinl\u0259 g\u00f6r\u00fc\u015fd\u0259 bildirib. D\u00f6vl\u0259t ba\u015f\u00e7\u0131s\u0131 qeyd edib: \u201cSizin d\u00f6vl\u0259t s\u0259f\u0259rinizd\u0259n sonra ikit\u0259r\u0259fli m\u00fcnasib\u0259tl\u0259rimizin dinamikas\u0131 kifay\u0259t q\u0259d\u0259r n\u0259z\u0259r\u0259 \u00e7arp\u0131r. M\u00fcxt\u0259lif strukturlar\u0131n n\u00fcmay\u0259nd\u0259l\u0259ri s\u0259viyy\u0259sind\u0259 avqust ay\u0131nda Bak\u0131da \u0259ld\u0259 olunmu\u015f q\u0259rarlar\u0131n tamamlanmas\u0131 \u00e7\u0259r\u00e7iv\u0259sind\u0259 h\u00f6kum\u0259t \u00fczvl\u0259ri aras\u0131nda art\u0131q \u00e7oxlu t\u0259maslar olub\u201d.<\/p>\n","protected":false},"author":2,"featured_media":759519,"comment_status":"closed","ping_status":"closed","sticky":false,"template":"","format":"standard","meta":{"om_disable_all_campaigns":false,"_monsterinsights_skip_tracking":false,"_monsterinsights_sitenote_active":false,"_monsterinsights_sitenote_note":"","_monsterinsights_sitenote_category":0},"categories":[4],"tags":[],"aioseo_notices":[],"gutentor_comment":0,"rttpg_featured_image_url":{"full":["https:\/\/arantv.az\/wp-content\/uploads\/2024\/10\/314834da5178033728093b765c04e2ca.jpg",850,500,false],"landscape":["https:\/\/arantv.az\/wp-content\/uploads\/2024\/10\/314834da5178033728093b765c04e2ca.jpg",850,500,false],"portraits":["https:\/\/arantv.az\/wp-content\/uploads\/2024\/10\/314834da5178033728093b765c04e2ca.jpg",850,500,false],"thumbnail":["https:\/\/arantv.az\/wp-content\/uploads\/2024\/10\/314834da5178033728093b765c04e2ca-500x280.jpg",500,280,true],"medium":["https:\/\/arantv.az\/wp-content\/uploads\/2024\/10\/314834da5178033728093b765c04e2ca-621x365.jpg",621,365,true],"large":["https:\/\/arantv.az\/wp-content\/uploads\/2024\/10\/314834da5178033728093b765c04e2ca-840x494.jpg",640,376,true],"1536x1536":["https:\/\/arantv.az\/wp-content\/uploads\/2024\/10\/314834da5178033728093b765c04e2ca.jpg",850,500,false],"2048x2048":["https:\/\/arantv.az\/wp-content\/uploads\/2024\/10\/314834da5178033728093b765c04e2ca.jpg",850,500,false],"post-thumbnail":["https:\/\/arantv.az\/wp-content\/uploads\/2024\/10\/314834da5178033728093b765c04e2ca-240x172.jpg",240,172,true],"advps-thumb-one":["https:\/\/arantv.az\/wp-content\/uploads\/2024\/10\/314834da5178033728093b765c04e2ca.jpg",850,500,false]},"rttpg_author":{"display_name":"V\u00fcsal Rafiqo\u011flu","author_link":"https:\/\/arantv.az\/?author=2"},"rttpg_comment":0,"rttpg_category":"<a href=\"https:\/\/arantv.az\/?cat=4\" rel=\"category\">Siyas\u0259t<\/a>","rttpg_excerpt":"Az\u0259rbaycan il\u0259 Rusiya aras\u0131nda ikit\u0259r\u0259fli m\u00fcnasib\u0259tl\u0259rin dinamikas\u0131 Prezident Vladimir Putinin Bak\u0131ya d\u00f6vl\u0259t s\u0259f\u0259rind\u0259n sonra kifay\u0259t q\u0259d\u0259r n\u0259z\u0259r\u0259 \u00e7arp\u0131r. ARANTV.AZ \u00a0x\u0259b\u0259r verir ki, bu bar\u0259d\u0259 Az\u0259rbaycan Prezidenti \u0130lham \u018fliyev Rusiya Prezidenti Vladimir Putinl\u0259 g\u00f6r\u00fc\u015fd\u0259 bildirib. D\u00f6vl\u0259t ba\u015f\u00e7\u0131s\u0131 qeyd edib: \u201cSizin d\u00f6vl\u0259t s\u0259f\u0259rinizd\u0259n sonra ikit\u0259r\u0259fli m\u00fcnasib\u0259tl\u0259rimizin dinamikas\u0131 kifay\u0259t q\u0259d\u0259r n\u0259z\u0259r\u0259 \u00e7arp\u0131r. M\u00fcxt\u0259lif strukturlar\u0131n n\u00fcmay\u0259nd\u0259l\u0259ri s\u0259viyy\u0259sind\u0259 avqust ay\u0131nda&hellip;","_links":{"self":[{"href":"https:\/\/arantv.az\/index.php?rest_route=\/wp\/v2\/posts\/759518"}],"collection":[{"href":"https:\/\/arantv.az\/index.php?rest_route=\/wp\/v2\/posts"}],"about":[{"href":"https:\/\/arantv.az\/index.php?rest_route=\/wp\/v2\/types\/post"}],"author":[{"embeddable":true,"href":"https:\/\/arantv.az\/index.php?rest_route=\/wp\/v2\/users\/2"}],"replies":[{"embeddable":true,"href":"https:\/\/arantv.az\/index.php?rest_route=%2Fwp%2Fv2%2Fcomments&post=759518"}],"version-history":[{"count":1,"href":"https:\/\/arantv.az\/index.php?rest_route=\/wp\/v2\/posts\/759518\/revisions"}],"predecessor-version":[{"id":759520,"href":"https:\/\/arantv.az\/index.php?rest_route=\/wp\/v2\/posts\/759518\/revisions\/759520"}],"wp:featuredmedia":[{"embeddable":true,"href":"https:\/\/arantv.az\/index.php?rest_route=\/wp\/v2\/media\/759519"}],"wp:attachment":[{"href":"https:\/\/arantv.az\/index.php?rest_route=%2Fwp%2Fv2%2Fmedia&parent=759518"}],"wp:term":[{"taxonomy":"category","embeddable":true,"href":"https:\/\/arantv.az\/index.php?rest_route=%2Fwp%2Fv2%2Fcategories&post=759518"},{"taxonomy":"post_tag","embeddable":true,"href":"https:\/\/arantv.az\/index.php?rest_route=%2Fwp%2Fv2%2Ftags&post=759518"}],"curies":[{"name":"wp","href":"https:\/\/api.w.org\/{rel}","templated":true}]}}