{"id":759534,"date":"2024-10-08T14:40:31","date_gmt":"2024-10-08T10:40:31","guid":{"rendered":"https:\/\/arantv.az\/?p=759534"},"modified":"2024-10-08T14:40:31","modified_gmt":"2024-10-08T10:40:31","slug":"k%c9%99lb%c9%99c%c9%99rd%c9%99-bes-turizm-v%c9%99-rekreasiya-zonasi-yaradilacaq","status":"publish","type":"post","link":"https:\/\/arantv.az\/?p=759534","title":{"rendered":"K\u0259lb\u0259c\u0259rd\u0259 be\u015f turizm v\u0259 rekreasiya zonas\u0131 yarad\u0131lacaq"},"content":{"rendered":"<p>K\u0259lb\u0259c\u0259rd\u0259 be\u015f turizm v\u0259 rekreasiya zonas\u0131 yarad\u0131lacaq.<\/p>\n<p><strong>ARANTV.AZ\u00a0 x\u0259b\u0259r verir ki,<\/strong>\u00a0bunu Milli M\u0259clisin \u018fm\u0259k v\u0259 sosial siyas\u0259t komit\u0259sinin s\u0259dri Musa Quliyev parlamentin bug\u00fcnk\u00fc iclas\u0131nda turizm v\u0259 rekreasiya zonalar\u0131n\u0131n \u0259razil\u0259rind\u0259 qada\u011fan edil\u0259n hallarla ba\u011fl\u0131 dan\u0131\u015fark\u0259n deyib.<\/p>\n<p>Deputat Ayd\u0131n Mirz\u0259zad\u0259 h\u0259min turizm v\u0259 rekreasiya zonalar\u0131nda f\u0259aliyy\u0259t g\u00f6st\u0259r\u0259n obyektl\u0259rin d\u0259yi\u015fiklik layih\u0259sinin q\u0259bulundan sonrak\u0131 aqib\u0259tl\u0259rin\u0259 ayd\u0131nl\u0131q g\u0259tirilm\u0259sini ist\u0259yib.<\/p>\n<p>Komit\u0259 s\u0259dri is\u0259 deputata cavab\u0131nda bildirib ki, bu g\u00fcn\u0259 q\u0259d\u0259r onsuz da h\u0259min \u0259razil\u0259rd\u0259 he\u00e7 bir obyekt f\u0259aliyy\u0259t g\u00f6st\u0259rm\u0259yib: \u201cBug\u00fcnk\u00fc d\u0259yi\u015fiklik layih\u0259si bundan sonra he\u00e7 bir f\u0259aliyy\u0259tin olmamas\u0131 \u00fc\u00e7\u00fcnd\u00fcr\u201d.<\/p>\n","protected":false},"excerpt":{"rendered":"<p>K\u0259lb\u0259c\u0259rd\u0259 be\u015f turizm v\u0259 rekreasiya zonas\u0131 yarad\u0131lacaq. ARANTV.AZ\u00a0 x\u0259b\u0259r verir ki,\u00a0bunu Milli M\u0259clisin \u018fm\u0259k v\u0259 sosial siyas\u0259t komit\u0259sinin s\u0259dri Musa Quliyev parlamentin bug\u00fcnk\u00fc iclas\u0131nda turizm v\u0259 rekreasiya zonalar\u0131n\u0131n \u0259razil\u0259rind\u0259 qada\u011fan edil\u0259n hallarla ba\u011fl\u0131 dan\u0131\u015fark\u0259n deyib. Deputat Ayd\u0131n Mirz\u0259zad\u0259 h\u0259min turizm v\u0259 rekreasiya zonalar\u0131nda f\u0259aliyy\u0259t g\u00f6st\u0259r\u0259n obyektl\u0259rin d\u0259yi\u015fiklik layih\u0259sinin q\u0259bulundan sonrak\u0131 aqib\u0259tl\u0259rin\u0259 ayd\u0131nl\u0131q g\u0259tirilm\u0259sini ist\u0259yib. Komit\u0259 s\u0259dri is\u0259 deputata cavab\u0131nda bildirib ki, bu g\u00fcn\u0259 q\u0259d\u0259r onsuz da h\u0259min \u0259razil\u0259rd\u0259 he\u00e7 bir obyekt f\u0259aliyy\u0259t g\u00f6st\u0259rm\u0259yib: \u201cBug\u00fcnk\u00fc d\u0259yi\u015fiklik layih\u0259si bundan sonra he\u00e7 bir f\u0259aliyy\u0259tin olmamas\u0131 \u00fc\u00e7\u00fcnd\u00fcr\u201d.<\/p>\n","protected":false},"author":2,"featured_media":759535,"comment_status":"closed","ping_status":"closed","sticky":false,"template":"","format":"standard","meta":{"om_disable_all_campaigns":false,"_monsterinsights_skip_tracking":false,"_monsterinsights_sitenote_active":false,"_monsterinsights_sitenote_note":"","_monsterinsights_sitenote_category":0},"categories":[19],"tags":[],"aioseo_notices":[],"gutentor_comment":0,"rttpg_featured_image_url":{"full":["https:\/\/arantv.az\/wp-content\/uploads\/2024\/10\/fe4b8556172838161453754981810116401.jpg",975,540,false],"landscape":["https:\/\/arantv.az\/wp-content\/uploads\/2024\/10\/fe4b8556172838161453754981810116401.jpg",975,540,false],"portraits":["https:\/\/arantv.az\/wp-content\/uploads\/2024\/10\/fe4b8556172838161453754981810116401.jpg",975,540,false],"thumbnail":["https:\/\/arantv.az\/wp-content\/uploads\/2024\/10\/fe4b8556172838161453754981810116401-500x280.jpg",500,280,true],"medium":["https:\/\/arantv.az\/wp-content\/uploads\/2024\/10\/fe4b8556172838161453754981810116401-660x365.jpg",660,365,true],"large":["https:\/\/arantv.az\/wp-content\/uploads\/2024\/10\/fe4b8556172838161453754981810116401-840x465.jpg",640,354,true],"1536x1536":["https:\/\/arantv.az\/wp-content\/uploads\/2024\/10\/fe4b8556172838161453754981810116401.jpg",975,540,false],"2048x2048":["https:\/\/arantv.az\/wp-content\/uploads\/2024\/10\/fe4b8556172838161453754981810116401.jpg",975,540,false],"post-thumbnail":["https:\/\/arantv.az\/wp-content\/uploads\/2024\/10\/fe4b8556172838161453754981810116401-240x172.jpg",240,172,true],"advps-thumb-one":["https:\/\/arantv.az\/wp-content\/uploads\/2024\/10\/fe4b8556172838161453754981810116401.jpg",975,540,false]},"rttpg_author":{"display_name":"V\u00fcsal Rafiqo\u011flu","author_link":"https:\/\/arantv.az\/?author=2"},"rttpg_comment":0,"rttpg_category":"<a href=\"https:\/\/arantv.az\/?cat=19\" rel=\"category\">G\u00fcnd\u0259m<\/a>","rttpg_excerpt":"K\u0259lb\u0259c\u0259rd\u0259 be\u015f turizm v\u0259 rekreasiya zonas\u0131 yarad\u0131lacaq. ARANTV.AZ\u00a0 x\u0259b\u0259r verir ki,\u00a0bunu Milli M\u0259clisin \u018fm\u0259k v\u0259 sosial siyas\u0259t komit\u0259sinin s\u0259dri Musa Quliyev parlamentin bug\u00fcnk\u00fc iclas\u0131nda turizm v\u0259 rekreasiya zonalar\u0131n\u0131n \u0259razil\u0259rind\u0259 qada\u011fan edil\u0259n hallarla ba\u011fl\u0131 dan\u0131\u015fark\u0259n deyib. Deputat Ayd\u0131n Mirz\u0259zad\u0259 h\u0259min turizm v\u0259 rekreasiya zonalar\u0131nda f\u0259aliyy\u0259t g\u00f6st\u0259r\u0259n obyektl\u0259rin d\u0259yi\u015fiklik layih\u0259sinin q\u0259bulundan sonrak\u0131 aqib\u0259tl\u0259rin\u0259 ayd\u0131nl\u0131q g\u0259tirilm\u0259sini ist\u0259yib. Komit\u0259&hellip;","_links":{"self":[{"href":"https:\/\/arantv.az\/index.php?rest_route=\/wp\/v2\/posts\/759534"}],"collection":[{"href":"https:\/\/arantv.az\/index.php?rest_route=\/wp\/v2\/posts"}],"about":[{"href":"https:\/\/arantv.az\/index.php?rest_route=\/wp\/v2\/types\/post"}],"author":[{"embeddable":true,"href":"https:\/\/arantv.az\/index.php?rest_route=\/wp\/v2\/users\/2"}],"replies":[{"embeddable":true,"href":"https:\/\/arantv.az\/index.php?rest_route=%2Fwp%2Fv2%2Fcomments&post=759534"}],"version-history":[{"count":1,"href":"https:\/\/arantv.az\/index.php?rest_route=\/wp\/v2\/posts\/759534\/revisions"}],"predecessor-version":[{"id":759536,"href":"https:\/\/arantv.az\/index.php?rest_route=\/wp\/v2\/posts\/759534\/revisions\/759536"}],"wp:featuredmedia":[{"embeddable":true,"href":"https:\/\/arantv.az\/index.php?rest_route=\/wp\/v2\/media\/759535"}],"wp:attachment":[{"href":"https:\/\/arantv.az\/index.php?rest_route=%2Fwp%2Fv2%2Fmedia&parent=759534"}],"wp:term":[{"taxonomy":"category","embeddable":true,"href":"https:\/\/arantv.az\/index.php?rest_route=%2Fwp%2Fv2%2Fcategories&post=759534"},{"taxonomy":"post_tag","embeddable":true,"href":"https:\/\/arantv.az\/index.php?rest_route=%2Fwp%2Fv2%2Ftags&post=759534"}],"curies":[{"name":"wp","href":"https:\/\/api.w.org\/{rel}","templated":true}]}}