{"id":759749,"date":"2024-10-09T11:47:16","date_gmt":"2024-10-09T07:47:16","guid":{"rendered":"https:\/\/arantv.az\/?p=759749"},"modified":"2024-10-09T11:47:16","modified_gmt":"2024-10-09T07:47:16","slug":"usaid-in-olk%c9%99mizd%c9%99ki-butun-layih%c9%99l%c9%99ri-dayandirila-bil%c9%99r","status":"publish","type":"post","link":"https:\/\/arantv.az\/?p=759749","title":{"rendered":"USA\u0130D-in \u00f6lk\u0259mizd\u0259ki b\u00fct\u00fcn layih\u0259l\u0259ri dayand\u0131r\u0131la bil\u0259r"},"content":{"rendered":"<h3><strong>Erm\u0259nistan\u0131 milyon dollarla \u201cyeml\u0259y\u0259n\u201d AB\u015e t\u0259\u015fkilat\u0131ndan Az\u0259rbaycana hans\u0131 t\u0259hl\u00fck\u0259l\u0259r yarana bil\u0259r?<\/strong><\/h3>\n<p><em>AB\u015e-\u0131n Beyn\u0259lxalq \u0130nki\u015faf Agentliyinin (USAID) Erm\u0259nistana maliyy\u0259 yard\u0131m\u0131n\u0131n miqdar\u0131n\u0131 iki d\u0259f\u0259 art\u0131rmas\u0131 \u00e7ox t\u0259hl\u00fck\u0259li tendensiyalar formala\u015fd\u0131r\u0131r. Bu, C\u0259nubi Qafqazda apar\u0131lan s\u00fclh t\u0259\u015f\u0259bb\u00fcsl\u0259rin\u0259 z\u0259rb\u0259 vuran add\u0131mlar kimi xarakteriz\u0259 oluna bil\u0259r.<\/em><\/p>\n<p>\u00c7\u00fcnki USA\u0130D b\u00fct\u00fcn d\u00fcnyada m\u00fcxt\u0259lif hakimiyy\u0259tl\u0259ri devirm\u0259k \u00fc\u00e7\u00fcn s\u0259yl\u0259ri g\u00fccl\u0259ndirir, dig\u0259r t\u0259r\u0259fd\u0259n is\u0259 \u00f6zl\u0259rin\u0259 sadiq olan siyasi dair\u0259l\u0259r\u0259 f\u0259rqli m\u0259qs\u0259dl\u0259rl\u0259 maliyy\u0259 d\u0259st\u0259yi g\u00f6st\u0259rir.<\/p>\n<p>X\u0259b\u0259r verildiyi kimi, Milli M\u0259clisin bir qrup deputat\u0131 xarici i\u015fl\u0259r naziri Ceyhun Bayramova m\u00fcraci\u0259t edib. M\u00fcraci\u0259tin sonunda deyilir ki, AB\u015e-\u0131n Beyn\u0259lxalq \u0130nki\u015fafa Yard\u0131m Agentliyi (USA\u0130D) v\u0259 bu \u00f6lk\u0259nin qeyri-h\u00f6kum\u0259t t\u0259\u015fkilatlar\u0131 t\u0259r\u0259find\u0259n Az\u0259rbaycanda h\u0259yata ke\u00e7iril\u0259n b\u00fct\u00fcn layih\u0259l\u0259r dayand\u0131r\u0131ls\u0131n v\u0259 yeni layih\u0259l\u0259r\u0259 icaz\u0259 verilm\u0259sin, el\u0259c\u0259 d\u0259 USA\u0130D-in \u00f6lk\u0259mizd\u0259ki f\u0259aliyy\u0259tin\u0259 son qoyulsun.<\/p>\n<p><strong>Maraql\u0131d\u0131r, USA\u0130D Az\u0259rbaycanda hans\u0131 layih\u0259l\u0259ri h\u0259yata ke\u00e7irir? Bu t\u0259\u015fkilatdan Az\u0259rbaycana hans\u0131 t\u0259hl\u00fck\u0259l\u0259r yarana bil\u0259r?<\/strong><\/p>\n<p>Bak\u0131-xeber.com-un m\u0259lumat\u0131na g\u00f6r\u0259, USA\u0130D-in internet resurslar\u0131nda bildirilir ki, t\u0259\u015fkilat\u0131n Az\u0259rbaycandak\u0131 m\u0259qs\u0259di qar\u015f\u0131l\u0131ql\u0131 t\u0259hl\u00fck\u0259sizliy\u0259 v\u0259 firavanl\u0131\u011fa s\u0259rmay\u0259 qoyaraq Az\u0259rbaycanla uzunm\u00fcdd\u0259tli dostluq v\u0259 davaml\u0131 t\u0259r\u0259fda\u015fl\u0131q qurma\u011fa davam etm\u0259kdir. \u018flav\u0259 edilir ki, USA\u0130D az\u0259rbaycanl\u0131lar\u0131n h\u0259yat\u0131n\u0131 yax\u015f\u0131la\u015fd\u0131rma\u011fa q\u0259rarl\u0131 olan Az\u0259rbaycan h\u00f6kum\u0259ti, yerli \u00f6z\u0259l sektor v\u0259 v\u0259t\u0259nda\u015f c\u0259miyy\u0259ti il\u0259 birg\u0259 i\u015fl\u0259yir: \u201cUSA\u0130D iki \u0259sas sah\u0259d\u0259 inki\u015faf yard\u0131m\u0131 g\u00f6st\u0259rir: qeyri-neft sektorunun inki\u015faf\u0131na d\u0259st\u0259k; i\u015ftirak\u00e7\u0131 v\u0259 \u015f\u0259ffaf demokratik v\u0259 idar\u0259\u00e7ilik prosesl\u0259rinin g\u00fccl\u0259ndirilm\u0259si.<\/p>\n<p><strong>USA\u0130D-in strategiyas\u0131 Az\u0259rbaycanla \u0130nki\u015faf \u018fm\u0259kda\u015fl\u0131\u011f\u0131 Strategiyas\u0131nda (2020-2025) t\u0259svir edil\u0259r\u0259k USA\u0130D-in yard\u0131m\u0131 haqq\u0131nda \u0259trafl\u0131 m\u0259lumat\u0131 t\u0259qdim edir.<\/strong><\/p>\n<p>USA\u0130D-in i\u015fi, x\u00fcsusil\u0259 k\u0259nd t\u0259s\u0259rr\u00fcfat\u0131 v\u0259 turizm sektoru olmaqla \u00f6z\u0259l sektorun inki\u015faf\u0131 v\u0259 s\u0259rmay\u0259 \u00fc\u00e7\u00fcn daha yax\u015f\u0131 m\u00fchitin yarad\u0131lmas\u0131na, habel\u0259 insan alveri il\u0259 m\u00fcbariz\u0259, i\u015fsizliyin azald\u0131lmas\u0131, b\u00f6lg\u0259l\u0259rd\u0259 su q\u0131tl\u0131\u011f\u0131n\u0131n h\u0259lli, gender b\u0259rab\u0259rliyinin yax\u015f\u0131la\u015fd\u0131r\u0131lmas\u0131, m\u00fchim xidm\u0259tl\u0259rin g\u00f6st\u0259rilm\u0259sin\u0259 y\u00f6n\u0259lik qeyri-h\u00f6kum\u0259t t\u0259\u015fkilatlar\u0131n\u0131n s\u0259yl\u0259rin\u0259 d\u0259st\u0259k, ictimai h\u0259yatda v\u0259t\u0259nda\u015flar\u0131n i\u015ftirak\u0131n\u0131n art\u0131r\u0131lmas\u0131na y\u00f6n\u0259lib.<\/p>\n<p><img src=\"https:\/\/turkic.world\/media\/2023\/05\/12\/600x410\/ilyas_huseynov.jpg\" alt=\"Az\u0259rbaycan\u0131n g\u00fccl\u00fc orduya malik olmas\u0131 bir \u015f\u0259rtdir - \u0130lyas H\u00fcseynov (\u00d6Z\u018fL)  - TurkicWorld\" \/><\/p>\n<p><strong>\u0130lyas H\u00fcseynov<\/strong><\/p>\n<p><strong>Siyasi \u015f\u0259rh\u00e7i \u0130lyas H\u00fcseynov bildirib ki,\u00a0 bir qrup deputat\u0131n xarici i\u015fl\u0259r naziri Ceyhun Bayramova m\u00fcraci\u0259tini tamamil\u0259 haql\u0131 hesab edir<\/strong>: \u201c\u00c7\u00fcnki AB\u015e-\u0131n bir s\u0131ra institutlar\u0131 Bak\u0131 il\u0259 Va\u015finqton aras\u0131ndak\u0131 m\u00fcnasib\u0259tl\u0259r\u0259 z\u0259rb\u0259 vurur v\u0259 burada erm\u0259nip\u0259r\u0259st m\u00f6vqed\u0259n \u00e7\u0131x\u0131\u015f edirl\u0259r. M\u0259lumdur ki, AB\u015e-da m\u00fch\u00fcm se\u00e7ki d\u00f6vr\u00fc ba\u015flay\u0131r. Amerikadak\u0131 iri vergi \u00f6d\u0259yicil\u0259rinin r\u0259\u011fb\u0259tini qazanmaq, onlar\u0131n ist\u0259kl\u0259rin\u0259 uy\u011fun add\u0131mlar atmaq \u0259sas h\u0259d\u0259fdir. Lakin bu yana\u015fmalar C\u0259nubi Qafqaz\u0131n apar\u0131c\u0131 d\u00f6vl\u0259ti olan Az\u0259rbaycanla AB\u015e aras\u0131ndak\u0131 m\u00fcnasib\u0259tl\u0259r\u0259 d\u0259 m\u0259nfi t\u0259sir g\u00f6st\u0259rir. H\u0259m d\u0259 bu f\u0259aliyy\u0259t Amerikan\u0131n s\u00fclh t\u0259r\u0259fdar\u0131 olan vasit\u0259\u00e7i kimi imkanlar\u0131n\u0131 darald\u0131r.<\/p>\n<p>M\u00fcraci\u0259td\u0259 \u0259sas vur\u011fu edil\u0259n m\u0259qam USA\u0130D-in\u00a0 f\u0259aliyy\u0259tin\u0259 \u00f6lk\u0259mizd\u0259 son qoyulmasi il\u0259 ba\u011fl\u0131 \u00e7a\u011f\u0131r\u0131\u015fd\u0131r. \u00c7\u00fcnki USA\u0130D, onun r\u0259hb\u0259ri, el\u0259c\u0259 d\u0259 m\u00fcavini Erm\u0259nistana s\u0259f\u0259rl\u0259ri zaman\u0131 bu \u00f6lk\u0259y\u0259 b\u00f6y\u00fck v\u0259 s\u0259xav\u0259tli yard\u0131mlar s\u00f6z veribl\u0259r. Erm\u0259nistana v\u0259d olunan yard\u0131m\u0131n iki d\u0259f\u0259 art\u0131r\u0131lmas\u0131na dair q\u0259rar q\u0259bul edilib. B\u00fct\u00fcn bunlar Erm\u0259nistanda silahlanmaya v\u0259 revan\u015fizm\u0259 t\u0259kan ver\u0259n add\u0131mlard\u0131r. Erm\u0259nistan\u0131n silahland\u0131r\u0131lmas\u0131 b\u00f6lg\u0259d\u0259 eskalasiya, m\u00fcharib\u0259 riskini art\u0131r\u0131r v\u0259 bu da bizim milli t\u0259hl\u00fck\u0259sizliyimiz\u0259 t\u0259hdid kimi qiym\u0259tl\u0259ndirilir. B\u00fct\u00fcn bu amill\u0259ri n\u0259z\u0259r\u0259 alaraq, d\u00fc\u015f\u00fcn\u00fcr\u0259m ki, Az\u0259rbaycan parlamentinin m\u00fcraci\u0259ti h\u0259m haql\u0131d\u0131r, h\u0259m d\u0259 indiki reall\u0131qlar\u0131 \u00f6z\u00fcnd\u0259 \u0259ks etdirir. \u00c7\u00fcnki USA\u0130D \u0259vv\u0259lki d\u00f6vrl\u0259rd\u0259 d\u0259 \u00f6lk\u0259miz\u0259 qar\u015f\u0131 \u00e7irkin \u0259m\u0259ll\u0259ri il\u0259 yadda qal\u0131b. USA\u0130D-in m\u00fcxalif\u0259ti maliyy\u0259l\u0259\u015fdirm\u0259si, antimilli q\u00fcvv\u0259l\u0259r\u0259 d\u0259st\u0259k verm\u0259si yad\u0131m\u0131zdad\u0131r, bunu unutmam\u0131\u015f\u0131q. Haz\u0131rk\u0131 d\u00f6vrd\u0259 d\u0259 USA\u0130D Erm\u0259nistana d\u0259st\u0259k verm\u0259kl\u0259 sabitliyi pozmaq h\u0259d\u0259fl\u0259rini m\u00fc\u0259yy\u0259nl\u0259\u015fdirib. Biz d\u0259 buna qar\u015f\u0131 etiraz s\u0259simizi ucald\u0131r\u0131q. Hesab edir\u0259m ki, bu proses davam etdirilm\u0259lidir&#8221;.<\/p>\n<p><img src=\"https:\/\/sia.az\/storage\/2018\/06\/25\/15299507644315226386_1000x669.jpg\" alt=\"S\u0259m\u0259d Seyidov yenid\u0259n A\u015ePA-n\u0131n vitse-prezidenti se\u00e7ilib\" \/><\/p>\n<p><strong>S\u0259m\u0259d Seyidov<\/strong><\/p>\n<p><strong>\u201cAB\u015e-la m\u00fcnasib\u0259tl\u0259r\u0259 yenid\u0259n baxmaq m\u0259s\u0259l\u0259sini m\u0259ktubda qeyd etmi\u015fik\u201d. Bunu Milli M\u0259clisin oktyabr\u0131n 8-d\u0259 ke\u00e7iril\u0259n iclas\u0131nda Beyn\u0259lxalq m\u00fcnasib\u0259tl\u0259r v\u0259 parlamentl\u0259raras\u0131 \u0259laq\u0259l\u0259r komit\u0259sinin s\u0259dri S\u0259m\u0259d Seyidov s\u00f6yl\u0259yib:<\/strong>\u00a0\u201cBu, birinci add\u0131m deyil. AB\u015e COP29-un \u00f6lk\u0259mizd\u0259 ke\u00e7irilm\u0259sin\u0259 raz\u0131l\u0131q verib. Daha sonra bununla ba\u011fl\u0131 D\u00f6vl\u0259t Departmenti vasit\u0259sil\u0259 ba\u015fqa fikir bildirilib. \u00dcmumiyy\u0259tl\u0259, AB\u015e-\u0131n regionumuzda siyas\u0259tinin s\u0259mimiliyin\u0259 inam itib. Biz AB\u015e-la \u0259laq\u0259l\u0259rimizi ciddi sur\u0259td\u0259 g\u00f6zd\u0259n ke\u00e7irm\u0259liyik\u201d.<\/p>\n<p><img src=\"https:\/\/apa.az\/storage\/news\/2024\/may\/30\/big\/665872b4c470f665872b4c47101717072564665872b4c470d665872b4c470e.jpg\" alt=\"Ziyaf\u0259t \u018fsg\u0259rov: Fransan\u0131n 17 min kilometr m\u0259saf\u0259d\u0259 yerl\u0259\u015f\u0259n Polineziyada  n\u0259 i\u015fi var?\" \/><\/p>\n<p><strong>\u00a0Ziyaf\u0259t \u018fsg\u0259rov<\/strong><\/p>\n<p><strong>Vitse-spiker Ziyaf\u0259t \u018fsg\u0259rov da AB\u015e-\u0131 iki\u00fczl\u00fc siyas\u0259td\u0259 ittiham edib:<\/strong>\u00a0\u201c30 il\u0259 yax\u0131n AB\u015e vasit\u0259\u00e7i \u00f6lk\u0259 kimi \u0259razil\u0259rimizin i\u015f\u011fal alt\u0131nda qalmas\u0131n\u0131, m\u0259scidl\u0259rimiz\u0259, insanlar\u0131m\u0131za vurulan ziyan\u0131, 1 milyondan art\u0131q qa\u00e7q\u0131n\u0131n h\u00fcquqlar\u0131 m\u0259s\u0259l\u0259sini niy\u0259 qald\u0131rmad\u0131? AB\u015e v\u0259 dig\u0259r vasit\u0259\u00e7il\u0259rin beyn\u0259lxalq h\u00fcququ yox saymas\u0131 n\u0259tic\u0259sind\u0259 Az\u0259rbaycan torpaqlar\u0131n\u0131 d\u0259mir yumru\u011funu i\u015f\u0259 salaraq azad edib. Qaraba\u011f\u0131n z\u0259ngin flora v\u0259 faunas\u0131 m\u0259hv edilib. Torpaqlar\u0131m\u0131z azad edildikd\u0259n sonra k\u00fctl\u0259vi m\u0259zarl\u0131qlar\u0131n a\u015fkar edilm\u0259si il\u0259 onlara qar\u015f\u0131 t\u00f6r\u0259dil\u0259n i\u015fg\u0259nc\u0259l\u0259r \u00fcz\u0259 \u00e7\u0131x\u0131b. Bu fakt beyn\u0259lxalq h\u00fcquqa, itkin d\u00fc\u015fm\u00fc\u015f insanlar\u0131n yax\u0131nlar\u0131na qar\u015f\u0131 h\u00f6rm\u0259tsizlik deyilmi? AB\u015e-a daha hans\u0131 faktlar\u0131 t\u0259qdim etm\u0259liyik? Az\u0259rbaycan h\u0259r zaman beyn\u0259lxalq siyas\u0259t\u0259 uy\u011fun davran\u0131r. Q\u0259r\u0259zli ittihamlar\u0131 he\u00e7 vaxt q\u0259bul etm\u0259y\u0259c\u0259k. \u00d6z adekvat cavablar\u0131m\u0131z\u0131 ver\u0259c\u0259yik\u201d.<\/p>\n<p><img src=\"https:\/\/cdn.trend.az\/2019\/12\/06\/trend_eli_ehmedov_061219_2.jpg\" alt=\"\u018fli \u018fhm\u0259dov Milli M\u0259clisin s\u0259dr m\u00fcavini se\u00e7ildi\" \/><\/p>\n<p><strong>\u018fli \u018fhm\u0259dov<\/strong><\/p>\n<p><strong>Milli M\u0259clisin birinci vitse-spikeri \u018fli \u018fhm\u0259dov is\u0259 deyib ki, Az\u0259rbaycana qar\u015f\u0131 sanksiya t\u0259tbiq etm\u0259k c\u0259hdl\u0259ri yeni deyil:<\/strong>\u00a0\u201cAB\u015e 90-c\u0131 ill\u0259rd\u0259 d\u0259 Az\u0259rbaycan\u0131n \u0259l-qolunu ba\u011flamaq m\u0259qs\u0259dil\u0259 bu add\u0131m\u0131 at\u0131b. \u018fg\u0259r 90-c\u0131 ild\u0259 \u00f6lk\u0259miz\u0259 qar\u015f\u0131 t\u0259tbiq edil\u0259n sanksiya bizi sars\u0131da bilm\u0259dis\u0259, \u0259ksin\u0259, daha da q\u00fcvv\u0259tl\u0259ndiks\u0259, bu g\u00fcn g\u00fccl\u00fc Az\u0259rbaycana t\u0259tbiq edil\u0259n sanksiyalar\u0131n he\u00e7 bir n\u0259tic\u0259si olmayacaq. Hesab edir\u0259m ki, son tarix, qazand\u0131\u011f\u0131m\u0131z z\u0259f\u0259r Erm\u0259nistan \u00fc\u00e7\u00fcn a\u011f\u0131ll\u0131 d\u0259rs olmay\u0131b. Az\u0259rbaycan b\u00fct\u00fcn d\u00f6vl\u0259tl\u0259rl\u0259 s\u00fclh modelind\u0259 \u00e7al\u0131\u015fmaq niyy\u0259tind\u0259dir. Az\u0259rbaycan\u0131 n\u0259 sanksiya, n\u0259 d\u0259 hans\u0131sa t\u0259hdidl\u0259rl\u0259 yolundan d\u00f6nd\u0259rm\u0259k m\u00fcmk\u00fcn olmayacaq\u201d.<\/p>\n<p><strong>\u201cYeni M\u00fcsavat\u201d<\/strong><\/p>\n","protected":false},"excerpt":{"rendered":"<p>Erm\u0259nistan\u0131 milyon dollarla \u201cyeml\u0259y\u0259n\u201d AB\u015e t\u0259\u015fkilat\u0131ndan Az\u0259rbaycana hans\u0131 t\u0259hl\u00fck\u0259l\u0259r yarana bil\u0259r? AB\u015e-\u0131n Beyn\u0259lxalq \u0130nki\u015faf Agentliyinin (USAID) Erm\u0259nistana maliyy\u0259 yard\u0131m\u0131n\u0131n miqdar\u0131n\u0131 iki d\u0259f\u0259 art\u0131rmas\u0131 \u00e7ox t\u0259hl\u00fck\u0259li tendensiyalar formala\u015fd\u0131r\u0131r. Bu, C\u0259nubi Qafqazda apar\u0131lan s\u00fclh t\u0259\u015f\u0259bb\u00fcsl\u0259rin\u0259 z\u0259rb\u0259 vuran add\u0131mlar kimi xarakteriz\u0259 oluna bil\u0259r. \u00c7\u00fcnki USA\u0130D b\u00fct\u00fcn d\u00fcnyada m\u00fcxt\u0259lif hakimiyy\u0259tl\u0259ri devirm\u0259k \u00fc\u00e7\u00fcn s\u0259yl\u0259ri g\u00fccl\u0259ndirir, dig\u0259r t\u0259r\u0259fd\u0259n is\u0259 \u00f6zl\u0259rin\u0259 sadiq olan siyasi dair\u0259l\u0259r\u0259 f\u0259rqli m\u0259qs\u0259dl\u0259rl\u0259 maliyy\u0259 d\u0259st\u0259yi g\u00f6st\u0259rir. X\u0259b\u0259r verildiyi kimi, Milli M\u0259clisin bir qrup deputat\u0131 xarici i\u015fl\u0259r naziri Ceyhun Bayramova m\u00fcraci\u0259t edib. M\u00fcraci\u0259tin sonunda deyilir ki, AB\u015e-\u0131n Beyn\u0259lxalq \u0130nki\u015fafa Yard\u0131m Agentliyi (USA\u0130D) v\u0259 bu&hellip;<\/p>\n","protected":false},"author":2,"featured_media":759750,"comment_status":"closed","ping_status":"closed","sticky":false,"template":"","format":"standard","meta":{"om_disable_all_campaigns":false,"_monsterinsights_skip_tracking":false,"_monsterinsights_sitenote_active":false,"_monsterinsights_sitenote_note":"","_monsterinsights_sitenote_category":0},"categories":[4],"tags":[],"aioseo_notices":[],"gutentor_comment":0,"rttpg_featured_image_url":{"full":["https:\/\/arantv.az\/wp-content\/uploads\/2024\/10\/6f9dcc94b3bae614d862ff6f68212ea0.jpg",870,500,false],"landscape":["https:\/\/arantv.az\/wp-content\/uploads\/2024\/10\/6f9dcc94b3bae614d862ff6f68212ea0.jpg",870,500,false],"portraits":["https:\/\/arantv.az\/wp-content\/uploads\/2024\/10\/6f9dcc94b3bae614d862ff6f68212ea0.jpg",870,500,false],"thumbnail":["https:\/\/arantv.az\/wp-content\/uploads\/2024\/10\/6f9dcc94b3bae614d862ff6f68212ea0-500x280.jpg",500,280,true],"medium":["https:\/\/arantv.az\/wp-content\/uploads\/2024\/10\/6f9dcc94b3bae614d862ff6f68212ea0-635x365.jpg",635,365,true],"large":["https:\/\/arantv.az\/wp-content\/uploads\/2024\/10\/6f9dcc94b3bae614d862ff6f68212ea0-840x483.jpg",640,368,true],"1536x1536":["https:\/\/arantv.az\/wp-content\/uploads\/2024\/10\/6f9dcc94b3bae614d862ff6f68212ea0.jpg",870,500,false],"2048x2048":["https:\/\/arantv.az\/wp-content\/uploads\/2024\/10\/6f9dcc94b3bae614d862ff6f68212ea0.jpg",870,500,false],"post-thumbnail":["https:\/\/arantv.az\/wp-content\/uploads\/2024\/10\/6f9dcc94b3bae614d862ff6f68212ea0-240x172.jpg",240,172,true],"advps-thumb-one":["https:\/\/arantv.az\/wp-content\/uploads\/2024\/10\/6f9dcc94b3bae614d862ff6f68212ea0.jpg",870,500,false]},"rttpg_author":{"display_name":"V\u00fcsal Rafiqo\u011flu","author_link":"https:\/\/arantv.az\/?author=2"},"rttpg_comment":0,"rttpg_category":"<a href=\"https:\/\/arantv.az\/?cat=4\" rel=\"category\">Siyas\u0259t<\/a>","rttpg_excerpt":"Erm\u0259nistan\u0131 milyon dollarla \u201cyeml\u0259y\u0259n\u201d AB\u015e t\u0259\u015fkilat\u0131ndan Az\u0259rbaycana hans\u0131 t\u0259hl\u00fck\u0259l\u0259r yarana bil\u0259r? AB\u015e-\u0131n Beyn\u0259lxalq \u0130nki\u015faf Agentliyinin (USAID) Erm\u0259nistana maliyy\u0259 yard\u0131m\u0131n\u0131n miqdar\u0131n\u0131 iki d\u0259f\u0259 art\u0131rmas\u0131 \u00e7ox t\u0259hl\u00fck\u0259li tendensiyalar formala\u015fd\u0131r\u0131r. Bu, C\u0259nubi Qafqazda apar\u0131lan s\u00fclh t\u0259\u015f\u0259bb\u00fcsl\u0259rin\u0259 z\u0259rb\u0259 vuran add\u0131mlar kimi xarakteriz\u0259 oluna bil\u0259r. \u00c7\u00fcnki USA\u0130D b\u00fct\u00fcn d\u00fcnyada m\u00fcxt\u0259lif hakimiyy\u0259tl\u0259ri devirm\u0259k \u00fc\u00e7\u00fcn s\u0259yl\u0259ri g\u00fccl\u0259ndirir, dig\u0259r t\u0259r\u0259fd\u0259n is\u0259 \u00f6zl\u0259rin\u0259 sadiq&hellip;","_links":{"self":[{"href":"https:\/\/arantv.az\/index.php?rest_route=\/wp\/v2\/posts\/759749"}],"collection":[{"href":"https:\/\/arantv.az\/index.php?rest_route=\/wp\/v2\/posts"}],"about":[{"href":"https:\/\/arantv.az\/index.php?rest_route=\/wp\/v2\/types\/post"}],"author":[{"embeddable":true,"href":"https:\/\/arantv.az\/index.php?rest_route=\/wp\/v2\/users\/2"}],"replies":[{"embeddable":true,"href":"https:\/\/arantv.az\/index.php?rest_route=%2Fwp%2Fv2%2Fcomments&post=759749"}],"version-history":[{"count":1,"href":"https:\/\/arantv.az\/index.php?rest_route=\/wp\/v2\/posts\/759749\/revisions"}],"predecessor-version":[{"id":759751,"href":"https:\/\/arantv.az\/index.php?rest_route=\/wp\/v2\/posts\/759749\/revisions\/759751"}],"wp:featuredmedia":[{"embeddable":true,"href":"https:\/\/arantv.az\/index.php?rest_route=\/wp\/v2\/media\/759750"}],"wp:attachment":[{"href":"https:\/\/arantv.az\/index.php?rest_route=%2Fwp%2Fv2%2Fmedia&parent=759749"}],"wp:term":[{"taxonomy":"category","embeddable":true,"href":"https:\/\/arantv.az\/index.php?rest_route=%2Fwp%2Fv2%2Fcategories&post=759749"},{"taxonomy":"post_tag","embeddable":true,"href":"https:\/\/arantv.az\/index.php?rest_route=%2Fwp%2Fv2%2Ftags&post=759749"}],"curies":[{"name":"wp","href":"https:\/\/api.w.org\/{rel}","templated":true}]}}