{"id":759762,"date":"2024-10-09T12:14:20","date_gmt":"2024-10-09T08:14:20","guid":{"rendered":"https:\/\/arantv.az\/?p=759762"},"modified":"2024-10-09T12:14:20","modified_gmt":"2024-10-09T08:14:20","slug":"kerri-makkarti-az%c9%99rbaycana-g%c9%99ldi","status":"publish","type":"post","link":"https:\/\/arantv.az\/?p=759762","title":{"rendered":"Kerri Makkarti Az\u0259rbaycana g\u0259ldi"},"content":{"rendered":"<p><strong>B\u00f6y\u00fck Britaniyan\u0131n iqlim m\u0259s\u0259l\u0259l\u0259ri \u00fczr\u0259 naziri Kerri Makkarti Az\u0259rbaycanda i\u015fg\u00fczar s\u0259f\u0259rd\u0259dir.<\/strong><\/p>\n<p>Bu bar\u0259d\u0259 Britaniyan\u0131n Az\u0259rbaycandak\u0131 s\u0259firliyinin \u201cX\u201d sosial \u015f\u0259b\u0259k\u0259sind\u0259ki hesab\u0131nda payla\u015f\u0131m edilib.<\/p>\n<p>\u201c\u0130qlim d\u0259yi\u015fikliyi il\u0259 m\u00fcbariz\u0259d\u0259 daha bir m\u00fch\u00fcm h\u0259ft\u0259 Bak\u0131da ba\u015flay\u0131r. Bu h\u0259ft\u0259 \u0259rzind\u0259 diqq\u0259t COP29 dan\u0131\u015f\u0131qlar\u0131na yekun haz\u0131rl\u0131qlara y\u00f6n\u0259ldil\u0259c\u0259k. N\u00fcmay\u0259nd\u0259 hey\u0259timiz\u0259 B\u00f6y\u00fck Britaniyan\u0131n iqlim m\u0259s\u0259l\u0259l\u0259ri \u00fczr\u0259 naziri Kerri Makkarti r\u0259hb\u0259rlik edir\u201d, &#8211; Britaniya s\u0259firi Ferqus Auld videom\u00fcraci\u0259tind\u0259 bildirib.\/\/Report<\/p>\n","protected":false},"excerpt":{"rendered":"<p>B\u00f6y\u00fck Britaniyan\u0131n iqlim m\u0259s\u0259l\u0259l\u0259ri \u00fczr\u0259 naziri Kerri Makkarti Az\u0259rbaycanda i\u015fg\u00fczar s\u0259f\u0259rd\u0259dir. Bu bar\u0259d\u0259 Britaniyan\u0131n Az\u0259rbaycandak\u0131 s\u0259firliyinin \u201cX\u201d sosial \u015f\u0259b\u0259k\u0259sind\u0259ki hesab\u0131nda payla\u015f\u0131m edilib. \u201c\u0130qlim d\u0259yi\u015fikliyi il\u0259 m\u00fcbariz\u0259d\u0259 daha bir m\u00fch\u00fcm h\u0259ft\u0259 Bak\u0131da ba\u015flay\u0131r. Bu h\u0259ft\u0259 \u0259rzind\u0259 diqq\u0259t COP29 dan\u0131\u015f\u0131qlar\u0131na yekun haz\u0131rl\u0131qlara y\u00f6n\u0259ldil\u0259c\u0259k. N\u00fcmay\u0259nd\u0259 hey\u0259timiz\u0259 B\u00f6y\u00fck Britaniyan\u0131n iqlim m\u0259s\u0259l\u0259l\u0259ri \u00fczr\u0259 naziri Kerri Makkarti r\u0259hb\u0259rlik edir\u201d, &#8211; Britaniya s\u0259firi Ferqus Auld videom\u00fcraci\u0259tind\u0259 bildirib.\/\/Report<\/p>\n","protected":false},"author":2,"featured_media":759763,"comment_status":"closed","ping_status":"closed","sticky":false,"template":"","format":"standard","meta":{"om_disable_all_campaigns":false,"_monsterinsights_skip_tracking":false,"_monsterinsights_sitenote_active":false,"_monsterinsights_sitenote_note":"","_monsterinsights_sitenote_category":0},"categories":[4],"tags":[],"aioseo_notices":[],"gutentor_comment":0,"rttpg_featured_image_url":{"full":["https:\/\/arantv.az\/wp-content\/uploads\/2024\/10\/cb732dd24b2a3112d16a610bc9ad8669.jpg",850,500,false],"landscape":["https:\/\/arantv.az\/wp-content\/uploads\/2024\/10\/cb732dd24b2a3112d16a610bc9ad8669.jpg",850,500,false],"portraits":["https:\/\/arantv.az\/wp-content\/uploads\/2024\/10\/cb732dd24b2a3112d16a610bc9ad8669.jpg",850,500,false],"thumbnail":["https:\/\/arantv.az\/wp-content\/uploads\/2024\/10\/cb732dd24b2a3112d16a610bc9ad8669-500x280.jpg",500,280,true],"medium":["https:\/\/arantv.az\/wp-content\/uploads\/2024\/10\/cb732dd24b2a3112d16a610bc9ad8669-621x365.jpg",621,365,true],"large":["https:\/\/arantv.az\/wp-content\/uploads\/2024\/10\/cb732dd24b2a3112d16a610bc9ad8669-840x494.jpg",640,376,true],"1536x1536":["https:\/\/arantv.az\/wp-content\/uploads\/2024\/10\/cb732dd24b2a3112d16a610bc9ad8669.jpg",850,500,false],"2048x2048":["https:\/\/arantv.az\/wp-content\/uploads\/2024\/10\/cb732dd24b2a3112d16a610bc9ad8669.jpg",850,500,false],"post-thumbnail":["https:\/\/arantv.az\/wp-content\/uploads\/2024\/10\/cb732dd24b2a3112d16a610bc9ad8669-240x172.jpg",240,172,true],"advps-thumb-one":["https:\/\/arantv.az\/wp-content\/uploads\/2024\/10\/cb732dd24b2a3112d16a610bc9ad8669.jpg",850,500,false]},"rttpg_author":{"display_name":"V\u00fcsal Rafiqo\u011flu","author_link":"https:\/\/arantv.az\/?author=2"},"rttpg_comment":0,"rttpg_category":"<a href=\"https:\/\/arantv.az\/?cat=4\" rel=\"category\">Siyas\u0259t<\/a>","rttpg_excerpt":"B\u00f6y\u00fck Britaniyan\u0131n iqlim m\u0259s\u0259l\u0259l\u0259ri \u00fczr\u0259 naziri Kerri Makkarti Az\u0259rbaycanda i\u015fg\u00fczar s\u0259f\u0259rd\u0259dir. Bu bar\u0259d\u0259 Britaniyan\u0131n Az\u0259rbaycandak\u0131 s\u0259firliyinin \u201cX\u201d sosial \u015f\u0259b\u0259k\u0259sind\u0259ki hesab\u0131nda payla\u015f\u0131m edilib. \u201c\u0130qlim d\u0259yi\u015fikliyi il\u0259 m\u00fcbariz\u0259d\u0259 daha bir m\u00fch\u00fcm h\u0259ft\u0259 Bak\u0131da ba\u015flay\u0131r. Bu h\u0259ft\u0259 \u0259rzind\u0259 diqq\u0259t COP29 dan\u0131\u015f\u0131qlar\u0131na yekun haz\u0131rl\u0131qlara y\u00f6n\u0259ldil\u0259c\u0259k. N\u00fcmay\u0259nd\u0259 hey\u0259timiz\u0259 B\u00f6y\u00fck Britaniyan\u0131n iqlim m\u0259s\u0259l\u0259l\u0259ri \u00fczr\u0259 naziri Kerri Makkarti r\u0259hb\u0259rlik edir\u201d, &#8211; Britaniya&hellip;","_links":{"self":[{"href":"https:\/\/arantv.az\/index.php?rest_route=\/wp\/v2\/posts\/759762"}],"collection":[{"href":"https:\/\/arantv.az\/index.php?rest_route=\/wp\/v2\/posts"}],"about":[{"href":"https:\/\/arantv.az\/index.php?rest_route=\/wp\/v2\/types\/post"}],"author":[{"embeddable":true,"href":"https:\/\/arantv.az\/index.php?rest_route=\/wp\/v2\/users\/2"}],"replies":[{"embeddable":true,"href":"https:\/\/arantv.az\/index.php?rest_route=%2Fwp%2Fv2%2Fcomments&post=759762"}],"version-history":[{"count":1,"href":"https:\/\/arantv.az\/index.php?rest_route=\/wp\/v2\/posts\/759762\/revisions"}],"predecessor-version":[{"id":759764,"href":"https:\/\/arantv.az\/index.php?rest_route=\/wp\/v2\/posts\/759762\/revisions\/759764"}],"wp:featuredmedia":[{"embeddable":true,"href":"https:\/\/arantv.az\/index.php?rest_route=\/wp\/v2\/media\/759763"}],"wp:attachment":[{"href":"https:\/\/arantv.az\/index.php?rest_route=%2Fwp%2Fv2%2Fmedia&parent=759762"}],"wp:term":[{"taxonomy":"category","embeddable":true,"href":"https:\/\/arantv.az\/index.php?rest_route=%2Fwp%2Fv2%2Fcategories&post=759762"},{"taxonomy":"post_tag","embeddable":true,"href":"https:\/\/arantv.az\/index.php?rest_route=%2Fwp%2Fv2%2Ftags&post=759762"}],"curies":[{"name":"wp","href":"https:\/\/api.w.org\/{rel}","templated":true}]}}