{"id":759765,"date":"2024-10-09T12:29:33","date_gmt":"2024-10-09T08:29:33","guid":{"rendered":"https:\/\/arantv.az\/?p=759765"},"modified":"2024-10-09T12:29:33","modified_gmt":"2024-10-09T08:29:33","slug":"dedi-ki-kim-z%c9%99ng-ets%c9%99-de-ki-qardasimin-bicaqlanmasi-sayi%c9%99dir","status":"publish","type":"post","link":"https:\/\/arantv.az\/?p=759765","title":{"rendered":"\u201cDedi ki, kim z\u0259ng ets\u0259, de ki, qarda\u015f\u0131m\u0131n b\u0131\u00e7aqlanmas\u0131 \u015fayi\u0259dir\u201d"},"content":{"rendered":"<p>M\u00fc\u011f\u0259nni \u00dclviyy\u0259 Namazova qarda\u015f\u0131 V\u00fcqar Namazovun b\u0131\u00e7aqlanmas\u0131 il\u0259 ba\u011fl\u0131 a\u00e7\u0131qlama verm\u0259k ist\u0259mir.<\/p>\n<p>Bel\u0259 ki, OLAY ifa\u00e7\u0131n\u0131n soyad\u0131n\u0131 dem\u0259k ist\u0259m\u0259diyi Elmar adl\u0131 k\u00f6m\u0259k\u00e7isi il\u0259 \u0259laq\u0259 saxlay\u0131b. Daxili \u0130\u015fl\u0259r Nazirliyinin r\u0259smi a\u00e7\u0131qlamas\u0131 oldu\u011funu qeyd etm\u0259yimiz\u0259 baxmayaraq, s\u00f6z\u00fcged\u0259n \u015f\u0259xs ifa\u00e7\u0131n\u0131n bu hadis\u0259ni \u015fayi\u0259 olaraq t\u0259qdim etdiyini deyib:<\/p>\n<p>\u201cM\u0259lumat\u0131m yoxdur. Bayaqdan 10 n\u0259f\u0259r z\u0259ng edib. \u00dclviyy\u0259 xan\u0131mdan soru\u015fmu\u015fam, deyib ki, \u015fayi\u0259dir. S\u00f6yl\u0259di ki, s\u0259n\u0259 d\u0259 z\u0259ng olunsa, rahat \u015f\u0259kild\u0259 de ki, \u015fayi\u0259dir. M\u0259n i\u015f\u00e7iy\u0259m, \u00f6z\u00fcnd\u0259n soru\u015fdum, bel\u0259 s\u00f6yl\u0259di. A\u00e7\u0131\u011f\u0131 m\u0259nim maraqlanaca\u011f\u0131m m\u00f6vzu deyil\u201d.<\/p>\n<p>Qeyd ed\u0259k ki, V\u00fcqar Namazov b\u0131\u00e7aqlanmas\u0131 il\u0259 ba\u011fl\u0131 polis orqan\u0131nda t\u0259hqiqat ara\u015fd\u0131rmas\u0131 ba\u015flan\u0131l\u0131b.<\/p>\n<p>D\u0130N-in M\u0259tbuat Xidm\u0259tinin \u0259m\u0259kda\u015f\u0131 \u0130brahim \u018fmiraslanl\u0131 OLAY-a bildirib ki, oktyabr\u0131n 5-d\u0259 saat 23 rad\u0259l\u0259rind\u0259 paytaxt\u0131n Bin\u0259q\u0259di rayonunun 1-ci M\u0259d\u0259n ya\u015fay\u0131\u015f massivi \u0259razisind\u0259 2002-ci il t\u0259v\u0259ll\u00fcdl\u00fc E.A\u011faquliyevin aralar\u0131nda yaranm\u0131\u015f m\u00fcbahis\u0259 z\u0259minind\u0259 1985-ci il t\u0259v\u0259ll\u00fcdl\u00fc V.Namazova x\u0259sar\u0259t yetirm\u0259si bar\u0259d\u0259 polis\u0259 m\u0259lumat daxil olub.<\/p>\n<p>Hadis\u0259 il\u0259 ba\u011fl\u0131 \u0259razi polis orqan\u0131nda t\u0259hqiqat ara\u015fd\u0131rmas\u0131 ba\u015flan\u0131l\u0131b.<\/p>\n<p>T\u0259r\u0259fl\u0259rin izahatlar\u0131 al\u0131n\u0131b. X\u0259sar\u0259tin d\u0259r\u0259c\u0259sini m\u00fc\u0259yy\u0259n etm\u0259k m\u0259qs\u0259dil\u0259 m\u00fcvafiq ekspertiza t\u0259yin olunub.<\/p>\n<p>Haz\u0131rda ara\u015fd\u0131rma davam etdirilir.<\/p>\n","protected":false},"excerpt":{"rendered":"<p>M\u00fc\u011f\u0259nni \u00dclviyy\u0259 Namazova qarda\u015f\u0131 V\u00fcqar Namazovun b\u0131\u00e7aqlanmas\u0131 il\u0259 ba\u011fl\u0131 a\u00e7\u0131qlama verm\u0259k ist\u0259mir. Bel\u0259 ki, OLAY ifa\u00e7\u0131n\u0131n soyad\u0131n\u0131 dem\u0259k ist\u0259m\u0259diyi Elmar adl\u0131 k\u00f6m\u0259k\u00e7isi il\u0259 \u0259laq\u0259 saxlay\u0131b. Daxili \u0130\u015fl\u0259r Nazirliyinin r\u0259smi a\u00e7\u0131qlamas\u0131 oldu\u011funu qeyd etm\u0259yimiz\u0259 baxmayaraq, s\u00f6z\u00fcged\u0259n \u015f\u0259xs ifa\u00e7\u0131n\u0131n bu hadis\u0259ni \u015fayi\u0259 olaraq t\u0259qdim etdiyini deyib: \u201cM\u0259lumat\u0131m yoxdur. Bayaqdan 10 n\u0259f\u0259r z\u0259ng edib. \u00dclviyy\u0259 xan\u0131mdan soru\u015fmu\u015fam, deyib ki, \u015fayi\u0259dir. S\u00f6yl\u0259di ki, s\u0259n\u0259 d\u0259 z\u0259ng olunsa, rahat \u015f\u0259kild\u0259 de ki, \u015fayi\u0259dir. M\u0259n i\u015f\u00e7iy\u0259m, \u00f6z\u00fcnd\u0259n soru\u015fdum, bel\u0259 s\u00f6yl\u0259di. A\u00e7\u0131\u011f\u0131 m\u0259nim maraqlanaca\u011f\u0131m m\u00f6vzu deyil\u201d. Qeyd ed\u0259k ki, V\u00fcqar Namazov b\u0131\u00e7aqlanmas\u0131 il\u0259 ba\u011fl\u0131 polis orqan\u0131nda t\u0259hqiqat&hellip;<\/p>\n","protected":false},"author":2,"featured_media":759766,"comment_status":"closed","ping_status":"closed","sticky":false,"template":"","format":"standard","meta":{"om_disable_all_campaigns":false,"_monsterinsights_skip_tracking":false,"_monsterinsights_sitenote_active":false,"_monsterinsights_sitenote_note":"","_monsterinsights_sitenote_category":0},"categories":[19],"tags":[],"aioseo_notices":[],"gutentor_comment":0,"rttpg_featured_image_url":{"full":["https:\/\/arantv.az\/wp-content\/uploads\/2024\/10\/72462fc1473638cdf230799c9557aa8f.jpg",870,500,false],"landscape":["https:\/\/arantv.az\/wp-content\/uploads\/2024\/10\/72462fc1473638cdf230799c9557aa8f.jpg",870,500,false],"portraits":["https:\/\/arantv.az\/wp-content\/uploads\/2024\/10\/72462fc1473638cdf230799c9557aa8f.jpg",870,500,false],"thumbnail":["https:\/\/arantv.az\/wp-content\/uploads\/2024\/10\/72462fc1473638cdf230799c9557aa8f-500x280.jpg",500,280,true],"medium":["https:\/\/arantv.az\/wp-content\/uploads\/2024\/10\/72462fc1473638cdf230799c9557aa8f-635x365.jpg",635,365,true],"large":["https:\/\/arantv.az\/wp-content\/uploads\/2024\/10\/72462fc1473638cdf230799c9557aa8f-840x483.jpg",640,368,true],"1536x1536":["https:\/\/arantv.az\/wp-content\/uploads\/2024\/10\/72462fc1473638cdf230799c9557aa8f.jpg",870,500,false],"2048x2048":["https:\/\/arantv.az\/wp-content\/uploads\/2024\/10\/72462fc1473638cdf230799c9557aa8f.jpg",870,500,false],"post-thumbnail":["https:\/\/arantv.az\/wp-content\/uploads\/2024\/10\/72462fc1473638cdf230799c9557aa8f-240x172.jpg",240,172,true],"advps-thumb-one":["https:\/\/arantv.az\/wp-content\/uploads\/2024\/10\/72462fc1473638cdf230799c9557aa8f.jpg",870,500,false]},"rttpg_author":{"display_name":"V\u00fcsal Rafiqo\u011flu","author_link":"https:\/\/arantv.az\/?author=2"},"rttpg_comment":0,"rttpg_category":"<a href=\"https:\/\/arantv.az\/?cat=19\" rel=\"category\">G\u00fcnd\u0259m<\/a>","rttpg_excerpt":"M\u00fc\u011f\u0259nni \u00dclviyy\u0259 Namazova qarda\u015f\u0131 V\u00fcqar Namazovun b\u0131\u00e7aqlanmas\u0131 il\u0259 ba\u011fl\u0131 a\u00e7\u0131qlama verm\u0259k ist\u0259mir. Bel\u0259 ki, OLAY ifa\u00e7\u0131n\u0131n soyad\u0131n\u0131 dem\u0259k ist\u0259m\u0259diyi Elmar adl\u0131 k\u00f6m\u0259k\u00e7isi il\u0259 \u0259laq\u0259 saxlay\u0131b. Daxili \u0130\u015fl\u0259r Nazirliyinin r\u0259smi a\u00e7\u0131qlamas\u0131 oldu\u011funu qeyd etm\u0259yimiz\u0259 baxmayaraq, s\u00f6z\u00fcged\u0259n \u015f\u0259xs ifa\u00e7\u0131n\u0131n bu hadis\u0259ni \u015fayi\u0259 olaraq t\u0259qdim etdiyini deyib: \u201cM\u0259lumat\u0131m yoxdur. Bayaqdan 10 n\u0259f\u0259r z\u0259ng edib. \u00dclviyy\u0259 xan\u0131mdan soru\u015fmu\u015fam, deyib&hellip;","_links":{"self":[{"href":"https:\/\/arantv.az\/index.php?rest_route=\/wp\/v2\/posts\/759765"}],"collection":[{"href":"https:\/\/arantv.az\/index.php?rest_route=\/wp\/v2\/posts"}],"about":[{"href":"https:\/\/arantv.az\/index.php?rest_route=\/wp\/v2\/types\/post"}],"author":[{"embeddable":true,"href":"https:\/\/arantv.az\/index.php?rest_route=\/wp\/v2\/users\/2"}],"replies":[{"embeddable":true,"href":"https:\/\/arantv.az\/index.php?rest_route=%2Fwp%2Fv2%2Fcomments&post=759765"}],"version-history":[{"count":1,"href":"https:\/\/arantv.az\/index.php?rest_route=\/wp\/v2\/posts\/759765\/revisions"}],"predecessor-version":[{"id":759767,"href":"https:\/\/arantv.az\/index.php?rest_route=\/wp\/v2\/posts\/759765\/revisions\/759767"}],"wp:featuredmedia":[{"embeddable":true,"href":"https:\/\/arantv.az\/index.php?rest_route=\/wp\/v2\/media\/759766"}],"wp:attachment":[{"href":"https:\/\/arantv.az\/index.php?rest_route=%2Fwp%2Fv2%2Fmedia&parent=759765"}],"wp:term":[{"taxonomy":"category","embeddable":true,"href":"https:\/\/arantv.az\/index.php?rest_route=%2Fwp%2Fv2%2Fcategories&post=759765"},{"taxonomy":"post_tag","embeddable":true,"href":"https:\/\/arantv.az\/index.php?rest_route=%2Fwp%2Fv2%2Ftags&post=759765"}],"curies":[{"name":"wp","href":"https:\/\/api.w.org\/{rel}","templated":true}]}}