{"id":760314,"date":"2024-10-11T09:29:11","date_gmt":"2024-10-11T05:29:11","guid":{"rendered":"https:\/\/arantv.az\/?p=760314"},"modified":"2024-10-11T09:29:11","modified_gmt":"2024-10-11T05:29:11","slug":"abs-bakiya-mot%c9%99b%c9%99r-hey%c9%99t-gond%c9%99r%c9%99-bil%c9%99r","status":"publish","type":"post","link":"https:\/\/arantv.az\/?p=760314","title":{"rendered":"AB\u015e Bak\u0131ya m\u00f6t\u0259b\u0259r hey\u0259t g\u00f6nd\u0259r\u0259 bil\u0259r"},"content":{"rendered":"<p><strong>Va\u015finqton Az\u0259rbaycan\u0131n \u0130ranla qon\u015fu olmas\u0131 fakt\u0131n\u0131 n\u0259z\u0259r\u0259 al\u0131r, h\u0259m Avropan\u0131n qaz t\u0259minat\u0131nda rolunu d\u0259y\u0259rl\u0259ndirir, h\u0259m d\u0259 yerl\u0259\u015fdiyi co\u011frafiyan\u0131n siyasi m\u00fcr\u0259kk\u0259bliyini q\u0259bul edir<\/strong><\/p>\n<p>Bir qrup AB\u015e qanunvericisinin Az\u0259rbaycandak\u0131 insan haqlar\u0131n\u0131n v\u0259ziyy\u0259tini t\u0259nqid ed\u0259n v\u0259 d\u00f6vl\u0259t katibi Entoni Blinken\u0259 \u201cb\u00fct\u00fcn siyasi m\u0259hbuslar\u0131n, etnik erm\u0259nil\u0259r d\u0259 daxil olmaqla, girovlar\u0131n v\u0259 h\u0259rbi \u0259sirl\u0259rin, d\u0259rhal v\u0259 qeyd-\u015f\u0259rtsiz azad edilm\u0259si \u00fc\u00e7\u00fcn t\u0259zyiq g\u00f6st\u0259rm\u0259y\u0259\u201d \u00e7a\u011f\u0131ran m\u0259ktubundan sonra Bak\u0131 il\u0259 Va\u015finqton aras\u0131nda g\u0259rginlik daha da art\u0131b.<\/p>\n<p>Prezident \u0130lham \u018fliyev C\u0259bray\u0131lda bu bar\u0259d\u0259 dan\u0131\u015fandan sonra oktyabr\u0131n 8-d\u0259 Moskvada \u201cRossiya-1&#8243; televiziya kanal\u0131na m\u00fcsahib\u0259sind\u0259 d\u0259 bu m\u00f6vzuya toxundu, Amerikan\u0131n Az\u0259rbaycana qar\u015f\u0131 sanksiyalar\u0131 siyas\u0259tin\u0259 m\u00fcnasib\u0259t bildirib. D\u00f6vl\u0259t ba\u015f\u00e7\u0131s\u0131 deyib ki, bu c\u00fcr siyas\u0259tin he\u00e7 bir perspektivi yoxdur, Az\u0259rbaycan ist\u0259nil\u0259n sanksiyalara qar\u015f\u0131d\u0131r: &#8220;Biz\u0259 sanksiyalar 1992-ci ild\u0259, Az\u0259rbaycan \u0259razil\u0259rinin Erm\u0259nistan\u0131n i\u015f\u011fal\u0131 alt\u0131nda oldu\u011fu bir vaxtda \u00f6lk\u0259mizin \u201cErm\u0259nistan\u0131 blokadada saxlamas\u0131\u201d bar\u0259d\u0259 qondarma ittihamla t\u0259tbiq edilmi\u015fdi. Bu sanksiyalar 2001-ci ild\u0259, AB\u015e-\u0131n \u00f6z y\u00fckl\u0259rini hava, quru v\u0259 d\u0259niz yolu il\u0259 Az\u0259rbaycan \u0259razisind\u0259n \u018ffqan\u0131stana tranzit da\u015f\u0131mal\u0131 oldu\u011fu vaxt aradan qald\u0131r\u0131lm\u0131\u015fd\u0131. Partiya m\u0259nsubiyy\u0259tind\u0259n as\u0131l\u0131 olmayaraq, Birl\u0259\u015fmi\u015f \u015etatlar\u0131n Prezidenti AB\u015e \u018ffqan\u0131standan qa\u00e7ana q\u0259d\u0259r h\u0259r il bu sanksiyalar\u0131 \u00f6z q\u0259rar\u0131 il\u0259 l\u0259\u011fv edirdi. Bundan sonra biz\u0259 qar\u015f\u0131 h\u0259min sanksiyalar yenid\u0259n t\u0259tbiq olundu. M\u0259n onlar\u0131 nankorluqda ittiham ed\u0259nd\u0259, hesab edir\u0259m ki, bu, h\u0259min kontekstd\u0259 istifad\u0259 olunacaq \u0259n s\u0259rt s\u00f6z deyil&#8221;.<\/p>\n<p>\u201cYeni M\u00fcsavat\u201d yada sal\u0131r ki, Milli M\u0259clisin 43 deputat\u0131 da xarici i\u015fl\u0259r naziri Ceyhun Bayramova m\u00fcraci\u0259t ed\u0259r\u0259k, Amerika Birl\u0259\u015fmi\u015f \u015etatlar\u0131 il\u0259 m\u00fcnasib\u0259tl\u0259r\u0259 yenid\u0259n bax\u0131lmas\u0131 v\u0259 m\u00fcdafi\u0259 sah\u0259sind\u0259 \u0259m\u0259kda\u015fl\u0131\u011fa dair sazi\u015fl\u0259r\u0259 xitam verilm\u0259sini ist\u0259yibl\u0259r. Bir ne\u00e7\u0259 g\u00fcnl\u00fck susqunluqdan sonra D\u00f6vl\u0259t Departamentinin s\u00f6z\u00e7\u00fcs\u00fc \u201cTuran\u201d\u0131n Va\u015finqton m\u00fcxbirinin bu bar\u0259d\u0259 sual\u0131n\u0131 cavabland\u0131r\u0131b. \u201cBirl\u0259\u015fmi\u015f \u015etatlar Az\u0259rbaycanla ikit\u0259r\u0259fli m\u00fcnasib\u0259tl\u0259ri y\u00fcks\u0259k qiym\u0259tl\u0259ndirir. COP29-un u\u011furlu olmas\u0131na v\u0259 ortaq iqlim v\u0259 enerji m\u0259qs\u0259dl\u0259rin\u0259 nail olunmas\u0131na k\u00f6m\u0259k etm\u0259k \u00fc\u00e7\u00fcn Az\u0259rbaycanla \u0259m\u0259kda\u015fl\u0131\u011f\u0131m\u0131z bir n\u00fcmun\u0259dir\u201d, &#8211; s\u00f6z\u00e7\u00fcs\u00fc deyib. \u201cBirl\u0259\u015fmi\u015f \u015etatlar h\u0259m\u00e7inin C\u0259nubi Qafqaz xalqlar\u0131 \u00fc\u00e7\u00fcn s\u00fclh v\u0259 firavan g\u0259l\u0259c\u0259k h\u0259yat \u00fc\u00e7\u00fcn Erm\u0259nistan v\u0259 Az\u0259rbaycan aras\u0131nda l\u0259yaq\u0259tli v\u0259 davaml\u0131 s\u00fclh\u00fcn \u0259ld\u0259 edilm\u0259si s\u0259yl\u0259rini d\u0259st\u0259kl\u0259m\u0259y\u0259 sadiqdir\u201d, &#8211; s\u00f6z\u00e7\u00fc yekunla\u015fd\u0131r\u0131b.<\/p>\n<p>Bu g\u0259rginlik fonunda AB\u015e prezidenti Cozef Baydenin beyn\u0259lxalq iqlim siyas\u0259ti \u00fczr\u0259 ba\u015f m\u00fc\u015faviri Con Podestan Bak\u0131ya s\u0259f\u0259r\u0259 g\u0259lib. M\u0259qs\u0259d iqlim d\u0259yi\u015fikliyi il\u0259 m\u00fcbariz\u0259d\u0259 Bak\u0131dak\u0131 t\u0259dbird\u0259 i\u015ftirak etm\u0259kdir. D\u00f6vl\u0259t Departamentinin m\u00f6vqeyi is\u0259 onu g\u00f6st\u0259rir ki, Bak\u0131n\u0131n AB\u015e-la ba\u011fl\u0131 haql\u0131 etirazlar\u0131na dem\u0259y\u0259 s\u00f6zl\u0259ri yoxdur. Az\u0259rbaycan Va\u015finqtona m\u00fcxt\u0259lif kanallarla \u00e7atd\u0131rma\u011fa \u00e7al\u0131\u015f\u0131b ki, AB\u015e-dan olan davran\u0131\u015flar adekvat reaksiya il\u0259 qar\u015f\u0131lanacaq, t\u0259zyiq dili il\u0259 Az\u0259rbaycanla dan\u0131\u015f\u0131b n\u0259tic\u0259y\u0259 nail olmaq m\u00fcmk\u00fcn deyil. \u0130ndiki geosiyasi v\u0259ziyy\u0259ti n\u0259z\u0259r\u0259 alsaq, b\u0259llidir ki, Az\u0259rbaycan, onun geopolitik yeri AB\u015e \u00fc\u00e7\u00fcn b\u00f6y\u00fck rol oynay\u0131r. Diplomatik kanallara yax\u0131n m\u0259nb\u0259 istisna etm\u0259yib ki, yax\u0131n g\u00fcnl\u0259rd\u0259 AB\u015e-dan Bak\u0131ya daha m\u00f6t\u0259b\u0259r hey\u0259t g\u0259l\u0259 bil\u0259r. B\u0259zi ekspertl\u0259r\u0259 g\u00f6r\u0259, Va\u015finqtonun C\u0259nubi Qafqaz siyas\u0259ti AB\u015e-da ke\u00e7iril\u0259c\u0259k prezident se\u00e7kisind\u0259n sonra daha ayd\u0131n olacaq.<\/p>\n<p><img loading=\"lazy\" src=\"https:\/\/apa.az\/storage\/news\/2022\/august\/05\/big\/62ecd6b06309d62ecd6b06309e1659688624f8dabf9035728f406af5321d8547a438.jpg\" alt=\"Qabil H\u00fcseynli: Britaniya h\u00f6kum\u0259ti \u00f6hd\u0259likl\u0259rini yerin\u0259 yetirm\u0259li idi\" width=\"734\" height=\"489\" \/><\/p>\n<p><strong>Qabil H\u00fcseynli<\/strong><\/p>\n<p><strong>Bu m\u00f6vzuda son hadis\u0259l\u0259ri \u201cYeni M\u00fcsavat\u201da \u015f\u0259rh ed\u0259n professor Qabil H\u00fcseynlinin bildirdiyin\u0259 g\u00f6r\u0259, zaman-zaman m\u00fcnasib\u0259tl\u0259rd\u0259 g\u0259rginlik d\u0259, soyuqluq da olub. Onun proqnozu ondan ibar\u0259tdir ki, noyabrdan sonra \u0259laq\u0259l\u0259r yenid\u0259n normalla\u015facaq:<\/strong>\u00a0\u201cBunun bir s\u0259b\u0259bi yeni administrasiya olacaqsa, dig\u0259r s\u0259b\u0259bi noyabr\u0131n 25-d\u0259 COP29 konfras\u0131n\u0131n ba\u015f \u00e7atmas\u0131d\u0131r. Q\u0259t\u0259rd\u0259 d\u0259 bu konfrans ke\u00e7iril\u0259nd\u0259 bu \u00f6lk\u0259y\u0259 qar\u015f\u0131 ittihamlar s\u0259sl\u0259nirdi, kampaniya apar\u0131l\u0131rd\u0131. O bax\u0131mdan AB\u015e-\u0131n C\u0259nubi Qafqazda strateji t\u0259r\u0259fda\u015f\u0131 olan Az\u0259rbaycanla m\u00fcnasib\u0259tl\u0259ri pisl\u0259\u015fdirm\u0259k ist\u0259yi yoxdur, sad\u0259c\u0259, m\u00f6vs\u00fcmi t\u0259zyiql\u0259rdir. Birl\u0259\u015fmi\u015f \u015etatlar x\u00fcsus\u0259n d\u0259 xunta rejiminin h\u0259bsd\u0259 olan liderl\u0259ri il\u0259 ba\u011fl\u0131 Az\u0259rbaycan\u0131n \u00fcz\u0259rin\u0259 g\u0259l\u0259 bilm\u0259z. Bu, absurd bir t\u0259l\u0259bdir. AB\u015e Quantanamo h\u0259bsxanas\u0131nda olan terror\u00e7ularla ba\u011fl\u0131 m\u0259s\u0259l\u0259 qald\u0131rsaq, buna nec\u0259 qiym\u0259t ver\u0259r? Biz d\u0259 Qaraba\u011fda 30 il m\u00f6vcud olmu\u015f v\u0259 m\u0259rk\u0259z\u0259 qar\u015f\u0131 \u00e7\u0131xm\u0131\u015f silahl\u0131, terror\u00e7u rejimi m\u0259hv etmi\u015fik, liderl\u0259rini tutmu\u015fuq. Fikrimc\u0259, AB\u015e Az\u0259rbaycan\u0131 itirm\u0259k ist\u0259m\u0259z v\u0259 bu, Rusiya il\u0259 yax\u0131nla\u015fman\u0131 daha da s\u00fcr\u0259tl\u0259ndir\u0259r\u201d.<\/p>\n<p><strong>Q.H\u00fcseynli g\u00fcman edir ki, Va\u015finqton Bak\u0131n\u0131n h\u0259m \u0130ranla qon\u015fu olmas\u0131 fakt\u0131n\u0131 n\u0259z\u0259r\u0259 al\u0131r, h\u0259m Avropan\u0131n qaz t\u0259minat\u0131nda rolunu d\u0259y\u0259rl\u0259ndirir, h\u0259m d\u0259 yerl\u0259\u015fdiyi co\u011frafiyan\u0131n siyasi m\u00fcr\u0259kk\u0259bliyini q\u0259bul edir:<\/strong>\u00a0\u201cO n\u00f6qteyi-n\u0259z\u0259rd\u0259n noyabrdan sonra \u0259laq\u0259l\u0259rin indikind\u0259n yax\u015f\u0131 olaca\u011f\u0131n\u0131 g\u00f6zl\u0259yir\u0259m. AB\u015e COP29 konfrans\u0131n\u0131 da diqq\u0259td\u0259n qa\u00e7\u0131ra bilm\u0259z v\u0259 s\u0259sl\u0259n\u0259n t\u0259nqidl\u0259ri m\u00f6vs\u00fcmi siyasi bazarl\u0131\u011fa \u00e7evirm\u0259m\u0259lidir. Bu, qarayaxmaya v\u0259 \u00e7irkin b\u00f6htana ox\u015fay\u0131r. H\u0259r halda, Va\u015finqton Bak\u0131 il\u0259 m\u00fcnasib\u0259tl\u0259r\u0259 yenid\u0259n baxmal\u0131d\u0131r. \u0130st\u0259r Harris, ist\u0259rs\u0259 Tramp qalib olsun, Az\u0259rbaycanla i\u015fl\u0259m\u0259y\u0259 m\u0259cburdur\u201d.<\/p>\n<p><img loading=\"lazy\" src=\"https:\/\/www.mia.az\/uploads\/img\/posts\/2024\/09\/03\/aqsin-kreimovjpg-1725370102.jpg\" alt=\"\u015e\u0259rh\u00e7i Aq\u015fin K\u0259rimov v\u0259zif\u0259y\u0259 t\u0259yin olunub\" width=\"800\" height=\"533\" \/><\/p>\n<p><strong>Aq\u015fin K\u0259rimov<\/strong><\/p>\n<p><strong>Siyasi icmal\u00e7\u0131 Aq\u015fin K\u0259rimovun m\u00fc\u015fahid\u0259l\u0259rin\u0259 g\u00f6r\u0259, Konqresin Erm\u0259nistan \u00fczr\u0259 qrupu Az\u0259rbaycan-AB\u015e aras\u0131nda \u0259laq\u0259l\u0259ri z\u0259d\u0259l\u0259m\u0259k \u00fc\u00e7\u00fcn \u00e7al\u0131\u015f\u0131r v\u0259 r\u0259smi Va\u015finqtonda bu m\u00f6vqeni Bak\u0131ya qar\u015f\u0131 istifad\u0259 etm\u0259k c\u0259hdl\u0259ri a\u015fkar \u015f\u0259kild\u0259 g\u00f6r\u00fcn\u00fcr:<\/strong>\u00a0\u201cAB\u015e-\u0131n Az\u0259rbaycana t\u0259zyiql\u0259ri onun Bak\u0131-\u0130r\u0259van s\u00fclh proqram\u0131nda uy\u011fun n\u00f6qt\u0259l\u0259r taparaq Rusiyaya qar\u015f\u0131 strateji imkanlar\u0131 geni\u015fl\u0259tm\u0259k m\u0259qs\u0259dl\u0259rinin bir hiss\u0259sidir. Bu bax\u0131mdan Konqresin Erm\u0259ni Probleml\u0259ri Qrupu Va\u015finqtonun \u0259lind\u0259 Az\u0259rbaycan-Erm\u0259nistan m\u00fcnasib\u0259tl\u0259rinin t\u0259nziml\u0259nm\u0259si m\u0259s\u0259l\u0259sin\u0259 t\u0259zyiq r\u0131\u00e7aq\u0131na \u00e7evrilib. Konqresmenl\u0259rin erm\u0259ni qrupuna d\u0259st\u0259k m\u0259qs\u0259dil\u0259 f\u0259aliyy\u0259tl\u0259rinin is\u0259 iki \u0259sas h\u0259d\u0259fi var: Birincisi, Konqresin Erm\u0259nistan Qrupu AB\u015e-Erm\u0259nistan m\u00fcnasib\u0259tl\u0259rinin saxlanmas\u0131 v\u0259 m\u00f6hk\u0259ml\u0259ndirilm\u0259sin\u0259 h\u0259sr olunmu\u015f qeyri-r\u0259smi qrupdur. Bu qrup indi \u00f6z f\u0259aliyy\u0259tini davaml\u0131 etm\u0259k \u00fc\u00e7\u00fcn m\u00fcxt\u0259lif vasit\u0259l\u0259r axtar\u0131r, \u00e7\u00fcnki Az\u0259rbaycan\u0131n \u0130r\u0259van \u00fcz\u0259rind\u0259 h\u0259rt\u0259r\u0259fli q\u0259l\u0259b\u0259sind\u0259n sonra h\u0259min qrupun da statusu k\u00f6lg\u0259 alt\u0131na d\u00fc\u015f\u00fcr\u201d.<\/p>\n<p><strong>T\u0259hlil\u00e7i hesab edir ki, ikincisi, AB\u015e D\u00f6vl\u0259t Departamenti hakimiyy\u0259tin icraedici qanad\u0131n\u0131 t\u0259msil ets\u0259 d\u0259, o, Az\u0259rbaycan-AB\u015e m\u00fcnasib\u0259tl\u0259rinin normalar\u0131n\u0131n Konqres t\u0259r\u0259find\u0259n m\u00fc\u0259yy\u0259n edil\u0259 bil\u0259c\u0259yi g\u00f6r\u00fcnt\u00fcl\u0259rini yarad\u0131r:<\/strong>\u00a0\u201cBu m\u0259nada konqresmenl\u0259rl\u0259 D\u00f6vl\u0259t Departamentinin koordinasiyal\u0131 f\u0259aliyy\u0259t g\u00f6st\u0259rdiyi \u015f\u00fcbh\u0259 do\u011furmamal\u0131d\u0131r. Y\u0259ni n\u0259tic\u0259 olaraq Va\u015finqton erm\u0259ni qrupu \u00fcz\u0259rind\u0259n xarici siyas\u0259t \u00fczr\u0259 f\u0259aliyy\u0259tinin Az\u0259rbaycan vektorunu kritik bir m\u0259qam kimi istifad\u0259y\u0259 \u00e7al\u0131\u015f\u0131r. Lakin AB\u015e Administrasiyas\u0131nda Az\u0259rbaycan\u0131n M\u0259rk\u0259zi Asiyaya ke\u00e7idd\u0259 m\u00fch\u00fcm rol oynad\u0131\u011f\u0131n\u0131 ba\u015fa d\u00fc\u015f\u0259n beyinl\u0259r d\u0259 m\u00f6vcuddur. Bu, AB\u015e-\u0131n Az\u0259rbaycanla m\u00fcnasib\u0259tl\u0259rd\u0259 n\u0259yin i\u015fl\u0259diyini d\u00fc\u015f\u00fcnm\u0259k v\u0259 \u0259laq\u0259l\u0259ri Bak\u0131n\u0131n ir\u0259li s\u00fcrd\u00fcy\u00fc strateji t\u0259\u015f\u0259bb\u00fcsl\u0259r\u0259 uy\u011funla\u015fd\u0131rmaq \u015fanslar\u0131 verir. Va\u015finqton bundan sonra Az\u0259rbaycanla \u0259laq\u0259l\u0259rd\u0259ki strateji t\u0259r\u0259fda\u015fl\u0131q v\u0259 energetika sah\u0259sind\u0259ki d\u0259rinlikl\u0259ri v\u0259 geni\u015fliyi vur\u011fulayan siyasi x\u0259tti y\u00fcr\u00fctm\u0259lidir. \u018fks t\u0259qdird\u0259, Az\u0259rbaycan AB\u015e-la m\u00fcnasib\u0259tl\u0259rin r\u0259smi \u015f\u0259kild\u0259 yenid\u0259n n\u0259z\u0259rd\u0259n ke\u00e7irilm\u0259sini \u00f6z\u00fcnd\u0259 birl\u0259\u015fdir\u0259n add\u0131mlar atmaq h\u00fcququndan istifad\u0259 ed\u0259c\u0259k\u201d.<\/p>\n<p><strong>Emil SALAMO\u011eLU,\u00a0<\/strong><br \/>\n<strong>\u201cYeni M\u00fcsavat\u201d<\/strong><\/p>\n","protected":false},"excerpt":{"rendered":"<p>Va\u015finqton Az\u0259rbaycan\u0131n \u0130ranla qon\u015fu olmas\u0131 fakt\u0131n\u0131 n\u0259z\u0259r\u0259 al\u0131r, h\u0259m Avropan\u0131n qaz t\u0259minat\u0131nda rolunu d\u0259y\u0259rl\u0259ndirir, h\u0259m d\u0259 yerl\u0259\u015fdiyi co\u011frafiyan\u0131n siyasi m\u00fcr\u0259kk\u0259bliyini q\u0259bul edir Bir qrup AB\u015e qanunvericisinin Az\u0259rbaycandak\u0131 insan haqlar\u0131n\u0131n v\u0259ziyy\u0259tini t\u0259nqid ed\u0259n v\u0259 d\u00f6vl\u0259t katibi Entoni Blinken\u0259 \u201cb\u00fct\u00fcn siyasi m\u0259hbuslar\u0131n, etnik erm\u0259nil\u0259r d\u0259 daxil olmaqla, girovlar\u0131n v\u0259 h\u0259rbi \u0259sirl\u0259rin, d\u0259rhal v\u0259 qeyd-\u015f\u0259rtsiz azad edilm\u0259si \u00fc\u00e7\u00fcn t\u0259zyiq g\u00f6st\u0259rm\u0259y\u0259\u201d \u00e7a\u011f\u0131ran m\u0259ktubundan sonra Bak\u0131 il\u0259 Va\u015finqton aras\u0131nda g\u0259rginlik daha da art\u0131b. Prezident \u0130lham \u018fliyev C\u0259bray\u0131lda bu bar\u0259d\u0259 dan\u0131\u015fandan sonra oktyabr\u0131n 8-d\u0259 Moskvada \u201cRossiya-1&#8243; televiziya kanal\u0131na m\u00fcsahib\u0259sind\u0259 d\u0259 bu m\u00f6vzuya toxundu, Amerikan\u0131n Az\u0259rbaycana qar\u015f\u0131&hellip;<\/p>\n","protected":false},"author":2,"featured_media":760315,"comment_status":"closed","ping_status":"closed","sticky":false,"template":"","format":"standard","meta":{"om_disable_all_campaigns":false,"_monsterinsights_skip_tracking":false,"_monsterinsights_sitenote_active":false,"_monsterinsights_sitenote_note":"","_monsterinsights_sitenote_category":0},"categories":[4],"tags":[],"aioseo_notices":[],"gutentor_comment":0,"rttpg_featured_image_url":{"full":["https:\/\/arantv.az\/wp-content\/uploads\/2024\/10\/33df9a227fc37b1379d53804234a78fe.jpg",870,500,false],"landscape":["https:\/\/arantv.az\/wp-content\/uploads\/2024\/10\/33df9a227fc37b1379d53804234a78fe.jpg",870,500,false],"portraits":["https:\/\/arantv.az\/wp-content\/uploads\/2024\/10\/33df9a227fc37b1379d53804234a78fe.jpg",870,500,false],"thumbnail":["https:\/\/arantv.az\/wp-content\/uploads\/2024\/10\/33df9a227fc37b1379d53804234a78fe-500x280.jpg",500,280,true],"medium":["https:\/\/arantv.az\/wp-content\/uploads\/2024\/10\/33df9a227fc37b1379d53804234a78fe-635x365.jpg",635,365,true],"large":["https:\/\/arantv.az\/wp-content\/uploads\/2024\/10\/33df9a227fc37b1379d53804234a78fe-840x483.jpg",640,368,true],"1536x1536":["https:\/\/arantv.az\/wp-content\/uploads\/2024\/10\/33df9a227fc37b1379d53804234a78fe.jpg",870,500,false],"2048x2048":["https:\/\/arantv.az\/wp-content\/uploads\/2024\/10\/33df9a227fc37b1379d53804234a78fe.jpg",870,500,false],"post-thumbnail":["https:\/\/arantv.az\/wp-content\/uploads\/2024\/10\/33df9a227fc37b1379d53804234a78fe-240x172.jpg",240,172,true],"advps-thumb-one":["https:\/\/arantv.az\/wp-content\/uploads\/2024\/10\/33df9a227fc37b1379d53804234a78fe.jpg",870,500,false]},"rttpg_author":{"display_name":"V\u00fcsal Rafiqo\u011flu","author_link":"https:\/\/arantv.az\/?author=2"},"rttpg_comment":0,"rttpg_category":"<a href=\"https:\/\/arantv.az\/?cat=4\" rel=\"category\">Siyas\u0259t<\/a>","rttpg_excerpt":"Va\u015finqton Az\u0259rbaycan\u0131n \u0130ranla qon\u015fu olmas\u0131 fakt\u0131n\u0131 n\u0259z\u0259r\u0259 al\u0131r, h\u0259m Avropan\u0131n qaz t\u0259minat\u0131nda rolunu d\u0259y\u0259rl\u0259ndirir, h\u0259m d\u0259 yerl\u0259\u015fdiyi co\u011frafiyan\u0131n siyasi m\u00fcr\u0259kk\u0259bliyini q\u0259bul edir Bir qrup AB\u015e qanunvericisinin Az\u0259rbaycandak\u0131 insan haqlar\u0131n\u0131n v\u0259ziyy\u0259tini t\u0259nqid ed\u0259n v\u0259 d\u00f6vl\u0259t katibi Entoni Blinken\u0259 \u201cb\u00fct\u00fcn siyasi m\u0259hbuslar\u0131n, etnik erm\u0259nil\u0259r d\u0259 daxil olmaqla, girovlar\u0131n v\u0259 h\u0259rbi \u0259sirl\u0259rin, d\u0259rhal v\u0259 qeyd-\u015f\u0259rtsiz azad edilm\u0259si \u00fc\u00e7\u00fcn&hellip;","_links":{"self":[{"href":"https:\/\/arantv.az\/index.php?rest_route=\/wp\/v2\/posts\/760314"}],"collection":[{"href":"https:\/\/arantv.az\/index.php?rest_route=\/wp\/v2\/posts"}],"about":[{"href":"https:\/\/arantv.az\/index.php?rest_route=\/wp\/v2\/types\/post"}],"author":[{"embeddable":true,"href":"https:\/\/arantv.az\/index.php?rest_route=\/wp\/v2\/users\/2"}],"replies":[{"embeddable":true,"href":"https:\/\/arantv.az\/index.php?rest_route=%2Fwp%2Fv2%2Fcomments&post=760314"}],"version-history":[{"count":2,"href":"https:\/\/arantv.az\/index.php?rest_route=\/wp\/v2\/posts\/760314\/revisions"}],"predecessor-version":[{"id":760317,"href":"https:\/\/arantv.az\/index.php?rest_route=\/wp\/v2\/posts\/760314\/revisions\/760317"}],"wp:featuredmedia":[{"embeddable":true,"href":"https:\/\/arantv.az\/index.php?rest_route=\/wp\/v2\/media\/760315"}],"wp:attachment":[{"href":"https:\/\/arantv.az\/index.php?rest_route=%2Fwp%2Fv2%2Fmedia&parent=760314"}],"wp:term":[{"taxonomy":"category","embeddable":true,"href":"https:\/\/arantv.az\/index.php?rest_route=%2Fwp%2Fv2%2Fcategories&post=760314"},{"taxonomy":"post_tag","embeddable":true,"href":"https:\/\/arantv.az\/index.php?rest_route=%2Fwp%2Fv2%2Ftags&post=760314"}],"curies":[{"name":"wp","href":"https:\/\/api.w.org\/{rel}","templated":true}]}}