{"id":760318,"date":"2024-10-11T09:30:06","date_gmt":"2024-10-11T05:30:06","guid":{"rendered":"https:\/\/arantv.az\/?p=760318"},"modified":"2024-10-11T09:30:06","modified_gmt":"2024-10-11T05:30:06","slug":"uc-paytaxtin-sifarisi-ir%c9%99van-buna-gor%c9%99-israr-edir","status":"publish","type":"post","link":"https:\/\/arantv.az\/?p=760318","title":{"rendered":"\u00dc\u00e7 paytaxt\u0131n sifari\u015fi&#8230; &#8211; \u0130r\u0259van buna g\u00f6r\u0259 \u0130SRAR ED\u0130R"},"content":{"rendered":"<p><strong>Va\u015finqton, Paris v\u0259 Br\u00fcssel\u0259 dinc \u015f\u0259raitd\u0259 olan C\u0259nubi Qafqaz laz\u0131m deyil; deputat: \u201cBu \u015f\u0259rtl\u0259rd\u0259 raz\u0131la\u015fma olmayacaq v\u0259 Erm\u0259nistan n\u00f6vb\u0259ti eskalasiyaya ged\u0259rs\u0259&#8230;\u201d<\/strong><\/p>\n<p><em>Erm\u0259nistan r\u0259smil\u0259ri son g\u00fcnl\u0259r davaml\u0131 olaraq Az\u0259rbaycanla \u201cyar\u0131m\u00e7\u0131q s\u00fclh\u201d imzalamas\u0131 t\u0259klifl\u0259ri ir\u0259li s\u00fcr\u00fcr. Son olaraq Erm\u0259nistan prezidenti Vahaqn Xa\u00e7atryan da \u201cR\u00f6yters\u201d\u0259 deyib ki, yax\u0131n d\u00f6rd h\u0259ft\u0259 \u0259rzind\u0259 Az\u0259rbaycanla s\u00fclh m\u00fcqavil\u0259sinin imzalanmas\u0131n\u0131 m\u00fcmk\u00fcn hesab edir. Erm\u0259nistan prezidentinin s\u00f6zl\u0259rin\u0259 g\u00f6r\u0259, \u0130r\u0259van art\u0131q Bak\u0131 il\u0259 raz\u0131la\u015fd\u0131r\u0131lm\u0131\u015f 16 madd\u0259ni Az\u0259rbaycan paytaxt\u0131nda noyabr\u0131n 11-22-d\u0259 ke\u00e7iril\u0259c\u0259k BMT iqlim konfrans\u0131nad\u0259k imzalamaq ist\u0259rdi:<\/em><\/p>\n<p>\u201cBiz\u0259 qalsayd\u0131, biz bunu el\u0259 indi, bu g\u00fcn imzalard\u0131q. Amma biz \u00fcmid edirik ki, gec-tez h\u0259min m\u0259qama \u00e7ataca\u011f\u0131q\u201d. \u201cReuters\u201d yaz\u0131r ki, raz\u0131la\u015fd\u0131r\u0131lm\u0131\u015f madd\u0259l\u0259r diplomatik m\u00fcnasib\u0259tl\u0259rin qurulmas\u0131 \u00fc\u00e7\u00fcn beyn\u0259lxalq al\u0259md\u0259 tan\u0131nan \u0259sas prinsipl\u0259ri ehtiva edir. Agentlik onu da vur\u011fulay\u0131r ki, Xa\u00e7atryan\u0131n v\u0259zif\u0259si m\u0259rasim xarakteri da\u015f\u0131sa da, o, ba\u015f nazir Nikol Pa\u015finyan\u0131n siyasi m\u00fctt\u0259fiqidir.<\/p>\n<p>B\u0259llidir ki, s\u00fclh m\u00fcqavil\u0259sinin 19 b\u0259ndind\u0259n 16-s\u0131 raz\u0131la\u015fd\u0131r\u0131l\u0131b, 3-\u00fc qal\u0131r. Erm\u0259nistan s\u0259n\u0259di h\u0259min 3 b\u0259nd olmadan imzalama\u011f\u0131 t\u0259klif edir, Az\u0259rbaycan bundan imtina edir. Raz\u0131la\u015fd\u0131r\u0131lmayan 3 madd\u0259nin n\u0259d\u0259n ibar\u0259t oldu\u011fu r\u0259smi \u015f\u0259kild\u0259 a\u00e7\u0131qlanm\u0131r. T\u0259xmin edilir ki, s\u00f6hb\u0259t Erm\u0259nistan\u0131n Az\u0259rbaycana qar\u015f\u0131 \u0259razi iddialar\u0131n\u0131n yer ald\u0131\u011f\u0131 konstitusiyas\u0131 v\u0259 normativ-h\u00fcquqi aktlar\u0131n\u0131n d\u0259yi\u015fdirilm\u0259si, s\u0259rh\u0259din delimitasiyas\u0131n\u0131n v\u0259 kommunikasiyalar\u0131n a\u00e7\u0131lmas\u0131n\u0131n hans\u0131 prinsipl\u0259rl\u0259 m\u00fc\u0259yy\u0259n edilm\u0259sidir. Az\u0259rbaycan Erm\u0259nistan Konstitusiyas\u0131n\u0131n d\u0259yi\u015fdirilm\u0259sini t\u0259l\u0259b edir, Pa\u015finyan bunu 2027-ci il\u0259 q\u0259d\u0259r ed\u0259c\u0259yini s\u00f6yl\u0259yir. Ayd\u0131nd\u0131r ki, Pa\u015finyan h\u00f6kum\u0259ti indiki halda bu d\u0259yi\u015fikliyi ed\u0259 bilmir, \u00e7\u00fcnki referendum u\u011fursuzlu\u011fa d\u00fc\u00e7ar olacaq v\u0259 hakimiyy\u0259tin onsuz da k\u00f6vr\u0259k m\u00f6vqel\u0259ri daha da z\u0259ifl\u0259y\u0259c\u0259k. Ortaya haql\u0131 olaraq bu sual \u00e7\u0131x\u0131r ki, \u00fcz\u0259rind\u0259 raz\u0131la\u015fma olmayan o 3 b\u0259nd layih\u0259y\u0259 daxil edilib, \u0259g\u0259r Erm\u0259nistan \u0259vv\u0259ld\u0259n bunun \u0259leyhin\u0259 idis\u0259, niy\u0259 onlar\u0131n layih\u0259y\u0259 daxil edilm\u0259sin\u0259 raz\u0131l\u0131q verib?<\/p>\n<p><strong>Az\u0259rbaycan \u201cyar\u0131m\u00e7\u0131q s\u00fclh\u201dl\u0259 Erm\u0259nistan\u0131n m\u00f6vqeyinin g\u00fccl\u0259nm\u0259sin\u0259 imkan verm\u0259k niyy\u0259tind\u0259 deyil. Bundan ba\u015fqa, b\u0259zi Q\u0259rb d\u00f6vl\u0259tl\u0259ri d\u0259 Erm\u0259nistanla s\u00fclh\u00fcn imzalanmas\u0131na \u0259ng\u0259l yarad\u0131r. Rusiyal\u0131 h\u0259rbi ekspert \u0130qor Korot\u00e7enko hesab edir ki, Va\u015finqton, Paris v\u0259 Br\u00fcssel\u0259 sakit, dinc v\u0259ziyy\u0259td\u0259, s\u00fclh \u015f\u0259raitind\u0259 olan C\u0259nubi Qafqaz laz\u0131m deyil: \u201cOnlar Az\u0259rbaycana t\u0259sir r\u0131\u00e7aqlar\u0131na malik olmaq ist\u0259rdil\u0259r. Buna g\u00f6r\u0259 d\u0259 Pa\u015finyan rejimi bu g\u00fcn k\u0259\u015ffiyyat, maddi-texniki v\u0259 h\u0259rbi d\u0259st\u0259k al\u0131r. \u00dcmumi g\u00f6t\u00fcrs\u0259k, Erm\u0259nistan g\u00fccl\u0259ndirilir v\u0259 bu, yaln\u0131z bir m\u0259qs\u0259d &#8211; C\u0259nubi Qafqazda s\u00fclh v\u0259 \u0259min-amanl\u0131\u011f\u0131n yaranmas\u0131n\u0131n qar\u015f\u0131s\u0131n\u0131 almaq \u00fc\u00e7\u00fcn edilir\u201d.<\/strong><\/p>\n<p><img loading=\"lazy\" src=\"https:\/\/cdn.musavat.com\/news\/thumbnails\/17e77eefc90a0dee977142c9bbe88ce7.jpg\" alt=\"elman.jpeg (309 KB)\" width=\"800\" height=\"572\" \/><\/p>\n<p><strong>Elman N\u0259sirov<\/strong><\/p>\n<p><strong>Deputat Elman N\u0259sirov \u201cYeni M\u00fcsavat\u201da qeyd etdi ki, s\u00fclh prosesi il\u0259 ba\u011f\u0131 m\u0259s\u0259l\u0259y\u0259 s\u0259thi yana\u015fsaq, Erm\u0259nistan\u0131n bunu ist\u0259diyi g\u00f6r\u00fcn\u0259 bil\u0259r:<\/strong>\u00a0\u201cErm\u0259nistan\u0131n siyasi r\u0259hb\u0259rliyi tez-tez Fransaya s\u0259f\u0259r edir v\u0259 el\u0259 g\u00f6r\u00fcn\u00fcr ki, Paris d\u0259 s\u00fclh ist\u0259yind\u0259dir. H\u0259tta g\u00fcn\u00fc, tarixi dem\u0259y\u0259 ba\u015flay\u0131blar. Amma Pa\u015finyan\u0131n bu \u00e7\u0131x\u0131\u015flar\u0131 ob\u0131vatel \u00fc\u00e7\u00fcn n\u0259z\u0259rd\u0259 tutulub v\u0259 Erm\u0259nistan haqda &#8220;s\u00fclh g\u00f6y\u0259r\u00e7ini&#8221; t\u0259\u0259ss\u00fcrat\u0131 yaratma\u011fa hesablan\u0131b&#8221;. E.N\u0259sirov bildirdi ki, d\u0259rin\u0259 baxd\u0131qda is\u0259 \u201cxoruzun quyru\u011fu\u201d g\u00f6r\u00fcnm\u0259kd\u0259dir. \u201cAz\u0259rbaycan\u0131n q\u0259tiyy\u0259ti v\u0259 t\u0259l\u0259bl\u0259ri Erm\u0259nistana ayd\u0131nd\u0131r. \u0130r\u0259van Bak\u0131n\u0131n t\u0259l\u0259bini yerin\u0259 yetir\u0259r\u0259k qanunvericilik aktlar\u0131na d\u0259yi\u015fiklik etmir, amma s\u00fclhd\u0259n dan\u0131\u015f\u0131r. Pa\u015finyan bir ne\u00e7\u0259 g\u00fcn qabaq da Parisd\u0259 oldu, Makronla qucaqla\u015fma g\u00f6r\u00fcnt\u00fcl\u0259ri yay\u0131ld\u0131. B\u0259lk\u0259 d\u0259 el\u0259 bu g\u00f6r\u00fc\u015f zaman\u0131 Fransa lideri onun qula\u011f\u0131na p\u0131\u00e7\u0131ldad\u0131 ki, s\u00fclh sazi\u015fini imzalama, amma hans\u0131 platformada oldusa s\u00fclhd\u0259n dan\u0131\u015f. B\u0259s s\u00fclh s\u0259n\u0259dinin 20 faizi nec\u0259 olsun? Bunu g\u0259l\u0259c\u0259y\u0259 v\u0259 g\u0259l\u0259c\u0259k n\u0259sill\u0259r\u0259 niy\u0259 saxlay\u0131rs\u0131n\u0131z?\u201d, &#8211; dey\u0259 deputat ritorik sual verdi.<\/p>\n<p><strong>E.N\u0259sirov a\u00e7\u0131qlad\u0131 ki, el\u0259 bu s\u0259b\u0259bd\u0259n d\u0259 Erm\u0259nistan Minsk Qrupunun burax\u0131lmas\u0131 il\u0259 ba\u011fl\u0131 Bak\u0131n\u0131n \u00e7a\u011f\u0131r\u0131\u015flar\u0131na d\u0259st\u0259k vermir:<\/strong>\u00a0\u201cHans\u0131 s\u00fclhd\u0259n dan\u0131\u015f\u0131rs\u0131n\u0131z ki, erm\u0259ni iqtidar\u0131 il\u0259 m\u00fcxalif\u0259ti \u0259l-\u0259l\u0259 verib revan\u015fizm \u0259hval-ruhiyy\u0259sini g\u00fccl\u0259ndirirl\u0259r. Pa\u015finyan \u00f6nc\u0259d\u0259n bilir ki, bu \u015f\u0259rtl\u0259r \u00e7\u0259r\u00e7iv\u0259sind\u0259 Az\u0259rbaycan s\u00fclh m\u00fcqavil\u0259si imzalamayacaq, amma yen\u0259 d\u0259 dediyini deyir\u201d. E.N\u0259sirov onu da vur\u011fulad\u0131 ki, Az\u0259rbaycana yar\u0131m\u00e7\u0131q s\u00fclh laz\u0131m deyil v\u0259 g\u0259l\u0259c\u0259k u\u015faqlara o problemi saxlamaq olmaz: \u201cBizim taleyimiz\u0259 bu problem d\u00fc\u015fm\u00fc\u015fd\u00fc, Az\u0259rbaycan\u0131n Ali Ba\u015f Komandan\u0131 v\u0259 Ordumuz i\u015f\u011fal problemini h\u0259ll etdi, indi d\u0259 s\u00fclh s\u0259n\u0259dini imzalamaq qal\u0131r. Bu \u015f\u0259rtl\u0259rd\u0259 is\u0259 raz\u0131la\u015fmayaca\u011f\u0131q v\u0259 s\u00fclh \u0259n \u00e7ox el\u0259 Erm\u0259nistana laz\u0131md\u0131r. \u018fg\u0259r qar\u015f\u0131dak\u0131 d\u00f6vrd\u0259 s\u00fclhd\u0259n yay\u0131nan, t\u0259l\u0259bl\u0259ri yerin\u0259 yetirm\u0259y\u0259n, silahlanan Erm\u0259nistan n\u00f6vb\u0259ti bir eskalasiyaya ged\u0259rs\u0259, b\u00fct\u00fcn m\u0259suliyy\u0259t \u0130r\u0259van\u0131n, onun havadarlar\u0131n\u0131n v\u0259 x\u00fcsus\u0259n d\u0259 Fransan\u0131n \u00fcz\u0259rin\u0259 d\u00fc\u015f\u0259c\u0259k\u201d.<\/p>\n<p><img src=\"https:\/\/araz.az\/sekiller\/2023\/04\/mehemmed-esedullazadeee-845x475.jpg\" alt=\"G\u00f6zl\u0259nil\u0259n Moskva g\u00f6r\u00fc\u015f\u00fc s\u00fclh\u0259 deyil, b\u00f6hran\u0131n davam\u0131na hesablan\u0131b\u201d \u2013 M\u018fH\u018fMM\u018fD  \u018fS\u018fDULLAZAD\u018f \u2013 &quot;ARAZ&quot; Media Qrupu\" \/><\/p>\n<p><strong>M\u0259h\u0259mm\u0259d \u018fs\u0259dullazad\u0259<\/strong><\/p>\n<p><strong>Milli C\u0259bh\u0259 Partiyas\u0131n\u0131n ba\u015fqan m\u00fcavini M\u0259h\u0259mm\u0259d \u018fs\u0259dullazad\u0259 is\u0259 hesab edir ki, AB\u015e d\u00f6vl\u0259t katibi Entoni Blinken Erm\u0259nistanla Az\u0259rbaycan aras\u0131nda m\u00f6vcud m\u0259tnin 13 b\u0259ndi \u00fczr\u0259 m\u00fcqavil\u0259 imzalanmas\u0131 \u00fc\u00e7\u00fcn Nikol Pa\u015finyana t\u0259limat verib:<\/strong>\u00a0\u201cCozef Bayden administrasiyas\u0131 Az\u0259rbaycanla Erm\u0259nistan aras\u0131nda yar\u0131m\u00e7\u0131q s\u00fclh m\u00fcqavil\u0259sinin ba\u011flanmas\u0131n\u0131 ona g\u00f6r\u0259 t\u0259l\u0259sik ist\u0259yir ki, daxild\u0259 se\u00e7ki \u00f6nc\u0259si reytinqini y\u00fcks\u0259ltsin.<\/p>\n<p>Yar\u0131m\u00e7\u0131q s\u00fclh m\u0259tni AB\u015e administrasiyas\u0131n\u0131n v\u0259 Pa\u015finyan\u0131n siyasi maraqlar\u0131na cavab verir. H\u0259r iki h\u00f6kum\u0259t daxild\u0259 siyasi reytinql\u0259ri kifay\u0259t q\u0259d\u0259r y\u00fcks\u0259ltm\u0259yi planlay\u0131r. Prezident \u0130lham \u018fliyev is\u0259 h\u0259r iki h\u00f6kum\u0259tin bu oyununu obyektiv olaraq pozur. Yar\u0131m\u00e7\u0131q m\u0259tn imzalanarsa, Pa\u015finyan da g\u00f6st\u0259r\u0259c\u0259k ki, s\u00fclh \u0259ld\u0259 etdik. T\u0259bii ki, yekun s\u00fclh m\u00fcqavil\u0259si olmayacaq. Perspektivd\u0259 \u0130r\u0259van\u0131n yenid\u0259n manipulyasiyalara \u0259l atmas\u0131na t\u0259minat yoxdur&#8221;.<\/p>\n<p><strong>M.\u018fs\u0259dullazad\u0259 a\u00e7\u0131qlad\u0131 ki, ona g\u00f6r\u0259 d\u0259 Prezident \u0130lham \u018fliyev Az\u0259rbaycan\u0131n milli maraqlar\u0131n\u0131 \u00fcst\u00fcn tutaraq regionda dayan\u0131ql\u0131 s\u00fclh\u00fcn \u0259ld\u0259 edilm\u0259si \u00fc\u00e7\u00fcn yekun s\u00fclh m\u00fcqavil\u0259sinin ba\u011flanmas\u0131n\u0131 \u015f\u0259rt kimi ir\u0259li s\u00fcr\u00fcr:<\/strong>\u00a0\u201cAB\u015e v\u0259 Erm\u0259nistan r\u0259hb\u0259rliyi is\u0259 \u00f6z siyasi maraqlar\u0131 \u00fc\u00e7\u00fcn yar\u0131m\u00e7\u0131q s\u00fclh m\u00fcqavil\u0259sini ortaya at\u0131blar. Prezident MDB sammiti \u00e7\u0259r\u00e7iv\u0259sind\u0259 Pa\u015finyandan f\u0259rqli olaraq, rus jurnalistin &#8220;s\u00fclh m\u00fcqavil\u0259si bu il ba\u011flana bil\u0259r&#8221; sual\u0131na b\u0259d\u0259n h\u0259r\u0259k\u0259ti il\u0259 \u201cbilmir\u0259m\u201d dedi. Do\u011fru olan budur!\u00a0 Az\u0259rbaycana yekun s\u00fclh m\u00fcqavil\u0259si laz\u0131md\u0131r&#8221;.<\/p>\n<p><strong>Emil SALAMO\u011eLU<\/strong><br \/>\n<strong>\u201cYeni M\u00fcsavat\u201d<\/strong><\/p>\n","protected":false},"excerpt":{"rendered":"<p>Va\u015finqton, Paris v\u0259 Br\u00fcssel\u0259 dinc \u015f\u0259raitd\u0259 olan C\u0259nubi Qafqaz laz\u0131m deyil; deputat: \u201cBu \u015f\u0259rtl\u0259rd\u0259 raz\u0131la\u015fma olmayacaq v\u0259 Erm\u0259nistan n\u00f6vb\u0259ti eskalasiyaya ged\u0259rs\u0259&#8230;\u201d Erm\u0259nistan r\u0259smil\u0259ri son g\u00fcnl\u0259r davaml\u0131 olaraq Az\u0259rbaycanla \u201cyar\u0131m\u00e7\u0131q s\u00fclh\u201d imzalamas\u0131 t\u0259klifl\u0259ri ir\u0259li s\u00fcr\u00fcr. Son olaraq Erm\u0259nistan prezidenti Vahaqn Xa\u00e7atryan da \u201cR\u00f6yters\u201d\u0259 deyib ki, yax\u0131n d\u00f6rd h\u0259ft\u0259 \u0259rzind\u0259 Az\u0259rbaycanla s\u00fclh m\u00fcqavil\u0259sinin imzalanmas\u0131n\u0131 m\u00fcmk\u00fcn hesab edir. Erm\u0259nistan prezidentinin s\u00f6zl\u0259rin\u0259 g\u00f6r\u0259, \u0130r\u0259van art\u0131q Bak\u0131 il\u0259 raz\u0131la\u015fd\u0131r\u0131lm\u0131\u015f 16 madd\u0259ni Az\u0259rbaycan paytaxt\u0131nda noyabr\u0131n 11-22-d\u0259 ke\u00e7iril\u0259c\u0259k BMT iqlim konfrans\u0131nad\u0259k imzalamaq ist\u0259rdi: \u201cBiz\u0259 qalsayd\u0131, biz bunu el\u0259 indi, bu g\u00fcn imzalard\u0131q. Amma biz \u00fcmid edirik ki,&hellip;<\/p>\n","protected":false},"author":2,"featured_media":760319,"comment_status":"closed","ping_status":"closed","sticky":false,"template":"","format":"standard","meta":{"om_disable_all_campaigns":false,"_monsterinsights_skip_tracking":false,"_monsterinsights_sitenote_active":false,"_monsterinsights_sitenote_note":"","_monsterinsights_sitenote_category":0},"categories":[4],"tags":[],"aioseo_notices":[],"gutentor_comment":0,"rttpg_featured_image_url":{"full":["https:\/\/arantv.az\/wp-content\/uploads\/2024\/10\/7f06bdebee7dd0e4ea924bef444eb161.jpg",870,500,false],"landscape":["https:\/\/arantv.az\/wp-content\/uploads\/2024\/10\/7f06bdebee7dd0e4ea924bef444eb161.jpg",870,500,false],"portraits":["https:\/\/arantv.az\/wp-content\/uploads\/2024\/10\/7f06bdebee7dd0e4ea924bef444eb161.jpg",870,500,false],"thumbnail":["https:\/\/arantv.az\/wp-content\/uploads\/2024\/10\/7f06bdebee7dd0e4ea924bef444eb161-500x280.jpg",500,280,true],"medium":["https:\/\/arantv.az\/wp-content\/uploads\/2024\/10\/7f06bdebee7dd0e4ea924bef444eb161-635x365.jpg",635,365,true],"large":["https:\/\/arantv.az\/wp-content\/uploads\/2024\/10\/7f06bdebee7dd0e4ea924bef444eb161-840x483.jpg",640,368,true],"1536x1536":["https:\/\/arantv.az\/wp-content\/uploads\/2024\/10\/7f06bdebee7dd0e4ea924bef444eb161.jpg",870,500,false],"2048x2048":["https:\/\/arantv.az\/wp-content\/uploads\/2024\/10\/7f06bdebee7dd0e4ea924bef444eb161.jpg",870,500,false],"post-thumbnail":["https:\/\/arantv.az\/wp-content\/uploads\/2024\/10\/7f06bdebee7dd0e4ea924bef444eb161-240x172.jpg",240,172,true],"advps-thumb-one":["https:\/\/arantv.az\/wp-content\/uploads\/2024\/10\/7f06bdebee7dd0e4ea924bef444eb161.jpg",870,500,false]},"rttpg_author":{"display_name":"V\u00fcsal Rafiqo\u011flu","author_link":"https:\/\/arantv.az\/?author=2"},"rttpg_comment":0,"rttpg_category":"<a href=\"https:\/\/arantv.az\/?cat=4\" rel=\"category\">Siyas\u0259t<\/a>","rttpg_excerpt":"Va\u015finqton, Paris v\u0259 Br\u00fcssel\u0259 dinc \u015f\u0259raitd\u0259 olan C\u0259nubi Qafqaz laz\u0131m deyil; deputat: \u201cBu \u015f\u0259rtl\u0259rd\u0259 raz\u0131la\u015fma olmayacaq v\u0259 Erm\u0259nistan n\u00f6vb\u0259ti eskalasiyaya ged\u0259rs\u0259&#8230;\u201d Erm\u0259nistan r\u0259smil\u0259ri son g\u00fcnl\u0259r davaml\u0131 olaraq Az\u0259rbaycanla \u201cyar\u0131m\u00e7\u0131q s\u00fclh\u201d imzalamas\u0131 t\u0259klifl\u0259ri ir\u0259li s\u00fcr\u00fcr. Son olaraq Erm\u0259nistan prezidenti Vahaqn Xa\u00e7atryan da \u201cR\u00f6yters\u201d\u0259 deyib ki, yax\u0131n d\u00f6rd h\u0259ft\u0259 \u0259rzind\u0259 Az\u0259rbaycanla s\u00fclh m\u00fcqavil\u0259sinin imzalanmas\u0131n\u0131 m\u00fcmk\u00fcn hesab edir.&hellip;","_links":{"self":[{"href":"https:\/\/arantv.az\/index.php?rest_route=\/wp\/v2\/posts\/760318"}],"collection":[{"href":"https:\/\/arantv.az\/index.php?rest_route=\/wp\/v2\/posts"}],"about":[{"href":"https:\/\/arantv.az\/index.php?rest_route=\/wp\/v2\/types\/post"}],"author":[{"embeddable":true,"href":"https:\/\/arantv.az\/index.php?rest_route=\/wp\/v2\/users\/2"}],"replies":[{"embeddable":true,"href":"https:\/\/arantv.az\/index.php?rest_route=%2Fwp%2Fv2%2Fcomments&post=760318"}],"version-history":[{"count":1,"href":"https:\/\/arantv.az\/index.php?rest_route=\/wp\/v2\/posts\/760318\/revisions"}],"predecessor-version":[{"id":760320,"href":"https:\/\/arantv.az\/index.php?rest_route=\/wp\/v2\/posts\/760318\/revisions\/760320"}],"wp:featuredmedia":[{"embeddable":true,"href":"https:\/\/arantv.az\/index.php?rest_route=\/wp\/v2\/media\/760319"}],"wp:attachment":[{"href":"https:\/\/arantv.az\/index.php?rest_route=%2Fwp%2Fv2%2Fmedia&parent=760318"}],"wp:term":[{"taxonomy":"category","embeddable":true,"href":"https:\/\/arantv.az\/index.php?rest_route=%2Fwp%2Fv2%2Fcategories&post=760318"},{"taxonomy":"post_tag","embeddable":true,"href":"https:\/\/arantv.az\/index.php?rest_route=%2Fwp%2Fv2%2Ftags&post=760318"}],"curies":[{"name":"wp","href":"https:\/\/api.w.org\/{rel}","templated":true}]}}