{"id":760331,"date":"2024-10-11T09:34:09","date_gmt":"2024-10-11T05:34:09","guid":{"rendered":"https:\/\/arantv.az\/?p=760331"},"modified":"2024-10-11T09:34:09","modified_gmt":"2024-10-11T05:34:09","slug":"m%c9%99d%c9%99niyy%c9%99t-nazirliyind%c9%99-euronewsun-numay%c9%99nd%c9%99-hey%c9%99ti-il%c9%99-gorus-olubfoto","status":"publish","type":"post","link":"https:\/\/arantv.az\/?p=760331","title":{"rendered":"M\u0259d\u0259niyy\u0259t Nazirliyind\u0259 \u201cEuronews\u201dun n\u00fcmay\u0259nd\u0259 hey\u0259ti il\u0259 g\u00f6r\u00fc\u015f olubFOTO"},"content":{"rendered":"<div class=\"text-content\" data-id=\"\" data-url=\"\">\n<p><strong>M\u0259d\u0259niyy\u0259t Nazirliyind\u0259 \u201cEuronews\u201d kanal\u0131n\u0131n investisiya \u015firk\u0259tinin t\u0259sis\u00e7isi Pedro Davidin r\u0259hb\u0259rlik etdiyi n\u00fcmay\u0259nd\u0259 hey\u0259ti il\u0259 g\u00f6r\u00fc\u015f olub.<\/strong><\/p>\n<p>Nazirlikd\u0259n\u00a0<strong>Musavat.com<\/strong>-a veril\u0259n x\u0259b\u0259r\u0259 g\u00f6r\u0259, qonaqlar\u0131 salamlayan m\u0259d\u0259niyy\u0259t naziri Adil K\u0259rimli nazirlikl\u0259 \u201cEuronews\u201d kanal\u0131 aras\u0131nda uzun ill\u0259r\u0259 dayanan \u0259m\u0259kda\u015fl\u0131qdan m\u0259mnunlu\u011funu bildirib.<\/p>\n<p>Deyib ki, \u201cEuronews\u201dda Az\u0259rbaycan xalq\u0131n\u0131n \u00e7ox\u0259srlik m\u0259d\u0259ni irsini, o c\u00fcml\u0259d\u0259n xal\u00e7a v\u0259 mu\u011fam s\u0259n\u0259tl\u0259rini, ad\u0259t-\u0259n\u0259n\u0259l\u0259rini \u0259ks etdir\u0259n video\u00e7arxlar\u0131n haz\u0131rlanmas\u0131, ayr\u0131-ayr\u0131 m\u0259d\u0259niyy\u0259t layih\u0259l\u0259ri, x\u00fcsusil\u0259 \u015eu\u015fada ke\u00e7iril\u0259n \u201cXar\u0131b\u00fclb\u00fcl\u201d musiqi festival\u0131 il\u0259 ba\u011fl\u0131 s\u00fcjetl\u0259rin yay\u0131mlanmas\u0131 t\u0259qdir\u0259layiqdir.<\/p>\n<p>S\u00f6hb\u0259t zaman\u0131 g\u0259l\u0259c\u0259k \u0259m\u0259kda\u015fl\u0131\u011f\u0131n perspektivl\u0259ri m\u00fczakir\u0259 olunub. Az\u0259rbaycan m\u0259d\u0259niyy\u0259tinin m\u00fcxt\u0259lif sah\u0259l\u0259rin\u0259 dair s\u0259n\u0259dli filml\u0259rin lent\u0259 al\u0131naraq beyn\u0259lxalq auditoriyaya t\u0259qdim edilm\u0259sinin \u0259h\u0259miyy\u0259ti vur\u011fulan\u0131b. Pedro David s\u0259mimi q\u0259bula g\u00f6r\u0259 t\u0259\u015f\u0259kk\u00fcr\u00fcn\u00fc bildirib, telekanal\u0131n Az\u0259rbaycan M\u0259d\u0259niyy\u0259t Nazirliyi il\u0259 \u0259m\u0259kda\u015fl\u0131\u011f\u0131n\u0131n bundan sonra da u\u011furla davam ed\u0259c\u0259yin\u0259 inand\u0131\u011f\u0131n\u0131 deyib. G\u00f6r\u00fc\u015f\u00fcn sonunda qonaqlara h\u0259diyy\u0259l\u0259r t\u0259qdim olunub, xatir\u0259 \u015f\u0259kill\u0259ri \u00e7\u0259kdirilib.<\/p>\n<\/div>\n<div>\n<div class=\"form-group\"><img class=\"img-responsive\" src=\"https:\/\/cdn.musavat.com\/news\/images\/Ayten\/H%C3%9CYET%C4%B0.jpeg\" \/><\/div>\n<\/div>\n","protected":false},"excerpt":{"rendered":"<p>M\u0259d\u0259niyy\u0259t Nazirliyind\u0259 \u201cEuronews\u201d kanal\u0131n\u0131n investisiya \u015firk\u0259tinin t\u0259sis\u00e7isi Pedro Davidin r\u0259hb\u0259rlik etdiyi n\u00fcmay\u0259nd\u0259 hey\u0259ti il\u0259 g\u00f6r\u00fc\u015f olub. Nazirlikd\u0259n\u00a0Musavat.com-a veril\u0259n x\u0259b\u0259r\u0259 g\u00f6r\u0259, qonaqlar\u0131 salamlayan m\u0259d\u0259niyy\u0259t naziri Adil K\u0259rimli nazirlikl\u0259 \u201cEuronews\u201d kanal\u0131 aras\u0131nda uzun ill\u0259r\u0259 dayanan \u0259m\u0259kda\u015fl\u0131qdan m\u0259mnunlu\u011funu bildirib. Deyib ki, \u201cEuronews\u201dda Az\u0259rbaycan xalq\u0131n\u0131n \u00e7ox\u0259srlik m\u0259d\u0259ni irsini, o c\u00fcml\u0259d\u0259n xal\u00e7a v\u0259 mu\u011fam s\u0259n\u0259tl\u0259rini, ad\u0259t-\u0259n\u0259n\u0259l\u0259rini \u0259ks etdir\u0259n video\u00e7arxlar\u0131n haz\u0131rlanmas\u0131, ayr\u0131-ayr\u0131 m\u0259d\u0259niyy\u0259t layih\u0259l\u0259ri, x\u00fcsusil\u0259 \u015eu\u015fada ke\u00e7iril\u0259n \u201cXar\u0131b\u00fclb\u00fcl\u201d musiqi festival\u0131 il\u0259 ba\u011fl\u0131 s\u00fcjetl\u0259rin yay\u0131mlanmas\u0131 t\u0259qdir\u0259layiqdir. S\u00f6hb\u0259t zaman\u0131 g\u0259l\u0259c\u0259k \u0259m\u0259kda\u015fl\u0131\u011f\u0131n perspektivl\u0259ri m\u00fczakir\u0259 olunub. Az\u0259rbaycan m\u0259d\u0259niyy\u0259tinin m\u00fcxt\u0259lif sah\u0259l\u0259rin\u0259 dair s\u0259n\u0259dli filml\u0259rin lent\u0259 al\u0131naraq beyn\u0259lxalq auditoriyaya t\u0259qdim edilm\u0259sinin \u0259h\u0259miyy\u0259ti&hellip;<\/p>\n","protected":false},"author":2,"featured_media":760332,"comment_status":"closed","ping_status":"closed","sticky":false,"template":"","format":"standard","meta":{"om_disable_all_campaigns":false,"_monsterinsights_skip_tracking":false,"_monsterinsights_sitenote_active":false,"_monsterinsights_sitenote_note":"","_monsterinsights_sitenote_category":0},"categories":[1],"tags":[],"aioseo_notices":[],"gutentor_comment":0,"rttpg_featured_image_url":{"full":["https:\/\/arantv.az\/wp-content\/uploads\/2024\/10\/980b08b484bfac2137fe70295d1a2475.jpg",870,500,false],"landscape":["https:\/\/arantv.az\/wp-content\/uploads\/2024\/10\/980b08b484bfac2137fe70295d1a2475.jpg",870,500,false],"portraits":["https:\/\/arantv.az\/wp-content\/uploads\/2024\/10\/980b08b484bfac2137fe70295d1a2475.jpg",870,500,false],"thumbnail":["https:\/\/arantv.az\/wp-content\/uploads\/2024\/10\/980b08b484bfac2137fe70295d1a2475-500x280.jpg",500,280,true],"medium":["https:\/\/arantv.az\/wp-content\/uploads\/2024\/10\/980b08b484bfac2137fe70295d1a2475-635x365.jpg",635,365,true],"large":["https:\/\/arantv.az\/wp-content\/uploads\/2024\/10\/980b08b484bfac2137fe70295d1a2475-840x483.jpg",640,368,true],"1536x1536":["https:\/\/arantv.az\/wp-content\/uploads\/2024\/10\/980b08b484bfac2137fe70295d1a2475.jpg",870,500,false],"2048x2048":["https:\/\/arantv.az\/wp-content\/uploads\/2024\/10\/980b08b484bfac2137fe70295d1a2475.jpg",870,500,false],"post-thumbnail":["https:\/\/arantv.az\/wp-content\/uploads\/2024\/10\/980b08b484bfac2137fe70295d1a2475-240x172.jpg",240,172,true],"advps-thumb-one":["https:\/\/arantv.az\/wp-content\/uploads\/2024\/10\/980b08b484bfac2137fe70295d1a2475.jpg",870,500,false]},"rttpg_author":{"display_name":"V\u00fcsal Rafiqo\u011flu","author_link":"https:\/\/arantv.az\/?author=2"},"rttpg_comment":0,"rttpg_category":"<a href=\"https:\/\/arantv.az\/?cat=1\" rel=\"category\">C\u0259miyy\u0259t<\/a>","rttpg_excerpt":"M\u0259d\u0259niyy\u0259t Nazirliyind\u0259 \u201cEuronews\u201d kanal\u0131n\u0131n investisiya \u015firk\u0259tinin t\u0259sis\u00e7isi Pedro Davidin r\u0259hb\u0259rlik etdiyi n\u00fcmay\u0259nd\u0259 hey\u0259ti il\u0259 g\u00f6r\u00fc\u015f olub. Nazirlikd\u0259n\u00a0Musavat.com-a veril\u0259n x\u0259b\u0259r\u0259 g\u00f6r\u0259, qonaqlar\u0131 salamlayan m\u0259d\u0259niyy\u0259t naziri Adil K\u0259rimli nazirlikl\u0259 \u201cEuronews\u201d kanal\u0131 aras\u0131nda uzun ill\u0259r\u0259 dayanan \u0259m\u0259kda\u015fl\u0131qdan m\u0259mnunlu\u011funu bildirib. Deyib ki, \u201cEuronews\u201dda Az\u0259rbaycan xalq\u0131n\u0131n \u00e7ox\u0259srlik m\u0259d\u0259ni irsini, o c\u00fcml\u0259d\u0259n xal\u00e7a v\u0259 mu\u011fam s\u0259n\u0259tl\u0259rini, ad\u0259t-\u0259n\u0259n\u0259l\u0259rini \u0259ks etdir\u0259n video\u00e7arxlar\u0131n haz\u0131rlanmas\u0131,&hellip;","_links":{"self":[{"href":"https:\/\/arantv.az\/index.php?rest_route=\/wp\/v2\/posts\/760331"}],"collection":[{"href":"https:\/\/arantv.az\/index.php?rest_route=\/wp\/v2\/posts"}],"about":[{"href":"https:\/\/arantv.az\/index.php?rest_route=\/wp\/v2\/types\/post"}],"author":[{"embeddable":true,"href":"https:\/\/arantv.az\/index.php?rest_route=\/wp\/v2\/users\/2"}],"replies":[{"embeddable":true,"href":"https:\/\/arantv.az\/index.php?rest_route=%2Fwp%2Fv2%2Fcomments&post=760331"}],"version-history":[{"count":1,"href":"https:\/\/arantv.az\/index.php?rest_route=\/wp\/v2\/posts\/760331\/revisions"}],"predecessor-version":[{"id":760333,"href":"https:\/\/arantv.az\/index.php?rest_route=\/wp\/v2\/posts\/760331\/revisions\/760333"}],"wp:featuredmedia":[{"embeddable":true,"href":"https:\/\/arantv.az\/index.php?rest_route=\/wp\/v2\/media\/760332"}],"wp:attachment":[{"href":"https:\/\/arantv.az\/index.php?rest_route=%2Fwp%2Fv2%2Fmedia&parent=760331"}],"wp:term":[{"taxonomy":"category","embeddable":true,"href":"https:\/\/arantv.az\/index.php?rest_route=%2Fwp%2Fv2%2Fcategories&post=760331"},{"taxonomy":"post_tag","embeddable":true,"href":"https:\/\/arantv.az\/index.php?rest_route=%2Fwp%2Fv2%2Ftags&post=760331"}],"curies":[{"name":"wp","href":"https:\/\/api.w.org\/{rel}","templated":true}]}}