{"id":760351,"date":"2024-10-11T09:44:53","date_gmt":"2024-10-11T05:44:53","guid":{"rendered":"https:\/\/arantv.az\/?p=760351"},"modified":"2024-10-11T09:44:53","modified_gmt":"2024-10-11T05:44:53","slug":"pasinyani-uct%c9%99r%c9%99fli-gorusd%c9%99n-yayinmaga-n%c9%99-vadar-etdi","status":"publish","type":"post","link":"https:\/\/arantv.az\/?p=760351","title":{"rendered":"Pa\u015finyan\u0131 \u00fc\u00e7t\u0259r\u0259fli g\u00f6r\u00fc\u015fd\u0259n yay\u0131nma\u011fa n\u0259 vadar etdi?"},"content":{"rendered":"<p><em><strong>Erm\u0259nistan\u0131n MDB m\u0259kan\u0131ndak\u0131 m\u00f6vqel\u0259ri s\u00fcr\u0259tl\u0259 z\u0259ifl\u0259yir<\/strong><\/em><\/p>\n<p>Prezident \u0130lham \u018fliyevin Rusiyaya davaml\u0131 r\u0259smi v\u0259 i\u015fg\u00fczar s\u0259f\u0259rl\u0259ri Az\u0259rbaycan\u0131n \u015fimal qon\u015fumuzla dostluq v\u0259 t\u0259r\u0259fda\u015fl\u0131q \u0259laq\u0259l\u0259rinin inki\u015faf\u0131na verdiyi \u00f6n\u0259min g\u00f6st\u0259ricisidir. \u00d6lk\u0259mizin ba\u015f\u00e7\u0131s\u0131 vur\u011fulay\u0131b ki, Rusiya Prezidenti Vladimir Putinl\u0259 g\u00f6r\u00fc\u015fd\u0259 g\u00fcnd\u0259liy\u0259 n\u0259z\u0259r salmaq v\u0259 iki \u00f6lk\u0259 aras\u0131nda \u0259ld\u0259 olunmu\u015f h\u0259min raz\u0131la\u015fmalar\u0131n yerin\u0259 yetirilm\u0259si \u00fczr\u0259 konkret add\u0131mlar\u0131 m\u00fc\u0259yy\u0259nl\u0259\u015fdirm\u0259k \u00fc\u00e7\u00fcn daha bir yax\u015f\u0131 f\u00fcrs\u0259t yaran\u0131b. Moskvada ke\u00e7iril\u0259n MDB D\u00f6vl\u0259t Ba\u015f\u00e7\u0131lar\u0131 \u015euras\u0131n\u0131n m\u0259hdud t\u0259rkibd\u0259 iclas\u0131nda q\u0259bul edil\u0259n v\u0259 Prezident \u0130lham \u018fliyev t\u0259r\u0259find\u0259n iclasdak\u0131 \u00e7\u0131x\u0131\u015f\u0131nda qeyd edil\u0259n q\u0259rar bu g\u00fcn \u00f6lk\u0259mizd\u0259 \u00e7ox b\u00f6y\u00fck sevincl\u0259 qa\u015f\u0131lan\u0131b. \u00d6lk\u0259mizin ba\u015f\u00e7\u0131s\u0131 bildirib ki, MDB Humanitar \u018fm\u0259kda\u015fl\u0131q \u015euras\u0131n\u0131n q\u0259rar\u0131na \u0259sas\u0259n, Az\u0259rbaycan\u0131n \u015e\u0259rqi Z\u0259ng\u0259zur rayonunun La\u00e7\u0131n \u015f\u0259h\u0259ri 2025-ci ild\u0259 MDB-nin m\u0259d\u0259niyy\u0259t m\u0259rk\u0259zi elan edilib: \u00ab La\u00e7\u0131n 30 il\u0259 yax\u0131n m\u00fcdd\u0259td\u0259 Erm\u0259nistan\u0131n i\u015f\u011fal\u0131 alt\u0131nda olmu\u015f Az\u0259rbaycan \u015f\u0259h\u0259rl\u0259rind\u0259n biridir v\u0259 dem\u0259k olar ki, tamamil\u0259 da\u011f\u0131d\u0131l\u0131b. Bu g\u00fcn La\u00e7\u0131n art\u0131q b\u0259rpa olunub. Burada yeni h\u0259yat ba\u015flay\u0131b, ke\u00e7mi\u015f m\u0259cburi k\u00f6\u00e7k\u00fcnl\u0259r qay\u0131d\u0131blar\u00bb.<\/p>\n<p>H\u0259m\u00e7inin Prezident \u0130lham \u018fliyev iclasdak\u0131 \u00e7\u0131x\u0131\u015f\u0131\u00a0 zaman\u0131 bildirib ki,\u00a0 n\u00f6vb\u0259ti il Az\u0259rbaycanda III MDB Oyunlar\u0131 ke\u00e7iril\u0259c\u0259k. G\u0259nc\u0259 \u015f\u0259h\u0259ri idman paytaxt\u0131na \u00e7evril\u0259c\u0259k. Yar\u0131\u015flar, h\u0259m\u00e7inin Az\u0259rbaycan\u0131n 10-dan \u00e7ox \u015f\u0259h\u0259rind\u0259 ke\u00e7iril\u0259c\u0259k. Xalq\u0131m\u0131z\u0131n sevincin\u0259 s\u0259b\u0259b olan bu x\u0259b\u0259r \u00f6z n\u00f6vb\u0259sind\u0259 Erm\u0259nistanda ciddi naraz\u0131l\u0131\u011fa s\u0259b\u0259b olub. Bir s\u0131ra erm\u0259ni ekspertl\u0259r, m\u00fcxalif\u0259t n\u00fcmay\u0259nd\u0259l\u0259ri v\u0259 tan\u0131nm\u0131\u015f ictimai-siyasi \u015f\u0259xsl\u0259r MDB d\u00f6vl\u0259t ba\u015f\u00e7\u0131lar\u0131n\u0131n i\u015ftirak etdiyi m\u00f6t\u0259b\u0259r qurumun bel\u0259 bir q\u0259rar q\u0259bul etm\u0259sini Az\u0259rbaycan\u0131n n\u00f6vb\u0259ti diplomatik q\u0259l\u0259b\u0259si, Erm\u0259nistan\u0131n v\u0259 konkret olaraq Pa\u015finyan\u0131n m\u0259\u011flubiyy\u0259ti kimi qiym\u0259tl\u0259ndirirl\u0259r. T\u0259bii ki, haylar\u0131nda iddia etdiyi kimi, Az\u0259rbaycan d\u00f6vl\u0259ti bu g\u00f6r\u00fc\u015fd\u0259 d\u0259 Erm\u0259nistan \u00fcz\u0259rind\u0259 ciddi u\u011furlar qazand\u0131.<\/p>\n<p>Qeyd ed\u0259k ki, MDB D\u00f6vl\u0259t Ba\u015f\u00e7\u0131lar\u0131 \u015euras\u0131n\u0131n iclas\u0131ndan \u00f6nc\u0259\u00a0 Rusiya, Az\u0259rbaycan v\u0259 Erm\u0259nistan r\u0259hb\u0259rl\u0259rinin birg\u0259 g\u00f6r\u00fc\u015fl\u0259ri d\u0259 planla\u015fd\u0131r\u0131lm\u0131\u015fd\u0131. G\u00f6r\u00fc\u015fd\u0259 Az\u0259rbaycanla Erm\u0259nistan aras\u0131nda s\u00fclh sazi\u015finin m\u00fczakir\u0259si g\u00f6zl\u0259nilirdi. Lakin Erm\u0259nistan t\u0259r\u0259fi Rusiyan\u0131n vasit\u0259\u00e7iliyind\u0259n imtina etdi. Rusiya Prezidentinin k\u00f6m\u0259k\u00e7isi Yuri U\u015fakov g\u00f6r\u00fc\u015f\u00fcn ba\u015f tutmamas\u0131 bar\u0259d\u0259 q\u0131saca bunlar\u0131 deyib:\u00a0\u00abBiz \u00fc\u00e7t\u0259r\u0259fli g\u00f6r\u00fc\u015fl\u0259 ba\u011fl\u0131 raz\u0131l\u0131\u011fa g\u0259lm\u0259dik. Bel\u0259 bir fikir var idi, lakin t\u0259r\u0259fl\u0259rd\u0259n biri d\u0259st\u0259kl\u0259m\u0259di\u00bb. U\u015fakov d\u0259st\u0259kl\u0259m\u0259y\u0259n t\u0259r\u0259fin \u00a0Rusiya olmad\u0131\u011f\u0131n\u0131 dem\u0259kl\u0259, eyham\u0131 Erm\u0259nistana vurub. M\u0259lumdur ki, bir g\u00fcn \u0259vv\u0259l Moskvada MDB \u00f6lk\u0259l\u0259rinin X\u0130N ba\u015f\u00e7\u0131lar\u0131n\u0131n g\u00f6r\u00fc\u015f\u00fc d\u0259 olub. Bu t\u0259dbird\u0259 d\u0259 Az\u0259rbaycan\u0131n xarici i\u015fl\u0259r naziri Ceyhun Bayramov v\u0259 Ararat Mirzoyan aras\u0131nda ayr\u0131ca g\u00f6r\u00fc\u015f n\u0259z\u0259rd\u0259 tutulsa da realla\u015fmay\u0131b.<\/p>\n<p>Bu bir reall\u0131qd\u0131r ki, Erm\u0259nistan hakimiyy\u0259ti s\u00fclh dan\u0131\u015f\u0131qlar\u0131n\u0131n Q\u0259rb platformalar\u0131 \u00e7\u0259r\u00e7iv\u0259sind\u0259 apar\u0131lmas\u0131na t\u0259r\u0259fdard\u0131r. Pa\u015finyan \u00a0Moskvan\u0131n vasit\u0259\u00e7iliyini h\u0259r c\u00fcr b\u0259han\u0259 il\u0259 r\u0259dd edir.\u00a0 Erm\u0259nistan\u0131n s\u00fclh dan\u0131\u015f\u0131qlar\u0131nda Q\u0259rb vasit\u0259\u00e7il\u0259rinin i\u015ftirak etm\u0259sin\u0259 \u00fcst\u00fcnl\u00fck verm\u0259sinin s\u0259b\u0259bi ona d\u0259st\u0259k ver\u0259c\u0259k xarici havadarlara ehtiyac olmas\u0131 il\u0259 ba\u011fl\u0131d\u0131r.<\/p>\n<p>H\u0259m\u00e7inin Erm\u0259nistan bu yolla Az\u0259rbaycan \u00fcz\u0259rind\u0259 t\u0259zyiql\u0259rin art\u0131r\u0131lmas\u0131n\u0131 ist\u0259yir. H\u0259m Avropa \u00f6lk\u0259l\u0259ri, h\u0259m d\u0259 AB\u015e bu g\u00fcn d\u0259 \u0130r\u0259van\u0131 Rusiyaya iqar\u015f\u0131 \u00e7\u0131xma\u011fa t\u0259hrik edir. Az\u0259rbaycan d\u00f6vl\u0259ti is\u0259 Fransa istisna olmaqla, ist\u0259nil\u0259n \u00f6lk\u0259nin s\u00fclh vasit\u0259\u00e7iliyin\u0259 (burada s\u00f6hb\u0259t G\u00fcrc\u00fcstan\u0131n v\u0259 Qazax\u0131stan\u0131n vasit\u0259\u00e7liliyind\u0259n gedir) \u00a0normal yana\u015f\u0131r.<\/p>\n<p>Moskva g\u00f6r\u00fc\u015fl\u0259rind\u0259 Putinin Pa\u015finyana \u015firnikl\u0259ndirici v\u0259dl\u0259r ver\u0259r\u0259k Erm\u0259nistan\u0131 Q\u0259rb oriyentasiyas\u0131ndan \u00e7\u0131xarma\u011fa \u00e7al\u0131\u015fd\u0131\u011f\u0131 da ayd\u0131n g\u00f6r\u00fcn\u00fcr. Eyni zamanda, Rusiya ist\u0259yir ki, Pa\u015finyan\u0131 Z\u0259ng\u0259zur d\u0259hlizin\u0259 Az\u0259rbaycan\u0131n ist\u0259diyi v\u0259 t\u0259l\u0259b etdiyi kontekstd\u0259 raz\u0131 sals\u0131n. Putinl\u0259 Pa\u015finyan\u0131n g\u00f6r\u00fc\u015f\u00fcnd\u0259 m\u00fcsb\u0259t atmosferin yarad\u0131lma\u011fa \u00e7al\u0131\u015f\u0131lmas\u0131 \u0130r\u0259van\u0131n Moskvan\u0131n t\u0259l\u0259bl\u0259ri v\u0259 \u015f\u0259rtl\u0259ri qar\u015f\u0131s\u0131ndan tam qa\u00e7a bilm\u0259diyini g\u00f6st\u0259rir. Ekspertl\u0259rin d\u0259 bildirdiyi kimi, \u0259g\u0259r Erm\u0259nistanla Rusiya aras\u0131ndak\u0131 iqtisadi- ticari \u0259laq\u0259l\u0259r bits\u0259 bu, haylar \u00fc\u00e7\u00fcn f\u0259lak\u0259t olacaq.<\/p>\n<p>Rusiya Prezidenti Pa\u015finyanla g\u00f6r\u00fc\u015f\u00fcnd\u0259 bildirib ki, 2023-c\u00fc ild\u0259 Rusiya v\u0259 Erm\u0259nistan\u0131n ticar\u0259t d\u00f6vriyy\u0259sinin d\u0259y\u0259ri 7,4 milyard AB\u015e dollar\u0131 t\u0259\u015fkil etdiyi halda, 2024-c\u00fc ilin I yar\u0131s\u0131nda bu r\u0259q\u0259m 8,3 milyard AB\u015e dollar\u0131 t\u0259\u015fkil edib. Bu is\u0259 \u00f6t\u0259n ilin eyni d\u00f6vr\u00fcn\u0259 nisb\u0259t\u0259n 2,5 d\u0259f\u0259 \u00e7oxdur. O, vur\u011fulay\u0131b ki, \u0259m\u0259kda\u015fl\u0131q bu templ\u0259 ir\u0259lil\u0259s\u0259, ilin sonuna g\u00f6st\u0259rici 14-16 milyard dollar t\u0259\u015fkil ed\u0259c\u0259k. Putinin s\u00f6zl\u0259rin\u0259 g\u00f6r\u0259, Rusiya Erm\u0259nistan iqtisadiyyat\u0131n\u0131n apar\u0131c\u0131 investorudur. Y\u0259ni, bu g\u00fcn Erm\u0259nistanda Rusiyay\u00f6n\u00fcml\u00fc investisiyan\u0131n \u00fcmumi h\u0259cmi 4 milyard dollard\u0131r. \u018fslind\u0259, Kreml sahibinin Pa\u015finyan\u0131n \u00fcz\u00fcn\u0259 qar\u015f\u0131\u00a0 bu r\u0259q\u0259ml\u0259ri s\u00f6yl\u0259m\u0259si o dem\u0259kdir ki, h\u0259ddinizi bilin, \u0259limizi \u00fcst\u00fcn\u00fczd\u0259n \u00e7\u0259ks\u0259k \u00f6lk\u0259nizin iqtisadi iflas\u0131 qa\u00e7\u0131lmaz olacaq.<\/p>\n<p><strong>El\u00e7in Zaman, \u00ab\u0130ki sahil\u00bb<\/strong><\/p>\n","protected":false},"excerpt":{"rendered":"<p>Erm\u0259nistan\u0131n MDB m\u0259kan\u0131ndak\u0131 m\u00f6vqel\u0259ri s\u00fcr\u0259tl\u0259 z\u0259ifl\u0259yir Prezident \u0130lham \u018fliyevin Rusiyaya davaml\u0131 r\u0259smi v\u0259 i\u015fg\u00fczar s\u0259f\u0259rl\u0259ri Az\u0259rbaycan\u0131n \u015fimal qon\u015fumuzla dostluq v\u0259 t\u0259r\u0259fda\u015fl\u0131q \u0259laq\u0259l\u0259rinin inki\u015faf\u0131na verdiyi \u00f6n\u0259min g\u00f6st\u0259ricisidir. \u00d6lk\u0259mizin ba\u015f\u00e7\u0131s\u0131 vur\u011fulay\u0131b ki, Rusiya Prezidenti Vladimir Putinl\u0259 g\u00f6r\u00fc\u015fd\u0259 g\u00fcnd\u0259liy\u0259 n\u0259z\u0259r salmaq v\u0259 iki \u00f6lk\u0259 aras\u0131nda \u0259ld\u0259 olunmu\u015f h\u0259min raz\u0131la\u015fmalar\u0131n yerin\u0259 yetirilm\u0259si \u00fczr\u0259 konkret add\u0131mlar\u0131 m\u00fc\u0259yy\u0259nl\u0259\u015fdirm\u0259k \u00fc\u00e7\u00fcn daha bir yax\u015f\u0131 f\u00fcrs\u0259t yaran\u0131b. Moskvada ke\u00e7iril\u0259n MDB D\u00f6vl\u0259t Ba\u015f\u00e7\u0131lar\u0131 \u015euras\u0131n\u0131n m\u0259hdud t\u0259rkibd\u0259 iclas\u0131nda q\u0259bul edil\u0259n v\u0259 Prezident \u0130lham \u018fliyev t\u0259r\u0259find\u0259n iclasdak\u0131 \u00e7\u0131x\u0131\u015f\u0131nda qeyd edil\u0259n q\u0259rar bu g\u00fcn \u00f6lk\u0259mizd\u0259 \u00e7ox b\u00f6y\u00fck sevincl\u0259 qa\u015f\u0131lan\u0131b. \u00d6lk\u0259mizin ba\u015f\u00e7\u0131s\u0131 bildirib ki,&hellip;<\/p>\n","protected":false},"author":2,"featured_media":760352,"comment_status":"closed","ping_status":"closed","sticky":false,"template":"","format":"standard","meta":{"om_disable_all_campaigns":false,"_monsterinsights_skip_tracking":false,"_monsterinsights_sitenote_active":false,"_monsterinsights_sitenote_note":"","_monsterinsights_sitenote_category":0},"categories":[19],"tags":[],"aioseo_notices":[],"gutentor_comment":0,"rttpg_featured_image_url":{"full":["https:\/\/arantv.az\/wp-content\/uploads\/2024\/10\/e5afb0f217067926188731196421044537.jpg",975,540,false],"landscape":["https:\/\/arantv.az\/wp-content\/uploads\/2024\/10\/e5afb0f217067926188731196421044537.jpg",975,540,false],"portraits":["https:\/\/arantv.az\/wp-content\/uploads\/2024\/10\/e5afb0f217067926188731196421044537.jpg",975,540,false],"thumbnail":["https:\/\/arantv.az\/wp-content\/uploads\/2024\/10\/e5afb0f217067926188731196421044537-500x280.jpg",500,280,true],"medium":["https:\/\/arantv.az\/wp-content\/uploads\/2024\/10\/e5afb0f217067926188731196421044537-660x365.jpg",660,365,true],"large":["https:\/\/arantv.az\/wp-content\/uploads\/2024\/10\/e5afb0f217067926188731196421044537-840x465.jpg",640,354,true],"1536x1536":["https:\/\/arantv.az\/wp-content\/uploads\/2024\/10\/e5afb0f217067926188731196421044537.jpg",975,540,false],"2048x2048":["https:\/\/arantv.az\/wp-content\/uploads\/2024\/10\/e5afb0f217067926188731196421044537.jpg",975,540,false],"post-thumbnail":["https:\/\/arantv.az\/wp-content\/uploads\/2024\/10\/e5afb0f217067926188731196421044537-240x172.jpg",240,172,true],"advps-thumb-one":["https:\/\/arantv.az\/wp-content\/uploads\/2024\/10\/e5afb0f217067926188731196421044537.jpg",975,540,false]},"rttpg_author":{"display_name":"V\u00fcsal Rafiqo\u011flu","author_link":"https:\/\/arantv.az\/?author=2"},"rttpg_comment":0,"rttpg_category":"<a href=\"https:\/\/arantv.az\/?cat=19\" rel=\"category\">G\u00fcnd\u0259m<\/a>","rttpg_excerpt":"Erm\u0259nistan\u0131n MDB m\u0259kan\u0131ndak\u0131 m\u00f6vqel\u0259ri s\u00fcr\u0259tl\u0259 z\u0259ifl\u0259yir Prezident \u0130lham \u018fliyevin Rusiyaya davaml\u0131 r\u0259smi v\u0259 i\u015fg\u00fczar s\u0259f\u0259rl\u0259ri Az\u0259rbaycan\u0131n \u015fimal qon\u015fumuzla dostluq v\u0259 t\u0259r\u0259fda\u015fl\u0131q \u0259laq\u0259l\u0259rinin inki\u015faf\u0131na verdiyi \u00f6n\u0259min g\u00f6st\u0259ricisidir. \u00d6lk\u0259mizin ba\u015f\u00e7\u0131s\u0131 vur\u011fulay\u0131b ki, Rusiya Prezidenti Vladimir Putinl\u0259 g\u00f6r\u00fc\u015fd\u0259 g\u00fcnd\u0259liy\u0259 n\u0259z\u0259r salmaq v\u0259 iki \u00f6lk\u0259 aras\u0131nda \u0259ld\u0259 olunmu\u015f h\u0259min raz\u0131la\u015fmalar\u0131n yerin\u0259 yetirilm\u0259si \u00fczr\u0259 konkret add\u0131mlar\u0131 m\u00fc\u0259yy\u0259nl\u0259\u015fdirm\u0259k \u00fc\u00e7\u00fcn daha bir&hellip;","_links":{"self":[{"href":"https:\/\/arantv.az\/index.php?rest_route=\/wp\/v2\/posts\/760351"}],"collection":[{"href":"https:\/\/arantv.az\/index.php?rest_route=\/wp\/v2\/posts"}],"about":[{"href":"https:\/\/arantv.az\/index.php?rest_route=\/wp\/v2\/types\/post"}],"author":[{"embeddable":true,"href":"https:\/\/arantv.az\/index.php?rest_route=\/wp\/v2\/users\/2"}],"replies":[{"embeddable":true,"href":"https:\/\/arantv.az\/index.php?rest_route=%2Fwp%2Fv2%2Fcomments&post=760351"}],"version-history":[{"count":1,"href":"https:\/\/arantv.az\/index.php?rest_route=\/wp\/v2\/posts\/760351\/revisions"}],"predecessor-version":[{"id":760353,"href":"https:\/\/arantv.az\/index.php?rest_route=\/wp\/v2\/posts\/760351\/revisions\/760353"}],"wp:featuredmedia":[{"embeddable":true,"href":"https:\/\/arantv.az\/index.php?rest_route=\/wp\/v2\/media\/760352"}],"wp:attachment":[{"href":"https:\/\/arantv.az\/index.php?rest_route=%2Fwp%2Fv2%2Fmedia&parent=760351"}],"wp:term":[{"taxonomy":"category","embeddable":true,"href":"https:\/\/arantv.az\/index.php?rest_route=%2Fwp%2Fv2%2Fcategories&post=760351"},{"taxonomy":"post_tag","embeddable":true,"href":"https:\/\/arantv.az\/index.php?rest_route=%2Fwp%2Fv2%2Ftags&post=760351"}],"curies":[{"name":"wp","href":"https:\/\/api.w.org\/{rel}","templated":true}]}}