{"id":760784,"date":"2024-10-12T14:38:17","date_gmt":"2024-10-12T10:38:17","guid":{"rendered":"https:\/\/arantv.az\/?p=760784"},"modified":"2024-10-12T14:38:17","modified_gmt":"2024-10-12T10:38:17","slug":"az%c9%99rbaycan-il%c9%99-kuveyt-arasinda-bir-nec%c9%99-sah%c9%99d%c9%99-%c9%99m%c9%99kdasliga-dair-muqavil%c9%99l%c9%99r-imzalanacaq","status":"publish","type":"post","link":"https:\/\/arantv.az\/?p=760784","title":{"rendered":"Az\u0259rbaycan il\u0259 K\u00fcveyt aras\u0131nda bir ne\u00e7\u0259 sah\u0259d\u0259 \u0259m\u0259kda\u015fl\u0131\u011fa dair m\u00fcqavil\u0259l\u0259r imzalanacaq"},"content":{"rendered":"<p>Az\u0259rbaycan v\u0259 K\u00fcveyt aras\u0131nda t\u0259hsil, \u0259dliyy\u0259, k\u0259nd t\u0259s\u0259rr\u00fcfat\u0131, m\u0259d\u0259niyy\u0259t v\u0259 idman kimi sah\u0259l\u0259rd\u0259 \u0259m\u0259kda\u015fl\u0131\u011fa dair m\u00fcqavil\u0259l\u0259rin ba\u011flan\u0131lmas\u0131 g\u00f6zl\u0259nilir.<\/p>\n<p>\u201cReport\u201d \u201cArab Times\u201da istinad\u0259n x\u0259b\u0259r ki, bunu Az\u0259rbaycan\u0131n K\u00fcveytd\u0259ki s\u0259firi Emil K\u0259rimov bildirib.<\/p>\n<p>Onun s\u00f6zl\u0259rin\u0259 g\u00f6r\u0259, imzalanma Az\u0259rbaycan-K\u00fcveyt birg\u0259 \u0259m\u0259kda\u015fl\u0131q komissiyas\u0131n\u0131n K\u00fcveytd\u0259 ke\u00e7iril\u0259c\u0259k n\u00f6vb\u0259ti iclas\u0131nda ba\u015f tutacaq.<\/p>\n<p>&#8220;Az\u0259rbaycan il\u0259 K\u00fcveyt aras\u0131nda y\u00fcks\u0259k s\u0259viyy\u0259d\u0259 olan siyasi \u0259laq\u0259l\u0259r, h\u0259m\u00e7inin energetika daxil olmaqla iqtisadiyyat\u0131n m\u00fcxt\u0259lif sah\u0259l\u0259rind\u0259 \u0259m\u0259kda\u015fl\u0131\u011f\u0131n g\u00fccl\u0259ndirilm\u0259sin\u0259 dair imkanlar daha s\u0131x \u0259laq\u0259l\u0259rin yarad\u0131lmas\u0131 \u00fc\u00e7\u00fcn \u0259lveri\u015fli \u015f\u0259rait yarad\u0131r: \u201cDo\u011frudur, iki \u00f6lk\u0259 aras\u0131ndak\u0131 investisiya v\u0259 ticar\u0259t sah\u0259l\u0259rind\u0259 \u0259laq\u0259l\u0259r \u0259m\u0259kda\u015fl\u0131qla ba\u011fl\u0131 potensial\u0131 \u0259ks etdirmir. Buna g\u00f6r\u0259 d\u0259, Az\u0259rbaycan il\u0259 K\u00fcveyt aras\u0131nda ticar\u0259t d\u00f6vriyy\u0259sini h\u0259r iki d\u00f6vl\u0259tin i\u015f adamlar\u0131n\u0131n qar\u015f\u0131l\u0131ql\u0131 s\u0259f\u0259rl\u0259ri, K\u00fcveyt \u015firk\u0259tl\u0259rinin Az\u0259rbaycan\u0131n azad edilmi\u015f \u0259razil\u0259rind\u0259 h\u0259yata ke\u00e7iril\u0259n geni\u015fmiqyasl\u0131 quruculuq-b\u0259rpa i\u015fl\u0259rind\u0259 i\u015ftirak\u0131 il\u0259 art\u0131rmaq laz\u0131md\u0131r\u201d, &#8211; E.K\u0259rimov qeyd edib.<\/p>\n<p>S\u0259fir h\u0259m\u00e7inin \u0259lav\u0259 edib ki, bu ilin yanvar-sentyabr aylar\u0131nda K\u00fcveytd\u0259n Az\u0259rbaycana 20 min turist s\u0259f\u0259r edib.<\/p>\n","protected":false},"excerpt":{"rendered":"<p>Az\u0259rbaycan v\u0259 K\u00fcveyt aras\u0131nda t\u0259hsil, \u0259dliyy\u0259, k\u0259nd t\u0259s\u0259rr\u00fcfat\u0131, m\u0259d\u0259niyy\u0259t v\u0259 idman kimi sah\u0259l\u0259rd\u0259 \u0259m\u0259kda\u015fl\u0131\u011fa dair m\u00fcqavil\u0259l\u0259rin ba\u011flan\u0131lmas\u0131 g\u00f6zl\u0259nilir. \u201cReport\u201d \u201cArab Times\u201da istinad\u0259n x\u0259b\u0259r ki, bunu Az\u0259rbaycan\u0131n K\u00fcveytd\u0259ki s\u0259firi Emil K\u0259rimov bildirib. Onun s\u00f6zl\u0259rin\u0259 g\u00f6r\u0259, imzalanma Az\u0259rbaycan-K\u00fcveyt birg\u0259 \u0259m\u0259kda\u015fl\u0131q komissiyas\u0131n\u0131n K\u00fcveytd\u0259 ke\u00e7iril\u0259c\u0259k n\u00f6vb\u0259ti iclas\u0131nda ba\u015f tutacaq. &#8220;Az\u0259rbaycan il\u0259 K\u00fcveyt aras\u0131nda y\u00fcks\u0259k s\u0259viyy\u0259d\u0259 olan siyasi \u0259laq\u0259l\u0259r, h\u0259m\u00e7inin energetika daxil olmaqla iqtisadiyyat\u0131n m\u00fcxt\u0259lif sah\u0259l\u0259rind\u0259 \u0259m\u0259kda\u015fl\u0131\u011f\u0131n g\u00fccl\u0259ndirilm\u0259sin\u0259 dair imkanlar daha s\u0131x \u0259laq\u0259l\u0259rin yarad\u0131lmas\u0131 \u00fc\u00e7\u00fcn \u0259lveri\u015fli \u015f\u0259rait yarad\u0131r: \u201cDo\u011frudur, iki \u00f6lk\u0259 aras\u0131ndak\u0131 investisiya v\u0259 ticar\u0259t sah\u0259l\u0259rind\u0259 \u0259laq\u0259l\u0259r \u0259m\u0259kda\u015fl\u0131qla ba\u011fl\u0131 potensial\u0131 \u0259ks etdirmir. Buna g\u00f6r\u0259 d\u0259,&hellip;<\/p>\n","protected":false},"author":2,"featured_media":760785,"comment_status":"closed","ping_status":"closed","sticky":false,"template":"","format":"standard","meta":{"om_disable_all_campaigns":false,"_monsterinsights_skip_tracking":false,"_monsterinsights_sitenote_active":false,"_monsterinsights_sitenote_note":"","_monsterinsights_sitenote_category":0},"categories":[19],"tags":[],"aioseo_notices":[],"gutentor_comment":0,"rttpg_featured_image_url":{"full":["https:\/\/arantv.az\/wp-content\/uploads\/2024\/10\/f5cdb9d1725823ce916c6525f5ff5856.jpg",850,500,false],"landscape":["https:\/\/arantv.az\/wp-content\/uploads\/2024\/10\/f5cdb9d1725823ce916c6525f5ff5856.jpg",850,500,false],"portraits":["https:\/\/arantv.az\/wp-content\/uploads\/2024\/10\/f5cdb9d1725823ce916c6525f5ff5856.jpg",850,500,false],"thumbnail":["https:\/\/arantv.az\/wp-content\/uploads\/2024\/10\/f5cdb9d1725823ce916c6525f5ff5856-500x280.jpg",500,280,true],"medium":["https:\/\/arantv.az\/wp-content\/uploads\/2024\/10\/f5cdb9d1725823ce916c6525f5ff5856-621x365.jpg",621,365,true],"large":["https:\/\/arantv.az\/wp-content\/uploads\/2024\/10\/f5cdb9d1725823ce916c6525f5ff5856-840x494.jpg",640,376,true],"1536x1536":["https:\/\/arantv.az\/wp-content\/uploads\/2024\/10\/f5cdb9d1725823ce916c6525f5ff5856.jpg",850,500,false],"2048x2048":["https:\/\/arantv.az\/wp-content\/uploads\/2024\/10\/f5cdb9d1725823ce916c6525f5ff5856.jpg",850,500,false],"post-thumbnail":["https:\/\/arantv.az\/wp-content\/uploads\/2024\/10\/f5cdb9d1725823ce916c6525f5ff5856-240x172.jpg",240,172,true],"advps-thumb-one":["https:\/\/arantv.az\/wp-content\/uploads\/2024\/10\/f5cdb9d1725823ce916c6525f5ff5856.jpg",850,500,false]},"rttpg_author":{"display_name":"V\u00fcsal Rafiqo\u011flu","author_link":"https:\/\/arantv.az\/?author=2"},"rttpg_comment":0,"rttpg_category":"<a href=\"https:\/\/arantv.az\/?cat=19\" rel=\"category\">G\u00fcnd\u0259m<\/a>","rttpg_excerpt":"Az\u0259rbaycan v\u0259 K\u00fcveyt aras\u0131nda t\u0259hsil, \u0259dliyy\u0259, k\u0259nd t\u0259s\u0259rr\u00fcfat\u0131, m\u0259d\u0259niyy\u0259t v\u0259 idman kimi sah\u0259l\u0259rd\u0259 \u0259m\u0259kda\u015fl\u0131\u011fa dair m\u00fcqavil\u0259l\u0259rin ba\u011flan\u0131lmas\u0131 g\u00f6zl\u0259nilir. \u201cReport\u201d \u201cArab Times\u201da istinad\u0259n x\u0259b\u0259r ki, bunu Az\u0259rbaycan\u0131n K\u00fcveytd\u0259ki s\u0259firi Emil K\u0259rimov bildirib. Onun s\u00f6zl\u0259rin\u0259 g\u00f6r\u0259, imzalanma Az\u0259rbaycan-K\u00fcveyt birg\u0259 \u0259m\u0259kda\u015fl\u0131q komissiyas\u0131n\u0131n K\u00fcveytd\u0259 ke\u00e7iril\u0259c\u0259k n\u00f6vb\u0259ti iclas\u0131nda ba\u015f tutacaq. &#8220;Az\u0259rbaycan il\u0259 K\u00fcveyt aras\u0131nda y\u00fcks\u0259k s\u0259viyy\u0259d\u0259 olan siyasi \u0259laq\u0259l\u0259r, h\u0259m\u00e7inin&hellip;","_links":{"self":[{"href":"https:\/\/arantv.az\/index.php?rest_route=\/wp\/v2\/posts\/760784"}],"collection":[{"href":"https:\/\/arantv.az\/index.php?rest_route=\/wp\/v2\/posts"}],"about":[{"href":"https:\/\/arantv.az\/index.php?rest_route=\/wp\/v2\/types\/post"}],"author":[{"embeddable":true,"href":"https:\/\/arantv.az\/index.php?rest_route=\/wp\/v2\/users\/2"}],"replies":[{"embeddable":true,"href":"https:\/\/arantv.az\/index.php?rest_route=%2Fwp%2Fv2%2Fcomments&post=760784"}],"version-history":[{"count":1,"href":"https:\/\/arantv.az\/index.php?rest_route=\/wp\/v2\/posts\/760784\/revisions"}],"predecessor-version":[{"id":760786,"href":"https:\/\/arantv.az\/index.php?rest_route=\/wp\/v2\/posts\/760784\/revisions\/760786"}],"wp:featuredmedia":[{"embeddable":true,"href":"https:\/\/arantv.az\/index.php?rest_route=\/wp\/v2\/media\/760785"}],"wp:attachment":[{"href":"https:\/\/arantv.az\/index.php?rest_route=%2Fwp%2Fv2%2Fmedia&parent=760784"}],"wp:term":[{"taxonomy":"category","embeddable":true,"href":"https:\/\/arantv.az\/index.php?rest_route=%2Fwp%2Fv2%2Fcategories&post=760784"},{"taxonomy":"post_tag","embeddable":true,"href":"https:\/\/arantv.az\/index.php?rest_route=%2Fwp%2Fv2%2Ftags&post=760784"}],"curies":[{"name":"wp","href":"https:\/\/api.w.org\/{rel}","templated":true}]}}