{"id":760791,"date":"2024-10-12T14:39:31","date_gmt":"2024-10-12T10:39:31","guid":{"rendered":"https:\/\/arantv.az\/?p=760791"},"modified":"2024-10-12T14:39:31","modified_gmt":"2024-10-12T10:39:31","slug":"nazir-az%c9%99rbaycan-ordusunun-arsenalina-daxil-edil%c9%99n-yeni-silahlardan-danisib","status":"publish","type":"post","link":"https:\/\/arantv.az\/?p=760791","title":{"rendered":"Nazir Az\u0259rbaycan Ordusunun arsenal\u0131na daxil edil\u0259n yeni silahlardan dan\u0131\u015f\u0131b"},"content":{"rendered":"<p>M\u00fcdafi\u0259 naziri Zakir H\u0259s\u0259nov bu il 24-26 sentyabr tarixl\u0259rind\u0259 Bak\u0131 Ekspo M\u0259rk\u0259zind\u0259 ke\u00e7iril\u0259n &#8220;ADEX&#8221; 5-ci Yubiley Az\u0259rbaycan Beyn\u0259lxalq M\u00fcdafi\u0259 S\u0259rgisinin t\u0259\u015fkilat\u00e7\u0131l\u0131\u011f\u0131n\u0131 y\u00fcks\u0259k qiym\u0259tl\u0259ndirib.<\/p>\n<p>Bu bar\u0259d\u0259\u00a0Musavat.com-a\u00a0M\u00fcdafi\u0259 Nazirliyind\u0259n m\u0259lumat verilib.<\/p>\n<p>Nazir qeyd edib ki, \u00f6lk\u0259mizd\u0259 v\u0259 dig\u0259r qabaqc\u0131l d\u00f6vl\u0259tl\u0259rd\u0259 istehsal edil\u0259n m\u00fcasir silah-texnika n\u00fcmun\u0259l\u0259rinin stendl\u0259rd\u0259 n\u00fcmayi\u015f etdirilm\u0259sini y\u00fcks\u0259k qiym\u0259tl\u0259ndirib.<\/p>\n<p>&#8220;Az\u0259rbaycan Ordusunun arsenal\u0131na daxil edil\u0259n yeni silah, texnika v\u0259 hava h\u00fccum vasit\u0259l\u0259rinin imkanlar\u0131n\u0131n, d\u00fczg\u00fcn istismar\u0131n\u0131n, h\u0259m\u00e7inin gec\u0259 v\u0259 g\u00fcnd\u00fcz \u015f\u0259raitind\u0259 effektiv d\u00f6y\u00fc\u015f t\u0259tbiqinin ke\u00e7iril\u0259n t\u0259liml\u0259rd\u0259 d\u0259rind\u0259n \u00f6yr\u0259nilm\u0259si \u0259sas t\u0259l\u0259bl\u0259rd\u0259n biridir&#8221;.<\/p>\n","protected":false},"excerpt":{"rendered":"<p>M\u00fcdafi\u0259 naziri Zakir H\u0259s\u0259nov bu il 24-26 sentyabr tarixl\u0259rind\u0259 Bak\u0131 Ekspo M\u0259rk\u0259zind\u0259 ke\u00e7iril\u0259n &#8220;ADEX&#8221; 5-ci Yubiley Az\u0259rbaycan Beyn\u0259lxalq M\u00fcdafi\u0259 S\u0259rgisinin t\u0259\u015fkilat\u00e7\u0131l\u0131\u011f\u0131n\u0131 y\u00fcks\u0259k qiym\u0259tl\u0259ndirib. Bu bar\u0259d\u0259\u00a0Musavat.com-a\u00a0M\u00fcdafi\u0259 Nazirliyind\u0259n m\u0259lumat verilib. Nazir qeyd edib ki, \u00f6lk\u0259mizd\u0259 v\u0259 dig\u0259r qabaqc\u0131l d\u00f6vl\u0259tl\u0259rd\u0259 istehsal edil\u0259n m\u00fcasir silah-texnika n\u00fcmun\u0259l\u0259rinin stendl\u0259rd\u0259 n\u00fcmayi\u015f etdirilm\u0259sini y\u00fcks\u0259k qiym\u0259tl\u0259ndirib. &#8220;Az\u0259rbaycan Ordusunun arsenal\u0131na daxil edil\u0259n yeni silah, texnika v\u0259 hava h\u00fccum vasit\u0259l\u0259rinin imkanlar\u0131n\u0131n, d\u00fczg\u00fcn istismar\u0131n\u0131n, h\u0259m\u00e7inin gec\u0259 v\u0259 g\u00fcnd\u00fcz \u015f\u0259raitind\u0259 effektiv d\u00f6y\u00fc\u015f t\u0259tbiqinin ke\u00e7iril\u0259n t\u0259liml\u0259rd\u0259 d\u0259rind\u0259n \u00f6yr\u0259nilm\u0259si \u0259sas t\u0259l\u0259bl\u0259rd\u0259n biridir&#8221;.<\/p>\n","protected":false},"author":2,"featured_media":760792,"comment_status":"closed","ping_status":"closed","sticky":false,"template":"","format":"standard","meta":{"om_disable_all_campaigns":false,"_monsterinsights_skip_tracking":false,"_monsterinsights_sitenote_active":false,"_monsterinsights_sitenote_note":"","_monsterinsights_sitenote_category":0},"categories":[10],"tags":[],"aioseo_notices":[],"gutentor_comment":0,"rttpg_featured_image_url":{"full":["https:\/\/arantv.az\/wp-content\/uploads\/2024\/10\/c36d8bc96417982e27346645787305b6.jpg",850,500,false],"landscape":["https:\/\/arantv.az\/wp-content\/uploads\/2024\/10\/c36d8bc96417982e27346645787305b6.jpg",850,500,false],"portraits":["https:\/\/arantv.az\/wp-content\/uploads\/2024\/10\/c36d8bc96417982e27346645787305b6.jpg",850,500,false],"thumbnail":["https:\/\/arantv.az\/wp-content\/uploads\/2024\/10\/c36d8bc96417982e27346645787305b6-500x280.jpg",500,280,true],"medium":["https:\/\/arantv.az\/wp-content\/uploads\/2024\/10\/c36d8bc96417982e27346645787305b6-621x365.jpg",621,365,true],"large":["https:\/\/arantv.az\/wp-content\/uploads\/2024\/10\/c36d8bc96417982e27346645787305b6-840x494.jpg",640,376,true],"1536x1536":["https:\/\/arantv.az\/wp-content\/uploads\/2024\/10\/c36d8bc96417982e27346645787305b6.jpg",850,500,false],"2048x2048":["https:\/\/arantv.az\/wp-content\/uploads\/2024\/10\/c36d8bc96417982e27346645787305b6.jpg",850,500,false],"post-thumbnail":["https:\/\/arantv.az\/wp-content\/uploads\/2024\/10\/c36d8bc96417982e27346645787305b6-240x172.jpg",240,172,true],"advps-thumb-one":["https:\/\/arantv.az\/wp-content\/uploads\/2024\/10\/c36d8bc96417982e27346645787305b6.jpg",850,500,false]},"rttpg_author":{"display_name":"V\u00fcsal Rafiqo\u011flu","author_link":"https:\/\/arantv.az\/?author=2"},"rttpg_comment":0,"rttpg_category":"<a href=\"https:\/\/arantv.az\/?cat=10\" rel=\"category\">C\u0259bh\u0259d\u0259n X\u0259b\u0259r<\/a>","rttpg_excerpt":"M\u00fcdafi\u0259 naziri Zakir H\u0259s\u0259nov bu il 24-26 sentyabr tarixl\u0259rind\u0259 Bak\u0131 Ekspo M\u0259rk\u0259zind\u0259 ke\u00e7iril\u0259n &#8220;ADEX&#8221; 5-ci Yubiley Az\u0259rbaycan Beyn\u0259lxalq M\u00fcdafi\u0259 S\u0259rgisinin t\u0259\u015fkilat\u00e7\u0131l\u0131\u011f\u0131n\u0131 y\u00fcks\u0259k qiym\u0259tl\u0259ndirib. Bu bar\u0259d\u0259\u00a0Musavat.com-a\u00a0M\u00fcdafi\u0259 Nazirliyind\u0259n m\u0259lumat verilib. Nazir qeyd edib ki, \u00f6lk\u0259mizd\u0259 v\u0259 dig\u0259r qabaqc\u0131l d\u00f6vl\u0259tl\u0259rd\u0259 istehsal edil\u0259n m\u00fcasir silah-texnika n\u00fcmun\u0259l\u0259rinin stendl\u0259rd\u0259 n\u00fcmayi\u015f etdirilm\u0259sini y\u00fcks\u0259k qiym\u0259tl\u0259ndirib. &#8220;Az\u0259rbaycan Ordusunun arsenal\u0131na daxil edil\u0259n yeni silah, texnika&hellip;","_links":{"self":[{"href":"https:\/\/arantv.az\/index.php?rest_route=\/wp\/v2\/posts\/760791"}],"collection":[{"href":"https:\/\/arantv.az\/index.php?rest_route=\/wp\/v2\/posts"}],"about":[{"href":"https:\/\/arantv.az\/index.php?rest_route=\/wp\/v2\/types\/post"}],"author":[{"embeddable":true,"href":"https:\/\/arantv.az\/index.php?rest_route=\/wp\/v2\/users\/2"}],"replies":[{"embeddable":true,"href":"https:\/\/arantv.az\/index.php?rest_route=%2Fwp%2Fv2%2Fcomments&post=760791"}],"version-history":[{"count":1,"href":"https:\/\/arantv.az\/index.php?rest_route=\/wp\/v2\/posts\/760791\/revisions"}],"predecessor-version":[{"id":760793,"href":"https:\/\/arantv.az\/index.php?rest_route=\/wp\/v2\/posts\/760791\/revisions\/760793"}],"wp:featuredmedia":[{"embeddable":true,"href":"https:\/\/arantv.az\/index.php?rest_route=\/wp\/v2\/media\/760792"}],"wp:attachment":[{"href":"https:\/\/arantv.az\/index.php?rest_route=%2Fwp%2Fv2%2Fmedia&parent=760791"}],"wp:term":[{"taxonomy":"category","embeddable":true,"href":"https:\/\/arantv.az\/index.php?rest_route=%2Fwp%2Fv2%2Fcategories&post=760791"},{"taxonomy":"post_tag","embeddable":true,"href":"https:\/\/arantv.az\/index.php?rest_route=%2Fwp%2Fv2%2Ftags&post=760791"}],"curies":[{"name":"wp","href":"https:\/\/api.w.org\/{rel}","templated":true}]}}