{"id":760799,"date":"2024-10-12T14:41:15","date_gmt":"2024-10-12T10:41:15","guid":{"rendered":"https:\/\/arantv.az\/?p=760799"},"modified":"2024-10-12T14:41:15","modified_gmt":"2024-10-12T10:41:15","slug":"zakir-h%c9%99s%c9%99nov-musavir%c9%99-kecirdi-generaldan-on%c9%99mli-tapsiriq","status":"publish","type":"post","link":"https:\/\/arantv.az\/?p=760799","title":{"rendered":"Zakir H\u0259s\u0259nov m\u00fc\u015favir\u0259 ke\u00e7irdi- Generaldan \u00d6N\u018fML\u0130 TAP\u015eIRIQ"},"content":{"rendered":"<p><strong>Oktyabr\u0131n 12-d\u0259 m\u00fcdafi\u0259 naziri general-polkovnik Zakir H\u0259s\u0259novun r\u0259hb\u0259rliyi il\u0259 M\u00fcdafi\u0259 Nazirliyind\u0259 xidm\u0259ti m\u00fc\u015favir\u0259 ke\u00e7irilib.<\/strong><\/p>\n<p>Bu bar\u0259d\u0259 Musavat.com-a M\u00fcdafi\u0259 Nazirliyind\u0259n m\u0259lumat verilib.<\/p>\n<p>Bildirilib ki, videoba\u011flant\u0131 format\u0131nda ke\u00e7iril\u0259n m\u00fc\u015favir\u0259y\u0259 nazir m\u00fcavinl\u0259ri, qo\u015fun (q\u00fcvv\u0259) n\u00f6v\u00fc komandanlar\u0131 v\u0259 m\u00fcavinl\u0259ri, \u018flahidd\u0259 \u00dcmumqo\u015fun Ordunun r\u0259hb\u0259r hey\u0259ti, ba\u015f idar\u0259, idar\u0259 r\u0259isl\u0259ri, h\u0259rbi birlik v\u0259 birl\u0259\u015fm\u0259 komandirl\u0259ri, h\u0259m\u00e7inin Milli M\u00fcdafi\u0259 Universitetinin v\u0259 tabeliyind\u0259 olan x\u00fcsusi t\u0259yinatl\u0131 t\u0259hsil m\u00fc\u0259ssis\u0259l\u0259rinin rektorlar\u0131 c\u0259lb olunub.<\/p>\n<p>\u018fvv\u0259lc\u0259 \u00dcmummilli Lider Heyd\u0259r \u018fliyevin, \u00f6lk\u0259mizin \u0259razi b\u00fct\u00f6vl\u00fcy\u00fc v\u0259 suverenliyi namin\u0259 \u015f\u0259hid olan soyda\u015flar\u0131m\u0131z\u0131n xatir\u0259si bir d\u0259qiq\u0259lik s\u00fckutla yad edilib.<\/p>\n<p>Giri\u015f nitqi il\u0259 \u00e7\u0131x\u0131\u015f ed\u0259n m\u00fcdafi\u0259 naziri Az\u0259rbaycan Respublikas\u0131n\u0131n Prezidenti, Silahl\u0131 Q\u00fcvv\u0259l\u0259rin Ali Ba\u015f Komandan\u0131 c\u0259nab \u0130lham \u018fliyevin Az\u0259rbaycan Ordusu qar\u015f\u0131s\u0131nda qoydu\u011fu tap\u015f\u0131r\u0131qlar\u0131 \u00e7atd\u0131r\u0131b.<\/p>\n<p>Ali Ba\u015f Komandan\u0131n yeddinci \u00e7a\u011f\u0131r\u0131\u015f Az\u0259rbaycan Respublikas\u0131 Milli M\u0259clisinin ilk iclas\u0131nda v\u0259 dig\u0259r \u00e7\u0131x\u0131\u015flar\u0131nda s\u0259sl\u0259ndirdiyi fikirl\u0259ri m\u00fc\u015favir\u0259 i\u015ftirak\u00e7\u0131lar\u0131n\u0131n diqq\u0259tin\u0259 \u00e7atd\u0131ran m\u00fcdafi\u0259 naziri h\u0259rbi g\u00fcc\u00fcm\u00fcz\u00fcn v\u0259 d\u00f6y\u00fc\u015f imkan\u0131m\u0131z\u0131n art\u0131r\u0131lmas\u0131n\u0131n, el\u0259c\u0259 d\u0259 pe\u015f\u0259kar kadr haz\u0131rl\u0131\u011f\u0131n\u0131n ba\u015fl\u0131ca m\u0259qs\u0259dimiz oldu\u011funu x\u00fcsusi vur\u011fulay\u0131b. Nazir qo\u015funlar\u0131n xidm\u0259ti-d\u00f6y\u00fc\u015f f\u0259aliyy\u0259tind\u0259 d\u00f6vl\u0259t ba\u015f\u00e7\u0131s\u0131n\u0131n fikirl\u0259rind\u0259n ir\u0259li g\u0259l\u0259n tap\u015f\u0131r\u0131qlar\u0131n icras\u0131n\u0131n daim diqq\u0259t m\u0259rk\u0259zind\u0259 saxlanmas\u0131n\u0131n \u0259h\u0259miyy\u0259tini qeyd edib.<\/p>\n<p>M\u00fc\u015favir\u0259d\u0259 \u015f\u0259rti s\u0259rh\u0259dd\u0259 \u0259m\u0259liyyat \u015f\u0259raiti v\u0259 qo\u015funlarda b\u00f6lm\u0259l\u0259rin g\u00fcnd\u0259lik f\u0259aliyy\u0259ti t\u0259hlil edilib, m\u00f6vcud v\u0259ziyy\u0259tl\u0259 ba\u011fl\u0131 m\u0259ruz\u0259l\u0259r dinl\u0259nilib.<\/p>\n<p>M\u00fcdafi\u0259 naziri qo\u015funlar\u0131n d\u00f6y\u00fc\u015f qabiliyy\u0259tinin daim y\u00fcks\u0259k s\u0259viyy\u0259d\u0259 saxlan\u0131lmas\u0131, ay\u0131q-say\u0131ql\u0131\u011f\u0131n art\u0131r\u0131lmas\u0131, el\u0259c\u0259 d\u0259 revan\u015fist q\u00fcvv\u0259l\u0259rin \u015f\u0259rti s\u0259rh\u0259dd\u0259 ehtimal olunan b\u00fct\u00fcn t\u0259xribatlar\u0131na qar\u015f\u0131 preventiv t\u0259dbirl\u0259rin g\u00f6r\u00fclm\u0259sin\u0259 haz\u0131r olmaqla ba\u011fl\u0131 aidiyy\u0259ti \u00fczr\u0259 konkret tap\u015f\u0131r\u0131qlar verib.<\/p>\n<p>General-polkovnik Z.H\u0259s\u0259nov cari ilin 24-26 sentyabr tarixl\u0259rind\u0259 Bak\u0131 Ekspo M\u0259rk\u0259zind\u0259 ke\u00e7iril\u0259n &#8220;ADEX&#8221; 5-ci Yubiley Az\u0259rbaycan Beyn\u0259lxalq M\u00fcdafi\u0259 S\u0259rgisinin t\u0259\u015fkilat\u00e7\u0131l\u0131\u011f\u0131n\u0131, \u00f6lk\u0259mizd\u0259 v\u0259 dig\u0259r qabaqc\u0131l d\u00f6vl\u0259tl\u0259rd\u0259 istehsal edil\u0259n m\u00fcasir silah-texnika n\u00fcmun\u0259l\u0259rinin stendl\u0259rd\u0259 n\u00fcmayi\u015f etdirilm\u0259sini y\u00fcks\u0259k qiym\u0259tl\u0259ndirib.<\/p>\n<p>Az\u0259rbaycan Ordusunun arsenal\u0131na daxil edil\u0259n yeni silah, texnika v\u0259 hava h\u00fccum vasit\u0259l\u0259rinin imkanlar\u0131n\u0131n, d\u00fczg\u00fcn istismar\u0131n\u0131n, h\u0259m\u00e7inin gec\u0259 v\u0259 g\u00fcnd\u00fcz \u015f\u0259raitind\u0259 effektiv d\u00f6y\u00fc\u015f t\u0259tbiqinin ke\u00e7iril\u0259n t\u0259liml\u0259rd\u0259 d\u0259rind\u0259n \u00f6yr\u0259nilm\u0259sinin \u0259sas t\u0259l\u0259bl\u0259rd\u0259n biri oldu\u011fu m\u00fc\u015favir\u0259 i\u015ftirak\u00e7\u0131lar\u0131n\u0131n n\u0259z\u0259rin\u0259 \u00e7atd\u0131r\u0131l\u0131b.<\/p>\n<p>H\u0259rbi hiss\u0259l\u0259rd\u0259 qo\u015fun xidm\u0259tinin effektiv t\u0259\u015fkili, dig\u0259r d\u00f6vl\u0259t qurumlar\u0131 il\u0259 qar\u015f\u0131l\u0131ql\u0131 f\u0259aliyy\u0259td\u0259 \u0259razil\u0259rimizin mina v\u0259 partlamam\u0131\u015f d\u00f6y\u00fc\u015f sursatlar\u0131ndan t\u0259mizl\u0259nm\u0259si, k\u0259skin relyef v\u0259 s\u0259rt iqlim \u015f\u0259raitind\u0259 yerl\u0259\u015f\u0259n m\u00f6vqel\u0259rin m\u00fch\u0259ndis-istehkam c\u0259h\u0259td\u0259n yax\u015f\u0131la\u015fd\u0131r\u0131lmas\u0131n\u0131n, t\u0259minat yollar\u0131n\u0131n daim i\u015fl\u0259k v\u0259ziyy\u0259td\u0259 saxlan\u0131lmas\u0131n\u0131n vacibliyi vur\u011fulan\u0131b.<\/p>\n<p>D\u00f6vl\u0259t r\u0259hb\u0259rliyinin diqq\u0259t v\u0259 qay\u011f\u0131s\u0131 n\u0259tic\u0259sind\u0259 h\u0259rbi qulluq\u00e7ular\u0131n sosial-m\u0259i\u015f\u0259t \u015f\u0259raitinin v\u0259 m\u0259n\u0259vi-psixoloji v\u0259ziyy\u0259tinin y\u00fcks\u0259k s\u0259viyy\u0259d\u0259 oldu\u011funu qeyd ed\u0259n nazir, x\u00fcsusil\u0259 q\u0131\u015f d\u00f6vr\u00fcnd\u0259 b\u00f6lm\u0259l\u0259rin maddi-texniki v\u0259 tibb t\u0259minat\u0131 m\u0259s\u0259l\u0259l\u0259rin\u0259 diqq\u0259t yetirilm\u0259sinin z\u0259ruriliyini bildirib.<br \/>\nSonda m\u00fct\u0259madi olaraq m\u00fcxt\u0259lif m\u00f6vzularda maarifl\u0259ndirici t\u0259dbirl\u0259rin ke\u00e7irilm\u0259si, \u015f\u0259xsi hey\u0259t t\u0259r\u0259find\u0259n t\u0259hl\u00fck\u0259sizlik v\u0259 nizam-intizam qaydalar\u0131na riay\u0259t edilm\u0259si, t\u0259lim-t\u0259dris v\u0259 t\u0259hsil prosesind\u0259 keyfiyy\u0259t g\u00f6st\u0259ricil\u0259rinin n\u0259zar\u0259td\u0259 saxlan\u0131lmas\u0131 bar\u0259d\u0259 \u0259lav\u0259 g\u00f6st\u0259ri\u015fl\u0259r verilib.<\/p>\n","protected":false},"excerpt":{"rendered":"<p>Oktyabr\u0131n 12-d\u0259 m\u00fcdafi\u0259 naziri general-polkovnik Zakir H\u0259s\u0259novun r\u0259hb\u0259rliyi il\u0259 M\u00fcdafi\u0259 Nazirliyind\u0259 xidm\u0259ti m\u00fc\u015favir\u0259 ke\u00e7irilib. Bu bar\u0259d\u0259 Musavat.com-a M\u00fcdafi\u0259 Nazirliyind\u0259n m\u0259lumat verilib. Bildirilib ki, videoba\u011flant\u0131 format\u0131nda ke\u00e7iril\u0259n m\u00fc\u015favir\u0259y\u0259 nazir m\u00fcavinl\u0259ri, qo\u015fun (q\u00fcvv\u0259) n\u00f6v\u00fc komandanlar\u0131 v\u0259 m\u00fcavinl\u0259ri, \u018flahidd\u0259 \u00dcmumqo\u015fun Ordunun r\u0259hb\u0259r hey\u0259ti, ba\u015f idar\u0259, idar\u0259 r\u0259isl\u0259ri, h\u0259rbi birlik v\u0259 birl\u0259\u015fm\u0259 komandirl\u0259ri, h\u0259m\u00e7inin Milli M\u00fcdafi\u0259 Universitetinin v\u0259 tabeliyind\u0259 olan x\u00fcsusi t\u0259yinatl\u0131 t\u0259hsil m\u00fc\u0259ssis\u0259l\u0259rinin rektorlar\u0131 c\u0259lb olunub. \u018fvv\u0259lc\u0259 \u00dcmummilli Lider Heyd\u0259r \u018fliyevin, \u00f6lk\u0259mizin \u0259razi b\u00fct\u00f6vl\u00fcy\u00fc v\u0259 suverenliyi namin\u0259 \u015f\u0259hid olan soyda\u015flar\u0131m\u0131z\u0131n xatir\u0259si bir d\u0259qiq\u0259lik s\u00fckutla yad edilib. Giri\u015f nitqi il\u0259 \u00e7\u0131x\u0131\u015f ed\u0259n m\u00fcdafi\u0259 naziri&hellip;<\/p>\n","protected":false},"author":2,"featured_media":760800,"comment_status":"closed","ping_status":"closed","sticky":false,"template":"","format":"standard","meta":{"om_disable_all_campaigns":false,"_monsterinsights_skip_tracking":false,"_monsterinsights_sitenote_active":false,"_monsterinsights_sitenote_note":"","_monsterinsights_sitenote_category":0},"categories":[10],"tags":[],"aioseo_notices":[],"gutentor_comment":0,"rttpg_featured_image_url":{"full":["https:\/\/arantv.az\/wp-content\/uploads\/2024\/10\/93f1b18e19aecb52d47358ad28dade68.jpg",850,500,false],"landscape":["https:\/\/arantv.az\/wp-content\/uploads\/2024\/10\/93f1b18e19aecb52d47358ad28dade68.jpg",850,500,false],"portraits":["https:\/\/arantv.az\/wp-content\/uploads\/2024\/10\/93f1b18e19aecb52d47358ad28dade68.jpg",850,500,false],"thumbnail":["https:\/\/arantv.az\/wp-content\/uploads\/2024\/10\/93f1b18e19aecb52d47358ad28dade68-500x280.jpg",500,280,true],"medium":["https:\/\/arantv.az\/wp-content\/uploads\/2024\/10\/93f1b18e19aecb52d47358ad28dade68-621x365.jpg",621,365,true],"large":["https:\/\/arantv.az\/wp-content\/uploads\/2024\/10\/93f1b18e19aecb52d47358ad28dade68-840x494.jpg",640,376,true],"1536x1536":["https:\/\/arantv.az\/wp-content\/uploads\/2024\/10\/93f1b18e19aecb52d47358ad28dade68.jpg",850,500,false],"2048x2048":["https:\/\/arantv.az\/wp-content\/uploads\/2024\/10\/93f1b18e19aecb52d47358ad28dade68.jpg",850,500,false],"post-thumbnail":["https:\/\/arantv.az\/wp-content\/uploads\/2024\/10\/93f1b18e19aecb52d47358ad28dade68-240x172.jpg",240,172,true],"advps-thumb-one":["https:\/\/arantv.az\/wp-content\/uploads\/2024\/10\/93f1b18e19aecb52d47358ad28dade68.jpg",850,500,false]},"rttpg_author":{"display_name":"V\u00fcsal Rafiqo\u011flu","author_link":"https:\/\/arantv.az\/?author=2"},"rttpg_comment":0,"rttpg_category":"<a href=\"https:\/\/arantv.az\/?cat=10\" rel=\"category\">C\u0259bh\u0259d\u0259n X\u0259b\u0259r<\/a>","rttpg_excerpt":"Oktyabr\u0131n 12-d\u0259 m\u00fcdafi\u0259 naziri general-polkovnik Zakir H\u0259s\u0259novun r\u0259hb\u0259rliyi il\u0259 M\u00fcdafi\u0259 Nazirliyind\u0259 xidm\u0259ti m\u00fc\u015favir\u0259 ke\u00e7irilib. Bu bar\u0259d\u0259 Musavat.com-a M\u00fcdafi\u0259 Nazirliyind\u0259n m\u0259lumat verilib. Bildirilib ki, videoba\u011flant\u0131 format\u0131nda ke\u00e7iril\u0259n m\u00fc\u015favir\u0259y\u0259 nazir m\u00fcavinl\u0259ri, qo\u015fun (q\u00fcvv\u0259) n\u00f6v\u00fc komandanlar\u0131 v\u0259 m\u00fcavinl\u0259ri, \u018flahidd\u0259 \u00dcmumqo\u015fun Ordunun r\u0259hb\u0259r hey\u0259ti, ba\u015f idar\u0259, idar\u0259 r\u0259isl\u0259ri, h\u0259rbi birlik v\u0259 birl\u0259\u015fm\u0259 komandirl\u0259ri, h\u0259m\u00e7inin Milli M\u00fcdafi\u0259 Universitetinin v\u0259 tabeliyind\u0259&hellip;","_links":{"self":[{"href":"https:\/\/arantv.az\/index.php?rest_route=\/wp\/v2\/posts\/760799"}],"collection":[{"href":"https:\/\/arantv.az\/index.php?rest_route=\/wp\/v2\/posts"}],"about":[{"href":"https:\/\/arantv.az\/index.php?rest_route=\/wp\/v2\/types\/post"}],"author":[{"embeddable":true,"href":"https:\/\/arantv.az\/index.php?rest_route=\/wp\/v2\/users\/2"}],"replies":[{"embeddable":true,"href":"https:\/\/arantv.az\/index.php?rest_route=%2Fwp%2Fv2%2Fcomments&post=760799"}],"version-history":[{"count":1,"href":"https:\/\/arantv.az\/index.php?rest_route=\/wp\/v2\/posts\/760799\/revisions"}],"predecessor-version":[{"id":760801,"href":"https:\/\/arantv.az\/index.php?rest_route=\/wp\/v2\/posts\/760799\/revisions\/760801"}],"wp:featuredmedia":[{"embeddable":true,"href":"https:\/\/arantv.az\/index.php?rest_route=\/wp\/v2\/media\/760800"}],"wp:attachment":[{"href":"https:\/\/arantv.az\/index.php?rest_route=%2Fwp%2Fv2%2Fmedia&parent=760799"}],"wp:term":[{"taxonomy":"category","embeddable":true,"href":"https:\/\/arantv.az\/index.php?rest_route=%2Fwp%2Fv2%2Fcategories&post=760799"},{"taxonomy":"post_tag","embeddable":true,"href":"https:\/\/arantv.az\/index.php?rest_route=%2Fwp%2Fv2%2Ftags&post=760799"}],"curies":[{"name":"wp","href":"https:\/\/api.w.org\/{rel}","templated":true}]}}