{"id":761114,"date":"2024-10-14T11:53:24","date_gmt":"2024-10-14T07:53:24","guid":{"rendered":"https:\/\/arantv.az\/?p=761114"},"modified":"2024-10-14T11:53:24","modified_gmt":"2024-10-14T07:53:24","slug":"tarix-yazan-lider-az%c9%99rbaycanin-21-illik-inkisaf-dovrunun-15-oktyabr-zirv%c9%99si","status":"publish","type":"post","link":"https:\/\/arantv.az\/?p=761114","title":{"rendered":"Tarix yazan Lider: Az\u0259rbaycan\u0131n 21 illik inki\u015faf d\u00f6vr\u00fcn\u00fcn 15 oktyabr zirv\u0259si"},"content":{"rendered":"<p><em><strong>15 oktyabr m\u00fcasir m\u00fcst\u0259qil Az\u0259rbaycan\u0131n \u015fanl\u0131 tarixin\u0259 \u0259n \u00f6n\u0259mli g\u00fcnl\u0259rd\u0259n biri kimi yaz\u0131l\u0131b. Bir il \u0259vv\u0259l \u2013 2023-c\u00fc il oktyabr\u0131n 15-d\u0259 Az\u0259rbaycan Respublikas\u0131n\u0131n Prezidenti, Silahl\u0131 Q\u00fcvv\u0259l\u0259rin M\u00fcz\u0259ff\u0259r Ali Ba\u015f Komandan\u0131 \u0130lham \u018fliyev lokal xarakterli antiterror \u0259m\u0259liyyatlar\u0131 n\u0259tic\u0259sind\u0259 i\u015f\u011fal\u00e7\u0131lardan t\u0259mizl\u0259n\u0259n tarixi torpaqlar\u0131m\u0131zda, o c\u00fcml\u0259d\u0259n Xocal\u0131da, A\u011fd\u0259r\u0259d\u0259, Xocav\u0259ndd\u0259, \u018fsg\u0259randa, S\u0259rs\u0259ng su anbar\u0131n\u0131n \u0259razisind\u0259 v\u0259 Xank\u0259ndid\u0259 \u00fc\u00e7r\u0259ngli bayra\u011f\u0131m\u0131z\u0131 ucaltd\u0131. D\u00f6vl\u0259t bayra\u011f\u0131m\u0131z\u0131n \u00f6lk\u0259mizin b\u00fct\u00fcn suveren \u0259razil\u0259rind\u0259 q\u00fcrurla dal\u011falanmas\u0131 m\u00fcst\u0259qillik tariximizd\u0259 \u00e7ox m\u00fch\u00fcm hadis\u0259 olmaqla yana\u015f\u0131, Az\u0259rbaycanda separatizmin k\u00f6k\u00fcn\u00fcn tam k\u0259sildiyini b\u00fct\u00fcn d\u00fcnyaya n\u00fcmayi\u015f etdirdi.<\/strong><\/em><\/p>\n<p><strong>ARANTV.AZ\u00a0 x\u0259b\u0259r verir ki,<\/strong>\u00a0\u00a0bu s\u00f6zl\u0259ri\u00a0Milli M\u0259clisin deputat\u0131\u00a0<strong>Mirc\u0259lil Qas\u0131ml\u0131<\/strong>\u00a0deyib. O bildirib ki, V\u0259t\u0259n m\u00fcharib\u0259sind\u0259 v\u0259 antiterror t\u0259dbirl\u0259ri n\u0259tic\u0259sind\u0259 \u0259ld\u0259 olunan z\u0259f\u0259rl\u0259r \u00f6t\u0259n ill\u0259r \u0259rzind\u0259 h\u0259yata ke\u00e7iril\u0259n m\u0259qs\u0259dy\u00f6nl\u00fc v\u0259 n\u0259tic\u0259y\u0259 hesablanm\u0131\u015f m\u00fcdrik siyas\u0259tin m\u0259ntiqi n\u0259tic\u0259sidir. Prezident \u0130lham \u018fliyevin r\u0259hb\u0259rliyi il\u0259 Az\u0259rbaycana misilsiz nailiyy\u0259tl\u0259r qazand\u0131ran siyas\u0259tin \u0259sas\u0131 15 oktyabr 2003-c\u00fc ild\u0259 qoyulmu\u015fdu. H\u0259min g\u00fcn Ulu \u00d6nd\u0259r Heyd\u0259r \u018fliyevin siyasi varisin\u0259, dahi \u015f\u0259xsiyy\u0259tin m\u00fc\u0259yy\u0259nl\u0259\u015fdirdiyi siyasi x\u0259tt\u0259 sonsuz inam\u0131n\u0131 ifad\u0259 ed\u0259n xalq m\u0259hz c\u0259nab \u0130lham \u018fliyev\u0259 s\u0259s ver\u0259r\u0259k onu Prezident se\u00e7di. \u00c7\u00fcnki xalq Heyd\u0259r \u018fliyev siyas\u0259tini Az\u0259rbaycan\u0131n parlaq g\u0259l\u0259c\u0259yinin yegan\u0259 t\u0259minat\u00e7\u0131s\u0131 g\u00f6r\u00fcr v\u0259 ona etibar edirdi.<\/p>\n<p><strong>Tarixi z\u0259f\u0259rl\u0259r\u0259 yol a\u00e7an m\u00fcdrik siyas\u0259t: B\u00fct\u00fcn sah\u0259l\u0259rd\u0259 \u0259ld\u0259 olunan dinamik inki\u015faf<\/strong><\/p>\n<p>\u201cM\u0259n bu g\u00fcn bu y\u00fcks\u0259k k\u00fcrs\u00fcd\u0259n \u0259ziz Prezidentimiz c\u0259nab Heyd\u0259r \u018fliyev\u0259 m\u00fcraci\u0259t ed\u0259r\u0259k deyir\u0259m: \u018fziz Prezident, \u0259s\u0259rin olan m\u00fcasir Az\u0259rbaycan\u0131 g\u00fccl\u0259ndir\u0259c\u0259yik, z\u0259nginl\u0259\u015fdir\u0259c\u0259yik, h\u0259rt\u0259r\u0259fli inki\u015faf etdir\u0259c\u0259yik, Sizin yolunuzla yeni q\u0259l\u0259b\u0259l\u0259r\u0259 do\u011fru ged\u0259c\u0259yik\u201d. 2003-c\u00fc ild\u0259 Az\u0259rbaycan Respublikas\u0131n\u0131n Prezidenti se\u00e7il\u0259n \u0130lham \u018fliyevin andi\u00e7m\u0259 m\u0259rasimind\u0259 s\u0259sl\u0259ndirdiyi bu fikird\u0259 g\u00f6st\u0259ril\u0259n h\u0259d\u0259fl\u0259rin h\u0259r biri bu g\u00fcn real h\u0259yatda \u00f6z \u0259ksini tap\u0131b. Az\u0259rbaycan tarixinin \u0259n q\u00fcdr\u0259tli d\u00f6vr\u00fcn\u00fc ya\u015fay\u0131r. \u00dcmummilli Lider Heyd\u0259r \u018fliyevin m\u00fc\u0259yy\u0259nl\u0259\u015fdirdiyi Az\u0259rbaycan\u0131n h\u0259rt\u0259r\u0259fli inki\u015faf strategiyas\u0131n\u0131n Prezident \u0130lham \u018fliyev t\u0259r\u0259find\u0259n 2003-c\u00fc il 15 oktyabr tarixind\u0259n etibar\u0259n d\u00f6vr\u00fcn t\u0259l\u0259bl\u0259rin\u0259 uy\u011funla\u015fd\u0131r\u0131lmaqla u\u011furla davam etdirilm\u0259si \u00f6lk\u0259mizi q\u0259l\u0259b\u0259d\u0259n-q\u0259l\u0259b\u0259y\u0259 inamla da\u015f\u0131d\u0131.<\/p>\n<p>Bu ill\u0259r \u0259rzind\u0259 siyasi arenalarda qazan\u0131lan diplomatik u\u011furlar, \u00f6lk\u0259mizin iqtisadi dayaqlar\u0131n\u0131n m\u00f6hk\u0259ml\u0259ndirilm\u0259si istiqam\u0259tind\u0259 g\u00f6r\u00fcl\u0259n \u0259sasl\u0131 i\u015fl\u0259r, ordu quruculu\u011fu, t\u0259hsil, s\u0259hiyy\u0259, m\u0259d\u0259niyy\u0259t, idman v\u0259 dig\u0259r sah\u0259l\u0259rd\u0259 \u0259ld\u0259 olunan nailiyy\u0259tl\u0259r \u00f6lk\u0259mizin davaml\u0131 v\u0259 dayan\u0131ql\u0131 t\u0259r\u0259qqisini \u015f\u0259rtl\u0259ndirdi.<\/p>\n<p>\u0130kit\u0259r\u0259fli v\u0259 \u00e7oxt\u0259r\u0259fli formatlarda qurulan s\u0259m\u0259r\u0259li \u0259m\u0259kda\u015fl\u0131q m\u00fcnasib\u0259tl\u0259ri \u00f6lk\u0259mizin iqtisadi, siyasi \u0259laq\u0259l\u0259rinin geni\u015fl\u0259ndirilm\u0259sind\u0259 m\u00fcst\u0259sna rol oynad\u0131. Eyni zamanda, beyn\u0259lxalq t\u0259\u015fkilatlarda apar\u0131lan u\u011furlu f\u0259aliyy\u0259t Az\u0259rbaycan h\u0259qiq\u0259tl\u0259rinin, \u00f6lk\u0259mizin bir n\u00f6mr\u0259li problemi olan Erm\u0259nistan-Az\u0259rbaycan m\u00fcnaqi\u015f\u0259si il\u0259 ba\u011fl\u0131 \u0259dal\u0259tli m\u00f6vqeyimizin d\u00fcnya ictimaiyy\u0259tin\u0259 \u00e7atd\u0131r\u0131lmas\u0131n\u0131 t\u0259min etdi.<\/p>\n<p>Ulu \u00d6nd\u0259rin \u201c\u0130qtisadiyyat\u0131 g\u00fccl\u00fc olan d\u00f6vl\u0259t h\u0259r \u015fey\u0259 qadirdir\u201d fikri bu g\u00fcn d\u0259 h\u0259yata ke\u00e7iril\u0259n d\u00f6vl\u0259t siyas\u0259timizin \u0259sas istiqam\u0259tl\u0259rind\u0259n birini t\u0259\u015fkil edir. \u00d6lk\u0259mizin s\u00fcr\u0259tli v\u0259 davaml\u0131 iqtisadi inki\u015faf\u0131 namin\u0259 apar\u0131lan m\u00fct\u0259r\u0259qqi islahatlar, icra olunan D\u00f6vl\u0259t proqramlar\u0131, h\u0259yata ke\u00e7iril\u0259n layih\u0259l\u0259r g\u00fccl\u00fc v\u0259 r\u0259qab\u0259t\u0259davaml\u0131 iqtisadi t\u0259r\u0259qqinin t\u0259min olunmas\u0131nda m\u00fcst\u0259sna rol oynay\u0131r.<\/p>\n<p>Bu x\u00fcsusda, beyn\u0259lxalq t\u0259r\u0259fda\u015flarla birg\u0259 icra edil\u0259n m\u00fch\u00fcm layih\u0259l\u0259ri x\u00fcsusi qeyd etm\u0259k ist\u0259rdim. Ulu \u00d6nd\u0259rin t\u0259\u015f\u0259bb\u00fcs\u00fc v\u0259 i\u015ftirak\u0131 il\u0259 otuz il \u00f6nc\u0259 \u201c\u018fsrin m\u00fcqavil\u0259si\u201dnin imzalanmas\u0131 il\u0259 \u0259sas\u0131 qoyulan enerji strategiyam\u0131z\u0131n d\u00f6vl\u0259timizin ba\u015f\u00e7\u0131s\u0131 t\u0259r\u0259find\u0259n m\u00fcasir \u00e7a\u011f\u0131r\u0131\u015flar \u0259sas\u0131nda davam etdirilm\u0259si \u00f6lk\u0259mizin iqtisadi inki\u015faf\u0131na, beyn\u0259lxalq m\u00f6vqel\u0259rinin m\u00f6hk\u0259ml\u0259ndirilm\u0259sin\u0259 \u00f6n\u0259mli t\u00f6hf\u0259l\u0259r verir.<\/p>\n<p>C\u0259nub Qaz D\u0259hlizi kimi n\u0259h\u0259ng enerji layih\u0259sinin t\u0259r\u0259fda\u015flarla birg\u0259 u\u011furla icras\u0131 v\u0259 onun geni\u015fl\u0259ndirilm\u0259si istiqam\u0259tind\u0259 at\u0131lan m\u0259qs\u0259dy\u00f6nl\u00fc add\u0131mlar n\u0259tic\u0259sind\u0259 bu g\u00fcn Az\u0259rbaycan\u0131n Avropan\u0131n enerji t\u0259hl\u00fck\u0259sizliyind\u0259ki rolu daha da art\u0131b. Az\u0259rbaycan qaz\u0131 art\u0131q d\u00fcnyan\u0131n 10 \u00f6lk\u0259sin\u0259 sat\u0131l\u0131r ki, onlar\u0131n da s\u0259kkizi m\u0259hz Avropa \u00f6lk\u0259sidir.<\/p>\n<p>Eyni zamanda, \u201cNeft kapital\u0131n\u0131n, insan kapital\u0131na\u201d \u00e7evrilm\u0259si istiqam\u0259tind\u0259 at\u0131lan add\u0131mlar, neft-qaz s\u0259nayesind\u0259n \u0259ld\u0259 olunan g\u0259lirl\u0259rin iqtisadiyyat\u0131n m\u00fcxt\u0259lif sah\u0259l\u0259rinin inki\u015faf\u0131na, \u0259halinin rifah s\u0259viyy\u0259sinin daha da y\u00fcks\u0259ldilm\u0259sin\u0259, ordumuzun maddi-texniki bazas\u0131n\u0131n m\u00f6hk\u0259ml\u0259ndirilm\u0259sin\u0259 y\u00f6nl\u0259ndirilm\u0259si Az\u0259rbaycan\u0131n h\u0259rt\u0259r\u0259fli inki\u015faf\u0131nda m\u00fcst\u0259sna rol oynay\u0131r.<\/p>\n<p>Az\u0259rbaycanda sabitlik v\u0259 \u0259min-amanl\u0131\u011f\u0131n \u0259n y\u00fcks\u0259k s\u0259viyy\u0259d\u0259 t\u0259min olunmas\u0131 qazan\u0131lan u\u011furlarda olduqca \u0259h\u0259miyy\u0259tli paya sahibdir. Bu ill\u0259r \u0259rzind\u0259 \u00f6lk\u0259mizd\u0259 h\u00fcquqi d\u00f6vl\u0259t quruculu\u011fu, o c\u00fcml\u0259d\u0259n qanunun aliliyinin, fundamental h\u00fcquq v\u0259 azadl\u0131qlar\u0131n tam t\u0259min olunmas\u0131 istiqam\u0259tl\u0259rind\u0259 m\u00fch\u00fcm nailiyy\u0259tl\u0259r \u0259ld\u0259 edilib. Transmilli cinay\u0259tkarl\u0131q, terrorizm, separatizm, qa\u00e7aqmal\u00e7\u0131l\u0131q, narkotikl\u0259rin qanunsuz d\u00f6vriyy\u0259si, kibercinay\u0259tkarl\u0131qla m\u00fcbariz\u0259d\u0259 s\u0259m\u0259r\u0259li f\u0259aliyy\u0259t t\u0259\u015fkil edilib.<\/p>\n<p>Bu amil, x\u00fcsus\u0259n d\u0259 \u00f6lk\u0259mizi xarici s\u0259rmay\u0259darlar \u00fc\u00e7\u00fcn daha da c\u0259lbedici edir. A\u011f\u0131r iqtisadi-siyasi b\u00f6hranlar\u0131n, da\u011f\u0131d\u0131c\u0131 m\u00fcnaqi\u015f\u0259l\u0259rin, daxili toqqu\u015fmalar\u0131n geni\u015f v\u00fcs\u0259t ald\u0131\u011f\u0131 m\u00fcasir d\u00fcnyam\u0131zda Az\u0259rbaycan kimi sabit v\u0259 davaml\u0131 inki\u015faf ed\u0259n, investorlar \u00fc\u00e7\u00fcn \u0259lveri\u015fli m\u00fchitin m\u00f6vcud oldu\u011fu \u00f6lk\u0259l\u0259rin say\u0131 t\u0259bii ki, \u00e7ox deyil. El\u0259 bu s\u0259b\u0259bd\u0259ndir ki, \u00f6lk\u0259miz \u00f6t\u0259n ill\u0259r \u0259rzind\u0259 d\u00fcnyan\u0131n n\u00fcfuzlu \u015firk\u0259tl\u0259ri t\u0259r\u0259find\u0259n b\u00f6y\u00fck layih\u0259l\u0259rin u\u011furla h\u0259yata ke\u00e7irildiyi m\u0259kana \u00e7evrilib.<\/p>\n<p>Eyni zamanda, xalq\u0131m\u0131za m\u0259xsus milli-m\u0259n\u0259vi d\u0259y\u0259rl\u0259rin qorunmas\u0131 v\u0259 t\u0259bli\u011fi, Az\u0259rbaycan\u0131n haqq s\u0259sinin beyn\u0259lxalq ictimaiyy\u0259t\u0259 \u00e7atd\u0131r\u0131lmas\u0131, \u00f6lk\u0259mizin tan\u0131d\u0131lmas\u0131 istiqam\u0259tl\u0259rind\u0259 misilsiz i\u015fl\u0259r g\u00f6r\u00fcl\u00fcr. H\u0259m\u00e7inin Az\u0259rbaycan beyn\u0259lxalq n\u00fcfuzlu t\u0259dbirl\u0259r\u0259, forumlara, konfranslara, m\u00fch\u00fcm idman yar\u0131\u015flar\u0131na u\u011furla ev sahibliyi edir. Cari ilin noyabr\u0131nda \u00f6lk\u0259mizd\u0259 t\u0259\u015fkil olunacaq COP29 t\u0259dbiri d\u00fcnya birliyinin Az\u0259rbaycana olan y\u00fcks\u0259k etimad\u0131n\u0131n v\u0259 b\u00f6y\u00fck h\u00f6rm\u0259tinin bariz t\u0259zah\u00fcr\u00fcd\u00fcr.<\/p>\n<p>Bu ill\u0259r \u0259rzind\u0259 s\u00f6zs\u00fcz ki, \u0259n \u00e7ox diqq\u0259t ayr\u0131lan sah\u0259l\u0259rd\u0259n biri d\u0259 ordu quruculu\u011fu oldu. Ordunun m\u00fcasir standartlar s\u0259viyy\u0259sind\u0259 yenid\u0259n formala\u015fd\u0131r\u0131lmas\u0131, \u0259n m\u00fcasir silah-sursat v\u0259 texnika il\u0259 t\u0259chiz edilm\u0259si, zabit hey\u0259tinin pe\u015f\u0259karl\u0131\u011f\u0131n\u0131n daha da art\u0131r\u0131lmas\u0131 i\u015f\u011fala m\u0259ruz qalm\u0131\u015f Az\u0259rbaycan \u00fc\u00e7\u00fcn x\u00fcsusi \u00f6n\u0259m da\u015f\u0131y\u0131rd\u0131. Qazan\u0131lan z\u0259f\u0259rl\u0259r g\u00f6st\u0259rdi ki, \u0259n m\u00fcasir d\u00f6y\u00fc\u015f texnologiyalar\u0131 il\u0259 t\u0259chiz edilmi\u015f Az\u0259rbaycan\u0131n r\u0259\u015fad\u0259tli Silahl\u0131 Q\u00fcvv\u0259l\u0259ri d\u00fcnyada h\u0259rb s\u0259n\u0259tinin inc\u0259likl\u0259rin\u0259 yax\u0131ndan b\u0259l\u0259d olan pe\u015f\u0259kar zabit kadrlar\u0131na, m\u00fck\u0259mm\u0259l taktiki haz\u0131rl\u0131\u011fa v\u0259 d\u00f6y\u00fc\u015f qabiliyy\u0259tin\u0259 malik ordu kimi d\u00f6vl\u0259timizin suverenliyin\u0259 qar\u015f\u0131 ola bil\u0259c\u0259k ist\u0259nil\u0259n t\u0259hl\u00fck\u0259nin qar\u015f\u0131s\u0131n\u0131 alma\u011fa tam qadirdir.<\/p>\n<p>\u0130\u015f\u011fal\u0131n davam etdiyi 30 il \u0259rzind\u0259 m\u00fcnaqi\u015f\u0259nin s\u00fclh yolu il\u0259 \u0259dal\u0259tli h\u0259llin\u0259 \u00e7al\u0131\u015fan Az\u0259rbaycan he\u00e7 bir halda i\u015f\u011falla bar\u0131\u015fmayaca\u011f\u0131n\u0131 \u0259n y\u00fcks\u0259k tribunalardan d\u0259f\u0259l\u0259rl\u0259 b\u0259yan etmi\u015fdi.<\/p>\n<p>Lakin bu ill\u0259r \u0259rzind\u0259 n\u0259 Erm\u0259nistan, n\u0259 d\u0259 onun havadarlar\u0131 Az\u0259rbaycan\u0131n \u0259dal\u0259tli s\u00fclh t\u0259klifin\u0259 m\u00fcsb\u0259t yana\u015fmad\u0131, \u0259ksin\u0259, m\u00fcnaqi\u015f\u0259ni dondurma\u011fa, h\u0259llini uzatma\u011fa \u00e7al\u0131\u015fd\u0131.<\/p>\n<p>2016-c\u0131 ilin Aprel d\u00f6y\u00fc\u015fl\u0259rind\u0259 Az\u0259rbaycan Ordusunun n\u00fcmayi\u015f etdirdiyi y\u00fcks\u0259k pe\u015f\u0259karl\u0131q ilk tarixi q\u0259l\u0259b\u0259mizi \u015f\u0259rtl\u0259ndirdi, xalq\u0131m\u0131z\u0131n i\u015f\u011fala son qoymaq \u0259zmini bir daha n\u00fcmayi\u015f etdirdi.<\/p>\n<p><strong>Prezident-xalq birliyi qazan\u0131lan b\u00fct\u00fcn z\u0259f\u0259rl\u0259rin \u0259sas t\u0259minat\u00e7\u0131s\u0131d\u0131r<\/strong><\/p>\n<p>Az\u0259rbaycan Prezidentinin 2003-c\u00fc ild\u0259n y\u00fcr\u00fctd\u00fcy\u00fc, v\u0259 \u00f6lk\u0259mizin m\u00fcst\u0259qilliyinin m\u00f6hk\u0259ml\u0259nm\u0259sin\u0259, xalq\u0131m\u0131z\u0131n milli maraqlar\u0131n\u0131n t\u0259min olunmas\u0131na, respublikam\u0131z\u0131n \u0259razi b\u00fct\u00f6vl\u00fcy\u00fcn\u00fcn b\u0259rpas\u0131na hesablanm\u0131\u015f m\u00fcdrik siyas\u0259tini u\u011furlu v\u0259 d\u00f6nm\u0259z ed\u0259n \u0259n ba\u015fl\u0131ca amill\u0259rd\u0259n biri d\u0259 m\u0259hz Prezident-xalq birliyinin m\u00f6vcudlu\u011fudur.<\/p>\n<p>Hakimiyy\u0259tinin b\u00fct\u00fcn m\u0259rh\u0259l\u0259l\u0259rind\u0259 m\u0259hz do\u011fma xalq\u0131na arxalanan, onun irad\u0259sini h\u0259r \u015feyd\u0259n \u00fcst\u00fcn tutan d\u00f6vl\u0259timizin ba\u015f\u00e7\u0131s\u0131 y\u00fcks\u0259k q\u0259tiyy\u0259tli r\u0259hb\u0259rliyi, m\u00fcdrik s\u0259rk\u0259rd\u0259liyi il\u0259 xalq\u0131m\u0131z\u0131 \u201cD\u0259mir yumruq\u201d \u0259traf\u0131nda s\u0131x birl\u0259\u015fdir\u0259r\u0259k onu tarixinin \u0259n parlaq z\u0259f\u0259rl\u0259rin\u0259 qovu\u015fdurdu.<\/p>\n<p>G\u00f6r\u00fcl\u0259n i\u015fl\u0259r, \u0259ld\u0259 olunan dinamik inki\u015faf, \u0259halinin rifah hal\u0131n\u0131n y\u00fcks\u0259ldilm\u0259si, \u00f6lk\u0259nin d\u00fcnya miqyas\u0131nda artan n\u00fcfuzu v\u0259 dig\u0259r u\u011furlar \u00f6t\u0259n ill\u0259r \u0259rzind\u0259 xalq\u0131n Prezidentin\u0259 inam\u0131n\u0131 daha da art\u0131rd\u0131, 2003-c\u00fc ild\u0259n sonrak\u0131 m\u00fcdd\u0259td\u0259 ke\u00e7iril\u0259n b\u00fct\u00fcn se\u00e7kil\u0259rd\u0259 d\u0259 \u00f6z Liderin\u0259 sonsuz inam\u0131n\u0131 ifad\u0259 etdi.<\/p>\n<p>Apar\u0131lan u\u011furlu g\u0259ncl\u0259r siyas\u0259ti say\u0259sind\u0259 \u00f6lk\u0259mizd\u0259 y\u00fcks\u0259k intellektli, bilik v\u0259 bacar\u0131qlara sahib, v\u0259t\u0259np\u0259rv\u0259r g\u0259nc n\u0259sil formala\u015fd\u0131r\u0131ld\u0131. G\u0259ncl\u0259rin m\u00fcxt\u0259lif sah\u0259l\u0259rd\u0259 h\u0259yata ke\u00e7iril\u0259n layih\u0259l\u0259r\u0259 c\u0259lb olunaraq, \u00f6lk\u0259mizin davaml\u0131 inki\u015faf\u0131na t\u00f6hf\u0259 verm\u0259l\u0259ri t\u0259min edilir.<\/p>\n<p>Prezident \u0130lham \u018fliyevin hakimiyy\u0259ti ill\u0259rind\u0259 v\u0259t\u0259np\u0259rv\u0259r ruhda formala\u015fan g\u0259nc n\u0259sil V\u0259t\u0259n m\u00fcharib\u0259sind\u0259 v\u0259 antiterror t\u0259dbirl\u0259rind\u0259 b\u00f6y\u00fck q\u0259hr\u0259manl\u0131qlar n\u00fcmayi\u015f etdir\u0259r\u0259k, d\u00f6y\u00fc\u015f meydan\u0131nda d\u00fc\u015fm\u0259ni m\u0259hv etdi. D\u00fc\u015fm\u0259nin ill\u0259rdir m\u00f6hk\u0259ml\u0259ndiyi, istehkamlar qurdu\u011fu tarixi torpaqlar\u0131m\u0131zda qar\u015f\u0131ya qoyulan b\u00fct\u00fcn tap\u015f\u0131r\u0131qlar\u0131 u\u011furla icra ed\u0259n \u0259sg\u0259r v\u0259 zabitl\u0259rimiz \u00f6z qanlar\u0131, canlar\u0131 bahas\u0131na \u0259razil\u0259rimizin d\u00fc\u015fm\u0259nd\u0259n t\u0259mizl\u0259nm\u0259sin\u0259 nail oldular. Bu q\u0259hr\u0259manl\u0131qlar igid \u00f6vladlar\u0131m\u0131z\u0131n V\u0259t\u0259n\u0259, xalqa, Ali Ba\u015f Komandana s\u0259daq\u0259tinin bariz n\u00fcmun\u0259sidir.<\/p>\n<p>27 sentyabr 2020-ci il tarixind\u0259 Ali Ba\u015f Komandan\u0131n \u201cBiz haqq yolunday\u0131q. Bizim i\u015fimiz haqq i\u015fidir. Biz z\u0259f\u0259r \u00e7alaca\u011f\u0131q! Qaraba\u011f bizimdir, Qaraba\u011f Az\u0259rbaycand\u0131r!\u201d \u015f\u00fcar\u0131 il\u0259 ba\u015flayan Z\u0259f\u0259r y\u00fcr\u00fc\u015f\u00fcm\u00fczd\u0259 xalq\u0131m\u0131z\u0131n n\u00fcmayi\u015f etdirdiyi h\u0259mr\u0259ylik, Prezident\u0259 v\u0259 r\u0259\u015fad\u0259tli ordumuza verdiyi d\u0259st\u0259k d\u00f6y\u00fc\u015f meydan\u0131nda apar\u0131lan u\u011furlu \u0259m\u0259liyyatlar\u0131n Q\u0259l\u0259b\u0259 il\u0259 n\u0259tic\u0259l\u0259nm\u0259sind\u0259 m\u00fcst\u0259sna rol oynad\u0131.<\/p>\n<p>D\u00fc\u015fm\u0259n t\u0259r\u0259find\u0259n bir ne\u00e7\u0259 il \u0259rzind\u0259 i\u015f\u011fal edilmi\u015f Az\u0259rbaycan torpaqlar\u0131 Ali Ba\u015f Komandan\u0131n m\u00fcdrik s\u0259rk\u0259rd\u0259liyi, xalq\u0131n birliyi, ordunun q\u0259hr\u0259manl\u0131\u011f\u0131 n\u0259tic\u0259sind\u0259 c\u0259mi 44 g\u00fcn \u0259rzind\u0259 azad edildi, \u0259razi b\u00fct\u00f6vl\u00fcy\u00fcm\u00fcz b\u0259rpa olundu, 30 illik Qaraba\u011f nisgilimiz\u0259 son qoyuldu.<\/p>\n<p>Qanunsuz erm\u0259ni silahl\u0131 birl\u0259\u015fm\u0259l\u0259ri t\u0259r\u0259find\u0259n Qaraba\u011fda t\u00f6r\u0259dil\u0259n geni\u015fmiqyasl\u0131 t\u0259xribatlar\u0131n qar\u015f\u0131s\u0131n\u0131n al\u0131nmas\u0131 v\u0259 h\u0259min \u0259razil\u0259rd\u0259 Az\u0259rbaycan Respublikas\u0131n\u0131n konstitusiya qurulu\u015funun b\u0259rpa edilm\u0259si m\u0259qs\u0259dil\u0259 h\u0259yata ke\u00e7iril\u0259n v\u0259 c\u0259mi 23 saat davam ed\u0259n lokal xarakterli antiterror \u0259m\u0259liyyat\u0131 da tarixi Z\u0259f\u0259rl\u0259 yekunla\u015fd\u0131, Az\u0259rbaycan\u0131n suverenliyi tam b\u0259rpa edildi.<\/p>\n<p>Do\u011fma torpaqlar\u0131ndan analar\u0131n\u0131n qucaqlar\u0131nda, ayaqyal\u0131n \u00e7\u0131xm\u0131\u015f u\u015faqlar \u00f6z V\u0259t\u0259nl\u0259rin\u0259 tanklar\u0131n \u00fcst\u00fcnd\u0259, d\u00fc\u015fm\u0259nin ba\u015f\u0131n\u0131 \u0259z\u0259r\u0259k qay\u0131td\u0131lar. N\u0259tic\u0259 olduqca f\u0259r\u0259hl\u0259ndiricidir. Bel\u0259 ki, \u00f6t\u0259n ill\u0259r \u0259rzind\u0259 b\u00fct\u00fcn sah\u0259l\u0259rd\u0259 davaml\u0131 inki\u015faf ed\u0259r\u0259k q\u00fcdr\u0259tli \u00f6lk\u0259y\u0259 \u00e7evrilmi\u015f Az\u0259rbaycan\u0131n \u00fc\u00e7r\u0259ngli Bayra\u011f\u0131 bu g\u00fcn b\u00fct\u00fcn azad Qaraba\u011fda v\u0259 \u015e\u0259rqi Z\u0259ng\u0259zurda b\u00f6y\u00fck q\u00fcrurla dal\u011falan\u0131r.<\/p>\n","protected":false},"excerpt":{"rendered":"<p>15 oktyabr m\u00fcasir m\u00fcst\u0259qil Az\u0259rbaycan\u0131n \u015fanl\u0131 tarixin\u0259 \u0259n \u00f6n\u0259mli g\u00fcnl\u0259rd\u0259n biri kimi yaz\u0131l\u0131b. Bir il \u0259vv\u0259l \u2013 2023-c\u00fc il oktyabr\u0131n 15-d\u0259 Az\u0259rbaycan Respublikas\u0131n\u0131n Prezidenti, Silahl\u0131 Q\u00fcvv\u0259l\u0259rin M\u00fcz\u0259ff\u0259r Ali Ba\u015f Komandan\u0131 \u0130lham \u018fliyev lokal xarakterli antiterror \u0259m\u0259liyyatlar\u0131 n\u0259tic\u0259sind\u0259 i\u015f\u011fal\u00e7\u0131lardan t\u0259mizl\u0259n\u0259n tarixi torpaqlar\u0131m\u0131zda, o c\u00fcml\u0259d\u0259n Xocal\u0131da, A\u011fd\u0259r\u0259d\u0259, Xocav\u0259ndd\u0259, \u018fsg\u0259randa, S\u0259rs\u0259ng su anbar\u0131n\u0131n \u0259razisind\u0259 v\u0259 Xank\u0259ndid\u0259 \u00fc\u00e7r\u0259ngli bayra\u011f\u0131m\u0131z\u0131 ucaltd\u0131. D\u00f6vl\u0259t bayra\u011f\u0131m\u0131z\u0131n \u00f6lk\u0259mizin b\u00fct\u00fcn suveren \u0259razil\u0259rind\u0259 q\u00fcrurla dal\u011falanmas\u0131 m\u00fcst\u0259qillik tariximizd\u0259 \u00e7ox m\u00fch\u00fcm hadis\u0259 olmaqla yana\u015f\u0131, Az\u0259rbaycanda separatizmin k\u00f6k\u00fcn\u00fcn tam k\u0259sildiyini b\u00fct\u00fcn d\u00fcnyaya n\u00fcmayi\u015f etdirdi. ARANTV.AZ\u00a0 x\u0259b\u0259r verir ki,\u00a0\u00a0bu s\u00f6zl\u0259ri\u00a0Milli M\u0259clisin deputat\u0131\u00a0Mirc\u0259lil Qas\u0131ml\u0131\u00a0deyib. O bildirib&hellip;<\/p>\n","protected":false},"author":2,"featured_media":761115,"comment_status":"closed","ping_status":"closed","sticky":false,"template":"","format":"standard","meta":{"om_disable_all_campaigns":false,"_monsterinsights_skip_tracking":false,"_monsterinsights_sitenote_active":false,"_monsterinsights_sitenote_note":"","_monsterinsights_sitenote_category":0},"categories":[8],"tags":[],"aioseo_notices":[],"gutentor_comment":0,"rttpg_featured_image_url":{"full":["https:\/\/arantv.az\/wp-content\/uploads\/2024\/10\/b7ae8fec172889223782262279710451729.jpg",975,540,false],"landscape":["https:\/\/arantv.az\/wp-content\/uploads\/2024\/10\/b7ae8fec172889223782262279710451729.jpg",975,540,false],"portraits":["https:\/\/arantv.az\/wp-content\/uploads\/2024\/10\/b7ae8fec172889223782262279710451729.jpg",975,540,false],"thumbnail":["https:\/\/arantv.az\/wp-content\/uploads\/2024\/10\/b7ae8fec172889223782262279710451729-500x280.jpg",500,280,true],"medium":["https:\/\/arantv.az\/wp-content\/uploads\/2024\/10\/b7ae8fec172889223782262279710451729-660x365.jpg",660,365,true],"large":["https:\/\/arantv.az\/wp-content\/uploads\/2024\/10\/b7ae8fec172889223782262279710451729-840x465.jpg",640,354,true],"1536x1536":["https:\/\/arantv.az\/wp-content\/uploads\/2024\/10\/b7ae8fec172889223782262279710451729.jpg",975,540,false],"2048x2048":["https:\/\/arantv.az\/wp-content\/uploads\/2024\/10\/b7ae8fec172889223782262279710451729.jpg",975,540,false],"post-thumbnail":["https:\/\/arantv.az\/wp-content\/uploads\/2024\/10\/b7ae8fec172889223782262279710451729-240x172.jpg",240,172,true],"advps-thumb-one":["https:\/\/arantv.az\/wp-content\/uploads\/2024\/10\/b7ae8fec172889223782262279710451729.jpg",975,540,false]},"rttpg_author":{"display_name":"V\u00fcsal Rafiqo\u011flu","author_link":"https:\/\/arantv.az\/?author=2"},"rttpg_comment":0,"rttpg_category":"<a href=\"https:\/\/arantv.az\/?cat=8\" rel=\"category\">\u018fsas s\u0259hif\u0259<\/a>","rttpg_excerpt":"15 oktyabr m\u00fcasir m\u00fcst\u0259qil Az\u0259rbaycan\u0131n \u015fanl\u0131 tarixin\u0259 \u0259n \u00f6n\u0259mli g\u00fcnl\u0259rd\u0259n biri kimi yaz\u0131l\u0131b. Bir il \u0259vv\u0259l \u2013 2023-c\u00fc il oktyabr\u0131n 15-d\u0259 Az\u0259rbaycan Respublikas\u0131n\u0131n Prezidenti, Silahl\u0131 Q\u00fcvv\u0259l\u0259rin M\u00fcz\u0259ff\u0259r Ali Ba\u015f Komandan\u0131 \u0130lham \u018fliyev lokal xarakterli antiterror \u0259m\u0259liyyatlar\u0131 n\u0259tic\u0259sind\u0259 i\u015f\u011fal\u00e7\u0131lardan t\u0259mizl\u0259n\u0259n tarixi torpaqlar\u0131m\u0131zda, o c\u00fcml\u0259d\u0259n Xocal\u0131da, A\u011fd\u0259r\u0259d\u0259, Xocav\u0259ndd\u0259, \u018fsg\u0259randa, S\u0259rs\u0259ng su anbar\u0131n\u0131n \u0259razisind\u0259 v\u0259 Xank\u0259ndid\u0259 \u00fc\u00e7r\u0259ngli bayra\u011f\u0131m\u0131z\u0131&hellip;","_links":{"self":[{"href":"https:\/\/arantv.az\/index.php?rest_route=\/wp\/v2\/posts\/761114"}],"collection":[{"href":"https:\/\/arantv.az\/index.php?rest_route=\/wp\/v2\/posts"}],"about":[{"href":"https:\/\/arantv.az\/index.php?rest_route=\/wp\/v2\/types\/post"}],"author":[{"embeddable":true,"href":"https:\/\/arantv.az\/index.php?rest_route=\/wp\/v2\/users\/2"}],"replies":[{"embeddable":true,"href":"https:\/\/arantv.az\/index.php?rest_route=%2Fwp%2Fv2%2Fcomments&post=761114"}],"version-history":[{"count":1,"href":"https:\/\/arantv.az\/index.php?rest_route=\/wp\/v2\/posts\/761114\/revisions"}],"predecessor-version":[{"id":761116,"href":"https:\/\/arantv.az\/index.php?rest_route=\/wp\/v2\/posts\/761114\/revisions\/761116"}],"wp:featuredmedia":[{"embeddable":true,"href":"https:\/\/arantv.az\/index.php?rest_route=\/wp\/v2\/media\/761115"}],"wp:attachment":[{"href":"https:\/\/arantv.az\/index.php?rest_route=%2Fwp%2Fv2%2Fmedia&parent=761114"}],"wp:term":[{"taxonomy":"category","embeddable":true,"href":"https:\/\/arantv.az\/index.php?rest_route=%2Fwp%2Fv2%2Fcategories&post=761114"},{"taxonomy":"post_tag","embeddable":true,"href":"https:\/\/arantv.az\/index.php?rest_route=%2Fwp%2Fv2%2Ftags&post=761114"}],"curies":[{"name":"wp","href":"https:\/\/api.w.org\/{rel}","templated":true}]}}