{"id":761208,"date":"2024-10-14T15:05:21","date_gmt":"2024-10-14T11:05:21","guid":{"rendered":"https:\/\/arantv.az\/?p=761208"},"modified":"2024-10-14T15:05:21","modified_gmt":"2024-10-14T11:05:21","slug":"b%c9%99rd%c9%99d%c9%99-azyasli-qizina-qarsi-fiziki-zorakiliq-ed%c9%99n-ata-c%c9%99zalandirildi","status":"publish","type":"post","link":"https:\/\/arantv.az\/?p=761208","title":{"rendered":"B\u0259rd\u0259d\u0259 azya\u015fl\u0131 q\u0131z\u0131na qar\u015f\u0131 fiziki zorak\u0131l\u0131q ed\u0259n ata C\u018fZALANDIRILDI"},"content":{"rendered":"<p>B\u0259rd\u0259d\u0259 azya\u015fl\u0131 q\u0131z\u0131n atas\u0131 A.H\u00fcseynov t\u0259r\u0259find\u0259n d\u00f6y\u00fclm\u0259si il\u0259 ba\u011fl\u0131 ekspertizan\u0131n r\u0259yind\u0259n sonra \u0130nzibati X\u0259talar M\u0259c\u0259ll\u0259sinin m\u00fcvafiq madd\u0259sin\u0259 \u0259sas\u0259n, protokol t\u0259rtib olunub.<\/p>\n<p>Bu bar\u0259d\u0259 Oxu.Az-\u0131n sor\u011fusuna cavab olaraq Daxili \u0130\u015fl\u0259r Nazirliyinin M\u0259tbuat Xidm\u0259tinin B\u0259rd\u0259 regional qrupundan m\u0259lumat verilib.<\/p>\n<p>Qeyd olunub ki, g\u0259l\u0259c\u0259kd\u0259 bu c\u00fcr hallar\u0131n ba\u015f verm\u0259m\u0259si \u00fc\u00e7\u00fcn azya\u015fl\u0131 polis \u0259m\u0259kda\u015flar\u0131 t\u0259r\u0259find\u0259n profilaktik n\u0259zar\u0259t\u0259 g\u00f6t\u00fcr\u00fcl\u00fcb.<\/p>\n<div class=\"AdviadNativeVideo\"><\/div>\n<p>Xat\u0131rladaq ki, B\u0259rd\u0259d\u0259 atan\u0131n d\u00f6rd ya\u015fl\u0131 q\u0131z\u0131na spirtli i\u00e7ki i\u00e7ir\u0259r\u0259k g\u00f6r\u00fcnt\u00fcl\u0259rini sosial \u015f\u0259b\u0259k\u0259l\u0259rd\u0259 payla\u015fd\u0131\u011f\u0131 iddia olunub. Bununla yana\u015f\u0131, q\u0131z\u0131 il\u0259 payla\u015fd\u0131\u011f\u0131 \u015f\u0259klinin alt\u0131na &#8220;Tezlikl\u0259 ata-bala bir m\u0259zarda yataca\u011f\u0131q&#8221; s\u00f6zl\u0259rini yaz\u0131b. B\u0259rd\u0259 rayon sakini \u00dclviyy\u0259 C\u0259f\u0259rova azya\u015fl\u0131 q\u0131z\u0131n\u0131n ke\u00e7mi\u015f h\u0259yat yolda\u015f\u0131 A.H\u00fcseynov t\u0259r\u0259find\u0259n d\u00f6y\u00fclm\u0259si il\u0259 ba\u011fl\u0131 B\u0259rd\u0259 Rayon Polis \u015e\u00f6b\u0259sin\u0259 \u0259riz\u0259 il\u0259 m\u00fcraci\u0259t edib.<\/p>\n<div class=\"embed-responsive embed-responsive-16by9\"><iframe loading=\"lazy\" id=\"nmqembedid\" class=\"embed-responsive-item\" title=\"video player\" src=\"https:\/\/www.youtube.com\/embed\/oqIiBjzUJIw?rel=0&amp;wmode=transparent\" width=\"600\" height=\"340\" frameborder=\"0\" scrolling=\"no\" allowfullscreen=\"allowfullscreen\" data-mce-fragment=\"1\"><\/iframe><\/div>\n<p>Ana bildirib ki, A.H\u00fcseynovla 2018-ci ild\u0259 ail\u0259 h\u0259yat\u0131 qurub. 2019-cu ild\u0259 is\u0259 bir q\u0131z \u00f6vladlar\u0131 do\u011fulub. 2020-ci ild\u0259 maddi probleml\u0259r s\u0259b\u0259bind\u0259n bo\u015fan\u0131blar. M\u0259hk\u0259m\u0259 d\u00f6rd ya\u015fl\u0131 q\u0131z\u0131n anada qalmas\u0131na, h\u0259ft\u0259sonlar\u0131 is\u0259 atas\u0131 il\u0259 g\u00f6r\u00fc\u015fm\u0259sin\u0259 dair q\u0259rar verib. B\u00fct\u00fcn probleml\u0259r is\u0259, anan\u0131n iddias\u0131na g\u00f6r\u0259, ata il\u0259 q\u0131z\u0131n\u0131n g\u00f6r\u00fc\u015fl\u0259rind\u0259n sonra ba\u015flay\u0131b. Bel\u0259 ki, ke\u00e7mi\u015f h\u0259yat yolda\u015f\u0131 qad\u0131na z\u0259ng ed\u0259r\u0259k &#8220;apar\u0131m q\u0131z\u0131 Qaraba\u011f kanal\u0131na at\u0131m, \u00f6ls\u00fcn?&#8221; &#8211; dey\u0259 anaya h\u0259d\u0259-qorxu g\u0259lib.<\/p>\n<p>Azya\u015fl\u0131n\u0131n atas\u0131 A.H\u00fcseynov m\u0259s\u0259l\u0259 il\u0259 ba\u011fl\u0131 b\u00fct\u00fcn iddialar\u0131 t\u0259kzib edib.<\/p>\n<div class=\"embed-responsive embed-responsive-16by9\"><iframe loading=\"lazy\" id=\"nmqembedid\" class=\"embed-responsive-item\" title=\"video player\" src=\"https:\/\/www.youtube.com\/embed\/NVHH5meDev0?rel=0&amp;wmode=transparent\" width=\"600\" height=\"340\" frameborder=\"0\" scrolling=\"no\" allowfullscreen=\"allowfullscreen\" data-mce-fragment=\"1\"><\/iframe><\/div>\n","protected":false},"excerpt":{"rendered":"<p>B\u0259rd\u0259d\u0259 azya\u015fl\u0131 q\u0131z\u0131n atas\u0131 A.H\u00fcseynov t\u0259r\u0259find\u0259n d\u00f6y\u00fclm\u0259si il\u0259 ba\u011fl\u0131 ekspertizan\u0131n r\u0259yind\u0259n sonra \u0130nzibati X\u0259talar M\u0259c\u0259ll\u0259sinin m\u00fcvafiq madd\u0259sin\u0259 \u0259sas\u0259n, protokol t\u0259rtib olunub. Bu bar\u0259d\u0259 Oxu.Az-\u0131n sor\u011fusuna cavab olaraq Daxili \u0130\u015fl\u0259r Nazirliyinin M\u0259tbuat Xidm\u0259tinin B\u0259rd\u0259 regional qrupundan m\u0259lumat verilib. Qeyd olunub ki, g\u0259l\u0259c\u0259kd\u0259 bu c\u00fcr hallar\u0131n ba\u015f verm\u0259m\u0259si \u00fc\u00e7\u00fcn azya\u015fl\u0131 polis \u0259m\u0259kda\u015flar\u0131 t\u0259r\u0259find\u0259n profilaktik n\u0259zar\u0259t\u0259 g\u00f6t\u00fcr\u00fcl\u00fcb. Xat\u0131rladaq ki, B\u0259rd\u0259d\u0259 atan\u0131n d\u00f6rd ya\u015fl\u0131 q\u0131z\u0131na spirtli i\u00e7ki i\u00e7ir\u0259r\u0259k g\u00f6r\u00fcnt\u00fcl\u0259rini sosial \u015f\u0259b\u0259k\u0259l\u0259rd\u0259 payla\u015fd\u0131\u011f\u0131 iddia olunub. Bununla yana\u015f\u0131, q\u0131z\u0131 il\u0259 payla\u015fd\u0131\u011f\u0131 \u015f\u0259klinin alt\u0131na &#8220;Tezlikl\u0259 ata-bala bir m\u0259zarda yataca\u011f\u0131q&#8221; s\u00f6zl\u0259rini yaz\u0131b. B\u0259rd\u0259 rayon sakini \u00dclviyy\u0259 C\u0259f\u0259rova azya\u015fl\u0131&hellip;<\/p>\n","protected":false},"author":2,"featured_media":761209,"comment_status":"closed","ping_status":"closed","sticky":false,"template":"","format":"standard","meta":{"om_disable_all_campaigns":false,"_monsterinsights_skip_tracking":false,"_monsterinsights_sitenote_active":false,"_monsterinsights_sitenote_note":"","_monsterinsights_sitenote_category":0},"categories":[1],"tags":[],"aioseo_notices":[],"gutentor_comment":0,"rttpg_featured_image_url":{"full":["https:\/\/arantv.az\/wp-content\/uploads\/2024\/10\/Capture_31728903567.png",649,434,false],"landscape":["https:\/\/arantv.az\/wp-content\/uploads\/2024\/10\/Capture_31728903567.png",649,434,false],"portraits":["https:\/\/arantv.az\/wp-content\/uploads\/2024\/10\/Capture_31728903567.png",649,434,false],"thumbnail":["https:\/\/arantv.az\/wp-content\/uploads\/2024\/10\/Capture_31728903567-500x280.png",500,280,true],"medium":["https:\/\/arantv.az\/wp-content\/uploads\/2024\/10\/Capture_31728903567-546x365.png",546,365,true],"large":["https:\/\/arantv.az\/wp-content\/uploads\/2024\/10\/Capture_31728903567.png",640,428,false],"1536x1536":["https:\/\/arantv.az\/wp-content\/uploads\/2024\/10\/Capture_31728903567.png",649,434,false],"2048x2048":["https:\/\/arantv.az\/wp-content\/uploads\/2024\/10\/Capture_31728903567.png",649,434,false],"post-thumbnail":["https:\/\/arantv.az\/wp-content\/uploads\/2024\/10\/Capture_31728903567-240x172.png",240,172,true],"advps-thumb-one":["https:\/\/arantv.az\/wp-content\/uploads\/2024\/10\/Capture_31728903567.png",649,434,false]},"rttpg_author":{"display_name":"V\u00fcsal Rafiqo\u011flu","author_link":"https:\/\/arantv.az\/?author=2"},"rttpg_comment":0,"rttpg_category":"<a href=\"https:\/\/arantv.az\/?cat=1\" rel=\"category\">C\u0259miyy\u0259t<\/a>","rttpg_excerpt":"B\u0259rd\u0259d\u0259 azya\u015fl\u0131 q\u0131z\u0131n atas\u0131 A.H\u00fcseynov t\u0259r\u0259find\u0259n d\u00f6y\u00fclm\u0259si il\u0259 ba\u011fl\u0131 ekspertizan\u0131n r\u0259yind\u0259n sonra \u0130nzibati X\u0259talar M\u0259c\u0259ll\u0259sinin m\u00fcvafiq madd\u0259sin\u0259 \u0259sas\u0259n, protokol t\u0259rtib olunub. Bu bar\u0259d\u0259 Oxu.Az-\u0131n sor\u011fusuna cavab olaraq Daxili \u0130\u015fl\u0259r Nazirliyinin M\u0259tbuat Xidm\u0259tinin B\u0259rd\u0259 regional qrupundan m\u0259lumat verilib. Qeyd olunub ki, g\u0259l\u0259c\u0259kd\u0259 bu c\u00fcr hallar\u0131n ba\u015f verm\u0259m\u0259si \u00fc\u00e7\u00fcn azya\u015fl\u0131 polis \u0259m\u0259kda\u015flar\u0131 t\u0259r\u0259find\u0259n profilaktik n\u0259zar\u0259t\u0259 g\u00f6t\u00fcr\u00fcl\u00fcb. Xat\u0131rladaq&hellip;","_links":{"self":[{"href":"https:\/\/arantv.az\/index.php?rest_route=\/wp\/v2\/posts\/761208"}],"collection":[{"href":"https:\/\/arantv.az\/index.php?rest_route=\/wp\/v2\/posts"}],"about":[{"href":"https:\/\/arantv.az\/index.php?rest_route=\/wp\/v2\/types\/post"}],"author":[{"embeddable":true,"href":"https:\/\/arantv.az\/index.php?rest_route=\/wp\/v2\/users\/2"}],"replies":[{"embeddable":true,"href":"https:\/\/arantv.az\/index.php?rest_route=%2Fwp%2Fv2%2Fcomments&post=761208"}],"version-history":[{"count":2,"href":"https:\/\/arantv.az\/index.php?rest_route=\/wp\/v2\/posts\/761208\/revisions"}],"predecessor-version":[{"id":761211,"href":"https:\/\/arantv.az\/index.php?rest_route=\/wp\/v2\/posts\/761208\/revisions\/761211"}],"wp:featuredmedia":[{"embeddable":true,"href":"https:\/\/arantv.az\/index.php?rest_route=\/wp\/v2\/media\/761209"}],"wp:attachment":[{"href":"https:\/\/arantv.az\/index.php?rest_route=%2Fwp%2Fv2%2Fmedia&parent=761208"}],"wp:term":[{"taxonomy":"category","embeddable":true,"href":"https:\/\/arantv.az\/index.php?rest_route=%2Fwp%2Fv2%2Fcategories&post=761208"},{"taxonomy":"post_tag","embeddable":true,"href":"https:\/\/arantv.az\/index.php?rest_route=%2Fwp%2Fv2%2Ftags&post=761208"}],"curies":[{"name":"wp","href":"https:\/\/api.w.org\/{rel}","templated":true}]}}