{"id":761219,"date":"2024-10-14T15:15:31","date_gmt":"2024-10-14T11:15:31","guid":{"rendered":"https:\/\/arantv.az\/?p=761219"},"modified":"2024-10-14T15:15:31","modified_gmt":"2024-10-14T11:15:31","slug":"qoca-qit%c9%99-rusiyaya-mohtacdir-geri-c%c9%99kilir-q%c9%99rb-ukraynaya-d%c9%99st%c9%99yi-dayandirir","status":"publish","type":"post","link":"https:\/\/arantv.az\/?p=761219","title":{"rendered":"\u201cQoca qit\u0259\u201d Rusiyaya m\u00f6htacd\u0131r, geri \u00e7\u0259kilir: Q\u0259rb Ukraynaya d\u0259st\u0259yi dayand\u0131r\u0131r"},"content":{"rendered":"<h3><strong>Avropa Birliyind\u0259 ziddiyy\u0259tl\u0259r d\u0259rinl\u0259\u015fir, indi bu qurum Ukraynaya d\u0259st\u0259k ver\u0259nl\u0259r, Rusiya il\u0259 m\u00fcnasib\u0259tl\u0259ri b\u0259rpa etm\u0259y\u0259 \u00e7al\u0131\u015fanlar v\u0259 t\u0259r\u0259dd\u00fcd i\u00e7\u0259risind\u0259 olanlardan ibar\u0259t \u00fc\u00e7 qrupa par\u00e7alanma\u011fa ba\u015flay\u0131b&#8230; Rusiyaya qar\u015f\u0131 sanksiyalar\u0131n \u0259sas y\u00fck\u00fcn\u00fc \u00e7\u0259k\u0259n \u201cqoca qit\u0259\u201d \u00f6lk\u0259l\u0259ri t\u0259dric\u0259n Ukraynaya verdikl\u0259ri d\u0259st\u0259yi geri \u00e7\u0259km\u0259k niyy\u0259tind\u0259dir, bel\u0259 davam ed\u0259rs\u0259, r\u0259smi Kiyev Kreml qar\u015f\u0131s\u0131nda t\u0259kl\u0259nmi\u015f duruma d\u00fc\u015f\u0259 bil\u0259r&#8230;<\/strong><\/h3>\n<p><em><strong>Avropa m\u0259kan\u0131nda qar\u015f\u0131l\u0131ql\u0131 m\u00fcnasib\u0259tl\u0259rd\u0259 m\u00fc\u0259yy\u0259n probleml\u0259r m\u00fc\u015fahid\u0259 olunma\u011fa ba\u015flay\u0131b. Bel\u0259 ki, \u201cqoca qit\u0259\u201dd\u0259 kifay\u0259t q\u0259d\u0259r ciddi probleml\u0259rin oldu\u011fu \u0259slind\u0259, \u00e7oxdan m\u0259lum olan inkaredilm\u0259z reall\u0131qd\u0131r. Sad\u0259c\u0259, son vaxtlar Avropa d\u00f6vl\u0259tl\u0259ri aras\u0131ndak\u0131 k\u0259skin ziddiyy\u0259tl\u0259r daha qabar\u0131q \u015f\u0259kild\u0259 ortaya \u00e7\u0131xmaqdad\u0131r. V\u0259 h\u0259tta bu ziddiyy\u0259tl\u0259r Avropa Birliyi daxilind\u0259 olduqca ciddi siyasi b\u00f6hrana da yol a\u00e7maq \u00fczr\u0259dir.<\/strong><\/em><\/p>\n<p>Onu da qeyd etm\u0259k laz\u0131md\u0131r ki, Avropa Birliyi \u0259vv\u0259lki d\u00f6vrl\u0259rd\u0259n f\u0259rqli olaraq, indi monolit siyasi-iqtisadi sistem g\u00f6r\u00fcnt\u00fcs\u00fcnd\u0259n s\u00fcr\u0259tl\u0259 uzaqla\u015fma\u011fa ba\u015flay\u0131b. H\u0259r halda, B\u00f6y\u00fck Britaniyan\u0131n bu qurumu t\u0259rk etm\u0259sind\u0259n sonra ba\u015flayan m\u0259rh\u0259l\u0259d\u0259 Avropa Birliyinin y\u00fcks\u0259li\u015f d\u00f6vr\u00fc yekunla\u015fm\u0131\u015f kimi g\u00f6r\u00fcn\u00fcr. \u00c7\u00fcnki haz\u0131rda Avropa Birliyi daha \u00e7ox vaxtil\u0259 sahib oldu\u011fu beyn\u0259lxalq siyasi-iqtisadi n\u00fcfuzu v\u0259 m\u00f6vqel\u0259ri x\u0259rcl\u0259m\u0259kl\u0259 diqq\u0259ti \u00e7\u0259kir. V\u0259 bu, Avropa Birliyinin g\u0259l\u0259c\u0259k taleyi il\u0259 ba\u011fl\u0131 m\u00fc\u0259yy\u0259n pessimist ehtimallar\u0131 \u00f6n plana ke\u00e7irir.<\/p>\n<p><img loading=\"lazy\" src=\"https:\/\/cdn.musavat.com\/news\/thumbnails\/5d4f31ee3463eecf2c5fd99f5a14affc.jpg\" alt=\"ae21e77cbb-Avropa-ittifaqi-qeyri-konstruktiv-movqeye-son-qoymalidir.jpg (324 KB)\" width=\"700\" height=\"467\" \/><\/p>\n<p>M\u0259s\u0259l\u0259 ondad\u0131r ki, Avropa Birliyi \u00f6z ilkin missiyas\u0131ndan tamamil\u0259 uzaqla\u015f\u0131b. Bu qurum son ill\u0259rd\u0259 siyasi-iqtisadi alyans kimi f\u0259aliyy\u0259tin\u0259 d\u00fcnya hegemonlu\u011fu r\u0259qab\u0259tind\u0259 apard\u0131\u011f\u0131 m\u00fcbariz\u0259ni d\u0259 \u0259lav\u0259 edib. Ancaq indi m\u0259lum olur ki, bu qurumun bel\u0259 ambissiyal\u0131 h\u0259d\u0259fl\u0259r \u00fc\u00e7\u00fcn yet\u0259rli r\u0259qab\u0259t resurslar\u0131 m\u00f6vcud deyil. V\u0259 bu istiqam\u0259td\u0259 f\u0259aliyy\u0259ti Avropa Birliyinin beyn\u0259lxalq m\u0259kanda n\u0259h\u0259ng geopolitik irad\u0259 m\u0259rk\u0259zi kimi y\u00fcks\u0259li\u015fin\u0259 deyil, \u0259ksin\u0259, \u00e7\u00f6k\u00fc\u015f\u00fcn\u0259 yol a\u00e7\u0131r.<\/p>\n<p>Ona g\u00f6r\u0259 d\u0259, son vaxtlar Avropa Birliyi daxilind\u0259 m\u00f6vcud olan k\u0259skin ziddiyy\u0259tl\u0259rin daha da d\u0259rinl\u0259\u015fm\u0259si indi qa\u00e7\u0131lmaz proses hesab olunur. H\u0259tta bu qurum daxilind\u0259 m\u0259rk\u0259zd\u0259nqa\u00e7ma prosesinin art\u0131q t\u0259hl\u00fck\u0259li istiqam\u0259tl\u0259r ald\u0131\u011f\u0131 da iddia olunur. Bel\u0259 ki, Avropa Birliyinin perspektivl\u0259rin\u0259 \u015f\u00fcbh\u0259 il\u0259 yana\u015fma\u011fa ba\u015flayan b\u0259zi \u00fczv \u00f6lk\u0259l\u0259r indi ortaq deyil, daha \u00e7\u00f6x \u00f6z\u0259l maraqlar\u0131n\u0131 \u00f6n plana ke\u00e7irtm\u0259y\u0259 \u00fcst\u00fcnl\u00fck verirl\u0259r. V\u0259 n\u0259tic\u0259d\u0259 bu qurum daxilind\u0259 c\u0259r\u0259yan ed\u0259n neqativ prosesl\u0259r t\u0259dric\u0259n par\u00e7alanma istiqam\u0259tl\u0259ri almaqdad\u0131r.<\/p>\n<p>Maraql\u0131d\u0131r ki, Ukrayna sava\u015f\u0131 Avropa Birliyini inki\u015fafdan saxlay\u0131b, \u00e7\u00f6k\u00fc\u015f m\u0259rh\u0259l\u0259sin\u0259 do\u011fru s\u00fcr\u00fckl\u0259y\u0259n \u0259sas faktorlar\u0131n s\u0131ras\u0131na daxil edilir. \u00c7\u00fcnki Ukrayna sava\u015f\u0131na m\u00fcnasib\u0259td\u0259 vu qurumun daxilind\u0259 vahid m\u00f6vqe art\u0131q m\u00f6vcud deyil. Vaxtil\u0259 \u00e7\u0259tinlikl\u0259 d\u0259 olsa, \u0259ld\u0259 edilmi\u015f konsensus \u00e7oxdan pozulmu\u015f kimi g\u00f6r\u00fcn\u00fcr. V\u0259 bu s\u0259b\u0259bd\u0259n d\u0259, indi Avropa Birliyi daxilind\u0259 Ukrayna sava\u015f\u0131na m\u00fcnasib\u0259td\u0259 \u00fczv d\u00f6vl\u0259tl\u0259rin m\u00f6vqeyi \u00fc\u00e7 istiqm\u0259t \u00fczr\u0259 \u015fax\u0259l\u0259nib.<\/p>\n<p><img loading=\"lazy\" src=\"https:\/\/cdn.musavat.com\/news\/thumbnails\/df982dbe788db4fa2771aae898a6d512.jpg\" alt=\"1643700712_1.jpg (28 KB)\" width=\"700\" height=\"317\" \/><\/p>\n<p>Birinci istiqam\u0259t Ukraynan\u0131 h\u0259l\u0259 d\u0259 israrla d\u0259st\u0259kl\u0259y\u0259n v\u0259 dig\u0259rl\u0259rind\u0259n d\u0259 bunu t\u0259l\u0259b ed\u0259n d\u00f6vl\u0259tl\u0259r qrupudur. Bu qrupa haz\u0131rda ciddi \u015f\u0259kild\u0259 z\u0259ifl\u0259yib, n\u00fcfuzdan d\u00fc\u015fs\u0259 d\u0259, h\u0259l\u0259 d\u0259 d\u00fcnyada apar\u0131c\u0131 m\u00f6vqel\u0259r\u0259 iddia ed\u0259n Fransa liderlik edir. R\u0259smi Paris Rusiyan\u0131n tamamil\u0259 \u00e7\u00f6kd\u00fcr\u00fclm\u0259sin\u0259 y\u00f6n\u0259lik f\u0259aliyy\u0259t ssenaril\u0259rind\u0259 israrl\u0131 m\u00f6vqe tutur. \u018fsas \u00fcmidl\u0259r ondan ibar\u0259tdir ki, Rusiyan\u0131n \u0259lind\u0259n \u00e7\u0131xan beyn\u0259lxalq m\u00f6vqel\u0259r Fransan\u0131n aktivin\u0259 ke\u00e7\u0259 bil\u0259r. V\u0259 bu s\u0259b\u0259bd\u0259n d\u0259, Fransa Rusiyaya qar\u015f\u0131 sava\u015fda Avropa Birliyinin Ukraynan\u0131 d\u0259st\u0259kl\u0259m\u0259kd\u0259 davam etm\u0259si \u00fc\u00e7\u00fcn dig\u0259r \u00fczv d\u00f6vl\u0259tl\u0259r\u0259 h\u0259tta t\u0259zyiq g\u00f6st\u0259rm\u0259y\u0259 bel\u0259, c\u0259hd g\u00f6st\u0259rir.<\/p>\n<p>\u0130kinci istiqam\u0259t Ukraynan\u0131 d\u0259st\u0259kl\u0259m\u0259kd\u0259n son vaxtlar h\u0259tta a\u00e7\u0131q \u015f\u0259kild\u0259 imtina ed\u0259n d\u00f6vl\u0259tl\u0259r qrupudur. Macar\u0131stan\u0131n \u00f6n planda yer ald\u0131\u011f\u0131 bu qrupda yer alan d\u00f6vl\u0259tl\u0259r Avropa Birliyinin \u00fczl\u0259\u015fdiyi \u0259sas probleml\u0259ri m\u0259hz Ukrayna sava\u015f\u0131 il\u0259 \u0259laq\u0259l\u0259ndirirl\u0259r. \u018fsas arqumentl\u0259r ondan ibar\u0259tdir ki, Avropa Birliyi Ukrayna sava\u015f\u0131na fantastik m\u0259bl\u0259\u011fl\u0259rd\u0259 maliyy\u0259 v\u0259saiti x\u0259rcl\u0259m\u0259kl\u0259, b\u00f6y\u00fck s\u0259hv burax\u0131r. \u201cQoca qit\u0259\u201d \u00f6lk\u0259l\u0259ri geriy\u0259 d\u00f6n\u00fc\u015f ehtimal\u0131 olmayan bu x\u0259rcl\u0259r ucbat\u0131ndan z\u0259ifl\u0259dilir. V\u0259 Avropa Birliyinin inki\u015faf perspektivl\u0259ri bloklanm\u0131\u015f olur.<\/p>\n<p>Dig\u0259r t\u0259r\u0259fd\u0259n, bu qrupa daxil olan d\u00f6vl\u0259tl\u0259r Avropa Birliyinin Rusiyaya qar\u015f\u0131 sanksiyalar\u0131n\u0131 \u201cqoca qit\u0259\u201d \u00fc\u00e7\u00fcn f\u0259lak\u0259t ssenarisi hesab edirl\u0259r. Onlar \u0259mindirl\u0259r ki, Avropa Birliyi yaln\u0131z Rusiyaya deyil, h\u0259m d\u0259 iqtisadi bumeranq effektini n\u0259z\u0259r\u0259 ald\u0131qda, \u0259slind\u0259, h\u0259m d\u0259 \u201cqoca qit\u0259\u201d \u00f6lk\u0259l\u0259rin\u0259 d\u0259 sanksiya t\u0259tbiq etmi\u015f olur. V\u0259 bu arqumentl\u0259r\u0259 \u0259saslanan Ukrayna sava\u015f\u0131n\u0131n \u0259leyhdarlar\u0131 h\u0259tta Rusiya il\u0259 iqtisadi-ticari m\u00fcnasib\u0259tl\u0259ri b\u0259rpa etm\u0259k istiqam\u0259tind\u0259 add\u0131mlar atma\u011fa da ba\u015flay\u0131blar.<\/p>\n<p>\u00dc\u00e7\u00fcnc\u00fc istiqm\u0259t is\u0259 Ukrayna sava\u015f\u0131n\u0131n maliyy\u0259l\u0259\u015fdirilm\u0259sinin vacibliyin\u0259 ciddi \u015f\u00fcbh\u0259 ed\u0259n \u00f6lk\u0259l\u0259ri \u0259hat\u0259 edir. Bu qrupa daxil olan \u00f6lk\u0259l\u0259r haz\u0131rda Rusiya il\u0259 sava\u015fda Ukraynaya d\u0259st\u0259k verm\u0259kd\u0259 davam edirl\u0259r. Ancaq onlar Rusiya il\u0259 m\u00fcnasib\u0259tl\u0259rin b\u0259rpas\u0131n\u0131n vacibliyi il\u0259 ba\u011fl\u0131 t\u0259hlifl\u0259ri d\u0259 d\u0259st\u0259kl\u0259m\u0259y\u0259 yax\u0131nd\u0131rlar. H\u0259tta hesab edirl\u0259r ki, Avropa Birliyi Ukrayna sava\u015f\u0131n\u0131 uzun m\u00fcdd\u0259t maliyy\u0259l\u0259\u015fdir\u0259 bilm\u0259z v\u0259 n\u0259 vaxtsa, bu m\u00f6vqed\u0259n geri \u00e7\u0259kilm\u0259k laz\u0131m g\u0259l\u0259c\u0259k.<\/p>\n<p><img loading=\"lazy\" src=\"https:\/\/cdn.musavat.com\/news\/thumbnails\/49bef7a992cb666934a1cb90f51970eb.jpg\" alt=\"e7a9aa157b562a8a4aed20f4c72213ae.jpg (110 KB)\" width=\"700\" height=\"467\" \/><\/p>\n<p>Bu bax\u0131mdan, Almaniyan\u0131n liderlik etdiyi bel\u0259 m\u00f6vqeli d\u00f6vl\u0259tl\u0259ri t\u0259r\u0259dd\u00fcd ed\u0259nl\u0259r qrupu hesab edirl\u0259r. Haz\u0131rda t\u0259r\u0259dd\u00fcd\u00e7\u00fc \u00f6lk\u0259l\u0259r Ukraynaya d\u0259st\u0259k vers\u0259l\u0259r d\u0259, h\u0259r an r\u0259smi Kiyevin arxas\u0131ndan \u00e7\u0259kil\u0259 bil\u0259c\u0259kl\u0259rini sezdirirl\u0259r. \u00c7\u00fcnki bu \u00f6lk\u0259l\u0259r Rusiya il\u0259 \u201ck\u00f6rp\u00fcl\u0259ri tamamil\u0259 yand\u0131rmaq\u201ddan \u00e7\u0259kinirl\u0259r v\u0259 m\u00fcnasib\u0259tl\u0259rin n\u0259 vaxtsa, b\u0259rpa edilm\u0259si \u00fc\u00e7\u00fcn \u201ca\u00e7\u0131q qap\u0131\u201d buraxma\u011fa \u00e7al\u0131\u015f\u0131rlar. V\u0259 bunu Almaniyan\u0131n son davran\u0131\u015flar\u0131 da s\u00fcbut edir.<\/p>\n<p>M\u0259s\u0259l\u0259 ondad\u0131r ki, Almaniya Ukraynaya daha h\u0259rbi texnika g\u00f6nd\u0259rm\u0259m\u0259k bar\u0259d\u0259 q\u0259rar q\u0259bul edib. Bu \u00f6lk\u0259 eyni zamanda Ukraynaya Almaniya istehsal\u0131 olan silahlarla Rusiya \u0259razisin\u0259 z\u0259rb\u0259 endirm\u0259yi d\u0259 qada\u011fan edib. Halbuki, r\u0259smi Kiyev son vaxtlara q\u0259d\u0259r bunun \u0259ksin\u0259 &#8211; Q\u0259rbd\u0259ki m\u00fctt\u0259fiql\u0259rind\u0259n Rusiyan\u0131n d\u0259rinlikl\u0259rin\u0259 z\u0259rb\u0259 icaz\u0259si ala bil\u0259c\u0259yin\u0259 b\u00f6y\u00fck \u00fcmidl\u0259r b\u0259sl\u0259yirdi. V\u0259 bu bax\u0131mdan, Almaniyan\u0131n q\u0259rar\u0131ndan sonra Ukraynaya bel\u0259 icaz\u0259nin veril\u0259 bil\u0259c\u0259yi il\u0259 ba\u011fl\u0131 ehtimal \u00fcmumiyy\u0259tl\u0259, g\u00fcnd\u0259md\u0259n \u00e7\u0131xm\u0131\u015f kimi g\u00f6r\u00fcn\u00fcr.<\/p>\n<p>Bel\u0259 anla\u015f\u0131l\u0131r ki, \u201ckollektiv Q\u0259rb\u201d daxilind\u0259 kifay\u0259t q\u0259d\u0259r ciddi par\u00e7alanma m\u00f6vcuddur. X\u00fcsusil\u0259 d\u0259, Ukrayna sava\u015f\u0131na m\u00fcnasib\u0259t Avropa Birliyind\u0259 k\u0259skin ziddiyy\u0259tl\u0259ri daha da d\u0259rinl\u0259\u015fdirib. \u0130ndi Rusiyaya qar\u015f\u0131 sanksiyalar\u0131n \u0259sas y\u00fck\u00fcn\u00fc \u00e7\u0259k\u0259n \u201cqoca qit\u0259\u201d \u00f6lk\u0259l\u0259ri t\u0259dric\u0259n Ukraynaya verdikl\u0259ri d\u0259st\u0259yi geri \u00e7\u0259km\u0259y\u0259 meyil g\u00f6st\u0259rirl\u0259r. V\u0259 bel\u0259 davam ed\u0259rs\u0259, Ukrayna Rusiya qar\u015f\u0131s\u0131nda tamamil\u0259 t\u0259kl\u0259nmi\u015f duruma da d\u00fc\u015f\u0259 bil\u0259r.<\/p>\n<p><strong>El\u00e7in XAL\u0130DB\u018fYL\u0130,<br \/>\nSiyasi ekspert,<br \/>\n\u201cYeni M\u00fcsavat\u201d Media Qrupu<\/strong><\/p>\n<p><strong><img loading=\"lazy\" src=\"https:\/\/cdn.musavat.com\/news\/thumbnails\/004821fae7991696e809ed2abb664862.jpg\" width=\"351\" height=\"351\" \/><\/strong><\/p>\n","protected":false},"excerpt":{"rendered":"<p>Avropa Birliyind\u0259 ziddiyy\u0259tl\u0259r d\u0259rinl\u0259\u015fir, indi bu qurum Ukraynaya d\u0259st\u0259k ver\u0259nl\u0259r, Rusiya il\u0259 m\u00fcnasib\u0259tl\u0259ri b\u0259rpa etm\u0259y\u0259 \u00e7al\u0131\u015fanlar v\u0259 t\u0259r\u0259dd\u00fcd i\u00e7\u0259risind\u0259 olanlardan ibar\u0259t \u00fc\u00e7 qrupa par\u00e7alanma\u011fa ba\u015flay\u0131b&#8230; Rusiyaya qar\u015f\u0131 sanksiyalar\u0131n \u0259sas y\u00fck\u00fcn\u00fc \u00e7\u0259k\u0259n \u201cqoca qit\u0259\u201d \u00f6lk\u0259l\u0259ri t\u0259dric\u0259n Ukraynaya verdikl\u0259ri d\u0259st\u0259yi geri \u00e7\u0259km\u0259k niyy\u0259tind\u0259dir, bel\u0259 davam ed\u0259rs\u0259, r\u0259smi Kiyev Kreml qar\u015f\u0131s\u0131nda t\u0259kl\u0259nmi\u015f duruma d\u00fc\u015f\u0259 bil\u0259r&#8230; Avropa m\u0259kan\u0131nda qar\u015f\u0131l\u0131ql\u0131 m\u00fcnasib\u0259tl\u0259rd\u0259 m\u00fc\u0259yy\u0259n probleml\u0259r m\u00fc\u015fahid\u0259 olunma\u011fa ba\u015flay\u0131b. Bel\u0259 ki, \u201cqoca qit\u0259\u201dd\u0259 kifay\u0259t q\u0259d\u0259r ciddi probleml\u0259rin oldu\u011fu \u0259slind\u0259, \u00e7oxdan m\u0259lum olan inkaredilm\u0259z reall\u0131qd\u0131r. Sad\u0259c\u0259, son vaxtlar Avropa d\u00f6vl\u0259tl\u0259ri aras\u0131ndak\u0131 k\u0259skin ziddiyy\u0259tl\u0259r daha qabar\u0131q \u015f\u0259kild\u0259 ortaya \u00e7\u0131xmaqdad\u0131r. V\u0259&hellip;<\/p>\n","protected":false},"author":2,"featured_media":761220,"comment_status":"closed","ping_status":"closed","sticky":false,"template":"","format":"standard","meta":{"om_disable_all_campaigns":false,"_monsterinsights_skip_tracking":false,"_monsterinsights_sitenote_active":false,"_monsterinsights_sitenote_note":"","_monsterinsights_sitenote_category":0},"categories":[19],"tags":[],"aioseo_notices":[],"gutentor_comment":0,"rttpg_featured_image_url":{"full":["https:\/\/arantv.az\/wp-content\/uploads\/2024\/10\/3e446e614d368470fa4fa165d72dc18e.jpg",870,500,false],"landscape":["https:\/\/arantv.az\/wp-content\/uploads\/2024\/10\/3e446e614d368470fa4fa165d72dc18e.jpg",870,500,false],"portraits":["https:\/\/arantv.az\/wp-content\/uploads\/2024\/10\/3e446e614d368470fa4fa165d72dc18e.jpg",870,500,false],"thumbnail":["https:\/\/arantv.az\/wp-content\/uploads\/2024\/10\/3e446e614d368470fa4fa165d72dc18e-500x280.jpg",500,280,true],"medium":["https:\/\/arantv.az\/wp-content\/uploads\/2024\/10\/3e446e614d368470fa4fa165d72dc18e-635x365.jpg",635,365,true],"large":["https:\/\/arantv.az\/wp-content\/uploads\/2024\/10\/3e446e614d368470fa4fa165d72dc18e-840x483.jpg",640,368,true],"1536x1536":["https:\/\/arantv.az\/wp-content\/uploads\/2024\/10\/3e446e614d368470fa4fa165d72dc18e.jpg",870,500,false],"2048x2048":["https:\/\/arantv.az\/wp-content\/uploads\/2024\/10\/3e446e614d368470fa4fa165d72dc18e.jpg",870,500,false],"post-thumbnail":["https:\/\/arantv.az\/wp-content\/uploads\/2024\/10\/3e446e614d368470fa4fa165d72dc18e-240x172.jpg",240,172,true],"advps-thumb-one":["https:\/\/arantv.az\/wp-content\/uploads\/2024\/10\/3e446e614d368470fa4fa165d72dc18e.jpg",870,500,false]},"rttpg_author":{"display_name":"V\u00fcsal Rafiqo\u011flu","author_link":"https:\/\/arantv.az\/?author=2"},"rttpg_comment":0,"rttpg_category":"<a href=\"https:\/\/arantv.az\/?cat=19\" rel=\"category\">G\u00fcnd\u0259m<\/a>","rttpg_excerpt":"Avropa Birliyind\u0259 ziddiyy\u0259tl\u0259r d\u0259rinl\u0259\u015fir, indi bu qurum Ukraynaya d\u0259st\u0259k ver\u0259nl\u0259r, Rusiya il\u0259 m\u00fcnasib\u0259tl\u0259ri b\u0259rpa etm\u0259y\u0259 \u00e7al\u0131\u015fanlar v\u0259 t\u0259r\u0259dd\u00fcd i\u00e7\u0259risind\u0259 olanlardan ibar\u0259t \u00fc\u00e7 qrupa par\u00e7alanma\u011fa ba\u015flay\u0131b&#8230; Rusiyaya qar\u015f\u0131 sanksiyalar\u0131n \u0259sas y\u00fck\u00fcn\u00fc \u00e7\u0259k\u0259n \u201cqoca qit\u0259\u201d \u00f6lk\u0259l\u0259ri t\u0259dric\u0259n Ukraynaya verdikl\u0259ri d\u0259st\u0259yi geri \u00e7\u0259km\u0259k niyy\u0259tind\u0259dir, bel\u0259 davam ed\u0259rs\u0259, r\u0259smi Kiyev Kreml qar\u015f\u0131s\u0131nda t\u0259kl\u0259nmi\u015f duruma d\u00fc\u015f\u0259 bil\u0259r&#8230; Avropa m\u0259kan\u0131nda qar\u015f\u0131l\u0131ql\u0131&hellip;","_links":{"self":[{"href":"https:\/\/arantv.az\/index.php?rest_route=\/wp\/v2\/posts\/761219"}],"collection":[{"href":"https:\/\/arantv.az\/index.php?rest_route=\/wp\/v2\/posts"}],"about":[{"href":"https:\/\/arantv.az\/index.php?rest_route=\/wp\/v2\/types\/post"}],"author":[{"embeddable":true,"href":"https:\/\/arantv.az\/index.php?rest_route=\/wp\/v2\/users\/2"}],"replies":[{"embeddable":true,"href":"https:\/\/arantv.az\/index.php?rest_route=%2Fwp%2Fv2%2Fcomments&post=761219"}],"version-history":[{"count":1,"href":"https:\/\/arantv.az\/index.php?rest_route=\/wp\/v2\/posts\/761219\/revisions"}],"predecessor-version":[{"id":761221,"href":"https:\/\/arantv.az\/index.php?rest_route=\/wp\/v2\/posts\/761219\/revisions\/761221"}],"wp:featuredmedia":[{"embeddable":true,"href":"https:\/\/arantv.az\/index.php?rest_route=\/wp\/v2\/media\/761220"}],"wp:attachment":[{"href":"https:\/\/arantv.az\/index.php?rest_route=%2Fwp%2Fv2%2Fmedia&parent=761219"}],"wp:term":[{"taxonomy":"category","embeddable":true,"href":"https:\/\/arantv.az\/index.php?rest_route=%2Fwp%2Fv2%2Fcategories&post=761219"},{"taxonomy":"post_tag","embeddable":true,"href":"https:\/\/arantv.az\/index.php?rest_route=%2Fwp%2Fv2%2Ftags&post=761219"}],"curies":[{"name":"wp","href":"https:\/\/api.w.org\/{rel}","templated":true}]}}