{"id":761242,"date":"2024-10-14T16:01:02","date_gmt":"2024-10-14T12:01:02","guid":{"rendered":"https:\/\/arantv.az\/?p=761242"},"modified":"2024-10-14T16:01:02","modified_gmt":"2024-10-14T12:01:02","slug":"az%c9%99rbaycan-dovl%c9%99t-su-ehtiyatlari-agentliyin%c9%99-yeni-s%c9%99lahiyy%c9%99tl%c9%99r-verilib","status":"publish","type":"post","link":"https:\/\/arantv.az\/?p=761242","title":{"rendered":"Az\u0259rbaycan D\u00f6vl\u0259t Su Ehtiyatlar\u0131 Agentliyin\u0259 yeni s\u0259lahiyy\u0259tl\u0259r verilib"},"content":{"rendered":"<p>Prezident \u0130lham \u018fliyev \u201cElektron su t\u0259s\u0259rr\u00fcfat\u0131\u201d informasiya sistemi haqq\u0131nda \u018fsasnam\u0259\u201dnin (EST\u0130S) t\u0259sdiq edilm\u0259si bar\u0259d\u0259\u201d 13 fevral 2021-ci il tarixli f\u0259rman\u0131nda d\u0259yi\u015fiklik edib.<\/p>\n<p><strong>ARANTV.AZ\u00a0<\/strong> x\u0259b\u0259r verir ki, bununla ba\u011fl\u0131 d\u00f6vl\u0259t ba\u015f\u00e7\u0131s\u0131 yeni f\u0259rman imzalay\u0131b.<\/p>\n<p>F\u0259rmana \u0259sas\u0259n, bundan sonra sistemin f\u0259aliyy\u0259tinin t\u0259\u015fkili, saxlan\u0131lmas\u0131 v\u0259 ondan s\u0259m\u0259r\u0259li istifad\u0259nin t\u0259min edilm\u0259si \u00fc\u00e7\u00fcn z\u0259ruri t\u0259dbirl\u0259ri Ekologiya v\u0259 T\u0259bii S\u0259rv\u0259tl\u0259r Nazirliyi il\u0259 Prezident yan\u0131nda V\u0259t\u0259nda\u015flara Xidm\u0259t v\u0259 Sosial \u0130nnovasiyalar \u00fczr\u0259 D\u00f6vl\u0259t Agentliyinin \u0259v\u0259zin\u0259 Az\u0259rbaycan D\u00f6vl\u0259t Su Ehtiyatlar\u0131 Agentliyi g\u00f6r\u0259c\u0259k.<\/p>\n<p>Agentlik h\u0259m\u00e7inin \u018fsasnam\u0259d\u0259 n\u0259z\u0259rd\u0259 tutulmu\u015f m\u0259lumatlar\u0131n Elektron H\u00f6kum\u0259t \u0130nformasiya Sistemi vasit\u0259sil\u0259 \u0259ld\u0259 olunmas\u0131n\u0131 t\u0259min etm\u0259k m\u0259qs\u0259dil\u0259 h\u0259min m\u0259lumatlar\u0131n EST\u0130S-\u0259 daxil edilm\u0259sini (\u00f6t\u00fcr\u00fclm\u0259sini) m\u00fct\u0259madi t\u0259min etm\u0259li v\u0259 bu bar\u0259d\u0259 ild\u0259 bir d\u0259f\u0259 Nazirl\u0259r Kabinetin\u0259 m\u0259lumat verm\u0259lidir.<\/p>\n<p>EST\u0130S-in sahibi v\u0259 operatoru Agentlikdir.<\/p>\n","protected":false},"excerpt":{"rendered":"<p>Prezident \u0130lham \u018fliyev \u201cElektron su t\u0259s\u0259rr\u00fcfat\u0131\u201d informasiya sistemi haqq\u0131nda \u018fsasnam\u0259\u201dnin (EST\u0130S) t\u0259sdiq edilm\u0259si bar\u0259d\u0259\u201d 13 fevral 2021-ci il tarixli f\u0259rman\u0131nda d\u0259yi\u015fiklik edib. ARANTV.AZ\u00a0 x\u0259b\u0259r verir ki, bununla ba\u011fl\u0131 d\u00f6vl\u0259t ba\u015f\u00e7\u0131s\u0131 yeni f\u0259rman imzalay\u0131b. F\u0259rmana \u0259sas\u0259n, bundan sonra sistemin f\u0259aliyy\u0259tinin t\u0259\u015fkili, saxlan\u0131lmas\u0131 v\u0259 ondan s\u0259m\u0259r\u0259li istifad\u0259nin t\u0259min edilm\u0259si \u00fc\u00e7\u00fcn z\u0259ruri t\u0259dbirl\u0259ri Ekologiya v\u0259 T\u0259bii S\u0259rv\u0259tl\u0259r Nazirliyi il\u0259 Prezident yan\u0131nda V\u0259t\u0259nda\u015flara Xidm\u0259t v\u0259 Sosial \u0130nnovasiyalar \u00fczr\u0259 D\u00f6vl\u0259t Agentliyinin \u0259v\u0259zin\u0259 Az\u0259rbaycan D\u00f6vl\u0259t Su Ehtiyatlar\u0131 Agentliyi g\u00f6r\u0259c\u0259k. Agentlik h\u0259m\u00e7inin \u018fsasnam\u0259d\u0259 n\u0259z\u0259rd\u0259 tutulmu\u015f m\u0259lumatlar\u0131n Elektron H\u00f6kum\u0259t \u0130nformasiya Sistemi vasit\u0259sil\u0259 \u0259ld\u0259 olunmas\u0131n\u0131 t\u0259min etm\u0259k m\u0259qs\u0259dil\u0259 h\u0259min&hellip;<\/p>\n","protected":false},"author":2,"featured_media":761243,"comment_status":"closed","ping_status":"closed","sticky":false,"template":"","format":"standard","meta":{"om_disable_all_campaigns":false,"_monsterinsights_skip_tracking":false,"_monsterinsights_sitenote_active":false,"_monsterinsights_sitenote_note":"","_monsterinsights_sitenote_category":0},"categories":[4],"tags":[],"aioseo_notices":[],"gutentor_comment":0,"rttpg_featured_image_url":{"full":["https:\/\/arantv.az\/wp-content\/uploads\/2024\/10\/9b8b465f68890f4b438a95c8b3ba2d8e.jpg",850,500,false],"landscape":["https:\/\/arantv.az\/wp-content\/uploads\/2024\/10\/9b8b465f68890f4b438a95c8b3ba2d8e.jpg",850,500,false],"portraits":["https:\/\/arantv.az\/wp-content\/uploads\/2024\/10\/9b8b465f68890f4b438a95c8b3ba2d8e.jpg",850,500,false],"thumbnail":["https:\/\/arantv.az\/wp-content\/uploads\/2024\/10\/9b8b465f68890f4b438a95c8b3ba2d8e-500x280.jpg",500,280,true],"medium":["https:\/\/arantv.az\/wp-content\/uploads\/2024\/10\/9b8b465f68890f4b438a95c8b3ba2d8e-621x365.jpg",621,365,true],"large":["https:\/\/arantv.az\/wp-content\/uploads\/2024\/10\/9b8b465f68890f4b438a95c8b3ba2d8e-840x494.jpg",640,376,true],"1536x1536":["https:\/\/arantv.az\/wp-content\/uploads\/2024\/10\/9b8b465f68890f4b438a95c8b3ba2d8e.jpg",850,500,false],"2048x2048":["https:\/\/arantv.az\/wp-content\/uploads\/2024\/10\/9b8b465f68890f4b438a95c8b3ba2d8e.jpg",850,500,false],"post-thumbnail":["https:\/\/arantv.az\/wp-content\/uploads\/2024\/10\/9b8b465f68890f4b438a95c8b3ba2d8e-240x172.jpg",240,172,true],"advps-thumb-one":["https:\/\/arantv.az\/wp-content\/uploads\/2024\/10\/9b8b465f68890f4b438a95c8b3ba2d8e.jpg",850,500,false]},"rttpg_author":{"display_name":"V\u00fcsal Rafiqo\u011flu","author_link":"https:\/\/arantv.az\/?author=2"},"rttpg_comment":0,"rttpg_category":"<a href=\"https:\/\/arantv.az\/?cat=4\" rel=\"category\">Siyas\u0259t<\/a>","rttpg_excerpt":"Prezident \u0130lham \u018fliyev \u201cElektron su t\u0259s\u0259rr\u00fcfat\u0131\u201d informasiya sistemi haqq\u0131nda \u018fsasnam\u0259\u201dnin (EST\u0130S) t\u0259sdiq edilm\u0259si bar\u0259d\u0259\u201d 13 fevral 2021-ci il tarixli f\u0259rman\u0131nda d\u0259yi\u015fiklik edib. ARANTV.AZ\u00a0 x\u0259b\u0259r verir ki, bununla ba\u011fl\u0131 d\u00f6vl\u0259t ba\u015f\u00e7\u0131s\u0131 yeni f\u0259rman imzalay\u0131b. F\u0259rmana \u0259sas\u0259n, bundan sonra sistemin f\u0259aliyy\u0259tinin t\u0259\u015fkili, saxlan\u0131lmas\u0131 v\u0259 ondan s\u0259m\u0259r\u0259li istifad\u0259nin t\u0259min edilm\u0259si \u00fc\u00e7\u00fcn z\u0259ruri t\u0259dbirl\u0259ri Ekologiya v\u0259 T\u0259bii S\u0259rv\u0259tl\u0259r Nazirliyi&hellip;","_links":{"self":[{"href":"https:\/\/arantv.az\/index.php?rest_route=\/wp\/v2\/posts\/761242"}],"collection":[{"href":"https:\/\/arantv.az\/index.php?rest_route=\/wp\/v2\/posts"}],"about":[{"href":"https:\/\/arantv.az\/index.php?rest_route=\/wp\/v2\/types\/post"}],"author":[{"embeddable":true,"href":"https:\/\/arantv.az\/index.php?rest_route=\/wp\/v2\/users\/2"}],"replies":[{"embeddable":true,"href":"https:\/\/arantv.az\/index.php?rest_route=%2Fwp%2Fv2%2Fcomments&post=761242"}],"version-history":[{"count":2,"href":"https:\/\/arantv.az\/index.php?rest_route=\/wp\/v2\/posts\/761242\/revisions"}],"predecessor-version":[{"id":761245,"href":"https:\/\/arantv.az\/index.php?rest_route=\/wp\/v2\/posts\/761242\/revisions\/761245"}],"wp:featuredmedia":[{"embeddable":true,"href":"https:\/\/arantv.az\/index.php?rest_route=\/wp\/v2\/media\/761243"}],"wp:attachment":[{"href":"https:\/\/arantv.az\/index.php?rest_route=%2Fwp%2Fv2%2Fmedia&parent=761242"}],"wp:term":[{"taxonomy":"category","embeddable":true,"href":"https:\/\/arantv.az\/index.php?rest_route=%2Fwp%2Fv2%2Fcategories&post=761242"},{"taxonomy":"post_tag","embeddable":true,"href":"https:\/\/arantv.az\/index.php?rest_route=%2Fwp%2Fv2%2Ftags&post=761242"}],"curies":[{"name":"wp","href":"https:\/\/api.w.org\/{rel}","templated":true}]}}