{"id":761255,"date":"2024-10-14T18:54:53","date_gmt":"2024-10-14T14:54:53","guid":{"rendered":"https:\/\/arantv.az\/?p=761255"},"modified":"2024-10-14T18:54:53","modified_gmt":"2024-10-14T14:54:53","slug":"fransadan-xin-s%c9%99viyy%c9%99sind%c9%99-t%c9%99xribat-bakidaki-konfransi-pozmaq-ucun-gorun-n%c9%99-etdi","status":"publish","type":"post","link":"https:\/\/arantv.az\/?p=761255","title":{"rendered":"Fransadan X\u0130N s\u0259viyy\u0259sind\u0259 t\u0259xribat &#8211; Bak\u0131dak\u0131 konfrans\u0131 pozmaq \u00fc\u00e7\u00fcn G\u00d6R\u00dcN N\u018f ETD\u0130"},"content":{"rendered":"<p><strong>Bu il sentyabr\u0131n 29-dan oktyabr\u0131n 2-d\u0259k Bak\u0131da ke\u00e7irilmi\u015f Beyn\u0259lxalq Prokurorlar Assosiasiyas\u0131n\u0131n illik konfrans\u0131n\u0131 pozmaq \u00fc\u00e7\u00fcn Fransan\u0131n Xarici \u0130\u015fl\u0259r Nazirliyi s\u0259viyy\u0259sind\u0259 t\u0259xribata \u0259l at\u0131bm\u0131\u015f.<\/strong><\/p>\n<p>T\u0259dbird\u0259 Fransadan 10-a yax\u0131n n\u00fcmay\u0259nd\u0259nin i\u015ftirak\u0131 n\u0259z\u0259rd\u0259 tutulsa da, Fransan\u0131n Xarici \u0130\u015fl\u0259r Nazirliyi onlara yaz\u0131l\u0131 \u015f\u0259kild\u0259 x\u0259b\u0259rdarl\u0131q ed\u0259r\u0259k, Az\u0259rbaycana s\u0259f\u0259r ed\u0259c\u0259kl\u0259ri t\u0259qdird\u0259 guya Bak\u0131da h\u0259bs t\u0259hl\u00fck\u0259si il\u0259 \u00fczl\u0259\u015f\u0259 bil\u0259c\u0259kl\u0259rini iddia edib. Bu iddian\u0131 \u0259sas g\u0259tir\u0259n Fransa X\u0130N onlara Az\u0259rbaycana getm\u0259m\u0259yi t\u00f6vsiy\u0259 edib.<\/p>\n<p>N\u0259tic\u0259d\u0259, Fransadan c\u0259mi 3 n\u0259f\u0259r &#8211; bu \u00f6lk\u0259nin ba\u015f prokurorunun m\u00fcavini Gilles Charbonnier, Frankofoniya Assosiasiyas\u0131n\u0131n katibi \u0130vanni Bulvar v\u0259 Sirakuza Beyn\u0259lxalq \u0130nsan H\u00fcquqlar\u0131 Universitetinin prezidenti Jan-Franko Toni t\u0259dbird\u0259 i\u015ftirak edib, s\u0259f\u0259rd\u0259n d\u0259 m\u0259mnun qal\u0131blar.<\/p>\n<p>H\u0259m\u00e7inin, m\u0259lum olub ki, Fransa X\u0130N konfransda i\u015ftirak \u00fc\u00e7\u00fcn qeydiyyatdan ke\u00e7mi\u015f frans\u0131zdilli \u00f6lk\u0259l\u0259rin n\u00fcmay\u0259nd\u0259l\u0259rin\u0259 d\u0259 \u00f6lk\u0259miz\u0259 s\u0259f\u0259r etm\u0259m\u0259yi t\u00f6vsiy\u0259 edibmi\u015f.\/APA<\/p>\n","protected":false},"excerpt":{"rendered":"<p>Bu il sentyabr\u0131n 29-dan oktyabr\u0131n 2-d\u0259k Bak\u0131da ke\u00e7irilmi\u015f Beyn\u0259lxalq Prokurorlar Assosiasiyas\u0131n\u0131n illik konfrans\u0131n\u0131 pozmaq \u00fc\u00e7\u00fcn Fransan\u0131n Xarici \u0130\u015fl\u0259r Nazirliyi s\u0259viyy\u0259sind\u0259 t\u0259xribata \u0259l at\u0131bm\u0131\u015f. T\u0259dbird\u0259 Fransadan 10-a yax\u0131n n\u00fcmay\u0259nd\u0259nin i\u015ftirak\u0131 n\u0259z\u0259rd\u0259 tutulsa da, Fransan\u0131n Xarici \u0130\u015fl\u0259r Nazirliyi onlara yaz\u0131l\u0131 \u015f\u0259kild\u0259 x\u0259b\u0259rdarl\u0131q ed\u0259r\u0259k, Az\u0259rbaycana s\u0259f\u0259r ed\u0259c\u0259kl\u0259ri t\u0259qdird\u0259 guya Bak\u0131da h\u0259bs t\u0259hl\u00fck\u0259si il\u0259 \u00fczl\u0259\u015f\u0259 bil\u0259c\u0259kl\u0259rini iddia edib. Bu iddian\u0131 \u0259sas g\u0259tir\u0259n Fransa X\u0130N onlara Az\u0259rbaycana getm\u0259m\u0259yi t\u00f6vsiy\u0259 edib. N\u0259tic\u0259d\u0259, Fransadan c\u0259mi 3 n\u0259f\u0259r &#8211; bu \u00f6lk\u0259nin ba\u015f prokurorunun m\u00fcavini Gilles Charbonnier, Frankofoniya Assosiasiyas\u0131n\u0131n katibi \u0130vanni Bulvar v\u0259 Sirakuza Beyn\u0259lxalq \u0130nsan H\u00fcquqlar\u0131 Universitetinin prezidenti&hellip;<\/p>\n","protected":false},"author":2,"featured_media":761256,"comment_status":"closed","ping_status":"closed","sticky":false,"template":"","format":"standard","meta":{"om_disable_all_campaigns":false,"_monsterinsights_skip_tracking":false,"_monsterinsights_sitenote_active":false,"_monsterinsights_sitenote_note":"","_monsterinsights_sitenote_category":0},"categories":[4],"tags":[],"aioseo_notices":[],"gutentor_comment":0,"rttpg_featured_image_url":{"full":["https:\/\/arantv.az\/wp-content\/uploads\/2024\/10\/a4a6b0807a023284b0e554fe9c216b46.jpg",870,500,false],"landscape":["https:\/\/arantv.az\/wp-content\/uploads\/2024\/10\/a4a6b0807a023284b0e554fe9c216b46.jpg",870,500,false],"portraits":["https:\/\/arantv.az\/wp-content\/uploads\/2024\/10\/a4a6b0807a023284b0e554fe9c216b46.jpg",870,500,false],"thumbnail":["https:\/\/arantv.az\/wp-content\/uploads\/2024\/10\/a4a6b0807a023284b0e554fe9c216b46-500x280.jpg",500,280,true],"medium":["https:\/\/arantv.az\/wp-content\/uploads\/2024\/10\/a4a6b0807a023284b0e554fe9c216b46-635x365.jpg",635,365,true],"large":["https:\/\/arantv.az\/wp-content\/uploads\/2024\/10\/a4a6b0807a023284b0e554fe9c216b46-840x483.jpg",640,368,true],"1536x1536":["https:\/\/arantv.az\/wp-content\/uploads\/2024\/10\/a4a6b0807a023284b0e554fe9c216b46.jpg",870,500,false],"2048x2048":["https:\/\/arantv.az\/wp-content\/uploads\/2024\/10\/a4a6b0807a023284b0e554fe9c216b46.jpg",870,500,false],"post-thumbnail":["https:\/\/arantv.az\/wp-content\/uploads\/2024\/10\/a4a6b0807a023284b0e554fe9c216b46-240x172.jpg",240,172,true],"advps-thumb-one":["https:\/\/arantv.az\/wp-content\/uploads\/2024\/10\/a4a6b0807a023284b0e554fe9c216b46.jpg",870,500,false]},"rttpg_author":{"display_name":"V\u00fcsal Rafiqo\u011flu","author_link":"https:\/\/arantv.az\/?author=2"},"rttpg_comment":0,"rttpg_category":"<a href=\"https:\/\/arantv.az\/?cat=4\" rel=\"category\">Siyas\u0259t<\/a>","rttpg_excerpt":"Bu il sentyabr\u0131n 29-dan oktyabr\u0131n 2-d\u0259k Bak\u0131da ke\u00e7irilmi\u015f Beyn\u0259lxalq Prokurorlar Assosiasiyas\u0131n\u0131n illik konfrans\u0131n\u0131 pozmaq \u00fc\u00e7\u00fcn Fransan\u0131n Xarici \u0130\u015fl\u0259r Nazirliyi s\u0259viyy\u0259sind\u0259 t\u0259xribata \u0259l at\u0131bm\u0131\u015f. T\u0259dbird\u0259 Fransadan 10-a yax\u0131n n\u00fcmay\u0259nd\u0259nin i\u015ftirak\u0131 n\u0259z\u0259rd\u0259 tutulsa da, Fransan\u0131n Xarici \u0130\u015fl\u0259r Nazirliyi onlara yaz\u0131l\u0131 \u015f\u0259kild\u0259 x\u0259b\u0259rdarl\u0131q ed\u0259r\u0259k, Az\u0259rbaycana s\u0259f\u0259r ed\u0259c\u0259kl\u0259ri t\u0259qdird\u0259 guya Bak\u0131da h\u0259bs t\u0259hl\u00fck\u0259si il\u0259 \u00fczl\u0259\u015f\u0259 bil\u0259c\u0259kl\u0259rini iddia edib. Bu&hellip;","_links":{"self":[{"href":"https:\/\/arantv.az\/index.php?rest_route=\/wp\/v2\/posts\/761255"}],"collection":[{"href":"https:\/\/arantv.az\/index.php?rest_route=\/wp\/v2\/posts"}],"about":[{"href":"https:\/\/arantv.az\/index.php?rest_route=\/wp\/v2\/types\/post"}],"author":[{"embeddable":true,"href":"https:\/\/arantv.az\/index.php?rest_route=\/wp\/v2\/users\/2"}],"replies":[{"embeddable":true,"href":"https:\/\/arantv.az\/index.php?rest_route=%2Fwp%2Fv2%2Fcomments&post=761255"}],"version-history":[{"count":1,"href":"https:\/\/arantv.az\/index.php?rest_route=\/wp\/v2\/posts\/761255\/revisions"}],"predecessor-version":[{"id":761257,"href":"https:\/\/arantv.az\/index.php?rest_route=\/wp\/v2\/posts\/761255\/revisions\/761257"}],"wp:featuredmedia":[{"embeddable":true,"href":"https:\/\/arantv.az\/index.php?rest_route=\/wp\/v2\/media\/761256"}],"wp:attachment":[{"href":"https:\/\/arantv.az\/index.php?rest_route=%2Fwp%2Fv2%2Fmedia&parent=761255"}],"wp:term":[{"taxonomy":"category","embeddable":true,"href":"https:\/\/arantv.az\/index.php?rest_route=%2Fwp%2Fv2%2Fcategories&post=761255"},{"taxonomy":"post_tag","embeddable":true,"href":"https:\/\/arantv.az\/index.php?rest_route=%2Fwp%2Fv2%2Ftags&post=761255"}],"curies":[{"name":"wp","href":"https:\/\/api.w.org\/{rel}","templated":true}]}}