{"id":761258,"date":"2024-10-14T18:55:41","date_gmt":"2024-10-14T14:55:41","guid":{"rendered":"https:\/\/arantv.az\/?p=761258"},"modified":"2024-10-14T18:55:41","modified_gmt":"2024-10-14T14:55:41","slug":"nobel-sulh-mukafati-qalmaqalli-laueratlar-yanilmalar","status":"publish","type":"post","link":"https:\/\/arantv.az\/?p=761258","title":{"rendered":"Nobel S\u00fclh M\u00fckafat\u0131: Qalmaqall\u0131 laueratlar, yan\u0131lmalar&#8230;"},"content":{"rendered":"<p><strong>Art\u0131q \u201cNobel h\u0259ft\u0259si\u201d bitib v\u0259 Nobel m\u00fckafat\u0131 laureatlar\u0131n\u0131n adlar\u0131 a\u00e7\u0131qlan\u0131b. M\u00fcxt\u0259lif sah\u0259l\u0259r\u0259 veril\u0259n m\u00fckafatlar\u0131n i\u00e7ind\u0259 h\u0259r zaman daha \u00e7ox m\u00fczakir\u0259 olunan Nobel S\u00fclh M\u00fckafat\u0131n\u0131n kim\u0259 v\u0259 ya hans\u0131 t\u0259\u015fkilata verilm\u0259sidir. Onun laureatlar\u0131 tez-tez \u0259n q\u0131z\u011f\u0131n m\u00fczakir\u0259l\u0259r\u0259 s\u0259b\u0259b olurlar.<\/strong><\/p>\n<p>Tarix\u0259 n\u0259z\u0259r salsaq, m\u00fcbahis\u0259 do\u011furan n\u00fcanslardan biri 1933-1944-c\u00fc ill\u0259rd\u0259 AB\u015e prezidenti Franklin Ruzveltin administrasiyas\u0131nda d\u00f6vl\u0259t katibi (xarici i\u015fl\u0259r naziri) v\u0259zif\u0259sind\u0259 \u00e7al\u0131\u015fan Kordell Hallun bu m\u00fckafat\u0131 almas\u0131 olub. O, 1939-cu ild\u0259 nasist Almaniyas\u0131ndan olan 950 y\u0259hudi qa\u00e7q\u0131n\u0131 da\u015f\u0131yan g\u0259minin Amerika liman\u0131na daxil olmas\u0131na q\u0259ti \u015f\u0259kild\u0259 qar\u015f\u0131 \u00e7\u0131x\u0131b. N\u0259tic\u0259d\u0259 Sent-Luis g\u0259misind\u0259ki bir \u00e7ox s\u0259rni\u015fin Avropaya geri qaytar\u0131l\u0131b v\u0259 sonradan Holokost zaman\u0131 \u00f6l\u00fcb.<\/p>\n<p>AB\u015e-nin dig\u0259r d\u00f6vl\u0259t katibi Henri Kissincerin ali s\u00fclh m\u00fckafat\u0131na layiq g\u00f6r\u00fclm\u0259si d\u0259 m\u00fcbahis\u0259 il\u0259 n\u0259tic\u0259l\u0259nib. 1973-c\u00fc ild\u0259 o, Vyetnam m\u00fcharib\u0259sini \u201cbitir\u0259n\u201d Paris raz\u0131la\u015fmas\u0131n\u0131n \u0259ld\u0259 edilm\u0259sind\u0259 oynad\u0131\u011f\u0131 rola g\u00f6r\u0259 Nobel S\u00fclh M\u00fckafat\u0131n\u0131 al\u0131b. Kissincer m\u00fckafat\u0131 \u015eimali Vyetnam t\u0259r\u0259find\u0259n Paris s\u00fclh dan\u0131\u015f\u0131qlar\u0131nda t\u0259r\u0259fda\u015f olan vyetnaml\u0131 siyas\u0259t\u00e7i Le D\u0131k Tho il\u0259 b\u00f6l\u00fc\u015fm\u0259li idi.<\/p>\n<p>Kissincer m\u00fckafat\u0131 q\u0259bul ets\u0259 d\u0259, Le D\u0131k Tho Paris raz\u0131la\u015fmas\u0131n\u0131n m\u00fcharib\u0259y\u0259 son qoymad\u0131\u011f\u0131n\u0131 dey\u0259r\u0259k medaldan imtina edib. Do\u011frudan da, m\u00fcharib\u0259 c\u0259mi iki ild\u0259n sonra, 1975-ci ild\u0259 ba\u015fa \u00e7at\u0131b. M\u00fckafat Kissincer\u0259 verildikd\u0259n sonra Norve\u00e7 komit\u0259sinin iki \u00fczv\u00fc etiraz \u0259lam\u0259ti olaraq istefa verib.<\/p>\n<p><img loading=\"lazy\" src=\"https:\/\/cdn.musavat.com\/news\/thumbnails\/9df23e30a42e83ee036ace362719a0f0.jpg\" alt=\"e2206494-9011-3b1e-bc06-643129f3.jpg (90 KB)\" width=\"700\" height=\"436\" \/><\/p>\n<p>Qurumun q\u0259rar\u0131nda \u0259n b\u00f6y\u00fck s\u0259hv ke\u00e7mi\u015f SSR\u0130-nin sabiq prezidenti Mixail Sergeyevi\u00e7 Qorba\u00e7ova s\u00fclh m\u00fckafat\u0131n\u0131n t\u0259qdim edilm\u0259si idi. Qorba\u00e7ov \u0259m\u0259ll\u0259rin\u0259 g\u00f6r\u0259 n\u0259inki h\u0259min m\u00fckafata layiq deyildi, h\u0259m d\u0259 bu ali m\u00fckafat\u0131n \u015f\u0259r\u0259fin\u0259 x\u0259l\u0259l g\u0259tir\u0259n \u015f\u0259xsl\u0259rd\u0259n biri hesab olunurdu.<\/p>\n<p>1986-c\u0131 ild\u0259 Almat\u0131da v\u0259 1990-c\u0131 ild\u0259 Bak\u0131da g\u00fcnahs\u0131z dinc \u0259halinin q\u0259tliam\u0131na dair g\u00f6st\u0259ri\u015f ver\u0259n ke\u00e7mi\u015f SSR\u0130 lideri h\u0259min ilin oktyabr\u0131nda Nobel S\u00fclh M\u00fckafat\u0131na layiq g\u00f6r\u00fcl\u00fcb. SSR\u0130-nin ilk v\u0259 son prezidenti Mixail Qorba\u00e7ov \u00f6z\u00fcn\u00fcn yazd\u0131\u011f\u0131 \u201cH\u0259yat v\u0259 islahatlar\u201d kitab\u0131ndak\u0131 memuarlar\u0131nda 20 yanvar q\u0131r\u011f\u0131n\u0131n m\u0259suliyy\u0259tini dolay\u0131s\u0131 yolla olsa da, etiraf edib: \u201cBu faci\u0259li hadis\u0259d\u0259n d\u0259rs g\u00f6t\u00fcrd\u00fcm. Hakimiyy\u0259t ekstremal situasiyada g\u00fcc t\u0259tbiqind\u0259n imtina ed\u0259 bilm\u0259z. Ancaq bu aksiya m\u00fctl\u0259q olaraq \u0259sasland\u0131r\u0131lmal\u0131 v\u0259 \u00e7ox s\u0259rt t\u0259dbirl\u0259rl\u0259 ba\u011fl\u0131 add\u0131m m\u0259hdudla\u015fd\u0131r\u0131lmal\u0131d\u0131r. Problemin h\u0259lli yaln\u0131z siyasi yolla tap\u0131lmal\u0131d\u0131r\u201d.<\/p>\n<p>S\u00fclh \u00fczr\u0259 Nobel m\u00fckafat\u0131na layiq g\u00f6r\u00fclm\u00fc\u015f dig\u0259r \u201c\u015f\u00fcbh\u0259li \u015f\u0259xs\u201d Riqoberta Men\u00e7udur. Yaz\u0131\u00e7\u0131 Qvatemalada 1970-1980-ci ill\u0259rd\u0259 maya xalq\u0131n\u0131n m\u0259hv edilm\u0259si haqq\u0131nda yazd\u0131\u011f\u0131 \u201cM\u0259n, Riqoberta Men\u00e7u\u201d kitab\u0131na g\u00f6r\u0259 1992-ci ild\u0259 Nobel S\u00fclh M\u00fckafat\u0131n\u0131 qazan\u0131b. Kitab b\u00f6y\u00fck beyn\u0259lxalq r\u0259\u011fb\u0259t qazan\u0131b, 12 dil\u0259 t\u0259rc\u00fcm\u0259 edilib.<\/p>\n<p>Bununla bel\u0259, amerikal\u0131 antropoloq Devid Stoll bildirib ki, yaz\u0131\u00e7\u0131 kitab oxucuya daha \u00e7ox emosional t\u0259sir g\u00f6st\u0259rsin dey\u0259 bir \u00e7ox hadis\u0259l\u0259ri \u015fi\u015firdib. Birincisi, Men\u00e7u he\u00e7 bir t\u0259hsil almad\u0131\u011f\u0131n\u0131 iddia edir, bu, do\u011fru deyil. Sonradan m\u0259lum olub ki, qad\u0131n yaz\u0131\u00e7\u0131 qarda\u015f\u0131n\u0131n i\u015fg\u0259nc\u0259 v\u0259 q\u0259tlinin \u015fahidi olmay\u0131b. Bel\u0259 ki, bu ac\u0131 tale anas\u0131n\u0131n ba\u015f\u0131na g\u0259lib.<\/p>\n<p><img loading=\"lazy\" src=\"https:\/\/cdn.musavat.com\/news\/thumbnails\/53173e744379ba1c1b3d9e5bad386238.jpg\" alt=\"ederf.jpg (131 KB)\" width=\"700\" height=\"457\" \/><\/p>\n<p>\u201cKimi terror\u00e7udur, kimi azadl\u0131q d\u00f6y\u00fc\u015f\u00e7\u00fcs\u00fc\u201d &#8211; bu c\u00fcml\u0259 \u201cTayms\u201d q\u0259zetind\u0259 F\u0259l\u0259stin Azadl\u0131q T\u0259\u015fkilat\u0131n\u0131n lideri Yasir \u018fr\u0259fat 1994-c\u00fc ild\u0259 S\u00fclh M\u00fckafat\u0131n\u0131 \u0130srailin ba\u015f naziri \u0130sak Rabin v\u0259 \u0130srailin xarici i\u015fl\u0259r naziri \u015eimon Peresl\u0259 b\u00f6l\u00fc\u015fd\u00fckd\u0259n sonra yaz\u0131l\u0131b. Norve\u00e7 Nobel Komit\u0259si bu \u00fc\u00e7l\u00fcy\u00fc Yax\u0131n \u015e\u0259rqd\u0259 qarda\u015fl\u0131\u011f\u0131n yeni inki\u015faf\u0131 \u00fc\u00e7\u00fcn imkanlar yaratmal\u0131 olan Oslo m\u00fcqavil\u0259l\u0259rinin ba\u011flanmas\u0131na g\u00f6r\u0259 m\u00fckafatland\u0131r\u0131b.<\/p>\n<p>\u018fn m\u00fcbahis\u0259lisi is\u0259 \u018fr\u0259fat\u0131n m\u00fckafat\u0131na reaksiya olub. \u201cOnlar buna s\u00fclh deyirl\u0259r: Nobel S\u00fclh M\u00fckafat\u0131n\u0131n hekay\u0259si\u201d kitab\u0131n\u0131n m\u00fc\u0259llifi Cey Nordlinqer onu \u201cm\u00fckafat qazanm\u0131\u015f \u0259n pis insan\u201d adland\u0131r\u0131b.<br \/>\nAB\u015e-\u0131n Kentukki Universitetinin tarix professoru Pol Tomas \u00c7emberlen \u201cNew York Times\u201d k\u00f6\u015f\u0259sind\u0259 yaz\u0131b: \u201cD\u00fcn\u0259nki terror\u00e7ular\u0131n sabah\u0131n s\u00fclhm\u0259raml\u0131lar\u0131na \u00e7evrilm\u0259 tendensiyas\u0131 m\u00f6vcuddur\u201d. Norve\u00e7 Nobel Komit\u0259sinin \u00fczvl\u0259rind\u0259n biri Kare Kristiansen is\u0259 \u018fr\u0259fat\u0131n m\u00fckafatland\u0131r\u0131lmas\u0131na etiraz olaraq istefa verib.<\/p>\n<p>Nobel S\u00fclh M\u00fckafat\u0131n\u0131n verilm\u0259si mexanizmi ist\u0259r-ist\u0259m\u0259z onun ekspertl\u0259rinin s\u0259ri\u015ft\u0259sini \u015f\u00fcbh\u0259 alt\u0131na al\u0131r. AB\u015e-\u0131n ilk qarad\u0259rili prezidenti Barak Obama m\u00fckafat\u0131 \u201cavans\u201d kimi alm\u0131\u015fd &#8211; v\u0259zif\u0259y\u0259 g\u0259l\u0259nd\u0259n 10 ay sonra. Ancaq Obama da dig\u0259r s\u0259l\u0259fl\u0259ri kimi dig\u0259r \u00f6lk\u0259l\u0259rin \u0259razil\u0259rind\u0259 f\u0259al \u015f\u0259kild\u0259 h\u0259rbi kampaniyalar apard\u0131.<\/p>\n<p>H\u0259tta Barak Obaman\u0131n d\u00f6n\u0259mind\u0259 \u018ffqan\u0131standa ba\u015fqa bir m\u00fckafat\u00e7\u0131n\u0131n x\u0259st\u0259xanas\u0131 bombalan\u0131b. Norve\u00e7 Nobel Komit\u0259sinin ke\u00e7mi\u015f katibi Geyr Landestad da \u201cS\u00fclh katibi\u201d kitab\u0131nda AB\u015e prezidenti Barak Obamaya s\u00fclh m\u00fckafat\u0131n\u0131n verilm\u0259sinin komit\u0259nin \u00fcmidl\u0259rini do\u011frultmad\u0131\u011f\u0131n\u0131 yaz\u0131b. Ancaq bu, ona baha ba\u015fa g\u0259lib.<\/p>\n<p>2012-ci ild\u0259 Avropa \u0130ttifaq\u0131 da Nobel S\u00fclh M\u00fckafat\u0131n\u0131 qazan\u0131b. Q\u0259rar bel\u0259 \u0259sasland\u0131r\u0131l\u0131b: \u201cAvropada s\u00fclh v\u0259 bar\u0131\u015f\u0131q, demokratiya v\u0259 insan haqlar\u0131n\u0131n t\u0259\u015fviqin\u0259 alt\u0131 onillik t\u00f6hf\u0259si \u00fc\u00e7\u00fcn\u201d.<\/p>\n<p><img loading=\"lazy\" src=\"https:\/\/cdn.musavat.com\/news\/thumbnails\/2f1f964b1cfd35e840b49d03d68ba526.jpg\" alt=\"67.jpg (77 KB)\" width=\"700\" height=\"394\" \/><\/p>\n<p>Halbuki, m\u00fckafat A\u0130-y\u0259 iqtisadi b\u00f6hran i\u00e7ind\u0259 bo\u011fulan Yunan\u0131stan, Portuqaliya v\u0259 \u0130spaniyan\u0131 b\u00fcr\u00fcy\u0259n etirazlar\u0131n fonunda verilib. \u201cAsso\u015fieyted Press\u201d x\u0259b\u0259r agentliyi h\u0259tta qeyd edib ki, A\u0130 \u201c\u0259n k\u0259skin daxili b\u00f6hran zaman\u0131\u201d m\u00fckafat qazan\u0131b.<\/p>\n<p>B\u00fct\u00f6vl\u00fckd\u0259 s\u00fclh m\u00fckafat\u0131 laureatlar\u0131na veril\u0259n medal dig\u0259rl\u0259rind\u0259n bir q\u0259d\u0259r f\u0259rqlidir. Birincisi, \u00f6n t\u0259r\u0259fd\u0259 Alfred Nobel f\u0259rqli pozada t\u0259svir edilib. \u0130kincisi, arxa t\u0259r\u0259find\u0259 h\u0259kk olunmu\u015f lat\u0131n yaz\u0131s\u0131 bel\u0259dir: \u201cPro pace et fraternitate gentium\u201d v\u0259 bu da \u201cinsanlar aras\u0131nda s\u00fclh v\u0259 qarda\u015fl\u0131q namin\u0259\u201d kimi t\u0259rc\u00fcm\u0259 oluna bil\u0259r. Medal\u0131n k\u0259nar\u0131nda laureat\u0131n ad\u0131 v\u0259 m\u00fckafat\u0131n al\u0131nd\u0131\u011f\u0131 il h\u0259kk olunur. Nobel S\u00fclh M\u00fckafat\u0131 medal\u0131n\u0131 norve\u00e7li heyk\u0259lt\u0259ra\u015f Qustav Vigeland yarad\u0131b.<\/p>\n<p>T\u0259\u0259ss\u00fcf ki, bu s\u00fclh m\u00fckafat\u0131 geri al\u0131na bilm\u0259z. M\u00fckafat verildikd\u0259n sonra \u0259b\u0259di olaraq m\u00fc\u0259yy\u0259n bir \u015f\u0259xsin ad\u0131 il\u0259 \u0259laq\u0259l\u0259ndirilir. Ona g\u00f6r\u0259 d\u0259 siyas\u0259t\u00e7i m\u00fcxt\u0259lif f\u0259aliyy\u0259tin\u0259 g\u00f6r\u0259 s\u00fclh m\u00fckafat\u0131n\u0131 alsa da, sonra m\u00fcnaqi\u015f\u0259y\u0259 qar\u0131\u015fsa bel\u0259, yen\u0259 d\u0259 Nobel m\u00fckafat\u0131 laureat\u0131 olaraq qal\u0131r. Bu da \u00f6z n\u00f6vb\u0259sind\u0259 ciddi diplomatik probleml\u0259r yarad\u0131r.<\/p>\n<p>Nobel S\u00fclh M\u00fckafat\u0131 yaln\u0131z bir d\u0259f\u0259 laureata \u00f6l\u00fcm\u00fcnd\u0259n sonra verilib. Bu, 1961-ci ild\u0259 Afrikada t\u0259yyar\u0259 q\u0259zas\u0131nda h\u0259lak olan BMT ba\u015f katibi Daq Hammar\u015f\u00f6ld olub. 1974-c\u00fc ild\u0259n b\u0259ri Nobel Fondunun nizamnam\u0259sind\u0259 qeyd olunur ki, Nobel m\u00fckafat\u0131 he\u00e7 k\u0259s\u0259 m\u00fckafat \u00f6l\u00fcm\u00fcnd\u0259n sonra veril\u0259 bilm\u0259z (istisna hal lauretan\u0131 ad\u0131 elan edildikd\u0259n sonra \u00f6l\u00fcm hal\u0131n\u0131n olmas\u0131d\u0131r). \u018fg\u0259r bu qayda olmasayd\u0131, bu il Nobel S\u00fclh M\u00fckafat\u0131n\u0131 alma\u011fa \u0259n ciddi namiz\u0259d Rusiya m\u00fcxalif\u0259tinin lideri Aleksey Navaln\u0131 olacaqd\u0131.<\/p>\n<p><strong>\u0130lkin N\u0259c\u0259f,<br \/>\nx\u00fcsusi olaraq Musavat.com \u00fc\u00e7\u00fcn<\/strong><\/p>\n","protected":false},"excerpt":{"rendered":"<p>Art\u0131q \u201cNobel h\u0259ft\u0259si\u201d bitib v\u0259 Nobel m\u00fckafat\u0131 laureatlar\u0131n\u0131n adlar\u0131 a\u00e7\u0131qlan\u0131b. M\u00fcxt\u0259lif sah\u0259l\u0259r\u0259 veril\u0259n m\u00fckafatlar\u0131n i\u00e7ind\u0259 h\u0259r zaman daha \u00e7ox m\u00fczakir\u0259 olunan Nobel S\u00fclh M\u00fckafat\u0131n\u0131n kim\u0259 v\u0259 ya hans\u0131 t\u0259\u015fkilata verilm\u0259sidir. Onun laureatlar\u0131 tez-tez \u0259n q\u0131z\u011f\u0131n m\u00fczakir\u0259l\u0259r\u0259 s\u0259b\u0259b olurlar. Tarix\u0259 n\u0259z\u0259r salsaq, m\u00fcbahis\u0259 do\u011furan n\u00fcanslardan biri 1933-1944-c\u00fc ill\u0259rd\u0259 AB\u015e prezidenti Franklin Ruzveltin administrasiyas\u0131nda d\u00f6vl\u0259t katibi (xarici i\u015fl\u0259r naziri) v\u0259zif\u0259sind\u0259 \u00e7al\u0131\u015fan Kordell Hallun bu m\u00fckafat\u0131 almas\u0131 olub. O, 1939-cu ild\u0259 nasist Almaniyas\u0131ndan olan 950 y\u0259hudi qa\u00e7q\u0131n\u0131 da\u015f\u0131yan g\u0259minin Amerika liman\u0131na daxil olmas\u0131na q\u0259ti \u015f\u0259kild\u0259 qar\u015f\u0131 \u00e7\u0131x\u0131b. N\u0259tic\u0259d\u0259 Sent-Luis g\u0259misind\u0259ki bir \u00e7ox s\u0259rni\u015fin&hellip;<\/p>\n","protected":false},"author":2,"featured_media":761259,"comment_status":"closed","ping_status":"closed","sticky":false,"template":"","format":"standard","meta":{"om_disable_all_campaigns":false,"_monsterinsights_skip_tracking":false,"_monsterinsights_sitenote_active":false,"_monsterinsights_sitenote_note":"","_monsterinsights_sitenote_category":0},"categories":[19],"tags":[],"aioseo_notices":[],"gutentor_comment":0,"rttpg_featured_image_url":{"full":["https:\/\/arantv.az\/wp-content\/uploads\/2024\/10\/e4f5b14f1bd171dcddca9c8de231163c.jpg",800,500,false],"landscape":["https:\/\/arantv.az\/wp-content\/uploads\/2024\/10\/e4f5b14f1bd171dcddca9c8de231163c.jpg",800,500,false],"portraits":["https:\/\/arantv.az\/wp-content\/uploads\/2024\/10\/e4f5b14f1bd171dcddca9c8de231163c.jpg",800,500,false],"thumbnail":["https:\/\/arantv.az\/wp-content\/uploads\/2024\/10\/e4f5b14f1bd171dcddca9c8de231163c-500x280.jpg",500,280,true],"medium":["https:\/\/arantv.az\/wp-content\/uploads\/2024\/10\/e4f5b14f1bd171dcddca9c8de231163c-584x365.jpg",584,365,true],"large":["https:\/\/arantv.az\/wp-content\/uploads\/2024\/10\/e4f5b14f1bd171dcddca9c8de231163c.jpg",640,400,false],"1536x1536":["https:\/\/arantv.az\/wp-content\/uploads\/2024\/10\/e4f5b14f1bd171dcddca9c8de231163c.jpg",800,500,false],"2048x2048":["https:\/\/arantv.az\/wp-content\/uploads\/2024\/10\/e4f5b14f1bd171dcddca9c8de231163c.jpg",800,500,false],"post-thumbnail":["https:\/\/arantv.az\/wp-content\/uploads\/2024\/10\/e4f5b14f1bd171dcddca9c8de231163c-240x172.jpg",240,172,true],"advps-thumb-one":["https:\/\/arantv.az\/wp-content\/uploads\/2024\/10\/e4f5b14f1bd171dcddca9c8de231163c.jpg",800,500,false]},"rttpg_author":{"display_name":"V\u00fcsal Rafiqo\u011flu","author_link":"https:\/\/arantv.az\/?author=2"},"rttpg_comment":0,"rttpg_category":"<a href=\"https:\/\/arantv.az\/?cat=19\" rel=\"category\">G\u00fcnd\u0259m<\/a>","rttpg_excerpt":"Art\u0131q \u201cNobel h\u0259ft\u0259si\u201d bitib v\u0259 Nobel m\u00fckafat\u0131 laureatlar\u0131n\u0131n adlar\u0131 a\u00e7\u0131qlan\u0131b. M\u00fcxt\u0259lif sah\u0259l\u0259r\u0259 veril\u0259n m\u00fckafatlar\u0131n i\u00e7ind\u0259 h\u0259r zaman daha \u00e7ox m\u00fczakir\u0259 olunan Nobel S\u00fclh M\u00fckafat\u0131n\u0131n kim\u0259 v\u0259 ya hans\u0131 t\u0259\u015fkilata verilm\u0259sidir. Onun laureatlar\u0131 tez-tez \u0259n q\u0131z\u011f\u0131n m\u00fczakir\u0259l\u0259r\u0259 s\u0259b\u0259b olurlar. Tarix\u0259 n\u0259z\u0259r salsaq, m\u00fcbahis\u0259 do\u011furan n\u00fcanslardan biri 1933-1944-c\u00fc ill\u0259rd\u0259 AB\u015e prezidenti Franklin Ruzveltin administrasiyas\u0131nda d\u00f6vl\u0259t katibi (xarici&hellip;","_links":{"self":[{"href":"https:\/\/arantv.az\/index.php?rest_route=\/wp\/v2\/posts\/761258"}],"collection":[{"href":"https:\/\/arantv.az\/index.php?rest_route=\/wp\/v2\/posts"}],"about":[{"href":"https:\/\/arantv.az\/index.php?rest_route=\/wp\/v2\/types\/post"}],"author":[{"embeddable":true,"href":"https:\/\/arantv.az\/index.php?rest_route=\/wp\/v2\/users\/2"}],"replies":[{"embeddable":true,"href":"https:\/\/arantv.az\/index.php?rest_route=%2Fwp%2Fv2%2Fcomments&post=761258"}],"version-history":[{"count":1,"href":"https:\/\/arantv.az\/index.php?rest_route=\/wp\/v2\/posts\/761258\/revisions"}],"predecessor-version":[{"id":761260,"href":"https:\/\/arantv.az\/index.php?rest_route=\/wp\/v2\/posts\/761258\/revisions\/761260"}],"wp:featuredmedia":[{"embeddable":true,"href":"https:\/\/arantv.az\/index.php?rest_route=\/wp\/v2\/media\/761259"}],"wp:attachment":[{"href":"https:\/\/arantv.az\/index.php?rest_route=%2Fwp%2Fv2%2Fmedia&parent=761258"}],"wp:term":[{"taxonomy":"category","embeddable":true,"href":"https:\/\/arantv.az\/index.php?rest_route=%2Fwp%2Fv2%2Fcategories&post=761258"},{"taxonomy":"post_tag","embeddable":true,"href":"https:\/\/arantv.az\/index.php?rest_route=%2Fwp%2Fv2%2Ftags&post=761258"}],"curies":[{"name":"wp","href":"https:\/\/api.w.org\/{rel}","templated":true}]}}