{"id":761369,"date":"2024-10-15T09:55:47","date_gmt":"2024-10-15T05:55:47","guid":{"rendered":"https:\/\/arantv.az\/?p=761369"},"modified":"2024-10-15T09:55:47","modified_gmt":"2024-10-15T05:55:47","slug":"heyd%c9%99r-%c9%99liyev-fondunun-vitse-prezidenti-leyla-%c9%99liyeva-icesco-nun-q%c9%99rargahinda-olub","status":"publish","type":"post","link":"https:\/\/arantv.az\/?p=761369","title":{"rendered":"Heyd\u0259r \u018fliyev Fondunun vitse-prezidenti Leyla \u018fliyeva ICESCO-nun q\u0259rargah\u0131nda olub"},"content":{"rendered":"<p>Heyd\u0259r \u018fliyev Fondunun vitse-prezidenti Leyla \u018fliyeva \u0130slam d\u00fcnyas\u0131 T\u0259hsil, Elm v\u0259 M\u0259d\u0259niyy\u0259t T\u0259\u015fkilat\u0131n\u0131n (ICESCO) M\u0259rake\u015fin Rabat \u015f\u0259h\u0259rind\u0259 yerl\u0259\u015f\u0259n q\u0259rargah\u0131nda olub. Oktyabr\u0131n 14-d\u0259 ICESCO-nun ba\u015f direktoru Salim bin M\u0259h\u0259mm\u0259d \u0259l-Malikl\u0259 g\u00f6r\u00fc\u015fd\u0259 Heyd\u0259r \u018fliyev Fondunun f\u0259aliyy\u0259ti, Az\u0259rbaycan-ICESCO \u0259m\u0259kda\u015fl\u0131\u011f\u0131, o c\u00fcml\u0259d\u0259n Fond il\u0259 birg\u0259 layih\u0259l\u0259r m\u00fczakir\u0259 edilib.<\/p>\n<p><strong>ARANTV.AZ\u00a0 x\u0259b\u0259r verir ki,<\/strong>\u00a0noyabr ay\u0131nda \u00f6lk\u0259mizd\u0259 ke\u00e7iril\u0259c\u0259k COP29 \u00e7\u0259r\u00e7iv\u0259sind\u0259 Fond v\u0259 ICESCO aras\u0131ndak\u0131 \u0259m\u0259kda\u015fl\u0131q, t\u0259\u015fkilat\u0131n COP29-da pavilyonla t\u0259msil olunmas\u0131 il\u0259 ba\u011fl\u0131 m\u0259s\u0259l\u0259l\u0259r diqq\u0259t m\u0259rk\u0259zind\u0259 olub. G\u00f6r\u00fc\u015fd\u0259 Heyd\u0259r \u018fliyev Fondunun vitse-prezidenti Leyla \u018fliyevan\u0131n t\u0259sis\u00e7isi v\u0259 r\u0259hb\u0259ri oldu\u011fu IDEA \u0130ctimai Birliyi t\u0259r\u0259find\u0259n h\u0259yata ke\u00e7iril\u0259n ekoloji layih\u0259l\u0259r bar\u0259d\u0259 d\u0259 m\u0259lumat verilib. \u018ftraf m\u00fchitin qorunmas\u0131 sah\u0259sind\u0259 ICESCO il\u0259 Heyd\u0259r \u018fliyev Fondunun g\u0259l\u0259c\u0259k \u0259m\u0259kda\u015fl\u0131\u011f\u0131 n\u0259z\u0259rd\u0259n ke\u00e7irilib.<\/p>\n<p>Daha sonra Heyd\u0259r \u018fliyev Fondu il\u0259 ICESCO aras\u0131nda Burkina-Fasoda m\u0259cburi k\u00f6\u00e7k\u00fcn q\u0131zlar v\u0259 internat evl\u0259ri \u00fc\u00e7\u00fcn t\u0259hsil v\u0259 sosial d\u0259st\u0259k layih\u0259si \u00fczr\u0259 \u0259m\u0259kda\u015fl\u0131q sazi\u015fi imzalan\u0131b. S\u0259n\u0259di Heyd\u0259r \u018fliyev Fondunun icra\u00e7\u0131 direktoru Anar \u018fl\u0259kb\u0259rov v\u0259 ICESCO-nun ba\u015f direktoru Salim bin M\u0259h\u0259mm\u0259d \u0259l-Malik imzalay\u0131blar. Layih\u0259nin m\u0259qs\u0259di q\u0131z t\u0259l\u0259b\u0259l\u0259ri laz\u0131mi resurslar, mentorluq v\u0259 t\u0259hl\u00fck\u0259siz, d\u0259st\u0259kl\u0259yici m\u00fchitl\u0259 t\u0259min etm\u0259kdir. Bu is\u0259 keyfiyy\u0259tli t\u0259hsil\u0259 \u00e7\u0131x\u0131\u015f, h\u0259yat bacar\u0131qlar\u0131 t\u0259limi v\u0259 emosional d\u0259st\u0259k, \u015f\u0259xsi inki\u015faf\u0131 v\u0259 dayanaql\u0131\u011f\u0131 t\u0259\u015fviq etm\u0259k kimi m\u0259s\u0259l\u0259l\u0259rin h\u0259lli dem\u0259kdir. Layih\u0259 \u00e7\u0259r\u00e7iv\u0259sind\u0259 seminarlar\u0131n t\u0259\u015fkili, m\u0259kt\u0259bl\u0259rd\u0259 komp\u00fcter sinifl\u0259rinin v\u0259 kitabxanalar\u0131n yarad\u0131lmas\u0131 da n\u0259z\u0259rd\u0259 tutulur. 2025-ci ilin oktyabr ay\u0131nad\u0259k davam ed\u0259c\u0259k layih\u0259 Burkina-Fasonun bir s\u0131ra \u015f\u0259h\u0259rl\u0259rini \u0259hat\u0259 ed\u0259c\u0259k.<\/p>\n<p>N\u00fcmay\u0259nd\u0259 hey\u0259ti daha sonra ICESCO-nun Rabatdak\u0131 q\u0259rargah\u0131nda yarad\u0131lan Pey\u011f\u0259mb\u0259r v\u0259 \u0130slam Sivilizasiyas\u0131 Muzeyini ziyar\u0259t edib. Heyd\u0259r \u018fliyev Fondunun vitse-prezidenti Leyla \u018fliyeva Muzeyin xatir\u0259 kitab\u0131na \u00fcr\u0259k s\u00f6zl\u0259rini yaz\u0131b.<\/p>\n<p>Az\u0259rbaycan 50-d\u0259n \u00e7ox m\u00fcs\u0259lman d\u00f6vl\u0259tinin t\u0259msil olundu\u011fu n\u00fcfuzlu beyn\u0259lxalq m\u0259d\u0259ni-humanitar qurum olan \u0130slam d\u00fcnyas\u0131 T\u0259hsil, Elm v\u0259 M\u0259d\u0259niyy\u0259t T\u0259\u015fkilat\u0131n\u0131n (ICESCO) 1991-ci ild\u0259n \u00fczv\u00fcd\u00fcr. H\u0259min vaxtdan qurulmu\u015f m\u00fcnasib\u0259tl\u0259r Az\u0259rbaycan\u0131n Birinci vitse-prezidenti Mehriban \u018fliyevan\u0131n 2006-c\u0131 ild\u0259 ICESCO-nun xo\u015fm\u0259raml\u0131 s\u0259firi ad\u0131na layiq g\u00f6r\u00fclm\u0259si il\u0259 daha da geni\u015fl\u0259nib.<\/p>\n<p>Mehriban \u018fliyevan\u0131n r\u0259hb\u0259rlik etdiyi Heyd\u0259r \u018fliyev Fondu il\u0259 ISESCO aras\u0131nda da s\u0131x \u0259m\u0259kda\u015fl\u0131q m\u00f6vcuddur. T\u0259hsil, m\u0259d\u0259niyy\u0259t, s\u0259hiyy\u0259nin inki\u015faf\u0131 m\u0259s\u0259l\u0259l\u0259rini prioritet kimi q\u0259bul ed\u0259n Heyd\u0259r \u018fliyev Fondunun bu istiqam\u0259td\u0259 g\u00f6rd\u00fcy\u00fc i\u015fl\u0259r v\u0259 realla\u015fd\u0131rd\u0131\u011f\u0131 layih\u0259l\u0259r \u0130SESCO-nun \u0259sas f\u0259aliyy\u0259t istiqam\u0259tl\u0259ri il\u0259 uzla\u015fd\u0131\u011f\u0131ndan iki qurum bir \u00e7ox sah\u0259d\u0259 \u0259laq\u0259l\u0259rini daha da geni\u015fl\u0259ndirir.<\/p>\n<p>2024-c\u00fc il \u00fczr\u0259 \u0130slam d\u00fcnyas\u0131n\u0131n m\u0259d\u0259niyy\u0259t paytaxt\u0131 se\u00e7il\u0259n \u015eu\u015fada bu ilin may ay\u0131nda Heyd\u0259r \u018fliyev Fondu v\u0259 ICESCO aras\u0131nda m\u0259d\u0259niyy\u0259t, elm v\u0259 t\u0259hsil, yeni texnologiyalar\u0131n inki\u015faf\u0131 sah\u0259l\u0259rind\u0259 t\u0259cr\u00fcb\u0259 m\u00fcbadil\u0259sinin apar\u0131lmas\u0131n\u0131, eyni zamanda, birg\u0259 layih\u0259l\u0259rin icra olunmas\u0131n\u0131 n\u0259z\u0259rd\u0259 tutan \u0259m\u0259kda\u015fl\u0131\u011fa dair imzalanan memorandum da \u0259laq\u0259l\u0259rin geni\u015fl\u0259ndirilm\u0259si istiqam\u0259tind\u0259 n\u00f6vb\u0259ti add\u0131m kimi d\u0259y\u0259rl\u0259ndiril\u0259 bil\u0259r.<\/p>\n","protected":false},"excerpt":{"rendered":"<p>Heyd\u0259r \u018fliyev Fondunun vitse-prezidenti Leyla \u018fliyeva \u0130slam d\u00fcnyas\u0131 T\u0259hsil, Elm v\u0259 M\u0259d\u0259niyy\u0259t T\u0259\u015fkilat\u0131n\u0131n (ICESCO) M\u0259rake\u015fin Rabat \u015f\u0259h\u0259rind\u0259 yerl\u0259\u015f\u0259n q\u0259rargah\u0131nda olub. Oktyabr\u0131n 14-d\u0259 ICESCO-nun ba\u015f direktoru Salim bin M\u0259h\u0259mm\u0259d \u0259l-Malikl\u0259 g\u00f6r\u00fc\u015fd\u0259 Heyd\u0259r \u018fliyev Fondunun f\u0259aliyy\u0259ti, Az\u0259rbaycan-ICESCO \u0259m\u0259kda\u015fl\u0131\u011f\u0131, o c\u00fcml\u0259d\u0259n Fond il\u0259 birg\u0259 layih\u0259l\u0259r m\u00fczakir\u0259 edilib. ARANTV.AZ\u00a0 x\u0259b\u0259r verir ki,\u00a0noyabr ay\u0131nda \u00f6lk\u0259mizd\u0259 ke\u00e7iril\u0259c\u0259k COP29 \u00e7\u0259r\u00e7iv\u0259sind\u0259 Fond v\u0259 ICESCO aras\u0131ndak\u0131 \u0259m\u0259kda\u015fl\u0131q, t\u0259\u015fkilat\u0131n COP29-da pavilyonla t\u0259msil olunmas\u0131 il\u0259 ba\u011fl\u0131 m\u0259s\u0259l\u0259l\u0259r diqq\u0259t m\u0259rk\u0259zind\u0259 olub. G\u00f6r\u00fc\u015fd\u0259 Heyd\u0259r \u018fliyev Fondunun vitse-prezidenti Leyla \u018fliyevan\u0131n t\u0259sis\u00e7isi v\u0259 r\u0259hb\u0259ri oldu\u011fu IDEA \u0130ctimai Birliyi t\u0259r\u0259find\u0259n h\u0259yata ke\u00e7iril\u0259n ekoloji layih\u0259l\u0259r bar\u0259d\u0259 d\u0259&hellip;<\/p>\n","protected":false},"author":2,"featured_media":761370,"comment_status":"closed","ping_status":"closed","sticky":false,"template":"","format":"standard","meta":{"om_disable_all_campaigns":false,"_monsterinsights_skip_tracking":false,"_monsterinsights_sitenote_active":false,"_monsterinsights_sitenote_note":"","_monsterinsights_sitenote_category":0},"categories":[4],"tags":[],"aioseo_notices":[],"gutentor_comment":0,"rttpg_featured_image_url":{"full":["https:\/\/arantv.az\/wp-content\/uploads\/2024\/10\/82d0e1be172896883485553781710403220.jpg",975,540,false],"landscape":["https:\/\/arantv.az\/wp-content\/uploads\/2024\/10\/82d0e1be172896883485553781710403220.jpg",975,540,false],"portraits":["https:\/\/arantv.az\/wp-content\/uploads\/2024\/10\/82d0e1be172896883485553781710403220.jpg",975,540,false],"thumbnail":["https:\/\/arantv.az\/wp-content\/uploads\/2024\/10\/82d0e1be172896883485553781710403220-500x280.jpg",500,280,true],"medium":["https:\/\/arantv.az\/wp-content\/uploads\/2024\/10\/82d0e1be172896883485553781710403220-660x365.jpg",660,365,true],"large":["https:\/\/arantv.az\/wp-content\/uploads\/2024\/10\/82d0e1be172896883485553781710403220-840x465.jpg",640,354,true],"1536x1536":["https:\/\/arantv.az\/wp-content\/uploads\/2024\/10\/82d0e1be172896883485553781710403220.jpg",975,540,false],"2048x2048":["https:\/\/arantv.az\/wp-content\/uploads\/2024\/10\/82d0e1be172896883485553781710403220.jpg",975,540,false],"post-thumbnail":["https:\/\/arantv.az\/wp-content\/uploads\/2024\/10\/82d0e1be172896883485553781710403220-240x172.jpg",240,172,true],"advps-thumb-one":["https:\/\/arantv.az\/wp-content\/uploads\/2024\/10\/82d0e1be172896883485553781710403220.jpg",975,540,false]},"rttpg_author":{"display_name":"V\u00fcsal Rafiqo\u011flu","author_link":"https:\/\/arantv.az\/?author=2"},"rttpg_comment":0,"rttpg_category":"<a href=\"https:\/\/arantv.az\/?cat=4\" rel=\"category\">Siyas\u0259t<\/a>","rttpg_excerpt":"Heyd\u0259r \u018fliyev Fondunun vitse-prezidenti Leyla \u018fliyeva \u0130slam d\u00fcnyas\u0131 T\u0259hsil, Elm v\u0259 M\u0259d\u0259niyy\u0259t T\u0259\u015fkilat\u0131n\u0131n (ICESCO) M\u0259rake\u015fin Rabat \u015f\u0259h\u0259rind\u0259 yerl\u0259\u015f\u0259n q\u0259rargah\u0131nda olub. Oktyabr\u0131n 14-d\u0259 ICESCO-nun ba\u015f direktoru Salim bin M\u0259h\u0259mm\u0259d \u0259l-Malikl\u0259 g\u00f6r\u00fc\u015fd\u0259 Heyd\u0259r \u018fliyev Fondunun f\u0259aliyy\u0259ti, Az\u0259rbaycan-ICESCO \u0259m\u0259kda\u015fl\u0131\u011f\u0131, o c\u00fcml\u0259d\u0259n Fond il\u0259 birg\u0259 layih\u0259l\u0259r m\u00fczakir\u0259 edilib. ARANTV.AZ\u00a0 x\u0259b\u0259r verir ki,\u00a0noyabr ay\u0131nda \u00f6lk\u0259mizd\u0259 ke\u00e7iril\u0259c\u0259k COP29 \u00e7\u0259r\u00e7iv\u0259sind\u0259 Fond v\u0259&hellip;","_links":{"self":[{"href":"https:\/\/arantv.az\/index.php?rest_route=\/wp\/v2\/posts\/761369"}],"collection":[{"href":"https:\/\/arantv.az\/index.php?rest_route=\/wp\/v2\/posts"}],"about":[{"href":"https:\/\/arantv.az\/index.php?rest_route=\/wp\/v2\/types\/post"}],"author":[{"embeddable":true,"href":"https:\/\/arantv.az\/index.php?rest_route=\/wp\/v2\/users\/2"}],"replies":[{"embeddable":true,"href":"https:\/\/arantv.az\/index.php?rest_route=%2Fwp%2Fv2%2Fcomments&post=761369"}],"version-history":[{"count":1,"href":"https:\/\/arantv.az\/index.php?rest_route=\/wp\/v2\/posts\/761369\/revisions"}],"predecessor-version":[{"id":761371,"href":"https:\/\/arantv.az\/index.php?rest_route=\/wp\/v2\/posts\/761369\/revisions\/761371"}],"wp:featuredmedia":[{"embeddable":true,"href":"https:\/\/arantv.az\/index.php?rest_route=\/wp\/v2\/media\/761370"}],"wp:attachment":[{"href":"https:\/\/arantv.az\/index.php?rest_route=%2Fwp%2Fv2%2Fmedia&parent=761369"}],"wp:term":[{"taxonomy":"category","embeddable":true,"href":"https:\/\/arantv.az\/index.php?rest_route=%2Fwp%2Fv2%2Fcategories&post=761369"},{"taxonomy":"post_tag","embeddable":true,"href":"https:\/\/arantv.az\/index.php?rest_route=%2Fwp%2Fv2%2Ftags&post=761369"}],"curies":[{"name":"wp","href":"https:\/\/api.w.org\/{rel}","templated":true}]}}