{"id":761379,"date":"2024-10-15T09:58:28","date_gmt":"2024-10-15T05:58:28","guid":{"rendered":"https:\/\/arantv.az\/?p=761379"},"modified":"2024-10-15T09:58:28","modified_gmt":"2024-10-15T05:58:28","slug":"makronun-%c9%99sirin%c9%99-cevril%c9%99nl%c9%99r","status":"publish","type":"post","link":"https:\/\/arantv.az\/?p=761379","title":{"rendered":"Makronun \u0259sirin\u0259 \u00e7evril\u0259nl\u0259r&#8230;"},"content":{"rendered":"<p>BMT-nin \u0130qlim D\u0259yi\u015fikliyi \u00fczr\u0259 \u00c7\u0259r\u00e7iv\u0259 Konvensiyas\u0131n\u0131n T\u0259r\u0259fl\u0259r Konfrans\u0131n\u0131n 29-cu sessiyas\u0131 (COP29) yax\u0131nla\u015fd\u0131qca vahid m\u0259rk\u0259zd\u0259n, y\u0259ni AB\u015e v\u0259 Fransadan idar\u0259 olunan anti-Az\u0259rbaycan q\u00fcvv\u0259l\u0259r insan h\u00fcquqlar\u0131 b\u0259han\u0259si il\u0259 \u00f6lk\u0259miz\u0259 qar\u015f\u0131 h\u00fccumlar\u0131 intensivl\u0259\u015fdiribl\u0259r.<\/p>\n<p>Fransa, Litva, Kanada kimi bu h\u00fccumlar\u0131n \u00f6n\u00fcnd\u0259 ged\u0259nl\u0259rd\u0259n biri d\u0259 Niderland Krall\u0131\u011f\u0131n\u0131n Parlamentinin N\u00fcmay\u0259nd\u0259l\u0259r Palatas\u0131d\u0131r. Az\u0259rbaycan\u0131n qa\u00e7q\u0131n v\u0259 m\u0259cburi k\u00f6\u00e7k\u00fcn problemin\u0259 diqq\u0259t yetirm\u0259y\u0259n, Erm\u0259nistan t\u0259r\u0259find\u0259n bir milyon az\u0259rbaycanl\u0131ya qar\u015f\u0131 etnik t\u0259mizl\u0259m\u0259 apar\u0131lmas\u0131na\u00a0 h\u0259l\u0259 d\u0259 bigan\u0259 yana\u015fan, b\u00fct\u00fcn bunlarla ba\u011fl\u0131 he\u00e7 vaxt a\u00e7\u0131qlama verm\u0259y\u0259n,\u00a0 qanl\u0131 m\u00fcst\u0259ml\u0259k\u0259 ke\u00e7mi\u015fin\u0259 malik olan bu \u00f6lk\u0259nin parlamenti iddia edir ki, guya saxlan\u0131lanlar h\u0259rbi \u0259sirl\u0259rdir. Halbuki, tutarl\u0131 faktlar \u0259sas\u0131nda r\u0259smi Bak\u0131 d\u0259f\u0259l\u0259rl\u0259 b\u0259yan edib ki,\u00a0 onlar Az\u0259rbaycan \u0259razisind\u0259 separat\u00e7\u0131l\u0131q, q\u0259sd\u0259n adam \u00f6ld\u00fcrm\u0259, i\u015fg\u0259nc\u0259, terror\u00e7uluq v\u0259 dig\u0259r insanl\u0131q \u0259leyhin\u0259 a\u011flas\u0131\u011fmaz cinay\u0259tl\u0259rin t\u00f6r\u0259dilm\u0259sind\u0259 t\u0259qsirl\u0259ndiril\u0259n \u015f\u0259xsl\u0259rdir. H\u0259tta onlar \u201cAz\u0259rbaycan xalq\u0131n\u0131 X\u0259z\u0259r\u0259 t\u00f6km\u0259k\u201d niyy\u0259tl\u0259rini a\u00e7\u0131q ifad\u0259 edirdil\u0259r. Prezident \u0130lham \u018fliyevin\u00a0 qeyd etdiyi kimi, Bak\u0131ya q\u0259d\u0259r g\u0259l\u0259c\u0259kl\u0259rini deyirdil\u0259r, g\u0259ldil\u0259r, amma qollar\u0131 qandall\u0131, g\u00f6zl\u0259ri ba\u011fl\u0131. B\u0259li, indi h\u0259min erm\u0259ni separat\u00e7\u0131lar\u0131 haqq etdikl\u0259ri c\u0259zalar\u0131n\u0131 \u00e7\u0259kirl\u0259r.<\/p>\n<p>Bu s\u0259b\u0259bd\u0259n onlar\u0131n h\u0259rbi \u0259sir kimi q\u0259l\u0259m\u0259 verilm\u0259si beyn\u0259lxalq h\u00fcquqa da h\u00f6rm\u0259tsizlikdir. Bu is\u0259 o dem\u0259kdir ki,\u00a0 erm\u0259ni lobbisinin t\u0259siri alt\u0131na d\u00fc\u015f\u0259n Niderland t\u0259r\u0259fini saxlad\u0131\u011f\u0131 Erm\u0259nistan namin\u0259 beyn\u0259lxalq normalar\u0131 s\u00f6z\u00fcn h\u0259qiqi m\u0259nas\u0131nda ayaqlar alt\u0131na\u00a0 at\u0131r. Yeri g\u0259lmi\u015fk\u0259n, Erm\u0259nistan\u0131n ba\u015f naziri Nikol\u00a0 Pa\u015finyan a\u00e7\u0131qlamalar\u0131n\u0131n he\u00e7 birind\u0259 Az\u0259rbaycan h\u0259bsxanas\u0131ndak\u0131 Qaraba\u011f separat\u00e7\u0131lar\u0131ndan s\u00f6z a\u00e7m\u0131r. Bu yerd\u0259 deyibl\u0259r d\u0259, it motaldan \u0259l \u00e7\u0259kdi, motal \u0259l \u00e7\u0259km\u0259di.<\/p>\n<p>\u00dcst\u0259lik, Erm\u0259nistanda y\u00fczl\u0259rl\u0259 m\u0259scidin v\u0259 dig\u0259r m\u0259d\u0259ni abid\u0259l\u0259rin da\u011f\u0131d\u0131lmas\u0131na, el\u0259c\u0259 d\u0259 vaxtil\u0259 i\u015f\u011fal alt\u0131nda olmu\u015f \u0259razil\u0259rd\u0259 Az\u0259rbaycan m\u0259d\u0259ni irsin\u0259 vurulan z\u0259r\u0259r\u0259, y\u00fczl\u0259rl\u0259 \u015f\u0259h\u0259r v\u0259 k\u0259ndin da\u011f\u0131d\u0131lmas\u0131na he\u00e7 bir reaksiya verm\u0259y\u0259n, haylar\u0131n v\u0259 onlar\u0131n havadarlar\u0131n\u0131n saxta t\u0259bli\u011fat\u0131na uyan, bununla da\u00a0 C\u0259nubi Qafqaz regionunda real v\u0259ziyy\u0259ti t\u0259hrif ed\u0259n bu \u00f6lk\u0259nin parlamenti bildirir ki, beyn\u0259lxalq normalar \u00e7\u0259r\u00e7iv\u0259sind\u0259 i\u015f\u011faldan azad edilmi\u015f \u0259razil\u0259rd\u0259 guya erm\u0259ni m\u0259d\u0259ni irsi t\u0259hl\u00fck\u0259 alt\u0131ndad\u0131r. \u015eu\u015fa \u015f\u0259h\u0259rind\u0259 yerl\u0259\u015f\u0259n Qazan\u00e7\u0131 kils\u0259sinin yenic\u0259 ba\u015fa \u00e7atd\u0131r\u0131lm\u0131\u015f b\u0259rpas\u0131 bir daha t\u0259sdiq edir ki, Az\u0259rbaycanda he\u00e7 bir \u201cerm\u0259ni abid\u0259si\u201d t\u0259hl\u00fck\u0259 alt\u0131nda deyil. Y\u0259ni, r\u0259smi Bak\u0131 dini v\u0259 etnik m\u0259nsubiyy\u0259tind\u0259n as\u0131l\u0131 olmayaraq b\u00fct\u00fcn m\u0259d\u0259ni irsin qorunmas\u0131n\u0131 t\u0259min edir. Bununla da \u00f6lk\u0259miz tarixi multikulturalizm \u0259n\u0259n\u0259l\u0259rin\u0259 sadiq oldu\u011funu n\u00f6vb\u0259ti d\u0259f\u0259 g\u00f6st\u0259rib. Bel\u0259 olan t\u0259qdird\u0259 Srebrenitsa soyq\u0131r\u0131m\u0131na g\u00f6r\u0259 m\u0259suliyy\u0259t da\u015f\u0131yan v\u0259 Boner, Sint Eustatius, Saba, Aruba, Kurasao,\u00a0 Sint Maarten kimi d\u0259niz \u0259razil\u0259rind\u0259 dekolonizasiya \u00f6hd\u0259likl\u0259rini yerin\u0259 yetirm\u0259kd\u0259n imtina ed\u0259n Niderland\u0131n\u00a0 bu formada at\u0131l\u0131b-d\u00fc\u015fm\u0259sin\u0259 n\u0259 ad verm\u0259k olar? \u015e\u00fcbh\u0259siz, haqqa, \u0259dal\u0259t\u0259, beyn\u0259lxalq h\u00fcquq normalar\u0131na q\u0259nim k\u0259sil\u0259nl\u0259r, Az\u0259rbaycanofob siyas\u0259t y\u00fcr\u00fcd\u0259nl\u0259r\u2026<\/p>\n<p>Qeyd ed\u0259k ki, Niderland\u0131n anti-Az\u0259rbaycan siyas\u0259ti il\u0259 g\u00fcnd\u0259m\u0259 g\u0259ldiyi birinci d\u0259f\u0259 deyil. Bel\u0259 ki,\u00a0 V\u0259t\u0259n m\u00fcharib\u0259sind\u0259n, el\u0259c\u0259 d\u0259 bir g\u00fcnl\u00fck lokal antiterror \u0259m\u0259liyyat\u0131ndan sonra Niderland Parlamenti d\u0259f\u0259l\u0259rl\u0259 \u00f6lk\u0259miz\u0259 qar\u015f\u0131 q\u0259r\u0259zli m\u00f6vqe n\u00fcmayi\u015f etdirib. Bu ilin\u00a0 sentyabr ay\u0131nda Niderland Krall\u0131\u011f\u0131n\u0131n h\u00f6kum\u0259ti t\u0259r\u0259find\u0259n haz\u0131rk\u0131 s\u0259lahiyy\u0259t m\u00fcdd\u0259ti \u00fc\u00e7\u00fcn planlar\u0131n\u0131 \u00f6z\u00fcnd\u0259 \u0259ks etdir\u0259n proqram ictimaiyy\u0259t\u0259 t\u0259qdim olunmu\u015fdu. H\u0259min proqram\u0131n artmaqda olan m\u00fcnaqi\u015f\u0259l\u0259ri \u0259hat\u0259 ed\u0259n \u201cBeyn\u0259lxalq t\u0259hl\u00fck\u0259sizlik\u201d b\u00f6lm\u0259sind\u0259 Az\u0259rbaycan \u0259razil\u0259rinin azad edilm\u0259si \u201cDa\u011fl\u0131q Qaraba\u011f\u0131n \u0259l\u0259 ke\u00e7irilm\u0259si\u201d kimi qeyd edilmi\u015fdi. Halbuki, Az\u0259rbaycanda \u201cDa\u011fl\u0131q Qaraba\u011f\u201d adl\u0131 inzibati v\u0259 ya co\u011frafi vahid yoxdur.<\/p>\n<p>Yen\u0259 \u00f6t\u0259n ay Niderland\u0131n xarici i\u015fl\u0259r naziri erm\u0259ni \u0259silli \u015f\u0259xsl\u0259rn\u00a0 Az\u0259rbaycan\u0131n Qaraba\u011f b\u00f6lg\u0259sini guya m\u0259cbur\u0259n t\u0259rk etm\u0259sini d\u0259 \u0259sasland\u0131rma\u011fa \u00e7al\u0131\u015fm\u0131\u015fd\u0131. \u015e\u00fcbh\u0259siz, Niderland\u0131n \u00f6lk\u0259miz\u0259 qar\u015f\u0131 sistematik olaraq \u0259sass\u0131z iddialarla \u00e7\u0131x\u0131\u015f etm\u0259si q\u0259buledilm\u0259zdir.<\/p>\n<p>B\u00fct\u00fcn bunlar g\u00f6st\u0259rir ki, \u201cerm\u0259nil\u0259\u015fm\u0259\u201d x\u0259st\u0259liyin\u0259 yoluxdu\u011fu a\u015fkar g\u00f6r\u00fcn\u0259n Niderland Parlamentinin N\u00fcmay\u0259nd\u0259l\u0259r Palatas\u0131, el\u0259c\u0259 d\u0259 bu \u00f6lk\u0259nin r\u0259hb\u0259r v\u0259zif\u0259li \u015f\u0259xsl\u0259ri C\u0259nubi Qafqaz b\u00f6lg\u0259sind\u0259 s\u00fclh v\u0259 sabitlik yarad\u0131lmas\u0131na \u0259sla maraql\u0131 deyill\u0259r. Bu m\u0259nada Litva, Kanada kimi Niderland da b\u00f6lg\u0259y\u0259 q\u0259nim k\u0259sil\u0259n, \u00c7\u0259nubi Qafqazda m\u00f6hk\u0259ml\u0259nm\u0259k namin\u0259 Erm\u0259nistan\u0131 silahland\u0131ran, onun h\u0259r anti-s\u00fclh gedi\u015fini m\u00fcdafi\u0259 ed\u0259n Q\u0259rbin, x\u00fcsusil\u0259 Makron Fransas\u0131n\u0131n \u0259sirin\u0259 \u00e7evrilib.<\/p>\n<p><strong>Qvami M\u0259h\u0259bb\u0259to\u011flu, \u201c\u0130ki sahil\u201d<\/strong><\/p>\n","protected":false},"excerpt":{"rendered":"<p>BMT-nin \u0130qlim D\u0259yi\u015fikliyi \u00fczr\u0259 \u00c7\u0259r\u00e7iv\u0259 Konvensiyas\u0131n\u0131n T\u0259r\u0259fl\u0259r Konfrans\u0131n\u0131n 29-cu sessiyas\u0131 (COP29) yax\u0131nla\u015fd\u0131qca vahid m\u0259rk\u0259zd\u0259n, y\u0259ni AB\u015e v\u0259 Fransadan idar\u0259 olunan anti-Az\u0259rbaycan q\u00fcvv\u0259l\u0259r insan h\u00fcquqlar\u0131 b\u0259han\u0259si il\u0259 \u00f6lk\u0259miz\u0259 qar\u015f\u0131 h\u00fccumlar\u0131 intensivl\u0259\u015fdiribl\u0259r. Fransa, Litva, Kanada kimi bu h\u00fccumlar\u0131n \u00f6n\u00fcnd\u0259 ged\u0259nl\u0259rd\u0259n biri d\u0259 Niderland Krall\u0131\u011f\u0131n\u0131n Parlamentinin N\u00fcmay\u0259nd\u0259l\u0259r Palatas\u0131d\u0131r. Az\u0259rbaycan\u0131n qa\u00e7q\u0131n v\u0259 m\u0259cburi k\u00f6\u00e7k\u00fcn problemin\u0259 diqq\u0259t yetirm\u0259y\u0259n, Erm\u0259nistan t\u0259r\u0259find\u0259n bir milyon az\u0259rbaycanl\u0131ya qar\u015f\u0131 etnik t\u0259mizl\u0259m\u0259 apar\u0131lmas\u0131na\u00a0 h\u0259l\u0259 d\u0259 bigan\u0259 yana\u015fan, b\u00fct\u00fcn bunlarla ba\u011fl\u0131 he\u00e7 vaxt a\u00e7\u0131qlama verm\u0259y\u0259n,\u00a0 qanl\u0131 m\u00fcst\u0259ml\u0259k\u0259 ke\u00e7mi\u015fin\u0259 malik olan bu \u00f6lk\u0259nin parlamenti iddia edir ki, guya saxlan\u0131lanlar h\u0259rbi \u0259sirl\u0259rdir. Halbuki, tutarl\u0131&hellip;<\/p>\n","protected":false},"author":2,"featured_media":761380,"comment_status":"closed","ping_status":"closed","sticky":false,"template":"","format":"standard","meta":{"om_disable_all_campaigns":false,"_monsterinsights_skip_tracking":false,"_monsterinsights_sitenote_active":false,"_monsterinsights_sitenote_note":"","_monsterinsights_sitenote_category":0},"categories":[19],"tags":[],"aioseo_notices":[],"gutentor_comment":0,"rttpg_featured_image_url":{"full":["https:\/\/arantv.az\/wp-content\/uploads\/2024\/10\/80748568172734623088338972610165928-1.jpg",975,540,false],"landscape":["https:\/\/arantv.az\/wp-content\/uploads\/2024\/10\/80748568172734623088338972610165928-1.jpg",975,540,false],"portraits":["https:\/\/arantv.az\/wp-content\/uploads\/2024\/10\/80748568172734623088338972610165928-1.jpg",975,540,false],"thumbnail":["https:\/\/arantv.az\/wp-content\/uploads\/2024\/10\/80748568172734623088338972610165928-1-500x280.jpg",500,280,true],"medium":["https:\/\/arantv.az\/wp-content\/uploads\/2024\/10\/80748568172734623088338972610165928-1-660x365.jpg",660,365,true],"large":["https:\/\/arantv.az\/wp-content\/uploads\/2024\/10\/80748568172734623088338972610165928-1-840x465.jpg",640,354,true],"1536x1536":["https:\/\/arantv.az\/wp-content\/uploads\/2024\/10\/80748568172734623088338972610165928-1.jpg",975,540,false],"2048x2048":["https:\/\/arantv.az\/wp-content\/uploads\/2024\/10\/80748568172734623088338972610165928-1.jpg",975,540,false],"post-thumbnail":["https:\/\/arantv.az\/wp-content\/uploads\/2024\/10\/80748568172734623088338972610165928-1-240x172.jpg",240,172,true],"advps-thumb-one":["https:\/\/arantv.az\/wp-content\/uploads\/2024\/10\/80748568172734623088338972610165928-1.jpg",975,540,false]},"rttpg_author":{"display_name":"V\u00fcsal Rafiqo\u011flu","author_link":"https:\/\/arantv.az\/?author=2"},"rttpg_comment":0,"rttpg_category":"<a href=\"https:\/\/arantv.az\/?cat=19\" rel=\"category\">G\u00fcnd\u0259m<\/a>","rttpg_excerpt":"BMT-nin \u0130qlim D\u0259yi\u015fikliyi \u00fczr\u0259 \u00c7\u0259r\u00e7iv\u0259 Konvensiyas\u0131n\u0131n T\u0259r\u0259fl\u0259r Konfrans\u0131n\u0131n 29-cu sessiyas\u0131 (COP29) yax\u0131nla\u015fd\u0131qca vahid m\u0259rk\u0259zd\u0259n, y\u0259ni AB\u015e v\u0259 Fransadan idar\u0259 olunan anti-Az\u0259rbaycan q\u00fcvv\u0259l\u0259r insan h\u00fcquqlar\u0131 b\u0259han\u0259si il\u0259 \u00f6lk\u0259miz\u0259 qar\u015f\u0131 h\u00fccumlar\u0131 intensivl\u0259\u015fdiribl\u0259r. Fransa, Litva, Kanada kimi bu h\u00fccumlar\u0131n \u00f6n\u00fcnd\u0259 ged\u0259nl\u0259rd\u0259n biri d\u0259 Niderland Krall\u0131\u011f\u0131n\u0131n Parlamentinin N\u00fcmay\u0259nd\u0259l\u0259r Palatas\u0131d\u0131r. Az\u0259rbaycan\u0131n qa\u00e7q\u0131n v\u0259 m\u0259cburi k\u00f6\u00e7k\u00fcn problemin\u0259 diqq\u0259t yetirm\u0259y\u0259n, Erm\u0259nistan t\u0259r\u0259find\u0259n&hellip;","_links":{"self":[{"href":"https:\/\/arantv.az\/index.php?rest_route=\/wp\/v2\/posts\/761379"}],"collection":[{"href":"https:\/\/arantv.az\/index.php?rest_route=\/wp\/v2\/posts"}],"about":[{"href":"https:\/\/arantv.az\/index.php?rest_route=\/wp\/v2\/types\/post"}],"author":[{"embeddable":true,"href":"https:\/\/arantv.az\/index.php?rest_route=\/wp\/v2\/users\/2"}],"replies":[{"embeddable":true,"href":"https:\/\/arantv.az\/index.php?rest_route=%2Fwp%2Fv2%2Fcomments&post=761379"}],"version-history":[{"count":1,"href":"https:\/\/arantv.az\/index.php?rest_route=\/wp\/v2\/posts\/761379\/revisions"}],"predecessor-version":[{"id":761381,"href":"https:\/\/arantv.az\/index.php?rest_route=\/wp\/v2\/posts\/761379\/revisions\/761381"}],"wp:featuredmedia":[{"embeddable":true,"href":"https:\/\/arantv.az\/index.php?rest_route=\/wp\/v2\/media\/761380"}],"wp:attachment":[{"href":"https:\/\/arantv.az\/index.php?rest_route=%2Fwp%2Fv2%2Fmedia&parent=761379"}],"wp:term":[{"taxonomy":"category","embeddable":true,"href":"https:\/\/arantv.az\/index.php?rest_route=%2Fwp%2Fv2%2Fcategories&post=761379"},{"taxonomy":"post_tag","embeddable":true,"href":"https:\/\/arantv.az\/index.php?rest_route=%2Fwp%2Fv2%2Ftags&post=761379"}],"curies":[{"name":"wp","href":"https:\/\/api.w.org\/{rel}","templated":true}]}}