{"id":761382,"date":"2024-10-15T09:59:15","date_gmt":"2024-10-15T05:59:15","guid":{"rendered":"https:\/\/arantv.az\/?p=761382"},"modified":"2024-10-15T09:59:15","modified_gmt":"2024-10-15T05:59:15","slug":"az%c9%99rbaycan-tarixind%c9%99-boyuk-q%c9%99l%c9%99b%c9%99l%c9%99r-dovrunun-baslangici-15-oktyabr","status":"publish","type":"post","link":"https:\/\/arantv.az\/?p=761382","title":{"rendered":"Az\u0259rbaycan tarixind\u0259 b\u00f6y\u00fck q\u0259l\u0259b\u0259l\u0259r d\u00f6vr\u00fcn\u00fcn ba\u015flan\u011f\u0131c\u0131 &#8211; 15 oktyabr"},"content":{"rendered":"<p><em><strong>\u00d6t\u0259n il Prezident \u0130lham \u018fliyevin Xank\u0259ndi \u015f\u0259h\u0259rinin m\u0259rk\u0259zi meydan\u0131nda Az\u0259rbaycan Bayra\u011f\u0131n\u0131 ucaltd\u0131\u011f\u0131 h\u0259min an iki \u0259srd\u0259n art\u0131q bir zaman k\u0259siyind\u0259 \u00f6lk\u0259miz\u0259 qar\u015f\u0131 yeridil\u0259n m\u0259krli siyas\u0259tin t\u0259hl\u00fck\u0259li al\u0259tin\u0259 \u00e7evrilmi\u015f erm\u0259ni oyunlar\u0131n\u0131n r\u0259sm\u0259n bitdiyinin t\u0259sdiqi oldu<\/strong><\/em><\/p>\n<p>Az\u0259rbaycan xalq\u0131n\u0131n taleyind\u0259 m\u00fch\u00fcm \u0259h\u0259miyy\u0259t k\u0259sb ed\u0259n el\u0259 g\u00fcnl\u0259r var ki, h\u0259min g\u00fcnl\u0259rd\u0259 onun g\u0259l\u0259c\u0259k h\u0259yat\u0131n\u0131 m\u00fc\u0259yy\u0259n ed\u0259n \u00f6n\u0259mli ba\u015flan\u011f\u0131clar\u0131n \u0259sas\u0131 qoyulub. Bel\u0259 m\u00fch\u00fcm g\u00fcnl\u0259rd\u0259n biri d\u0259 oktyabr\u0131n 15-n\u0259 t\u0259sad\u00fcf edir. 2003-c\u00fc ilin 15 oktyabr\u0131 tarixind\u0259 ke\u00e7irilmi\u015f prezident se\u00e7kil\u0259rind\u0259 xalq \u00f6z s\u0259sini Ulu \u00d6nd\u0259r Heyd\u0259r \u018fliyev siyas\u0259tinin davam etdirilm\u0259sin\u0259 v\u0259 \u00f6lk\u0259d\u0259 sabitliyin qorunmas\u0131na verdi. H\u0259min tarixd\u0259 ke\u00e7irilmi\u015f se\u00e7kil\u0259rd\u0259 se\u00e7icil\u0259rin 76 faizd\u0259n \u00e7oxu \u0130lham \u018fliyev\u0259 s\u0259s ver\u0259r\u0259k s\u00fclh\u00fcn, \u0259min-amanl\u0131\u011f\u0131n, t\u0259r\u0259qqinin, inki\u015faf\u0131n, quruculu\u011fun v\u0259 sabitliyin t\u0259r\u0259find\u0259 oldu\u011funu n\u00fcmayi\u015f etdirdi. 21 il bundan \u0259vv\u0259l Prezident se\u00e7ilmi\u015f \u0130lham \u018fliyev do\u011fma xalq\u0131na m\u00fcraci\u0259t ed\u0259r\u0259k s\u00f6z vermi\u015fdi ki, Az\u0259rbaycan xalq\u0131n\u0131n v\u0259 Az\u0259rbaycan d\u00f6vl\u0259tinin milli maraqlar\u0131n\u0131 m\u00fcdafi\u0259 ed\u0259c\u0259k v\u0259 Az\u0259rbaycan\u0131n \u0259razi b\u00fct\u00f6vl\u00fcy\u00fcn\u00fc qoruyacaq. D\u00f6vl\u0259t ba\u015f\u00e7\u0131s\u0131 xalqa ilk m\u00fcraci\u0259tind\u0259 \u201cM\u0259n h\u0259r bir az\u0259rbaycanl\u0131n\u0131n prezidenti olaca\u011fam!\u201d \u2013 demi\u015fdi. Bu g\u00fcn h\u0259min ifad\u0259nin h\u0259qiq\u0259t\u0259 \u00e7evrildiyi tarix\u0259 \u015fahidlik etm\u0259k h\u0259r bir az\u0259rbaycanl\u0131ya yaln\u0131z q\u00fcrur hissl\u0259ri ya\u015fad\u0131r. Prezident \u0130lham \u018fliyevin ali d\u00f6vl\u0259t v\u0259zif\u0259sind\u0259 ilk g\u00fcnl\u0259rd\u0259n ba\u015flayaraq n\u00fcmayi\u015f etdirdiyi y\u00fcks\u0259k idar\u0259\u00e7ilik m\u0259har\u0259ti, q\u0259tiyy\u0259tli v\u0259 milli maraqlara s\u00f6yk\u0259n\u0259n daxili v\u0259 xarici siyas\u0259ti \u00e7ox ke\u00e7m\u0259d\u0259n \u00f6z m\u00fcsb\u0259t n\u0259tic\u0259l\u0259rini verdi. Xalq\u0131n \u00f6z liderin\u0259 inam v\u0259 etimad\u0131 g\u00f6r\u00fclm\u0259mi\u015f d\u0259r\u0259c\u0259d\u0259 artd\u0131. M\u0259hz buna g\u00f6r\u0259 d\u0259 2008-ci, 2013-c\u00fc, 2018-ci v\u0259 2024-c\u00fc ill\u0259rd\u0259 ke\u00e7iril\u0259n prezident se\u00e7kil\u0259rind\u0259 d\u0259 c\u0259nab \u0130lham \u018fliyev yenid\u0259n inaml\u0131 q\u0259l\u0259b\u0259 qazand\u0131.<\/p>\n<p>2003-2024-c\u00fc ill\u0259r \u00f6lk\u0259mizin tarixin\u0259 y\u00fcks\u0259li\u015f d\u00f6vr\u00fc kimi daxil olub. Bu g\u00fcn \u00f6lk\u0259miz\u0259 Ulu \u00d6nd\u0259r Heyd\u0259r \u018fliyevin z\u0259ngin d\u00f6vl\u0259t\u00e7ilik t\u0259cr\u00fcb\u0259sinin \u0259saslar\u0131n\u0131 d\u0259rind\u0259n m\u0259nims\u0259mi\u015f, xalq\u0131na xidm\u0259ti h\u0259yat amal\u0131na \u00e7evirmi\u015f, Az\u0259rbaycan\u0131n d\u00f6vl\u0259t m\u00fcst\u0259qilliyinin v\u0259 dinamik inki\u015faf\u0131n\u0131n qarant\u0131 oldu\u011funu \u0259yani \u015f\u0259kild\u0259 s\u00fcbuta yetirmi\u015f \u0130lham \u018fliyev kimi m\u00fcdrik, q\u0259tiyy\u0259tli v\u0259 mahir siyas\u0259t\u00e7i r\u0259hb\u0259rlik edir. Prezident \u0130lham \u018fliyevin \u2013 Az\u0259rbaycan\u0131n m\u00fcst\u0259qilliyinin v\u0259 dinamik inki\u015faf\u0131n\u0131n qarant\u0131 olan q\u0259tiyy\u0259tli, m\u00fcdrik liderimizin 21 illik f\u0259aliyy\u0259ti d\u00f6vr\u00fcnd\u0259 Az\u0259rbaycan\u0131n beyn\u0259lxalq n\u00fcfuzu, iqtisadi v\u0259 siyasi g\u00fcc\u00fc Qaraba\u011f\u0131n v\u0259 \u015e\u0259rqi Z\u0259ng\u0259zurun i\u015f\u011faldan azad edilm\u0259si il\u0259 daha da m\u00f6hk\u0259ml\u0259ndi. Ali Ba\u015f Komandan\u0131n q\u00fcdr\u0259tli s\u0259rk\u0259rd\u0259liyi il\u0259 2020-ci il sentyabr\u0131n 27-d\u0259 Erm\u0259nistan\u0131n h\u0259rbi t\u0259cav\u00fcz\u00fcn\u0259 cavab olaraq Az\u0259rbaycan qurtulu\u015f sava\u015f\u0131na ba\u015flad\u0131 v\u0259 d\u00fcnyan\u0131 heyr\u0259t\u0259 salan h\u0259rbi u\u011furlara imza atd\u0131. 30 il\u0259 yax\u0131n m\u00fcdd\u0259td\u0259 i\u015f\u011fal alt\u0131nda qalan torpaqlar\u0131m\u0131z 44 g\u00fcn \u0259rzind\u0259 azad olundu. Qaraba\u011f\u0131n tac\u0131, d\u00f6y\u00fcn\u0259n \u00fcr\u0259yi olan \u015eu\u015fan\u0131n f\u0259thi tariximiz\u0259 Z\u0259f\u0259r G\u00fcn\u00fc kimi yaz\u0131ld\u0131. \u0130ki g\u00fcn sonra is\u0259 i\u015f\u011fal\u00e7\u0131 Erm\u0259nistan kapitulyasiya akt\u0131na imza atma\u011fa m\u0259cbur oldu. Bel\u0259likl\u0259, BMT T\u0259hl\u00fck\u0259sizlik \u015euras\u0131n\u0131n 27 il ka\u011f\u0131z \u00fcz\u0259rind\u0259 qalm\u0131\u015f q\u0259tnam\u0259l\u0259rini Az\u0259rbaycan \u00f6z\u00fc icra etdi. Qaraba\u011f Z\u0259f\u0259ri xalq\u0131m\u0131z\u0131n q\u0259hr\u0259manl\u0131q tarixin\u0259 q\u0131z\u0131l h\u0259rfl\u0259rl\u0259 yaz\u0131ld\u0131. Az\u0259rbaycan qalib \u00f6lk\u0259y\u0259, xalq\u0131m\u0131z qalib xalqa \u00e7evrildi. Q\u0259l\u0259b\u0259ni \u015f\u0259rtl\u0259ndir\u0259n m\u00fch\u00fcm amill\u0259rd\u0259n biri d\u0259 Az\u0259rbaycan Prezidentinin diplomatiya m\u00fcst\u0259visind\u0259 \u00e7evik siyas\u0259ti oldu. M\u00fcharib\u0259 d\u00f6vr\u00fcnd\u0259 d\u00f6vl\u0259timizin ba\u015f\u00e7\u0131s\u0131 \u0130lham \u018fliyev xarici K\u0130V-\u0259 30-dan \u00e7ox m\u00fcsahib\u0259 verdi ki, bu da m\u00fcnaqi\u015f\u0259 il\u0259 ba\u011fl\u0131 h\u0259qiq\u0259tl\u0259rin beyn\u0259lxalq ictimaiyy\u0259t\u0259 \u00e7atd\u0131r\u0131lmas\u0131nda m\u00fch\u00fcm rol oynad\u0131. Bu Q\u0259l\u0259b\u0259 say\u0259sind\u0259 regionda yeni reall\u0131qlar yarand\u0131.<\/p>\n<p>2023-c\u00fc il sentyabr\u0131n 19-20-d\u0259 realla\u015fd\u0131r\u0131lan, c\u0259mi 23 saat davam ed\u0259n lokal xarakterli antiterror t\u0259dbirl\u0259ri \u0130kinci Qaraba\u011f m\u00fcharib\u0259sind\u0259 qazan\u0131lm\u0131\u015f m\u00f6ht\u0259\u015f\u0259m v\u0259 tarixi Z\u0259f\u0259rin m\u0259ntiqi davam\u0131 olaraq, \u00f6lk\u0259mizi \u0259sas h\u0259d\u0259fin\u0259 qovu\u015fdurdu. Az\u0259rbaycan \u0259razil\u0259rind\u0259 Erm\u0259nistan\u0131n formala\u015fd\u0131rd\u0131\u011f\u0131 qanunsuz xunta rejiminin m\u00f6vcudlu\u011funa bird\u0259f\u0259lik son qoyuldu. Az\u0259rbaycan\u0131n h\u0259l\u0259 \u0130kinci Qaraba\u011f m\u00fcharib\u0259si zaman\u0131 Xank\u0259ndini v\u0259 dig\u0259r \u0259razil\u0259ri Erm\u0259nistan\u0131n qanunsuz h\u0259rbi birl\u0259\u015fm\u0259l\u0259rind\u0259n t\u0259mizl\u0259m\u0259k imkan\u0131 olsa da, r\u0259smi Bak\u0131 h\u0259rbi g\u00fcc t\u0259tbiqin\u0259 \u00fcst\u00fcnl\u00fck verm\u0259di. Postm\u00fcharib\u0259 d\u00f6vr\u00fcnd\u0259 Qaraba\u011f erm\u0259nil\u0259rinin sivil reinteqrasiyas\u0131na \u00e7al\u0131\u015fan \u00f6lk\u0259 r\u0259hb\u0259rliyi humanist yana\u015fma g\u00f6st\u0259rdi, qar\u015f\u0131 t\u0259r\u0259fi d\u0259f\u0259l\u0259rl\u0259 dan\u0131\u015f\u0131qlara d\u0259v\u0259t etdi. Lakin Erm\u0259nistan\u0131n v\u0259 Qaraba\u011fda s\u00fcquta u\u011frad\u0131lm\u0131\u015f separat\u00e7\u0131 rejimin r\u0259hb\u0259rliyi \u00fc\u00e7 il\u0259 yax\u0131n m\u00fcdd\u0259td\u0259 Az\u0259rbaycan\u0131n dayan\u0131ql\u0131 s\u00fclh v\u0259 reinteqrasiya \u00fc\u00e7\u00fcn t\u0259klif etdiyi b\u00fct\u00fcn s\u0259m\u0259r\u0259li t\u0259klifl\u0259ri r\u0259dd etdi, h\u0259rbi t\u0259xribatlarla b\u00f6lg\u0259d\u0259ki v\u0259ziyy\u0259ti g\u0259rginl\u0259\u015fdirm\u0259k yolu se\u00e7di. Bu, Az\u0259rbaycan\u0131n h\u0259rbi-siyasi, diplomatik g\u00fcc\u00fcn\u00fcn adekvat d\u0259y\u0259rl\u0259ndirilm\u0259m\u0259sinin, revan\u015f iddialar\u0131n\u0131n n\u0259tic\u0259si idi. Bu lokal \u0259m\u0259liyyat Az\u0259rbaycan\u0131n separat\u00e7\u0131l\u0131qla he\u00e7 zaman bar\u0131\u015fmad\u0131\u011f\u0131n\u0131, z\u0259bt edilmi\u015f torpaqlar\u0131n\u0131n azad olunmas\u0131, suverenliyinin b\u0259rpas\u0131 \u00fc\u00e7\u00fcn sonad\u0259k m\u00fcbariz\u0259 aparmaq, \u0259dal\u0259tin tam b\u0259rpas\u0131 namin\u0259 d\u00f6y\u00fc\u015fm\u0259k \u0259zmini b\u00fct\u00fcn d\u00fcnyaya n\u00fcmayi\u015f etdirdi. Qaraba\u011fdak\u0131 separat\u00e7\u0131 rejimin t\u0259slim olaraq Az\u0259rbaycan\u0131n \u015f\u0259rtl\u0259rini q\u0259bul etm\u0259sind\u0259n d\u0259rhal sonra r\u0259smi Bak\u0131 lokal xarakterli antiterror t\u0259dbirl\u0259rini dayand\u0131rd\u0131. \u018fld\u0259 olunmu\u015f raz\u0131la\u015fmaya uy\u011fun \u015f\u0259kild\u0259, silah\u0131 yer\u0259 qoymaqla t\u0259rksilah v\u0259 t\u0259rxis olunan Erm\u0259nistan silahl\u0131 q\u00fcvv\u0259l\u0259rinin \u015f\u0259xsi hey\u0259tinin Qaraba\u011f b\u00f6lg\u0259sind\u0259n La\u00e7\u0131n-Xank\u0259ndi v\u0259 K\u0259lb\u0259c\u0259r-Basarke\u00e7\u0259r istiqam\u0259tind\u0259 \u00e7\u0131x\u0131\u015f\u0131na imkan yarad\u0131ld\u0131. Bu, r\u0259smi Bak\u0131n\u0131n n\u00f6vb\u0259ti humanist add\u0131m\u0131 v\u0259 raz\u0131la\u015fmalara sadiqliyinin g\u00f6st\u0259ricisi oldu. Qanunsuz rejimin ideoloji-siyasi r\u0259hb\u0259rl\u0259rinin \u2013 etnik-dini qar\u015f\u0131durman\u0131 t\u0259\u015fviq etm\u0259kd\u0259, a\u011f\u0131r m\u00fcharib\u0259 cinay\u0259tl\u0259rind\u0259 t\u0259qsirli bilin\u0259n \u015f\u0259xsl\u0259rin tutularaq Bak\u0131ya g\u0259tirilm\u0259si g\u00f6st\u0259rdi ki, \u00f6lk\u0259miz h\u0259rbi canil\u0259ri q\u0259tiyy\u0259n ba\u011f\u0131\u015flam\u0131r, h\u00fcququn aliliyini, tarixi \u0259dal\u0259ti b\u0259rpa edir.<\/p>\n<p>D\u00f6vl\u0259timizin ba\u015f\u00e7\u0131s\u0131 \u0130lham \u018fliyevin \u201cAz\u0259rbaycan Respublikas\u0131n\u0131n i\u015f\u011faldan azad edilmi\u015f \u0259razil\u0259ri \u00fczr\u0259 \u015f\u0259h\u0259r g\u00fcnl\u0259rinin t\u0259sis edilm\u0259si haqq\u0131nda\u201d Az\u0259rbaycan Respublikas\u0131 Prezidentinin 2023-c\u00fc il 31 iyul tarixli 4013 n\u00f6mr\u0259li S\u0259r\u0259ncam\u0131nda d\u0259yi\u015fiklik edilm\u0259si bar\u0259d\u0259 S\u0259r\u0259ncam\u0131 il\u0259 sentyabr\u0131n iyirmisinin \u201cXank\u0259ndi, Xocal\u0131, Xocav\u0259nd v\u0259 A\u011fd\u0259r\u0259 \u015f\u0259h\u0259rl\u0259ri g\u00fcn\u00fc\u201d elan edilm\u0259si \u00f6lk\u0259miz \u00fc\u00e7\u00fcn m\u00fch\u00fcm siyasi v\u0259 t\u0259bli\u011fati \u0259h\u0259miyy\u0259t\u0259 malikdir. Bu S\u0259r\u0259ncam u\u011furla ger\u00e7\u0259kl\u0259\u015fdiril\u0259n lokal xarakterli antiterror t\u0259dbirl\u0259ri n\u0259tic\u0259sind\u0259 qazan\u0131lm\u0131\u015f u\u011furlar\u0131n miqyas\u0131n\u0131 g\u00f6st\u0259rirdi.<\/p>\n<p>Bel\u0259likl\u0259, 2020-ci ild\u0259 ba\u015flayan \u0130kinci Qaraba\u011f &#8211; V\u0259t\u0259n m\u00fcharib\u0259sind\u0259n sonra, 2023-c\u00fc ilin 15 oktyabr g\u00fcn\u00fc h\u0259r birimiz\u0259 can\u0131 q\u0259d\u0259r do\u011fma olan Az\u0259rbaycan Bayra\u011f\u0131n\u0131n Xank\u0259ndid\u0259 ucalmas\u0131, Az\u0259rbaycan Gerbinin \u00f6lk\u0259mizin konstitusion h\u00fcdudlar\u0131nda g\u00fcn\u0259\u015f kimi parlamas\u0131 il\u0259 bitdi. Prezident \u0130lham \u018fliyevin Xank\u0259ndi \u015f\u0259h\u0259rinin m\u0259rk\u0259zi meydan\u0131nda Az\u0259rbaycan Bayra\u011f\u0131 qald\u0131rd\u0131qdan sonra do\u011fma xalq\u0131m\u0131za m\u00fcraci\u0259ti 20 il bundan \u0259vv\u0259l Az\u0259rbaycan v\u0259t\u0259nda\u015flar\u0131n\u0131n n\u0259 d\u0259r\u0259c\u0259d\u0259 m\u00fcdrik q\u0259rar verdiyini bir daha ortaya qoydu: \u201cD\u00fcz 20 il bundan \u0259vv\u0259l Az\u0259rbaycan xalq\u0131 m\u0259n\u0259 b\u00f6y\u00fck etimad g\u00f6st\u0259r\u0259r\u0259k prezident se\u00e7kil\u0259rind\u0259 Prezident v\u0259zif\u0259sin\u0259 se\u00e7mi\u015fdir. O vaxt do\u011fma xalq\u0131ma m\u00fcraci\u0259t ed\u0259r\u0259k s\u00f6z vermi\u015fdim ki, Az\u0259rbaycan xalq\u0131n\u0131n v\u0259 Az\u0259rbaycan d\u00f6vl\u0259tinin milli maraqlar\u0131n\u0131 m\u00fcdafi\u0259 ed\u0259c\u0259y\u0259m, Az\u0259rbaycan\u0131n \u0259razi b\u00fct\u00f6vl\u00fcy\u00fcn\u00fc qoruyaca\u011fam. Konstitusiyaya v\u0259 \u201cQurani-K\u0259rim\u201d\u0259 \u0259l basaraq and i\u00e7mi\u015fdim. \u015eadam ki, son 20 il \u0259rzind\u0259 verdiyim b\u00fct\u00fcn v\u0259dl\u0259r, qar\u015f\u0131ma qoydu\u011fum b\u00fct\u00fcn v\u0259zif\u0259l\u0259r icra edildi. Bu g\u00fcn b\u00fct\u00fcn Az\u0259rbaycan xalq\u0131 \u00fcr\u0259kd\u0259n sevinir, b\u00fct\u00fcn Az\u0259rbaycan xalq\u0131 \u201cAllaha \u015f\u00fck\u00fcr\u201d deyir. Bu g\u00fcn\u00fc biz 30 ild\u0259n \u00e7ox g\u00f6zl\u0259mi\u015fdik. Ancaq h\u0259r birimiz, \u0259min\u0259m v\u0259 inan\u0131rd\u0131q ki, bu g\u00fcn g\u0259l\u0259c\u0259k. \u0130yirmi il bundan \u0259vv\u0259l Prezident kimi \u00f6z v\u0259zif\u0259 borcumu yerin\u0259 yetirm\u0259y\u0259 ba\u015flayanda qar\u015f\u0131ma bir n\u00f6mr\u0259li v\u0259zif\u0259 qoymu\u015fdum ki, Az\u0259rbaycan Bayra\u011f\u0131 o vaxt i\u015f\u011fal alt\u0131nda olan b\u00fct\u00fcn \u0259razil\u0259rd\u0259, b\u00fct\u00fcn torpaqlarda, b\u00fct\u00fcn \u015f\u0259h\u0259r v\u0259 k\u0259ndl\u0259rd\u0259 qald\u0131r\u0131ls\u0131n. H\u0259r g\u00fcn, h\u0259r saat biz bu m\u00fcq\u0259dd\u0259s m\u0259qs\u0259d\u0259 do\u011fru gedirdik. H\u0259r g\u00fcn biz bu m\u00fcq\u0259dd\u0259s an\u0131 yax\u0131nla\u015fd\u0131r\u0131rd\u0131q v\u0259 d\u0259f\u0259l\u0259rl\u0259 deyirdim ki, h\u0259r birimiz, h\u0259r\u0259 \u00f6z yerind\u0259 \u00f6z i\u015fi il\u0259 bu g\u00fcn\u00fc yax\u0131nla\u015fd\u0131rmal\u0131d\u0131r\u201d.<\/p>\n<p>2023-c\u00fc il noyabr\u0131n 8-d\u0259 Xank\u0259ndi \u015f\u0259h\u0259rind\u0259 V\u0259t\u0259n m\u00fcharib\u0259sind\u0259 \u0259ld\u0259 edil\u0259n Z\u0259f\u0259rin \u00fc\u00e7\u00fcnc\u00fc ild\u00f6n\u00fcm\u00fcn\u0259 h\u0259sr olunan t\u0259nt\u0259n\u0259li h\u0259rbi parad\u0131n ke\u00e7irilm\u0259si bir daha Q\u0259l\u0259b\u0259miz\u0259 \u00f6z m\u00f6h\u00fcr\u00fcn\u00fc vurmu\u015f oldu. Az\u0259rbaycan\u0131n Xank\u0259ndi d\u0259 daxil olmaqla, suverenliyini b\u0259rpa etdiyi tarixi \u0259razil\u0259rind\u0259 c\u0259mi 1 il m\u00fcdd\u0259tind\u0259 realla\u015fd\u0131rd\u0131\u011f\u0131 geni\u015fmiqyasl\u0131 abadl\u0131q-quruculuq i\u015fl\u0259ri, Qaraba\u011f Universitetinin f\u0259aliyy\u0259t\u0259 ba\u015flamas\u0131, ke\u00e7mi\u015f m\u0259cburi k\u00f6\u015fk\u00fcnl\u0259rin yurdlar\u0131na qay\u0131tmalar\u0131 revan\u015f x\u00fclyas\u0131ndan \u0259l \u00e7\u0259km\u0259y\u0259n Erm\u0259nistan\u0131n m\u00fc\u0259yy\u0259n h\u0259rbi-siyasi dair\u0259l\u0259rin\u0259 \u201cg\u00f6zda\u011f\u0131\u201d v\u0259 s\u0259rt mesajd\u0131r. Bu g\u00fcn art\u0131q Xank\u0259ndid\u0259 t\u0259l\u0259b\u0259l\u0259rimiz t\u0259hsil al\u0131r. Burada h\u0259yat yenid\u0259n canlan\u0131r. D\u00f6vl\u0259t ba\u015f\u00e7\u0131s\u0131 bu m\u00fcdd\u0259t \u0259rzind\u0259 Xank\u0259ndiy\u0259 bir ne\u00e7\u0259 d\u0259f\u0259 s\u0259f\u0259r edib. Bir s\u0131ra infrastruktur layih\u0259l\u0259rinin a\u00e7\u0131l\u0131\u015f\u0131nda i\u015ftirak edib.<\/p>\n<p><strong>Sevinc Azadi, \u201c\u0130ki sahil\u201d<\/strong><\/p>\n","protected":false},"excerpt":{"rendered":"<p>\u00d6t\u0259n il Prezident \u0130lham \u018fliyevin Xank\u0259ndi \u015f\u0259h\u0259rinin m\u0259rk\u0259zi meydan\u0131nda Az\u0259rbaycan Bayra\u011f\u0131n\u0131 ucaltd\u0131\u011f\u0131 h\u0259min an iki \u0259srd\u0259n art\u0131q bir zaman k\u0259siyind\u0259 \u00f6lk\u0259miz\u0259 qar\u015f\u0131 yeridil\u0259n m\u0259krli siyas\u0259tin t\u0259hl\u00fck\u0259li al\u0259tin\u0259 \u00e7evrilmi\u015f erm\u0259ni oyunlar\u0131n\u0131n r\u0259sm\u0259n bitdiyinin t\u0259sdiqi oldu Az\u0259rbaycan xalq\u0131n\u0131n taleyind\u0259 m\u00fch\u00fcm \u0259h\u0259miyy\u0259t k\u0259sb ed\u0259n el\u0259 g\u00fcnl\u0259r var ki, h\u0259min g\u00fcnl\u0259rd\u0259 onun g\u0259l\u0259c\u0259k h\u0259yat\u0131n\u0131 m\u00fc\u0259yy\u0259n ed\u0259n \u00f6n\u0259mli ba\u015flan\u011f\u0131clar\u0131n \u0259sas\u0131 qoyulub. Bel\u0259 m\u00fch\u00fcm g\u00fcnl\u0259rd\u0259n biri d\u0259 oktyabr\u0131n 15-n\u0259 t\u0259sad\u00fcf edir. 2003-c\u00fc ilin 15 oktyabr\u0131 tarixind\u0259 ke\u00e7irilmi\u015f prezident se\u00e7kil\u0259rind\u0259 xalq \u00f6z s\u0259sini Ulu \u00d6nd\u0259r Heyd\u0259r \u018fliyev siyas\u0259tinin davam etdirilm\u0259sin\u0259 v\u0259 \u00f6lk\u0259d\u0259 sabitliyin qorunmas\u0131na verdi. H\u0259min tarixd\u0259&hellip;<\/p>\n","protected":false},"author":2,"featured_media":761383,"comment_status":"closed","ping_status":"closed","sticky":false,"template":"","format":"standard","meta":{"om_disable_all_campaigns":false,"_monsterinsights_skip_tracking":false,"_monsterinsights_sitenote_active":false,"_monsterinsights_sitenote_note":"","_monsterinsights_sitenote_category":0},"categories":[8],"tags":[],"aioseo_notices":[],"gutentor_comment":0,"rttpg_featured_image_url":{"full":["https:\/\/arantv.az\/wp-content\/uploads\/2024\/10\/18b91b19172845254197182940011011800-3.jpg",975,540,false],"landscape":["https:\/\/arantv.az\/wp-content\/uploads\/2024\/10\/18b91b19172845254197182940011011800-3.jpg",975,540,false],"portraits":["https:\/\/arantv.az\/wp-content\/uploads\/2024\/10\/18b91b19172845254197182940011011800-3.jpg",975,540,false],"thumbnail":["https:\/\/arantv.az\/wp-content\/uploads\/2024\/10\/18b91b19172845254197182940011011800-3-500x280.jpg",500,280,true],"medium":["https:\/\/arantv.az\/wp-content\/uploads\/2024\/10\/18b91b19172845254197182940011011800-3-660x365.jpg",660,365,true],"large":["https:\/\/arantv.az\/wp-content\/uploads\/2024\/10\/18b91b19172845254197182940011011800-3-840x465.jpg",640,354,true],"1536x1536":["https:\/\/arantv.az\/wp-content\/uploads\/2024\/10\/18b91b19172845254197182940011011800-3.jpg",975,540,false],"2048x2048":["https:\/\/arantv.az\/wp-content\/uploads\/2024\/10\/18b91b19172845254197182940011011800-3.jpg",975,540,false],"post-thumbnail":["https:\/\/arantv.az\/wp-content\/uploads\/2024\/10\/18b91b19172845254197182940011011800-3-240x172.jpg",240,172,true],"advps-thumb-one":["https:\/\/arantv.az\/wp-content\/uploads\/2024\/10\/18b91b19172845254197182940011011800-3.jpg",975,540,false]},"rttpg_author":{"display_name":"V\u00fcsal Rafiqo\u011flu","author_link":"https:\/\/arantv.az\/?author=2"},"rttpg_comment":0,"rttpg_category":"<a href=\"https:\/\/arantv.az\/?cat=8\" rel=\"category\">\u018fsas s\u0259hif\u0259<\/a>","rttpg_excerpt":"\u00d6t\u0259n il Prezident \u0130lham \u018fliyevin Xank\u0259ndi \u015f\u0259h\u0259rinin m\u0259rk\u0259zi meydan\u0131nda Az\u0259rbaycan Bayra\u011f\u0131n\u0131 ucaltd\u0131\u011f\u0131 h\u0259min an iki \u0259srd\u0259n art\u0131q bir zaman k\u0259siyind\u0259 \u00f6lk\u0259miz\u0259 qar\u015f\u0131 yeridil\u0259n m\u0259krli siyas\u0259tin t\u0259hl\u00fck\u0259li al\u0259tin\u0259 \u00e7evrilmi\u015f erm\u0259ni oyunlar\u0131n\u0131n r\u0259sm\u0259n bitdiyinin t\u0259sdiqi oldu Az\u0259rbaycan xalq\u0131n\u0131n taleyind\u0259 m\u00fch\u00fcm \u0259h\u0259miyy\u0259t k\u0259sb ed\u0259n el\u0259 g\u00fcnl\u0259r var ki, h\u0259min g\u00fcnl\u0259rd\u0259 onun g\u0259l\u0259c\u0259k h\u0259yat\u0131n\u0131 m\u00fc\u0259yy\u0259n ed\u0259n \u00f6n\u0259mli ba\u015flan\u011f\u0131clar\u0131n \u0259sas\u0131&hellip;","_links":{"self":[{"href":"https:\/\/arantv.az\/index.php?rest_route=\/wp\/v2\/posts\/761382"}],"collection":[{"href":"https:\/\/arantv.az\/index.php?rest_route=\/wp\/v2\/posts"}],"about":[{"href":"https:\/\/arantv.az\/index.php?rest_route=\/wp\/v2\/types\/post"}],"author":[{"embeddable":true,"href":"https:\/\/arantv.az\/index.php?rest_route=\/wp\/v2\/users\/2"}],"replies":[{"embeddable":true,"href":"https:\/\/arantv.az\/index.php?rest_route=%2Fwp%2Fv2%2Fcomments&post=761382"}],"version-history":[{"count":1,"href":"https:\/\/arantv.az\/index.php?rest_route=\/wp\/v2\/posts\/761382\/revisions"}],"predecessor-version":[{"id":761384,"href":"https:\/\/arantv.az\/index.php?rest_route=\/wp\/v2\/posts\/761382\/revisions\/761384"}],"wp:featuredmedia":[{"embeddable":true,"href":"https:\/\/arantv.az\/index.php?rest_route=\/wp\/v2\/media\/761383"}],"wp:attachment":[{"href":"https:\/\/arantv.az\/index.php?rest_route=%2Fwp%2Fv2%2Fmedia&parent=761382"}],"wp:term":[{"taxonomy":"category","embeddable":true,"href":"https:\/\/arantv.az\/index.php?rest_route=%2Fwp%2Fv2%2Fcategories&post=761382"},{"taxonomy":"post_tag","embeddable":true,"href":"https:\/\/arantv.az\/index.php?rest_route=%2Fwp%2Fv2%2Ftags&post=761382"}],"curies":[{"name":"wp","href":"https:\/\/api.w.org\/{rel}","templated":true}]}}