{"id":761385,"date":"2024-10-15T09:59:53","date_gmt":"2024-10-15T05:59:53","guid":{"rendered":"https:\/\/arantv.az\/?p=761385"},"modified":"2024-10-15T09:59:53","modified_gmt":"2024-10-15T05:59:53","slug":"az%c9%99rbaycan-rusiya-munasib%c9%99tl%c9%99ri-musb%c9%99t-m%c9%99crada-inkisaf-edir","status":"publish","type":"post","link":"https:\/\/arantv.az\/?p=761385","title":{"rendered":"Az\u0259rbaycan-Rusiya m\u00fcnasib\u0259tl\u0259ri m\u00fcsb\u0259t m\u0259crada inki\u015faf edir"},"content":{"rendered":"<div class=\"content lead font-weight-normal\">\n<p>Az\u0259rbaycan-Rusiya m\u00fcnasib\u0259tl\u0259ri y\u00fcks\u0259l\u0259n x\u0259tl\u0259 inki\u015faf edir. Bu\u00a0 \u0259laq\u0259l\u0259r d\u00f6vl\u0259t ba\u015f\u00e7\u0131lar\u0131n\u0131n siyasi irad\u0259sin\u0259 uy\u011fun olaraq haz\u0131rda yeni m\u0259rh\u0259l\u0259y\u0259 q\u0259d\u0259m qoyub. \u00d6lk\u0259l\u0259rimizin qar\u015f\u0131l\u0131ql\u0131 \u0259laq\u0259l\u0259rind\u0259 siyasi m\u00fcnasib\u0259tl\u0259r m\u00fch\u00fcm yer tutur. Vaxtil\u0259 Az\u0259rbaycan v\u0259 Rusiyan\u0131n Sovet \u0130ttifaqda yer almas\u0131 \u00f6lk\u0259l\u0259rimiz aras\u0131nda m\u00fcnasib\u0259tl\u0259rin \u00f6z\u00fcn\u0259m\u0259xsus xarakterini formala\u015fd\u0131r\u0131b. M\u00fcst\u0259qillik ill\u0259rind\u0259 bu \u0259laq\u0259l\u0259r daha s\u00fcr\u0259tl\u0259 inki\u015faf edib. Az\u0259rbaycan-Rusiya diplomatik \u0259laq\u0259l\u0259ri 1992-ci il aprelin 4-d\u0259 qurulub. 1992-ci il sentyabr\u0131n 25-d\u0259 Rusiyan\u0131n Az\u0259rbaycanda s\u0259firliyi f\u0259aliyy\u0259t\u0259 ba\u015flay\u0131b. Prezident \u0130lham \u018fliyevin oktyabr\u0131n 7-d\u0259 M\u00fcst\u0259qil D\u00f6vl\u0259tl\u0259r Birliyi (MDB) D\u00f6vl\u0259t Ba\u015f\u00e7\u0131lar\u0131 \u015euras\u0131n\u0131n iclas\u0131nda i\u015ftirak etm\u0259k \u00fc\u00e7\u00fcn Rusiya Federasiyas\u0131na s\u0259f\u0259ri \u0259laq\u0259l\u0259rimizin inki\u015faf\u0131nda \u0259h\u0259miyy\u0259tli rol oynayacaq. C\u0259nab \u0130lham \u018fliyev bildirdi ki, Rusiya Federasiyas\u0131 Prezidentinin Az\u0259rbaycana bu yax\u0131nlardak\u0131 d\u00f6vl\u0259t s\u0259f\u0259ri Rusiya-Az\u0259rbaycan m\u00fcnasib\u0259tl\u0259rinin m\u00fctt\u0259fiqlik xarakterini bir daha t\u0259sdiq etdi.<\/p>\n<p>\u018fmin\u0259m ki, \u0259ld\u0259 olunmu\u015f raz\u0131la\u015fmalar\u0131n h\u0259yata ke\u00e7irilm\u0259si g\u0259l\u0259c\u0259kd\u0259 m\u00fcnasib\u0259tl\u0259rimizin ard\u0131c\u0131l inki\u015faf\u0131 i\u015fin\u0259 xidm\u0259t ed\u0259c\u0259k. Onu da qeyd ed\u0259k ki, MDB Humanitar \u018fm\u0259kda\u015fl\u0131q \u015euras\u0131n\u0131n q\u0259rar\u0131na \u0259sas\u0259n, Az\u0259rbaycan\u0131n \u015e\u0259rqi Z\u0259ng\u0259zur b\u00f6lg\u0259sinin La\u00e7\u0131n \u015f\u0259h\u0259ri 2025-ci ild\u0259 MDB-nin m\u0259d\u0259niyy\u0259t paytaxt\u0131 elan edilib. La\u00e7\u0131n Az\u0259rbaycan\u0131n 30 il\u0259 yax\u0131n m\u00fcdd\u0259td\u0259 Erm\u0259nistan\u0131n i\u015f\u011fal\u0131 alt\u0131nda olmu\u015f \u015f\u0259h\u0259rl\u0259rind\u0259n biridir. Bu g\u00fcn La\u00e7\u0131n azadd\u0131r v\u0259 burada yeni h\u0259yat ba\u015flay\u0131b, ke\u00e7mi\u015f m\u0259cburi k\u00f6\u00e7k\u00fcnl\u0259r qay\u0131d\u0131blar. D\u00f6vl\u0259timizin ba\u015f\u00e7\u0131s\u0131n\u0131n qeyd etdiyi kimi, La\u00e7\u0131n\u0131n MDB-nin m\u0259d\u0259niyy\u0259t paytaxt\u0131 elan edilm\u0259si h\u0259m la\u00e7\u0131nl\u0131lar, h\u0259m d\u0259 b\u00fct\u00fcn Az\u0259rbaycan xalq\u0131 t\u0259r\u0259find\u0259n b\u00f6y\u00fck minn\u0259tdarl\u0131qla qar\u015f\u0131lan\u0131b.<\/p>\n<p>Prezident \u0130lham \u018fliyev \u00e7\u0131x\u0131\u015f\u0131nda onu da qeyd etdi ki, n\u00f6vb\u0259ti il Az\u0259rbaycanda III MDB Oyunlar\u0131 ke\u00e7iril\u0259c\u0259k. G\u0259nc\u0259 \u015f\u0259h\u0259ri idman paytaxt\u0131na \u00e7evril\u0259c\u0259k. Yar\u0131\u015flar, h\u0259m\u00e7inin Az\u0259rbaycan\u0131n 10-dan \u00e7ox \u015f\u0259h\u0259rind\u0259 ke\u00e7iril\u0259c\u0259k. T\u0259bii ki, \u00f6lk\u0259mizin b\u00fct\u00fcn sah\u0259l\u0259rd\u0259 geni\u015f imkanlara, z\u0259ngin t\u0259cr\u00fcb\u0259y\u0259 malik olmas\u0131 beyn\u0259lxalq \u0259h\u0259miyy\u0259tli t\u0259dbirl\u0259r\u0259 ev sahibliyind\u0259 \u00f6z s\u00f6z\u00fcn\u00fc deyir. Az\u0259rbaycan idman \u00f6lk\u0259si kimi beyn\u0259lxalq al\u0259md\u0259 yeri v\u0259 rolunu m\u00f6hk\u0259ml\u0259ndirir. Az\u0259rbaycan\u0131n ev sahibliyi ed\u0259c\u0259yi III MDB Oyunlar\u0131 \u00f6lk\u0259mizin h\u0259m qurumla, h\u0259m d\u0259 \u00fczv d\u00f6vl\u0259tl\u0259rl\u0259 \u0259laq\u0259l\u0259rinin inki\u015faf\u0131nda \u00f6z s\u00f6z\u00fcn\u00fc dey\u0259c\u0259k. C\u0259nab \u0130lham \u018fliyevin \u00e7\u0131x\u0131\u015f\u0131nda diqq\u0259t g\u00f6st\u0259rdiyi m\u0259s\u0259l\u0259l\u0259rd\u0259n, Az\u0259rbaycan\u0131n ev sahibliyi ed\u0259c\u0259yi t\u0259dbirl\u0259rd\u0259n biri d\u0259 COP29 oldu. Bildirdi ki, bir aydan sonra Bak\u0131 \u0259n b\u00f6y\u00fck beyn\u0259lxalq t\u0259dbir\u0259 &#8211; COP29 iqlim konfrans\u0131na ev sahibliyi ed\u0259c\u0259k.<\/p>\n<p>Az\u0259rbaycan 200-\u0259 yax\u0131n \u00f6lk\u0259nin bu konfrans\u0131n Bak\u0131da ke\u00e7irilm\u0259si haqq\u0131nda yekdil q\u0259rar\u0131n\u0131 b\u00fct\u00fcn d\u00fcnya ictimaiyy\u0259tinin Az\u0259rbaycana h\u00f6rm\u0259tinin \u0259lam\u0259ti kimi qiym\u0259tl\u0259ndirir. D\u00f6vl\u0259t ba\u015f\u00e7\u0131s\u0131 \u0130lham \u018fliyevin S\u0259r\u0259ncam\u0131 il\u0259 2024-c\u00fc ilin \u00f6lk\u0259mizd\u0259 \u201cYa\u015f\u0131l d\u00fcnya namin\u0259 h\u0259mr\u0259ylik \u0130li\u201d elan edilm\u0259si h\u0259m bu m\u0259s\u0259l\u0259nin aktuall\u0131\u011f\u0131n\u0131, h\u0259m d\u0259 Az\u0259rbaycan\u0131n ev sahibliyi ed\u0259c\u0259yi COP29-un \u0259h\u0259miyy\u0259tini a\u00e7\u0131qlad\u0131. H\u0259r bir beyn\u0259lxalq t\u0259dbir ke\u00e7iril\u0259n \u00f6lk\u0259 il\u0259 yana\u015f\u0131, i\u015ftirak\u00e7\u0131 d\u00f6vl\u0259tl\u0259rin d\u0259 g\u00fcnd\u0259m\u0259 g\u0259tiril\u0259n m\u0259s\u0259l\u0259 il\u0259 ba\u011fl\u0131 t\u0259cr\u00fcb\u0259sinin \u00f6yr\u0259nilm\u0259sind\u0259, h\u0259d\u0259fl\u0259r\u0259 do\u011fru s\u0259yl\u0259rin birl\u0259\u015fdirilm\u0259sind\u0259 \u00f6z s\u00f6z\u00fcn\u00fc deyir. Bak\u0131 iki h\u0259ft\u0259 \u0259rzind\u0259 d\u00fcnyan\u0131n ekoloji m\u0259rk\u0259zi olacaq. 10 minl\u0259rl\u0259 xarici n\u00fcmay\u0259nd\u0259 \u00f6lk\u0259miz\u0259 g\u0259l\u0259c\u0259k, Az\u0259rbaycan\u0131 daha yax\u0131ndan tan\u0131yacaq, h\u0259qiq\u0259tl\u0259rimizin t\u0259bli\u011fat\u00e7\u0131s\u0131na \u00e7evril\u0259c\u0259kl\u0259r. COP29 Az\u0259rbaycan\u0131n ya\u015f\u0131l iqtisadiyyata ke\u00e7id strategiyas\u0131n\u0131n m\u0259ntiqi davam\u0131d\u0131r. \u00d6lk\u0259miz iqtisadi, siyasi, humanitar, diplomatik m\u0259rk\u0259z kimi daim d\u00fcnyan\u0131n diqq\u0259tind\u0259dir. Bu, \u00f6lk\u0259mizin h\u0259rt\u0259r\u0259fli inki\u015faf\u0131n\u0131n v\u0259 z\u0259ngin t\u0259cr\u00fcb\u0259y\u0259 malik olmas\u0131n\u0131n g\u00f6st\u0259ricisidir. Az\u0259rbaycan\u00a0qlobal probeml\u0259rin h\u0259llin\u0259 b\u00f6y\u00fck t\u00f6hf\u0259l\u0259r verir. \u018fm\u0259kda\u015fl\u0131\u011fa, s\u00fclh\u0259, t\u0259hl\u00fck\u0259sizliy\u0259 y\u00f6n\u0259l\u0259n \u00e7a\u011f\u0131r\u0131\u015flar\u0131, ir\u0259li s\u00fcrd\u00fcy\u00fc t\u0259\u015f\u0259bb\u00fcsl\u0259ri daim beyn\u0259lxalq d\u0259st\u0259k qazan\u0131r.<\/p>\n<p>Az\u0259rbaycan COP29 beyn\u0259lxalq konfrans\u0131n\u0131 da y\u00fcks\u0259k s\u0259viyy\u0259d\u0259 ke\u00e7ir\u0259c\u0259k. Bu, \u00f6lk\u0259mizin, xalq\u0131m\u0131z\u0131n n\u00f6vb\u0259ti b\u00f6y\u00fck u\u011furu olacaq. COP29 \u00f6lk\u0259mizin beyn\u0259lxalq n\u00fcfuzuna yeni \u0259lav\u0259l\u0259r ed\u0259c\u0259k. Bu reall\u0131\u011f\u0131 da x\u00fcsusi qeyd etm\u0259liyik ki, tarixi Z\u0259f\u0259rimiz, suverenliyimizin tam t\u0259min edilm\u0259si Az\u0259rbaycan\u0131n ist\u0259r ikit\u0259r\u0259fli, ist\u0259rs\u0259 d\u0259 beyn\u0259lxalq t\u0259\u015fkilatlarda \u0259laq\u0259l\u0259rinin inki\u015faf\u0131nda \u0259h\u0259miyy\u0259tli rol oynay\u0131r. \u00d6lk\u0259miz bu g\u00fcn d\u0259 yeni \u0259m\u0259kda\u015fl\u0131q platformalar\u0131n\u0131n m\u00fc\u0259llifi kimi tan\u0131n\u0131r. Az\u0259rbaycan\u0131n h\u0259rbi-siyasi Q\u0259l\u0259b\u0259sinin, Erm\u0259nistan\u0131n kapitulyasiyas\u0131n\u0131n t\u0259sdiqi olan 10 noyabr 2020-ci il tarixli \u00fc\u00e7t\u0259r\u0259fli B\u0259yanat\u0131n imzalanmas\u0131nda \u00fc\u00e7\u00fcnc\u00fc t\u0259r\u0259f Rusiyad\u0131r. Rusiya, eyni zamanda, \u015fanl\u0131 Q\u0259l\u0259b\u0259mizd\u0259n sonra Az\u0259rbaycan\u0131n Erm\u0259nistana t\u0259klif etdiyi s\u00fclh m\u00fcqavil\u0259sinin imzalanmas\u0131na d\u0259st\u0259yini bu istiqam\u0259td\u0259 ke\u00e7iril\u0259n g\u00f6r\u00fc\u015fl\u0259rin t\u0259\u015f\u0259bb\u00fcskar\u0131 olmas\u0131 il\u0259 d\u0259 t\u0259sdiql\u0259yir. Rusiya Prezidenti Vladimir Putin iki \u00f6lk\u0259 aras\u0131nda m\u00fcnasib\u0259tl\u0259rin bu g\u00fcn\u00fcnd\u0259n b\u0259hs ed\u0259rk\u0259n bildirir ki, m\u00fcnasib\u0259tl\u0259rimiz u\u011furla, etibarl\u0131 v\u0259 \u00e7ox praqmatik \u015f\u0259kild\u0259 inki\u015faf edir. Biz Az\u0259rbaycan r\u0259hb\u0259rliyinin d\u00f6vl\u0259tl\u0259raras\u0131 \u0259laq\u0259l\u0259rimizin m\u0259hz qar\u015f\u0131l\u0131ql\u0131 maraq v\u0259 m\u0259n dey\u0259rdim ki, bir-birin\u0259 m\u00fc\u0259yy\u0259n s\u0259viyy\u0259d\u0259 r\u0259\u011fb\u0259t \u0259sas\u0131nda qurulmas\u0131n\u0131n t\u0259r\u0259fdar\u0131 oldu\u011funu hiss edirik.<\/p>\n<p>Az\u0259rbaycanda rus dilind\u0259 f\u0259aliyy\u0259t g\u00f6st\u0259r\u0259n v\u0259 u\u015faqlara t\u0259hsil ver\u0259n m\u0259kt\u0259bl\u0259rin m\u00f6vcudlu\u011funu ba\u015fqa c\u00fcr izah etm\u0259k m\u00fcmk\u00fcn deyil. Prezident \u018fliyev respublikada rus dilinin \u00f6yr\u0259nilm\u0259sini h\u0259rt\u0259r\u0259fli d\u0259st\u0259kl\u0259yir. Bu, b\u00fct\u00fcn vektorlar \u00fczr\u0259 m\u00fc\u015fahid\u0259 edilir. Bu, n\u0259d\u0259n x\u0259b\u0259r verir? Bu, ondan x\u0259b\u0259r verir ki, Az\u0259rbaycan r\u0259hb\u0259rliyi Az\u0259rbaycan v\u0259t\u0259nda\u015flar\u0131na rus dilinin laz\u0131m olaca\u011f\u0131n\u0131 bilir. N\u0259 \u00fc\u00e7\u00fcn? \u0130kit\u0259r\u0259fli \u0259laq\u0259l\u0259rin inki\u015faf\u0131 \u00fc\u00e7\u00fcn v\u0259 bu \u0259laq\u0259l\u0259r haz\u0131rda inki\u015faf edir. Az\u0259rbaycan-Rusiya \u0259laq\u0259l\u0259rinin inki\u015faf\u0131 \u00fc\u00e7\u00fcn geni\u015f imkanlar m\u00f6vcuddur. T\u0259r\u0259fl\u0259r bu \u0259m\u0259kda\u015fl\u0131\u011f\u0131n daha da m\u00f6hk\u0259ml\u0259nm\u0259sind\u0259 maraql\u0131d\u0131r v\u0259 bunu atd\u0131qlar\u0131 add\u0131mlar\u0131 il\u0259 t\u0259sdiql\u0259yirl\u0259r.<\/p>\n<p><strong>Nihad P\u0259nahov,<\/strong><br \/>\n<em>YAP Tovuz rayon t\u0259\u015fkilat\u0131n\u0131n s\u0259dri<\/em><\/p>\n<div class=\"clearfix\"><\/div>\n<\/div>\n<div class=\"fotorama--hidden\"><\/div>\n<div id=\"galleryList\" class=\"fotorama fotorama1728971935428\" data-nav=\"thumbs\" data-width=\"100%\" data-thumbwidth=\"90\" data-thumbheight=\"60\" data-allowfullscreen=\"true\" data-autoplay=\"3000\" data-ratio=\"1.5\" data-keyboard=\"true\" data-fit=\"contain\">\n<div class=\"fotorama__wrap fotorama__wrap--css3 fotorama__wrap--slide fotorama__wrap--toggle-arrows fotorama__wrap--no-controls\">\n<div class=\"fotorama__stage\">\n<div class=\"fotorama__fullscreen-icon\" tabindex=\"0\" role=\"button\"><\/div>\n<div class=\"fotorama__stage__shaft\">\n<div class=\"fotorama__stage__frame fotorama__loaded fotorama__loaded--img fotorama__active\"><img class=\"fotorama__img\" src=\"https:\/\/ikisahil.az\/photo\/0x0_2\/upload\/gallery\/2024\/10\/14\/-a399f7f1172890574116567269910092658.jpg\" \/><\/div>\n<\/div>\n<div class=\"fotorama__video-close\"><\/div>\n<\/div>\n<\/div>\n<\/div>\n<div class=\"sharing my-2 row no-gutters d-print-none\">\n<div class=\"col-md-3\"><\/div>\n<\/div>\n<div class=\"d-none d-sm-block\"><\/div>\n","protected":false},"excerpt":{"rendered":"<p>Az\u0259rbaycan-Rusiya m\u00fcnasib\u0259tl\u0259ri y\u00fcks\u0259l\u0259n x\u0259tl\u0259 inki\u015faf edir. Bu\u00a0 \u0259laq\u0259l\u0259r d\u00f6vl\u0259t ba\u015f\u00e7\u0131lar\u0131n\u0131n siyasi irad\u0259sin\u0259 uy\u011fun olaraq haz\u0131rda yeni m\u0259rh\u0259l\u0259y\u0259 q\u0259d\u0259m qoyub. \u00d6lk\u0259l\u0259rimizin qar\u015f\u0131l\u0131ql\u0131 \u0259laq\u0259l\u0259rind\u0259 siyasi m\u00fcnasib\u0259tl\u0259r m\u00fch\u00fcm yer tutur. Vaxtil\u0259 Az\u0259rbaycan v\u0259 Rusiyan\u0131n Sovet \u0130ttifaqda yer almas\u0131 \u00f6lk\u0259l\u0259rimiz aras\u0131nda m\u00fcnasib\u0259tl\u0259rin \u00f6z\u00fcn\u0259m\u0259xsus xarakterini formala\u015fd\u0131r\u0131b. M\u00fcst\u0259qillik ill\u0259rind\u0259 bu \u0259laq\u0259l\u0259r daha s\u00fcr\u0259tl\u0259 inki\u015faf edib. Az\u0259rbaycan-Rusiya diplomatik \u0259laq\u0259l\u0259ri 1992-ci il aprelin 4-d\u0259 qurulub. 1992-ci il sentyabr\u0131n 25-d\u0259 Rusiyan\u0131n Az\u0259rbaycanda s\u0259firliyi f\u0259aliyy\u0259t\u0259 ba\u015flay\u0131b. Prezident \u0130lham \u018fliyevin oktyabr\u0131n 7-d\u0259 M\u00fcst\u0259qil D\u00f6vl\u0259tl\u0259r Birliyi (MDB) D\u00f6vl\u0259t Ba\u015f\u00e7\u0131lar\u0131 \u015euras\u0131n\u0131n iclas\u0131nda i\u015ftirak etm\u0259k \u00fc\u00e7\u00fcn Rusiya Federasiyas\u0131na s\u0259f\u0259ri \u0259laq\u0259l\u0259rimizin inki\u015faf\u0131nda \u0259h\u0259miyy\u0259tli rol oynayacaq.&hellip;<\/p>\n","protected":false},"author":2,"featured_media":761386,"comment_status":"closed","ping_status":"closed","sticky":false,"template":"","format":"standard","meta":{"om_disable_all_campaigns":false,"_monsterinsights_skip_tracking":false,"_monsterinsights_sitenote_active":false,"_monsterinsights_sitenote_note":"","_monsterinsights_sitenote_category":0},"categories":[19],"tags":[],"aioseo_notices":[],"gutentor_comment":0,"rttpg_featured_image_url":{"full":["https:\/\/arantv.az\/wp-content\/uploads\/2024\/10\/1abb1e1e168275071876337937110919590-1.jpg",975,540,false],"landscape":["https:\/\/arantv.az\/wp-content\/uploads\/2024\/10\/1abb1e1e168275071876337937110919590-1.jpg",975,540,false],"portraits":["https:\/\/arantv.az\/wp-content\/uploads\/2024\/10\/1abb1e1e168275071876337937110919590-1.jpg",975,540,false],"thumbnail":["https:\/\/arantv.az\/wp-content\/uploads\/2024\/10\/1abb1e1e168275071876337937110919590-1-500x280.jpg",500,280,true],"medium":["https:\/\/arantv.az\/wp-content\/uploads\/2024\/10\/1abb1e1e168275071876337937110919590-1-660x365.jpg",660,365,true],"large":["https:\/\/arantv.az\/wp-content\/uploads\/2024\/10\/1abb1e1e168275071876337937110919590-1-840x465.jpg",640,354,true],"1536x1536":["https:\/\/arantv.az\/wp-content\/uploads\/2024\/10\/1abb1e1e168275071876337937110919590-1.jpg",975,540,false],"2048x2048":["https:\/\/arantv.az\/wp-content\/uploads\/2024\/10\/1abb1e1e168275071876337937110919590-1.jpg",975,540,false],"post-thumbnail":["https:\/\/arantv.az\/wp-content\/uploads\/2024\/10\/1abb1e1e168275071876337937110919590-1-240x172.jpg",240,172,true],"advps-thumb-one":["https:\/\/arantv.az\/wp-content\/uploads\/2024\/10\/1abb1e1e168275071876337937110919590-1.jpg",975,540,false]},"rttpg_author":{"display_name":"V\u00fcsal Rafiqo\u011flu","author_link":"https:\/\/arantv.az\/?author=2"},"rttpg_comment":0,"rttpg_category":"<a href=\"https:\/\/arantv.az\/?cat=19\" rel=\"category\">G\u00fcnd\u0259m<\/a>","rttpg_excerpt":"Az\u0259rbaycan-Rusiya m\u00fcnasib\u0259tl\u0259ri y\u00fcks\u0259l\u0259n x\u0259tl\u0259 inki\u015faf edir. Bu\u00a0 \u0259laq\u0259l\u0259r d\u00f6vl\u0259t ba\u015f\u00e7\u0131lar\u0131n\u0131n siyasi irad\u0259sin\u0259 uy\u011fun olaraq haz\u0131rda yeni m\u0259rh\u0259l\u0259y\u0259 q\u0259d\u0259m qoyub. \u00d6lk\u0259l\u0259rimizin qar\u015f\u0131l\u0131ql\u0131 \u0259laq\u0259l\u0259rind\u0259 siyasi m\u00fcnasib\u0259tl\u0259r m\u00fch\u00fcm yer tutur. Vaxtil\u0259 Az\u0259rbaycan v\u0259 Rusiyan\u0131n Sovet \u0130ttifaqda yer almas\u0131 \u00f6lk\u0259l\u0259rimiz aras\u0131nda m\u00fcnasib\u0259tl\u0259rin \u00f6z\u00fcn\u0259m\u0259xsus xarakterini formala\u015fd\u0131r\u0131b. M\u00fcst\u0259qillik ill\u0259rind\u0259 bu \u0259laq\u0259l\u0259r daha s\u00fcr\u0259tl\u0259 inki\u015faf edib. Az\u0259rbaycan-Rusiya diplomatik \u0259laq\u0259l\u0259ri 1992-ci il aprelin&hellip;","_links":{"self":[{"href":"https:\/\/arantv.az\/index.php?rest_route=\/wp\/v2\/posts\/761385"}],"collection":[{"href":"https:\/\/arantv.az\/index.php?rest_route=\/wp\/v2\/posts"}],"about":[{"href":"https:\/\/arantv.az\/index.php?rest_route=\/wp\/v2\/types\/post"}],"author":[{"embeddable":true,"href":"https:\/\/arantv.az\/index.php?rest_route=\/wp\/v2\/users\/2"}],"replies":[{"embeddable":true,"href":"https:\/\/arantv.az\/index.php?rest_route=%2Fwp%2Fv2%2Fcomments&post=761385"}],"version-history":[{"count":1,"href":"https:\/\/arantv.az\/index.php?rest_route=\/wp\/v2\/posts\/761385\/revisions"}],"predecessor-version":[{"id":761387,"href":"https:\/\/arantv.az\/index.php?rest_route=\/wp\/v2\/posts\/761385\/revisions\/761387"}],"wp:featuredmedia":[{"embeddable":true,"href":"https:\/\/arantv.az\/index.php?rest_route=\/wp\/v2\/media\/761386"}],"wp:attachment":[{"href":"https:\/\/arantv.az\/index.php?rest_route=%2Fwp%2Fv2%2Fmedia&parent=761385"}],"wp:term":[{"taxonomy":"category","embeddable":true,"href":"https:\/\/arantv.az\/index.php?rest_route=%2Fwp%2Fv2%2Fcategories&post=761385"},{"taxonomy":"post_tag","embeddable":true,"href":"https:\/\/arantv.az\/index.php?rest_route=%2Fwp%2Fv2%2Ftags&post=761385"}],"curies":[{"name":"wp","href":"https:\/\/api.w.org\/{rel}","templated":true}]}}