{"id":761410,"date":"2024-10-15T10:21:27","date_gmt":"2024-10-15T06:21:27","guid":{"rendered":"https:\/\/arantv.az\/?p=761410"},"modified":"2024-10-15T10:21:27","modified_gmt":"2024-10-15T06:21:27","slug":"erm%c9%99nistan-t%c9%99xribata-hazirlasir-t%c9%99hluk%c9%99li-ssenari-m%c9%99lum-oldu","status":"publish","type":"post","link":"https:\/\/arantv.az\/?p=761410","title":{"rendered":"Erm\u0259nistan T\u018fXR\u0130BATA HAZIRLA\u015eIR &#8211; T\u0259hl\u00fck\u0259li SSENAR\u0130 m\u0259lum oldu!"},"content":{"rendered":"<p><strong>S\u00fclh\u0259 haz\u0131r oldu\u011funu b\u0259yan ed\u0259n r\u0259smi \u0130r\u0259van h\u0259rbi q\u00fcvv\u0259l\u0259rini v\u0259 a\u011f\u0131r texnikas\u0131n\u0131 b\u00f6lg\u0259y\u0259 c\u0259ml\u0259yir; Az\u0259rbaycan\u0131n m\u00fch\u00fcm beyn\u0259lxalq t\u0259dbir\u0259 haz\u0131rla\u015fd\u0131\u011f\u0131 d\u00f6vrd\u0259 d\u00fc\u015fm\u0259n h\u0259r\u0259k\u0259t\u0259 ke\u00e7ib; komit\u0259 s\u0259drind\u0259n \u015fok x\u0259b\u0259rdarl\u0131q: \u201cV\u0259ziyy\u0259tin g\u0259rginl\u0259\u015f\u0259c\u0259yi t\u0259qdird\u0259 Rusiya m\u0259s\u0259l\u0259y\u0259 daxil olarsa, C\u0259nubi Qafqaz \u015e\u0259rql\u0259 Q\u0259rbin yeni sava\u015f meydan\u0131na \u00e7evril\u0259r\u201d<\/strong><\/p>\n<p>Son g\u00fcnl\u0259r davaml\u0131 \u015f\u0259kild\u0259 Erm\u0259nistan\u0131n \u015f\u0259rti s\u0259rh\u0259dl\u0259r\u0259 \u0259lav\u0259 \u015f\u0259xsi hey\u0259t v\u0259 h\u0259rbi texnika c\u0259ml\u0259diyi bar\u0259d\u0259 m\u0259lumatlar yay\u0131l\u0131r. Erm\u0259nistanda t\u0259lim-m\u0259\u015fq toplant\u0131s\u0131na \u00e7a\u011f\u0131r\u0131lan \u015f\u0259xsl\u0259rin Az\u0259rbaycanla s\u0259rh\u0259dd\u0259 d\u00f6y\u00fc\u015f m\u00f6vqel\u0259rin\u0259 g\u00f6nd\u0259rildiyi bar\u0259d\u0259 erm\u0259ni medias\u0131 da bir ne\u00e7\u0259 g\u00fcn \u00f6nc\u0259 x\u0259b\u0259rl\u0259r tirajlam\u0131\u015fd\u0131. Bildirilirdi ki, t\u0259lim-m\u0259\u015fq toplant\u0131s\u0131 25 g\u00fcn n\u0259z\u0259rd\u0259 tutulsa da, \u00e7a\u011f\u0131r\u0131\u015f\u00e7\u0131lar\u0131n bir \u00e7oxu uzun m\u00fcdd\u0259t xidm\u0259td\u0259 saxlan\u0131l\u0131r.<\/p>\n<p><strong>\u201cT\u0259lim-m\u0259\u015fq toplan\u0131\u015f\u0131\u201dna c\u0259lb olunanlar\u0131 is\u0259 posta \u00e7\u0131xmayacaqlar\u0131 deyils\u0259 d\u0259, toplan\u0131\u015f m\u0259nt\u0259q\u0259sind\u0259n birba\u015fa d\u00f6y\u00fc\u015f m\u00f6vqeyin\u0259 apar\u0131blar. Erm\u0259nistan M\u00fcdafi\u0259 Nazirliyi m\u0259s\u0259l\u0259 il\u0259 ba\u011fl\u0131 a\u00e7\u0131qlamas\u0131nda da t\u0259sdiq etmi\u015fdi ki, t\u0259lim-m\u0259\u015fq toplant\u0131s\u0131n\u0131n i\u015ftirak\u00e7\u0131lar\u0131 d\u00f6y\u00fc\u015f n\u00f6vb\u0259t\u00e7iliyind\u0259dir. Erm\u0259ni h\u0259rbi ekspert Mher Akopyan bildirmi\u015fdi ki, qanunvericiliy\u0259 g\u00f6r\u0259 t\u0259lim-m\u0259\u015fq toplant\u0131s\u0131 5 g\u00fcn olmal\u0131 idi, ancaq sonradan m\u00fcdd\u0259t 25 g\u00fcn\u0259d\u0259k art\u0131r\u0131l\u0131b.<\/strong><\/p>\n<p>Qeyd ed\u0259k ki, cari ilin aprelind\u0259 Erm\u0259nistan t\u0259lim-m\u0259\u015fq toplant\u0131s\u0131 ad\u0131 alt\u0131nda 4799 n\u0259f\u0259ri orduya c\u0259lb etmi\u015fdi. O zaman Az\u0259rbaycan M\u00fcdafi\u0259 Nazirliyi \u0130r\u0259van\u0131n t\u0259xribatlar\u0131na s\u0259rt etiraz\u0131n\u0131 bildirdi v\u0259 x\u0259b\u0259rdarl\u0131q etdi. B\u0259yan olunmu\u015fdu ki, \u015f\u0259rti s\u0259rh\u0259dboyu Erm\u0259nistan\u0131n qo\u015funlar\u0131n\u0131 c\u0259ml\u0259\u015fdirm\u0259si v\u0259 h\u00fccum xarakterli dayaq m\u0259nt\u0259q\u0259l\u0259rini qurmas\u0131, m\u00fcxt\u0259lif istiqam\u0259tl\u0259rd\u0259 uzunm\u00fcdd\u0259tli at\u0259\u015f n\u00f6qt\u0259l\u0259rini yaratmas\u0131, fortifikasiya qur\u011fular\u0131n\u0131 in\u015fa etm\u0259si b\u00f6lm\u0259l\u0259rimizin s\u0259r\u0259ncam\u0131nda olan x\u00fcsusi texniki vasit\u0259l\u0259r v\u0259 vizual m\u00fc\u015fahid\u0259 il\u0259 qeyd\u0259 al\u0131n\u0131b. Yeni in\u015fa edilmi\u015f d\u0259mir-beton fortifikasiya qur\u011fular\u0131nda Erm\u0259nistan Silahl\u0131 Q\u00fcvv\u0259l\u0259rinin artilleriya sisteml\u0259ri, dig\u0259r h\u00fccum silahlar\u0131 v\u0259 a\u011f\u0131r at\u0259\u015f vasit\u0259l\u0259ri yerl\u0259\u015fdirilir. Bir daha b\u0259yan edirik ki, Az\u0259rbaycan Ordusu t\u0259r\u0259find\u0259n Erm\u0259nistan\u0131n t\u00f6r\u0259d\u0259 bil\u0259c\u0259yi h\u0259r hans\u0131 t\u0259xribat\u0131n qar\u015f\u0131s\u0131 q\u0259tiyy\u0259tl\u0259 al\u0131nacaq, v\u0259ziyy\u0259tin g\u0259rginl\u0259\u015fdirilm\u0259sin\u0259 g\u00f6r\u0259 b\u00fct\u00fcn m\u0259suliyy\u0259t Erm\u0259nistan\u0131n h\u0259rbi-siyasi r\u0259hb\u0259rliyi v\u0259 onun havadarlar\u0131n\u0131n \u00fcz\u0259rin\u0259 d\u00fc\u015f\u0259c\u0259k. T\u0259sad\u00fcfi deyil ki, m\u0259hz h\u0259min haz\u0131rl\u0131qlar\u0131n ard\u0131nca \u015f\u0259rti s\u0259rh\u0259dl\u0259r boyunca t\u0259xribatlar intensiv xarakter ald\u0131. Lakin x\u0259b\u0259rdarl\u0131qlar da s\u00f6z\u00fcn\u00fc dedi v\u0259 anklav olmayan k\u0259ndl\u0259rimizin azad olunmas\u0131 ba\u015f verdi. D\u00fc\u015fm\u0259n \u00f6lk\u0259 geriy\u0259 add\u0131m atma\u011fa vadar oldu.<\/p>\n<p>Erm\u0259nistan\u0131n n\u00f6vb\u0259ti d\u0259f\u0259 \u015f\u0259rti s\u0259rh\u0259dl\u0259rd\u0259 h\u0259r\u0259k\u0259t\u0259 ke\u00e7m\u0259si, s\u00fcr\u0259tli \u015f\u0259kild\u0259 silahlanman\u0131 davam etdirm\u0259kl\u0259 yana\u015f\u0131, \u015f\u0259xsi hey\u0259ti v\u0259 h\u0259rbi texnikan\u0131 d\u00f6y\u00fc\u015f b\u00f6lg\u0259sin\u0259 c\u0259ml\u0259m\u0259si cavabs\u0131z qalmay\u0131b. Oktyabr\u0131n 12-d\u0259 m\u00fcdafi\u0259 naziri general-polkovnik Zakir H\u0259s\u0259novun r\u0259hb\u0259rliyi il\u0259 M\u00fcdafi\u0259 Nazirliyind\u0259 xidm\u0259ti m\u00fc\u015favir\u0259 ke\u00e7irilib. M\u00fc\u015favir\u0259y\u0259 nazir m\u00fcavinl\u0259ri, qo\u015fun (q\u00fcvv\u0259) n\u00f6v\u00fc komandanlar\u0131 v\u0259 m\u00fcavinl\u0259ri, \u018flahidd\u0259 \u00dcmumqo\u015fun Ordunun r\u0259hb\u0259r hey\u0259ti, ba\u015f idar\u0259, idar\u0259 r\u0259isl\u0259ri, h\u0259rbi birlik v\u0259 birl\u0259\u015fm\u0259 komandirl\u0259ri, h\u0259m\u00e7inin Milli M\u00fcdafi\u0259 Universitetinin v\u0259 tabeliyind\u0259 olan x\u00fcsusi t\u0259yinatl\u0131 t\u0259hsil m\u00fc\u0259ssis\u0259l\u0259rinin rektorlar\u0131 c\u0259lb olunub. M\u00fcdafi\u0259 naziri Az\u0259rbaycan Respublikas\u0131n\u0131n Prezidenti, Silahl\u0131 Q\u00fcvv\u0259l\u0259rin Ali Ba\u015f Komandan\u0131 c\u0259nab \u0130lham \u018fliyevin Az\u0259rbaycan Ordusu qar\u015f\u0131s\u0131nda qoydu\u011fu tap\u015f\u0131r\u0131qlar\u0131 \u00e7atd\u0131r\u0131b. M\u00fcdafi\u0259 naziri qo\u015funlar\u0131n d\u00f6y\u00fc\u015f qabiliyy\u0259tinin daim y\u00fcks\u0259k s\u0259viyy\u0259d\u0259 saxlan\u0131lmas\u0131, ay\u0131q-say\u0131ql\u0131\u011f\u0131n art\u0131r\u0131lmas\u0131, el\u0259c\u0259 d\u0259 revan\u015fist q\u00fcvv\u0259l\u0259rin \u015f\u0259rti s\u0259rh\u0259dd\u0259 ehtimal olunan b\u00fct\u00fcn t\u0259xribatlar\u0131na qar\u015f\u0131 preventiv t\u0259dbirl\u0259rin g\u00f6r\u00fclm\u0259sin\u0259 haz\u0131r olmaqla ba\u011fl\u0131 aidiyy\u0259ti \u00fczr\u0259 konkret tap\u015f\u0131r\u0131qlar verib. Az\u0259rbaycan M\u00fcdafi\u0259 Nazirliyind\u0259 ke\u00e7iril\u0259n m\u00fc\u015favir\u0259 v\u0259 m\u00fcvafiq tap\u015f\u0131r\u0131qlar\u0131n verilm\u0259si Erm\u0259nistanda narahatl\u0131q yarad\u0131b.<\/p>\n<p>Bu arada, oktyabr\u0131n 14-\u00fcnd\u0259 Az\u0259rbaycan H\u0259rbi Hava Q\u00fcvv\u0259l\u0259rinin (HHQ) d\u00f6y\u00fc\u015f t\u0259yyar\u0259l\u0259ri haz\u0131rl\u0131q plan\u0131na uy\u011fun olaraq, t\u0259lim-m\u0259\u015fq u\u00e7u\u015flar\u0131n\u0131 icra edib. Aviasiya vasit\u0259l\u0259rinin u\u00e7u\u015flar\u0131 m\u00fc\u0259yy\u0259n edilmi\u015f mar\u015frutlar \u00fczr\u0259 yerin\u0259 yetirilib. H\u0259rbi pilotlar t\u0259r\u0259find\u0259n qalxma v\u0259 enm\u0259, a\u015fa\u011f\u0131, el\u0259c\u0259 d\u0259 orta h\u00fcnd\u00fcrl\u00fckd\u0259 \u00e7\u0259tin pilotaj v\u0259 d\u00f6y\u00fc\u015f manevrl\u0259ri \u00fczr\u0259 tap\u015f\u0131r\u0131qlar icra olunub. H\u0259rbi qulluq\u00e7ular\u0131n d\u00f6y\u00fc\u015f v\u0259rdi\u015fl\u0259rinin t\u0259kmill\u0259\u015fdirilm\u0259si m\u0259qs\u0259di il\u0259 ke\u00e7iril\u0259n m\u0259\u015fql\u0259r zaman\u0131 h\u0259rbi pilotlar y\u00fcks\u0259k pe\u015f\u0259karl\u0131q n\u00fcmayi\u015f etdiribl\u0259r.<\/p>\n<p><strong>Bel\u0259likl\u0259, Erm\u0259nistan r\u0259hb\u0259rliyi s\u00fclhd\u0259n dan\u0131\u015f\u0131r, amma eyni vaxtda \u015f\u0259rti s\u0259rh\u0259dl\u0259r\u0259 qo\u015fun y\u0131\u011f\u0131r, silahlan\u0131r. M\u0259qs\u0259d n\u0259dir? B\u00f6lg\u0259d\u0259 yeni sava\u015f t\u0259hl\u00fck\u0259si varm\u0131? D\u00fc\u015fm\u0259nin at\u0259\u015f n\u00f6qt\u0259l\u0259ri \u00f6nc\u0259d\u0259n susdurula bil\u0259rmi?<\/strong><\/p>\n<p><strong><img src=\"https:\/\/sumqayitxeber.com\/files\/uploads\/2022\/10\/Arzujpg-728x440.jpg\" alt=\"Arzu Na\u011f\u0131yev komit\u0259 s\u0259dri se\u00e7ildi \u2013 SumqayitXeber.Com\" \/><\/strong><\/p>\n<p><strong>Arzu Na\u011f\u0131yev<\/strong><\/p>\n<p><strong>Deputat, Milli M\u0259clisin M\u00fcdafi\u0259, t\u0259hl\u00fck\u0259sizlik v\u0259 korrupsiyaya qar\u015f\u0131 m\u00fcbariz\u0259 komit\u0259sinin s\u0259dri Arzu Na\u011f\u0131yev \u201cYeni M\u00fcsavat\u201da bildirdi ki, beyn\u0259lxalq arenada artan h\u0259rbi v\u0259 siyasi g\u0259rginlik C\u0259nubi Qafqaz regionunda da \u00f6z t\u0259sirl\u0259rini g\u00f6st\u0259r\u0259 bil\u0259r:<\/strong>\u00a0\u201cX\u00fcsusil\u0259 bug\u00fcnl\u0259rd\u0259. Bildiyiniz kimi, qlobal iqlim d\u0259yi\u015fikliyi il\u0259 m\u00fcbariz\u0259y\u0259 h\u0259sr olunan beyn\u0259lxalq COP29-a say\u0131l\u0131 g\u00fcnl\u0259r qal\u0131b. \u00d6lk\u0259miz n\u00f6vb\u0259ti beyn\u0259lxalq miqyasl\u0131 layih\u0259l\u0259rd\u0259n birin\u0259 ev sahibliyi ed\u0259c\u0259k. X\u00fcsusil\u0259 bu \u015f\u0259raitd\u0259 xarici aktorlar regionda daha aktivdir\u201d. Komit\u0259 s\u0259dri t\u0259sdiql\u0259yir ki, bug\u00fcnl\u0259rd\u0259 Erm\u0259nistan s\u0259rh\u0259dd\u0259 h\u0259rbi t\u0259xribatla v\u0259ziyy\u0259ti g\u0259rginl\u0259\u015fdir\u0259 bil\u0259r: \u201cBel\u0259 olan t\u0259qdird\u0259 Az\u0259rbaycan t\u0259r\u0259fd\u0259n a\u00e7\u0131lacaq\u00a0 cavab at\u0259\u015fi p\u0259rd\u0259nin arxas\u0131ndak\u0131 q\u00fcvv\u0259l\u0259rin i\u015fin\u0259 yaraya bil\u0259r. COP29 \u0259r\u0259f\u0259sind\u0259 regionda dayan\u0131ql\u0131 s\u00fclh\u00fc b\u0259rpa etm\u0259k \u00fc\u00e7\u00fcn r\u0259smi Bak\u0131 b\u00fct\u00fcn m\u00fcmk\u00fcn variantlardan istifad\u0259 edir.<\/p>\n<p><strong>R\u0259smi \u0130r\u0259van revan\u015fist manevrl\u0259rl\u0259 s\u00fclhd\u0259n yay\u0131nma siyas\u0259tini davam etdirir&#8221;.<\/strong><\/p>\n<p>A.Na\u011f\u0131yev m\u0259krli plan\u0131n m\u00f6vcudlu\u011funu istisna etm\u0259di v\u0259 x\u0259b\u0259rdarl\u0131\u011f\u0131n\u0131 a\u015fa\u011f\u0131dak\u0131 kimi \u00e7atd\u0131rd\u0131: \u201cErm\u0259nistanda m\u00fc\u0259yy\u0259n qrupla\u015fmalar\u0131n Q\u0259rbd\u0259n ald\u0131\u011f\u0131 t\u0259limatla s\u00fclh prosesi art\u0131q 4 ildir ki, uzan\u0131r. Nax\u0259l\u0259f qon\u015fumuzun s\u0259rgil\u0259diyi bu tutumsuz davran\u0131\u015flar r\u0259smi Bak\u0131n\u0131n s\u0259br kasas\u0131n\u0131 da\u015f\u0131ra bil\u0259r. V\u0259ziyy\u0259tin g\u0259rginl\u0259\u015f\u0259c\u0259yi t\u0259qdird\u0259 Rusiya m\u0259s\u0259l\u0259y\u0259 daxil olarsa, C\u0259nubi Qafqaz \u015e\u0259rql\u0259 Q\u0259rbin yeni sava\u015f meydan\u0131na \u00e7evril\u0259r\u201d. Deputat qeyd etdi ki, iqtisadi v\u0259 h\u0259rbi v\u0259ziyy\u0259ti \u00fcr\u0259ka\u00e7an olmayan Erm\u0259nistan m\u00f6vcud v\u0259ziyy\u0259td\u0259 \u00f6z daxili sabitliyini qorumaq \u00fc\u00e7\u00fcn s\u00fclh\u0259 getm\u0259li, region \u00f6lk\u0259l\u0259ri il\u0259 bir s\u0131ra sah\u0259l\u0259rd\u0259 \u0259m\u0259kda\u015fl\u0131\u011f\u0131n\u0131 geni\u015fl\u0259ndirm\u0259lidir: \u201cHesab edir\u0259m ki, bu, onun \u00fc\u00e7\u00fcn \u0259n do\u011fru se\u00e7im ola bil\u0259r. Az\u0259rbaycan h\u0259r zaman s\u00fclh t\u0259r\u0259fda\u015f\u0131 olub v\u0259 bu g\u00fcn\u0259 q\u0259d\u0259r ev sahibliyi etdiyi beyn\u0259lxalq t\u0259dbirl\u0259rl\u0259 d\u0259 bunu d\u00fcnyaya n\u00fcmayi\u015f etdirib\u201d.<\/p>\n<p><img src=\"https:\/\/static.busaat.az\/core\/storage\/2023\/08\/Tural-Ismayilov.jpg\" alt=\"Tural \u0130smay\u0131lov: \u201cAz\u0259rbaycan \u00f6z \u0259razil\u0259ri il\u0259 ba\u011fl\u0131 hans\u0131sa beyn\u0259lxalq  t\u0259\u015fkilatlar\u0131n r\u0259yini n\u0259z\u0259r\u0259 alacaq bir \u00f6lk\u0259 deyil\u201d - Busaat.az\" \/><\/p>\n<p><strong>\u00a0Tural \u0130smayilov\u00a0<\/strong><\/p>\n<p><strong>Sosial T\u0259dqiqatlar M\u0259rk\u0259zinin ba\u015f m\u00fct\u0259x\u0259ssisi, politoloq Tural \u0130smayilov da hesab edir ki, Erm\u0259nistan COP29 \u0259r\u0259f\u0259si Az\u0259rbaycana qar\u015f\u0131 informasiya sava\u015f\u0131 a\u00e7\u0131b:<\/strong>\u00a0\u201cErm\u0259nistan bir d\u00f6vl\u0259t\u0259 yara\u015fmayan \u00fcsullardan, qaydalardan istifad\u0259 ed\u0259r\u0259k Az\u0259rbaycan\u0131n \u0259leyhin\u0259 kampaniya apar\u0131r. Dezinformasiyalar v\u0259 t\u0259xribat\u00e7\u0131 h\u00fccumlar\u0131n say\u0131 is\u0259 g\u00fcn\u00fc-g\u00fcnd\u0259n \u00e7oxal\u0131r. Erm\u0259nistan\u00a0 beyn\u0259lxalq erm\u0259ni \u015f\u0259b\u0259k\u0259l\u0259rinin f\u0259aliyy\u0259tl\u0259rind\u0259n f\u0259al istifad\u0259 edir. Az\u0259rbaycan s\u00fclh ist\u0259y\u0259n t\u0259r\u0259fdir v\u0259 sabitliyin \u0259ld\u0259 edilm\u0259si \u00fc\u00e7\u00fcn d\u0259f\u0259l\u0259rl\u0259 Erm\u0259nistana \u00e7a\u011f\u0131r\u0131\u015f edib. Amma b\u00fct\u00fcn bunlara r\u0259\u011fm\u0259n Erm\u0259nistan Az\u0259rbaycan\u0131 m\u00fcharib\u0259y\u00f6nl\u00fc\u00a0 \u00f6lk\u0259 kimi t\u0259qdim etm\u0259y\u0259 \u00e7al\u0131\u015f\u0131r. Ona g\u00f6r\u0259 d\u0259 Erm\u0259nistanda\u00a0 h\u0259m hakim komanda, h\u0259m d\u0259 revan\u015fistl\u0259r v\u0259 m\u00fcxalif\u0259td\u0259 olanlar\u0131n ham\u0131s\u0131 bir a\u011f\u0131zdan Az\u0259rbaycan \u0259leyhin\u0259 m\u00fcharib\u0259 ritorikas\u0131 il\u0259 dezinformasiyalar yay\u0131rlar. Halbuki bu g\u00fcn a\u011f\u0131r h\u00fccum silahlar\u0131 il\u0259 silahland\u0131r\u0131lan Erm\u0259nistand\u0131r\u201d. T.\u0130smay\u0131lovun s\u00f6zl\u0259rin\u0259 g\u00f6r\u0259, dig\u0259r\u00a0 t\u0259r\u0259fd\u0259n Erm\u0259nistan\u0131n bu g\u00fcn d\u00f6vl\u0259t olaraq irad\u0259si \u00e7atm\u0131r ki, Z\u0259ng\u0259zur d\u0259hlizinin a\u00e7\u0131lmas\u0131 il\u0259 ba\u011fl\u0131 ortaya h\u0259r hans\u0131 m\u00f6vqe qoysun: \u201cBu g\u00fcn Erm\u0259nistan r\u0259hb\u0259rliyi xarici g\u00fcc faktorlar\u0131n\u0131n \u0259lind\u0259 oyunca\u011fa \u00e7evrilib. Ona g\u00f6r\u0259 d\u0259 hans\u0131sa q\u0259rarlar\u0131 ver\u0259 bilmir v\u0259 m\u00fctl\u0259q \u015f\u0259kild\u0259 xarici \u00f6lk\u0259l\u0259rd\u0259n g\u0259l\u0259n \u00e7a\u011f\u0131r\u0131\u015flara qulaq as\u0131r. Haz\u0131rda Az\u0259rbaycan\u0131n Erm\u0259nistana sava\u015f a\u00e7maq niyy\u0259ti yoxdur. Buna baxmayaraq, \u00f6lk\u0259miz Erm\u0259nistan\u0131n ist\u0259nil\u0259n t\u0259xribat\u0131na da adekvat cavab verm\u0259y\u0259 qadirdir\u201d.<\/p>\n<p>B\u00fct\u00fcn t\u0259f\u0259rr\u00fcatlar onu dem\u0259y\u0259 \u0259sas verir ki, Erm\u0259nistan v\u0259 onun havadarlar\u0131, Fransa ba\u015fda olmaqla, Avropa \u0130ttifaq\u0131n\u0131n missiyas\u0131, h\u0259m\u00e7inin bir s\u0131ra paytaxtlar Az\u0259rbaycan\u0131 t\u0259xribatlara \u00e7\u0259km\u0259kl\u0259, COP29 \u0259r\u0259f\u0259sind\u0259 g\u0259rginliyi t\u0259tikl\u0259m\u0259k, m\u00fcharib\u0259 oca\u011f\u0131n\u0131 alovland\u0131rmaq v\u0259 \u00f6zl\u0259rinin m\u0259krli planlar\u0131n\u0131 realla\u015fd\u0131rmaq \u00fc\u00e7\u00fcn unikal f\u00fcrs\u0259t qazanmaq ist\u0259yirl\u0259r. Bu ilin \u0259vv\u0259lind\u0259n Az\u0259rbaycan\u0131n guya Z\u0259ng\u0259zur istiqam\u0259tind\u0259 h\u00fccuma ke\u00e7\u0259c\u0259yi bar\u0259d\u0259 \u201ck\u0259\u015ffiyyat m\u0259lumatlar\u0131\u201d yayan m\u0259rk\u0259zl\u0259r ist\u0259kl\u0259rin\u0259 nail olmaq \u00fc\u00e7\u00fcn Erm\u0259nistana h\u0259r c\u00fcr d\u0259st\u0259k verirl\u0259r. \u018fks t\u0259qdird\u0259, \u201cs\u00fclh ist\u0259y\u0259n\u201d \u00f6lk\u0259y\u0259 \u015f\u0259rti s\u0259rh\u0259dl\u0259r\u0259 yerl\u0259\u015fdirm\u0259k \u00fc\u00e7\u00fcn \u00f6z\u00fcyeriy\u0259n artilleriya qur\u011fular\u0131 g\u00f6nd\u0259rm\u0259zdil\u0259r&#8230;<\/p>\n<p><strong>E.PA\u015eASOY,<\/strong><br \/>\n<strong>\u201cYeni M\u00fcsavat\u201d<\/strong><\/p>\n","protected":false},"excerpt":{"rendered":"<p>S\u00fclh\u0259 haz\u0131r oldu\u011funu b\u0259yan ed\u0259n r\u0259smi \u0130r\u0259van h\u0259rbi q\u00fcvv\u0259l\u0259rini v\u0259 a\u011f\u0131r texnikas\u0131n\u0131 b\u00f6lg\u0259y\u0259 c\u0259ml\u0259yir; Az\u0259rbaycan\u0131n m\u00fch\u00fcm beyn\u0259lxalq t\u0259dbir\u0259 haz\u0131rla\u015fd\u0131\u011f\u0131 d\u00f6vrd\u0259 d\u00fc\u015fm\u0259n h\u0259r\u0259k\u0259t\u0259 ke\u00e7ib; komit\u0259 s\u0259drind\u0259n \u015fok x\u0259b\u0259rdarl\u0131q: \u201cV\u0259ziyy\u0259tin g\u0259rginl\u0259\u015f\u0259c\u0259yi t\u0259qdird\u0259 Rusiya m\u0259s\u0259l\u0259y\u0259 daxil olarsa, C\u0259nubi Qafqaz \u015e\u0259rql\u0259 Q\u0259rbin yeni sava\u015f meydan\u0131na \u00e7evril\u0259r\u201d Son g\u00fcnl\u0259r davaml\u0131 \u015f\u0259kild\u0259 Erm\u0259nistan\u0131n \u015f\u0259rti s\u0259rh\u0259dl\u0259r\u0259 \u0259lav\u0259 \u015f\u0259xsi hey\u0259t v\u0259 h\u0259rbi texnika c\u0259ml\u0259diyi bar\u0259d\u0259 m\u0259lumatlar yay\u0131l\u0131r. Erm\u0259nistanda t\u0259lim-m\u0259\u015fq toplant\u0131s\u0131na \u00e7a\u011f\u0131r\u0131lan \u015f\u0259xsl\u0259rin Az\u0259rbaycanla s\u0259rh\u0259dd\u0259 d\u00f6y\u00fc\u015f m\u00f6vqel\u0259rin\u0259 g\u00f6nd\u0259rildiyi bar\u0259d\u0259 erm\u0259ni medias\u0131 da bir ne\u00e7\u0259 g\u00fcn \u00f6nc\u0259 x\u0259b\u0259rl\u0259r tirajlam\u0131\u015fd\u0131. Bildirilirdi ki, t\u0259lim-m\u0259\u015fq toplant\u0131s\u0131 25 g\u00fcn n\u0259z\u0259rd\u0259 tutulsa da, \u00e7a\u011f\u0131r\u0131\u015f\u00e7\u0131lar\u0131n bir&hellip;<\/p>\n","protected":false},"author":2,"featured_media":761411,"comment_status":"closed","ping_status":"closed","sticky":false,"template":"","format":"standard","meta":{"om_disable_all_campaigns":false,"_monsterinsights_skip_tracking":false,"_monsterinsights_sitenote_active":false,"_monsterinsights_sitenote_note":"","_monsterinsights_sitenote_category":0},"categories":[19],"tags":[],"aioseo_notices":[],"gutentor_comment":0,"rttpg_featured_image_url":{"full":["https:\/\/arantv.az\/wp-content\/uploads\/2024\/10\/cd2939692a00436c491f79612927ced1.jpg",850,500,false],"landscape":["https:\/\/arantv.az\/wp-content\/uploads\/2024\/10\/cd2939692a00436c491f79612927ced1.jpg",850,500,false],"portraits":["https:\/\/arantv.az\/wp-content\/uploads\/2024\/10\/cd2939692a00436c491f79612927ced1.jpg",850,500,false],"thumbnail":["https:\/\/arantv.az\/wp-content\/uploads\/2024\/10\/cd2939692a00436c491f79612927ced1-500x280.jpg",500,280,true],"medium":["https:\/\/arantv.az\/wp-content\/uploads\/2024\/10\/cd2939692a00436c491f79612927ced1-621x365.jpg",621,365,true],"large":["https:\/\/arantv.az\/wp-content\/uploads\/2024\/10\/cd2939692a00436c491f79612927ced1-840x494.jpg",640,376,true],"1536x1536":["https:\/\/arantv.az\/wp-content\/uploads\/2024\/10\/cd2939692a00436c491f79612927ced1.jpg",850,500,false],"2048x2048":["https:\/\/arantv.az\/wp-content\/uploads\/2024\/10\/cd2939692a00436c491f79612927ced1.jpg",850,500,false],"post-thumbnail":["https:\/\/arantv.az\/wp-content\/uploads\/2024\/10\/cd2939692a00436c491f79612927ced1-240x172.jpg",240,172,true],"advps-thumb-one":["https:\/\/arantv.az\/wp-content\/uploads\/2024\/10\/cd2939692a00436c491f79612927ced1.jpg",850,500,false]},"rttpg_author":{"display_name":"V\u00fcsal Rafiqo\u011flu","author_link":"https:\/\/arantv.az\/?author=2"},"rttpg_comment":0,"rttpg_category":"<a href=\"https:\/\/arantv.az\/?cat=19\" rel=\"category\">G\u00fcnd\u0259m<\/a>","rttpg_excerpt":"S\u00fclh\u0259 haz\u0131r oldu\u011funu b\u0259yan ed\u0259n r\u0259smi \u0130r\u0259van h\u0259rbi q\u00fcvv\u0259l\u0259rini v\u0259 a\u011f\u0131r texnikas\u0131n\u0131 b\u00f6lg\u0259y\u0259 c\u0259ml\u0259yir; Az\u0259rbaycan\u0131n m\u00fch\u00fcm beyn\u0259lxalq t\u0259dbir\u0259 haz\u0131rla\u015fd\u0131\u011f\u0131 d\u00f6vrd\u0259 d\u00fc\u015fm\u0259n h\u0259r\u0259k\u0259t\u0259 ke\u00e7ib; komit\u0259 s\u0259drind\u0259n \u015fok x\u0259b\u0259rdarl\u0131q: \u201cV\u0259ziyy\u0259tin g\u0259rginl\u0259\u015f\u0259c\u0259yi t\u0259qdird\u0259 Rusiya m\u0259s\u0259l\u0259y\u0259 daxil olarsa, C\u0259nubi Qafqaz \u015e\u0259rql\u0259 Q\u0259rbin yeni sava\u015f meydan\u0131na \u00e7evril\u0259r\u201d Son g\u00fcnl\u0259r davaml\u0131 \u015f\u0259kild\u0259 Erm\u0259nistan\u0131n \u015f\u0259rti s\u0259rh\u0259dl\u0259r\u0259 \u0259lav\u0259 \u015f\u0259xsi hey\u0259t v\u0259 h\u0259rbi texnika&hellip;","_links":{"self":[{"href":"https:\/\/arantv.az\/index.php?rest_route=\/wp\/v2\/posts\/761410"}],"collection":[{"href":"https:\/\/arantv.az\/index.php?rest_route=\/wp\/v2\/posts"}],"about":[{"href":"https:\/\/arantv.az\/index.php?rest_route=\/wp\/v2\/types\/post"}],"author":[{"embeddable":true,"href":"https:\/\/arantv.az\/index.php?rest_route=\/wp\/v2\/users\/2"}],"replies":[{"embeddable":true,"href":"https:\/\/arantv.az\/index.php?rest_route=%2Fwp%2Fv2%2Fcomments&post=761410"}],"version-history":[{"count":1,"href":"https:\/\/arantv.az\/index.php?rest_route=\/wp\/v2\/posts\/761410\/revisions"}],"predecessor-version":[{"id":761412,"href":"https:\/\/arantv.az\/index.php?rest_route=\/wp\/v2\/posts\/761410\/revisions\/761412"}],"wp:featuredmedia":[{"embeddable":true,"href":"https:\/\/arantv.az\/index.php?rest_route=\/wp\/v2\/media\/761411"}],"wp:attachment":[{"href":"https:\/\/arantv.az\/index.php?rest_route=%2Fwp%2Fv2%2Fmedia&parent=761410"}],"wp:term":[{"taxonomy":"category","embeddable":true,"href":"https:\/\/arantv.az\/index.php?rest_route=%2Fwp%2Fv2%2Fcategories&post=761410"},{"taxonomy":"post_tag","embeddable":true,"href":"https:\/\/arantv.az\/index.php?rest_route=%2Fwp%2Fv2%2Ftags&post=761410"}],"curies":[{"name":"wp","href":"https:\/\/api.w.org\/{rel}","templated":true}]}}