{"id":761413,"date":"2024-10-15T10:24:04","date_gmt":"2024-10-15T06:24:04","guid":{"rendered":"https:\/\/arantv.az\/?p=761413"},"modified":"2024-10-15T10:24:04","modified_gmt":"2024-10-15T06:24:04","slug":"maaslar-n%c9%99-vaxtdan-artacaq-nazirlik-vaxtini-aciqladi","status":"publish","type":"post","link":"https:\/\/arantv.az\/?p=761413","title":{"rendered":"Maa\u015flar n\u0259 vaxtdan artacaq? &#8211; Nazirlik vaxt\u0131n\u0131 a\u00e7\u0131qlad\u0131"},"content":{"rendered":"<p>G\u0259l\u0259n ild\u0259n \u00f6lk\u0259d\u0259 minum \u0259m\u0259k haqq\u0131 art\u0131r\u0131lacaq. D\u00f6vl\u0259t ba\u015f\u00e7\u0131s\u0131 da VII \u00e7a\u011f\u0131r\u0131\u015f Milli M\u0259clisin ilk iclas\u0131ndak\u0131 \u00e7\u0131x\u0131\u015f\u0131nda bununla ba\u011fl\u0131 g\u00f6st\u0259ri\u015f verildiyini bildirib.<\/p>\n<p>B\u0259s art\u0131m n\u0259 q\u0259d\u0259r olacaq?<\/p>\n<p>Sosioloq \u00dczeyir \u015e\u0259fiyev deyir ki, bazarda qiym\u0259t d\u0259yi\u015fiklikl\u0259ri v\u0259 inflyasiya g\u00f6st\u0259ricil\u0259ri minimum \u0259m\u0259khaqq\u0131n\u0131n art\u0131r\u0131lmas\u0131 m\u0259s\u0259l\u0259sini realla\u015fd\u0131r\u0131r. O, qeyd edib ki, haz\u0131rda minimum \u0259m\u0259khaqq\u0131 345 manat olsa da, bir \u00e7ox m\u00fc\u0259ssis\u0259l\u0259rd\u0259 bazara uy\u011fun olaraq minimum 500 manat maa\u015f verilir. Sosioloq g\u0259l\u0259n il art\u0131m zaman\u0131 da minimum \u0259m\u0259khaq\u0131n\u0131n el\u0259 m\u0259hz 500 manat civar\u0131nda olmas\u0131n\u0131 daha m\u0259qs\u0259d\u0259uy\u011fun say\u0131r.<\/p>\n<div class=\"AdviadNativeVideo\"><\/div>\n<p>\u00dczeyir \u015e\u0259fiyev qeyd edib ki, \u00f6t\u0259n il inflyasiya s\u0259viyy\u0259si 8,8, orta ayl\u0131q \u0259m\u0259khaqq\u0131ndak\u0131 art\u0131m 11,3 faiz olub. Bununla yana\u015f\u0131, bu il d\u0259 h\u0259m qiym\u0259t art\u0131mlar\u0131, h\u0259m d\u0259 nominal orta ayl\u0131q \u0259m\u0259khaqq\u0131n\u0131n d\u0259yi\u015fm\u0259si qeyd\u0259 al\u0131n\u0131b.<\/p>\n<p>M\u0259s\u0259l\u0259 il\u0259 ba\u011fl\u0131 \u018fm\u0259k v\u0259 \u018fhalinin Sosial M\u00fcdafi\u0259si Nazirliyind\u0259n &#8220;X\u0259z\u0259r\u00a0<a title=\"xeberler son xeberler 2024\" href=\"https:\/\/big.az\/\" target=\"_blank\" rel=\"noopener\">X\u0259b\u0259r<\/a>&#8220;\u0259 bildirildi ki, minimum \u0259m\u0259khaqq\u0131n\u0131n art\u0131r\u0131lmas\u0131 il\u0259 ba\u011fl\u0131 t\u0259klifl\u0259r haz\u0131rlanaraq noyabr\u0131n 1-d\u0259k t\u0259qdim edil\u0259c\u0259k.<\/p>\n<div class=\"embed-responsive embed-responsive-16by9\"><iframe loading=\"lazy\" id=\"nmqembedid\" class=\"embed-responsive-item\" title=\"video player\" src=\"https:\/\/www.youtube.com\/embed\/A_tXKSGRX2Q?rel=0&amp;wmode=transparent\" width=\"600\" height=\"340\" frameborder=\"0\" scrolling=\"no\" allowfullscreen=\"allowfullscreen\" data-mce-fragment=\"1\"><\/iframe><\/div>\n","protected":false},"excerpt":{"rendered":"<p>G\u0259l\u0259n ild\u0259n \u00f6lk\u0259d\u0259 minum \u0259m\u0259k haqq\u0131 art\u0131r\u0131lacaq. D\u00f6vl\u0259t ba\u015f\u00e7\u0131s\u0131 da VII \u00e7a\u011f\u0131r\u0131\u015f Milli M\u0259clisin ilk iclas\u0131ndak\u0131 \u00e7\u0131x\u0131\u015f\u0131nda bununla ba\u011fl\u0131 g\u00f6st\u0259ri\u015f verildiyini bildirib. B\u0259s art\u0131m n\u0259 q\u0259d\u0259r olacaq? Sosioloq \u00dczeyir \u015e\u0259fiyev deyir ki, bazarda qiym\u0259t d\u0259yi\u015fiklikl\u0259ri v\u0259 inflyasiya g\u00f6st\u0259ricil\u0259ri minimum \u0259m\u0259khaqq\u0131n\u0131n art\u0131r\u0131lmas\u0131 m\u0259s\u0259l\u0259sini realla\u015fd\u0131r\u0131r. O, qeyd edib ki, haz\u0131rda minimum \u0259m\u0259khaqq\u0131 345 manat olsa da, bir \u00e7ox m\u00fc\u0259ssis\u0259l\u0259rd\u0259 bazara uy\u011fun olaraq minimum 500 manat maa\u015f verilir. Sosioloq g\u0259l\u0259n il art\u0131m zaman\u0131 da minimum \u0259m\u0259khaq\u0131n\u0131n el\u0259 m\u0259hz 500 manat civar\u0131nda olmas\u0131n\u0131 daha m\u0259qs\u0259d\u0259uy\u011fun say\u0131r. \u00dczeyir \u015e\u0259fiyev qeyd edib ki, \u00f6t\u0259n il inflyasiya&hellip;<\/p>\n","protected":false},"author":2,"featured_media":761414,"comment_status":"closed","ping_status":"closed","sticky":false,"template":"","format":"standard","meta":{"om_disable_all_campaigns":false,"_monsterinsights_skip_tracking":false,"_monsterinsights_sitenote_active":false,"_monsterinsights_sitenote_note":"","_monsterinsights_sitenote_category":0},"categories":[1],"tags":[],"aioseo_notices":[],"gutentor_comment":0,"rttpg_featured_image_url":{"full":["https:\/\/arantv.az\/wp-content\/uploads\/2024\/10\/1728972566man.png",650,429,false],"landscape":["https:\/\/arantv.az\/wp-content\/uploads\/2024\/10\/1728972566man.png",650,429,false],"portraits":["https:\/\/arantv.az\/wp-content\/uploads\/2024\/10\/1728972566man.png",650,429,false],"thumbnail":["https:\/\/arantv.az\/wp-content\/uploads\/2024\/10\/1728972566man-500x280.png",500,280,true],"medium":["https:\/\/arantv.az\/wp-content\/uploads\/2024\/10\/1728972566man-553x365.png",553,365,true],"large":["https:\/\/arantv.az\/wp-content\/uploads\/2024\/10\/1728972566man.png",640,422,false],"1536x1536":["https:\/\/arantv.az\/wp-content\/uploads\/2024\/10\/1728972566man.png",650,429,false],"2048x2048":["https:\/\/arantv.az\/wp-content\/uploads\/2024\/10\/1728972566man.png",650,429,false],"post-thumbnail":["https:\/\/arantv.az\/wp-content\/uploads\/2024\/10\/1728972566man-240x172.png",240,172,true],"advps-thumb-one":["https:\/\/arantv.az\/wp-content\/uploads\/2024\/10\/1728972566man.png",650,429,false]},"rttpg_author":{"display_name":"V\u00fcsal Rafiqo\u011flu","author_link":"https:\/\/arantv.az\/?author=2"},"rttpg_comment":0,"rttpg_category":"<a href=\"https:\/\/arantv.az\/?cat=1\" rel=\"category\">C\u0259miyy\u0259t<\/a>","rttpg_excerpt":"G\u0259l\u0259n ild\u0259n \u00f6lk\u0259d\u0259 minum \u0259m\u0259k haqq\u0131 art\u0131r\u0131lacaq. D\u00f6vl\u0259t ba\u015f\u00e7\u0131s\u0131 da VII \u00e7a\u011f\u0131r\u0131\u015f Milli M\u0259clisin ilk iclas\u0131ndak\u0131 \u00e7\u0131x\u0131\u015f\u0131nda bununla ba\u011fl\u0131 g\u00f6st\u0259ri\u015f verildiyini bildirib. B\u0259s art\u0131m n\u0259 q\u0259d\u0259r olacaq? Sosioloq \u00dczeyir \u015e\u0259fiyev deyir ki, bazarda qiym\u0259t d\u0259yi\u015fiklikl\u0259ri v\u0259 inflyasiya g\u00f6st\u0259ricil\u0259ri minimum \u0259m\u0259khaqq\u0131n\u0131n art\u0131r\u0131lmas\u0131 m\u0259s\u0259l\u0259sini realla\u015fd\u0131r\u0131r. O, qeyd edib ki, haz\u0131rda minimum \u0259m\u0259khaqq\u0131 345 manat olsa da, bir&hellip;","_links":{"self":[{"href":"https:\/\/arantv.az\/index.php?rest_route=\/wp\/v2\/posts\/761413"}],"collection":[{"href":"https:\/\/arantv.az\/index.php?rest_route=\/wp\/v2\/posts"}],"about":[{"href":"https:\/\/arantv.az\/index.php?rest_route=\/wp\/v2\/types\/post"}],"author":[{"embeddable":true,"href":"https:\/\/arantv.az\/index.php?rest_route=\/wp\/v2\/users\/2"}],"replies":[{"embeddable":true,"href":"https:\/\/arantv.az\/index.php?rest_route=%2Fwp%2Fv2%2Fcomments&post=761413"}],"version-history":[{"count":1,"href":"https:\/\/arantv.az\/index.php?rest_route=\/wp\/v2\/posts\/761413\/revisions"}],"predecessor-version":[{"id":761415,"href":"https:\/\/arantv.az\/index.php?rest_route=\/wp\/v2\/posts\/761413\/revisions\/761415"}],"wp:featuredmedia":[{"embeddable":true,"href":"https:\/\/arantv.az\/index.php?rest_route=\/wp\/v2\/media\/761414"}],"wp:attachment":[{"href":"https:\/\/arantv.az\/index.php?rest_route=%2Fwp%2Fv2%2Fmedia&parent=761413"}],"wp:term":[{"taxonomy":"category","embeddable":true,"href":"https:\/\/arantv.az\/index.php?rest_route=%2Fwp%2Fv2%2Fcategories&post=761413"},{"taxonomy":"post_tag","embeddable":true,"href":"https:\/\/arantv.az\/index.php?rest_route=%2Fwp%2Fv2%2Ftags&post=761413"}],"curies":[{"name":"wp","href":"https:\/\/api.w.org\/{rel}","templated":true}]}}