{"id":761419,"date":"2024-10-15T10:36:13","date_gmt":"2024-10-15T06:36:13","guid":{"rendered":"https:\/\/arantv.az\/?p=761419"},"modified":"2024-10-15T10:36:13","modified_gmt":"2024-10-15T06:36:13","slug":"pasinyan-gorun-az%c9%99rbaycana-qarsi-n%c9%99-etdi-bu-d%c9%99f%c9%99","status":"publish","type":"post","link":"https:\/\/arantv.az\/?p=761419","title":{"rendered":"Pa\u015finyan g\u00f6r\u00fcn Az\u0259rbaycana qar\u015f\u0131 N\u018f ETD\u0130 &#8211; Bu d\u0259f\u0259&#8230;"},"content":{"rendered":"<p><strong>Politoloq: \u201cG\u00f6r\u00fcn, n\u0259 d\u0259r\u0259c\u0259d\u0259 h\u0259yas\u0131z siyas\u0259t\u00e7idir ki&#8230;\u201d<\/strong><\/p>\n<p>Erm\u0259nistan\u0131n ba\u015f naziri Nikol Pa\u015finyan\u0131n s\u00fclh oyunbazl\u0131\u011f\u0131 davam edir. Son vaxtlar daha qabar\u0131q g\u00f6r\u00fcn\u0259n bu yalan\u00e7\u0131 konstruktivlik paralel sur\u0259td\u0259 Az\u0259rbaycan\u0131n su\u00e7lanmas\u0131 fonunda \u00f6z\u00fcn\u00fc b\u00fcruz\u0259 verm\u0259kd\u0259dir. Bu da n\u00f6vb\u0259ti fakt.<\/p>\n<p>\u201cAz\u0259rbaycan &#8220;D\u00fcnyan\u0131n k\u0259si\u015fm\u0259si&#8221; layih\u0259sinin Erm\u0259nistana on milyardlarla dollar g\u0259lir g\u0259tir\u0259 bil\u0259c\u0259yind\u0259n narahatd\u0131r&#8221;.<\/p>\n<p><strong>Bel\u0259 bir absurd iddian\u0131 Pa\u015finyan \u00f6t\u0259n h\u0259ft\u0259sonu \u0130r\u0259vanda ke\u00e7iril\u0259n \u201cD\u00fcnyan\u0131n k\u0259si\u015fm\u0259si: T\u0259hl\u00fck\u0259sizlik v\u0259 demokratiyan\u0131n birl\u0259\u015fm\u0259si\u201d konfrans\u0131 zaman\u0131 ir\u0259li s\u00fcr\u00fcb.<\/strong><\/p>\n<p>Onun s\u00f6zl\u0259rin\u0259 g\u00f6r\u0259, bu kontekstd\u0259 Az\u0259rbaycan\u0131n narahatl\u0131\u011f\u0131 ikit\u0259r\u0259flidir: \u201cBir t\u0259r\u0259fd\u0259n, Az\u0259rbaycan ciddi \u015f\u0259kild\u0259 d\u00fc\u015f\u00fcn\u00fcr ki, \u0259g\u0259r Erm\u0259nistan\u0131n strateji perspektivd\u0259 ona qar\u015f\u0131 t\u0259cav\u00fczkar planlar\u0131 varsa, bu v\u0259saitl\u0259r ona qar\u015f\u0131 istifad\u0259 oluna bil\u0259r, dig\u0259r t\u0259r\u0259fd\u0259n, Az\u0259rbaycan\u0131n Erm\u0259nistana qar\u015f\u0131 t\u0259cav\u00fczkar niyy\u0259ti varsa, milyardlarla v\u0259sait Erm\u0259nistan\u0131n m\u00fcdafi\u0259 qabiliyy\u0259tini art\u0131rmaq \u00fc\u00e7\u00fcn istifad\u0259 oluna bil\u0259r ki, bu da onun (Bak\u0131n\u0131n &#8211; red.) t\u0259cav\u00fczkar planlar\u0131n\u0131n h\u0259yata ke\u00e7irilm\u0259sind\u0259 probleml\u0259r yaradacaq\u201d.<\/p>\n<p><strong>Nikol Pa\u015finyan ard\u0131nca yen\u0259 k\u00f6hn\u0259 bayat\u0131n\u0131 oxuyaraq iddia edib ki, \u201cErm\u0259nistan Az\u0259rbaycana v\u0259 \u00fcmumilikd\u0259 region \u00f6lk\u0259l\u0259rin\u0259 qar\u015f\u0131 h\u0259r hans\u0131 t\u0259cav\u00fczkar niyy\u0259tinin olmad\u0131\u011f\u0131n\u0131 d\u0259f\u0259l\u0259rl\u0259 b\u0259yan edib\u201d.<\/strong><\/p>\n<p>\u201cBiz b\u00fct\u00fcn qon\u015fular\u0131m\u0131z\u0131n \u0259razi b\u00fct\u00f6vl\u00fcy\u00fcn\u00fc tan\u0131y\u0131r\u0131q v\u0259 bununla ba\u011fl\u0131 de-yure \u00f6hd\u0259likl\u0259r g\u00f6t\u00fcrm\u0259y\u0259 haz\u0131r\u0131q. \u00dcst\u0259lik, Erm\u0259nistan b\u0259yan edir ki, i\u015f\u011fal olunmu\u015f \u0259razil\u0259rinin h\u0259rbi yolla geri qaytar\u0131lmas\u0131 m\u0259s\u0259l\u0259sini g\u00fcnd\u0259m\u0259 g\u0259tirmir (guya Az\u0259rbaycan Erm\u0259nistan \u0259razisin\u0259 girib! &#8211; red. ), \u00e7\u00fcnki delimitasiya prosesind\u0259 Az\u0259rbaycanla imzalad\u0131\u011f\u0131m\u0131z s\u0259n\u0259d bu prosesin dinc, h\u00fcquqi \u0259saslarla ba\u015f tutmas\u0131 \u00fc\u00e7\u00fcn h\u0259r c\u00fcr imkan yarad\u0131r. Ancaq Az\u0259rbaycan h\u0259m Erm\u0259nistan \u0259razisind\u0259n yollar\u0131n a\u00e7\u0131lmas\u0131n\u0131, h\u0259m d\u0259 Erm\u0259nistan\u0131n blokadada qalmaqda davam etm\u0259sini (? &#8211; red.) ist\u0259yir. Bu, m\u0259ntiqsiz yana\u015fmad\u0131r v\u0259 Erm\u0259nistan \u00fc\u00e7\u00fcn m\u0259qbul say\u0131la bilm\u0259z\u201d.<\/p>\n<p><img src=\"https:\/\/cdn.yenicag.az\/files\/uploads\/2019\/12\/qabil-1.jpg\" alt=\"Prezidentd\u0259n Qabil H\u00fcseynli il\u0259 ba\u011fl\u0131 s\u0259r\u0259ncam \u2013 Yeni \u00c7a\u011f Media\" \/><\/p>\n<p><strong>\u00a0Qabil H\u00fcseynli<\/strong><\/p>\n<p><strong>Politoloq Qabil H\u00fcseynli \u201cYeni M\u00fcsavat\u201da bildirdi ki, Nikol Pa\u015finyan h\u0259mi\u015f\u0259ki ziqzaql\u0131 m\u00f6vqeyini davam etdirir:<\/strong>\u00a0&#8220;Bir t\u0259r\u0259fd\u0259n d\u00fcnyan\u0131n n\u0259z\u0259rind\u0259 Erm\u0259nistan\u0131n guya s\u00fclhp\u0259rv\u0259r, qon\u015fular\u0131na \u0259razi iddias\u0131 olmayan d\u00f6vl\u0259t oldu\u011funu yeritm\u0259k ist\u0259yir, o biri t\u0259r\u0259fd\u0259n Az\u0259rbaycanla s\u00fclh\u00fcn ba\u015f tutmamas\u0131 \u00fc\u00e7\u00fcn add\u0131mlar at\u0131r. Az\u0259rbaycana q\u0259bul edilm\u0259si m\u00fcmk\u00fcn olmayan t\u0259klifl\u0259rin ir\u0259li s\u00fcr\u00fclm\u0259si, Az\u0259rbaycan\u0131n Erm\u0259nistan\u0131n \u0259razisini i\u015f\u011fal etdiyinin Pa\u015finyan t\u0259r\u0259find\u0259n iddia edilm\u0259si, konstitusiyada, d\u00f6vl\u0259t gerbind\u0259 Az\u0259rbaycana qar\u015f\u0131, T\u00fcrkiy\u0259y\u0259 qar\u015f\u0131 \u0259razi iddialar\u0131n\u0131n l\u0259\u011fv edilm\u0259sind\u0259n imtina olunmas\u0131 da s\u00fclhd\u0259n yay\u0131nmaq \u00fc\u00e7\u00fcnd\u00fcr. G\u00f6r\u00fcn Pa\u015finyan n\u0259 d\u0259r\u0259c\u0259d\u0259 h\u0259yas\u0131z siyas\u0259t\u00e7idir ki, \u00f6z \u00f6lk\u0259sinin konstitusiyas\u0131nda qon\u015fu d\u00f6vl\u0259t\u0259 qar\u015f\u0131 \u0259razi idddias\u0131 olmas\u0131na baxmayaraq h\u0259yas\u0131zcas\u0131na deyir ki, Erm\u0259nistan\u0131n qon\u015fular\u0131na qar\u015f\u0131 \u0259razi iddias\u0131 yoxdur, olas\u0131 deyil. Az\u0259rbaycana b\u00f6htan atmaqda yorulmur bu \u015f\u0259xs. Z\u0259ng\u0259zur d\u0259hlizi istifad\u0259y\u0259 verils\u0259, bundan \u0259n \u00e7ox maddi qazanc g\u00f6t\u00fcr\u0259n Erm\u0259nistan olacaq. Az\u0259rbaycan Erm\u0259nistan\u0131n maddi g\u0259lir g\u00f6t\u00fcrm\u0259sind\u0259n qorxursa, el\u0259 ilk n\u00f6vb\u0259d\u0259 Z\u0259ng\u0259zur d\u0259hlizinin a\u00e7\u0131lmas\u0131n\u0131 ist\u0259m\u0259z. Pa\u015finyan\u0131n bir iddias\u0131n\u0131 da bu arqument pu\u00e7a \u00e7\u0131xar\u0131r v\u0259 m\u0259ntiqsiz oldu\u011funu s\u00fcbut edir\u201d.<\/p>\n<p><strong>Etibar SEY\u0130DA\u011eA,<\/strong><br \/>\n<strong>\u201cYeni M\u00fcsavat\u201d\u00a0<\/strong><\/p>\n<p><strong>\u00a0<\/strong><\/p>\n","protected":false},"excerpt":{"rendered":"<p>Politoloq: \u201cG\u00f6r\u00fcn, n\u0259 d\u0259r\u0259c\u0259d\u0259 h\u0259yas\u0131z siyas\u0259t\u00e7idir ki&#8230;\u201d Erm\u0259nistan\u0131n ba\u015f naziri Nikol Pa\u015finyan\u0131n s\u00fclh oyunbazl\u0131\u011f\u0131 davam edir. Son vaxtlar daha qabar\u0131q g\u00f6r\u00fcn\u0259n bu yalan\u00e7\u0131 konstruktivlik paralel sur\u0259td\u0259 Az\u0259rbaycan\u0131n su\u00e7lanmas\u0131 fonunda \u00f6z\u00fcn\u00fc b\u00fcruz\u0259 verm\u0259kd\u0259dir. Bu da n\u00f6vb\u0259ti fakt. \u201cAz\u0259rbaycan &#8220;D\u00fcnyan\u0131n k\u0259si\u015fm\u0259si&#8221; layih\u0259sinin Erm\u0259nistana on milyardlarla dollar g\u0259lir g\u0259tir\u0259 bil\u0259c\u0259yind\u0259n narahatd\u0131r&#8221;. Bel\u0259 bir absurd iddian\u0131 Pa\u015finyan \u00f6t\u0259n h\u0259ft\u0259sonu \u0130r\u0259vanda ke\u00e7iril\u0259n \u201cD\u00fcnyan\u0131n k\u0259si\u015fm\u0259si: T\u0259hl\u00fck\u0259sizlik v\u0259 demokratiyan\u0131n birl\u0259\u015fm\u0259si\u201d konfrans\u0131 zaman\u0131 ir\u0259li s\u00fcr\u00fcb. Onun s\u00f6zl\u0259rin\u0259 g\u00f6r\u0259, bu kontekstd\u0259 Az\u0259rbaycan\u0131n narahatl\u0131\u011f\u0131 ikit\u0259r\u0259flidir: \u201cBir t\u0259r\u0259fd\u0259n, Az\u0259rbaycan ciddi \u015f\u0259kild\u0259 d\u00fc\u015f\u00fcn\u00fcr ki, \u0259g\u0259r Erm\u0259nistan\u0131n strateji perspektivd\u0259 ona qar\u015f\u0131 t\u0259cav\u00fczkar planlar\u0131&hellip;<\/p>\n","protected":false},"author":2,"featured_media":761420,"comment_status":"closed","ping_status":"closed","sticky":false,"template":"","format":"standard","meta":{"om_disable_all_campaigns":false,"_monsterinsights_skip_tracking":false,"_monsterinsights_sitenote_active":false,"_monsterinsights_sitenote_note":"","_monsterinsights_sitenote_category":0},"categories":[4],"tags":[],"aioseo_notices":[],"gutentor_comment":0,"rttpg_featured_image_url":{"full":["https:\/\/arantv.az\/wp-content\/uploads\/2024\/10\/b70213c87795b21b427181198c75ce7e.jpg",870,500,false],"landscape":["https:\/\/arantv.az\/wp-content\/uploads\/2024\/10\/b70213c87795b21b427181198c75ce7e.jpg",870,500,false],"portraits":["https:\/\/arantv.az\/wp-content\/uploads\/2024\/10\/b70213c87795b21b427181198c75ce7e.jpg",870,500,false],"thumbnail":["https:\/\/arantv.az\/wp-content\/uploads\/2024\/10\/b70213c87795b21b427181198c75ce7e-500x280.jpg",500,280,true],"medium":["https:\/\/arantv.az\/wp-content\/uploads\/2024\/10\/b70213c87795b21b427181198c75ce7e-635x365.jpg",635,365,true],"large":["https:\/\/arantv.az\/wp-content\/uploads\/2024\/10\/b70213c87795b21b427181198c75ce7e-840x483.jpg",640,368,true],"1536x1536":["https:\/\/arantv.az\/wp-content\/uploads\/2024\/10\/b70213c87795b21b427181198c75ce7e.jpg",870,500,false],"2048x2048":["https:\/\/arantv.az\/wp-content\/uploads\/2024\/10\/b70213c87795b21b427181198c75ce7e.jpg",870,500,false],"post-thumbnail":["https:\/\/arantv.az\/wp-content\/uploads\/2024\/10\/b70213c87795b21b427181198c75ce7e-240x172.jpg",240,172,true],"advps-thumb-one":["https:\/\/arantv.az\/wp-content\/uploads\/2024\/10\/b70213c87795b21b427181198c75ce7e.jpg",870,500,false]},"rttpg_author":{"display_name":"V\u00fcsal Rafiqo\u011flu","author_link":"https:\/\/arantv.az\/?author=2"},"rttpg_comment":0,"rttpg_category":"<a href=\"https:\/\/arantv.az\/?cat=4\" rel=\"category\">Siyas\u0259t<\/a>","rttpg_excerpt":"Politoloq: \u201cG\u00f6r\u00fcn, n\u0259 d\u0259r\u0259c\u0259d\u0259 h\u0259yas\u0131z siyas\u0259t\u00e7idir ki&#8230;\u201d Erm\u0259nistan\u0131n ba\u015f naziri Nikol Pa\u015finyan\u0131n s\u00fclh oyunbazl\u0131\u011f\u0131 davam edir. Son vaxtlar daha qabar\u0131q g\u00f6r\u00fcn\u0259n bu yalan\u00e7\u0131 konstruktivlik paralel sur\u0259td\u0259 Az\u0259rbaycan\u0131n su\u00e7lanmas\u0131 fonunda \u00f6z\u00fcn\u00fc b\u00fcruz\u0259 verm\u0259kd\u0259dir. Bu da n\u00f6vb\u0259ti fakt. \u201cAz\u0259rbaycan &#8220;D\u00fcnyan\u0131n k\u0259si\u015fm\u0259si&#8221; layih\u0259sinin Erm\u0259nistana on milyardlarla dollar g\u0259lir g\u0259tir\u0259 bil\u0259c\u0259yind\u0259n narahatd\u0131r&#8221;. Bel\u0259 bir absurd iddian\u0131 Pa\u015finyan \u00f6t\u0259n h\u0259ft\u0259sonu&hellip;","_links":{"self":[{"href":"https:\/\/arantv.az\/index.php?rest_route=\/wp\/v2\/posts\/761419"}],"collection":[{"href":"https:\/\/arantv.az\/index.php?rest_route=\/wp\/v2\/posts"}],"about":[{"href":"https:\/\/arantv.az\/index.php?rest_route=\/wp\/v2\/types\/post"}],"author":[{"embeddable":true,"href":"https:\/\/arantv.az\/index.php?rest_route=\/wp\/v2\/users\/2"}],"replies":[{"embeddable":true,"href":"https:\/\/arantv.az\/index.php?rest_route=%2Fwp%2Fv2%2Fcomments&post=761419"}],"version-history":[{"count":1,"href":"https:\/\/arantv.az\/index.php?rest_route=\/wp\/v2\/posts\/761419\/revisions"}],"predecessor-version":[{"id":761421,"href":"https:\/\/arantv.az\/index.php?rest_route=\/wp\/v2\/posts\/761419\/revisions\/761421"}],"wp:featuredmedia":[{"embeddable":true,"href":"https:\/\/arantv.az\/index.php?rest_route=\/wp\/v2\/media\/761420"}],"wp:attachment":[{"href":"https:\/\/arantv.az\/index.php?rest_route=%2Fwp%2Fv2%2Fmedia&parent=761419"}],"wp:term":[{"taxonomy":"category","embeddable":true,"href":"https:\/\/arantv.az\/index.php?rest_route=%2Fwp%2Fv2%2Fcategories&post=761419"},{"taxonomy":"post_tag","embeddable":true,"href":"https:\/\/arantv.az\/index.php?rest_route=%2Fwp%2Fv2%2Ftags&post=761419"}],"curies":[{"name":"wp","href":"https:\/\/api.w.org\/{rel}","templated":true}]}}