{"id":761504,"date":"2024-10-15T12:21:52","date_gmt":"2024-10-15T08:21:52","guid":{"rendered":"https:\/\/arantv.az\/?p=761504"},"modified":"2024-10-15T12:21:52","modified_gmt":"2024-10-15T08:21:52","slug":"respublikamizin-mdb-il%c9%99-%c9%99laq%c9%99l%c9%99ri-o-cuml%c9%99d%c9%99n-d%c9%99-quruma-daxil-olan-ayri-ayri-dovl%c9%99tl%c9%99rl%c9%99-ikit%c9%99r%c9%99fli-munasib%c9%99tl%c9%99ri-milli-maraqlarim","status":"publish","type":"post","link":"https:\/\/arantv.az\/?p=761504","title":{"rendered":"Respublikam\u0131z\u0131n MDB il\u0259 \u0259laq\u0259l\u0259ri, o c\u00fcml\u0259d\u0259n d\u0259 quruma daxil olan ayr\u0131-ayr\u0131 d\u00f6vl\u0259tl\u0259rl\u0259 ikit\u0259r\u0259fli m\u00fcnasib\u0259tl\u0259ri milli maraqlar\u0131m\u0131za xidm\u0259t edir."},"content":{"rendered":"<p>Xarici siyas\u0259t h\u0259r bir d\u00f6vl\u0259tin, o c\u00fcml\u0259d\u0259n m\u00fcst\u0259qillik yolu il\u0259 inamla ir\u0259lil\u0259y\u0259n Az\u0259rbaycan Respublikas\u0131n\u0131n siyasi irad\u0259sinin g\u00f6st\u0259ricisi olmaqla yana\u015f\u0131, onun beyn\u0259lxalq m\u00fcnasib\u0259tl\u0259r sistemind\u0259 m\u00f6vqel\u0259rinin m\u00fc\u0259yy\u0259n edilm\u0259sini v\u0259 m\u00f6hk\u0259ml\u0259nm\u0259sini, iqtisadi, siyasi v\u0259 humanitar sah\u0259l\u0259rd\u0259 qar\u015f\u0131l\u0131ql\u0131 faydal\u0131 \u0259m\u0259kda\u015fl\u0131\u011f\u0131n qurulmas\u0131n\u0131 v\u0259 inki\u015faf\u0131n\u0131 n\u0259z\u0259rd\u0259 tutur. Az\u0259rbaycan d\u00f6vl\u0259ti il\u0259 MDB \u0259m\u0259kda\u015fl\u0131\u011f\u0131 da bu prinsipl\u0259r\u0259 \u0259saslan\u0131r. MDB d\u00f6vl\u0259tl\u0259rini ortaq siyasi ke\u00e7mi\u015f v\u0259 m\u00fcasir \u00e7a\u011f\u0131r\u0131\u015flar birl\u0259\u015fdirir. Quruma daxil olan d\u00f6vl\u0259tl\u0259r bir s\u0131ra istiqam\u0259tl\u0259r \u00fczr\u0259 \u00f6z f\u0259aliyy\u0259tl\u0259rini uzla\u015fd\u0131r\u0131blar ki, bu da regional t\u0259hl\u00fck\u0259sizliyin t\u0259min olunmas\u0131na v\u0259 qar\u015f\u0131l\u0131ql\u0131 maraqlara \u0259saslanan \u0259m\u0259kda\u015fl\u0131\u011f\u0131n d\u0259rinl\u0259\u015fm\u0259sin\u0259 \u00f6z m\u00fcsb\u0259t t\u0259sirini g\u00f6st\u0259rib.<br \/>\nAz\u0259rbaycan\u0131n ke\u00e7mi\u015f ittifaqa daxil olan d\u00f6vl\u0259tl\u0259rin yaratd\u0131\u011f\u0131 M\u00fcst\u0259qil D\u00f6vl\u0259tl\u0259r Birliyind\u0259 u\u011furlu t\u0259msil\u00e7iliyi xalq\u0131m\u0131z\u0131n \u00dcmummilli lideri Heyd\u0259r \u018fliyevin siyasi irad\u0259si say\u0259sind\u0259 ba\u015f tutub.<br \/>\nAz\u0259rbaycan Respublikas\u0131 MDB \u00e7\u0259r\u00e7iv\u0259sind\u0259 Erm\u0259nistan istisna olmaqla, dig\u0259r b\u00fct\u00fcn \u00fczv \u00f6lk\u0259l\u0259rl\u0259 m\u00fcxt\u0259lif sah\u0259l\u0259rd\u0259, x\u00fcsus\u0259n m\u0259d\u0259niyy\u0259t, humanitar, elm v\u0259 dig\u0259r sah\u0259l\u0259rd\u0259 u\u011furlu \u0259m\u0259kda\u015fl\u0131q h\u0259yata ke\u00e7irir. Az\u0259rbaycan MDB daxilind\u0259 apar\u0131lan \u0259m\u0259kda\u015fl\u0131q \u00e7\u0259r\u00e7iv\u0259sind\u0259 \u00f6z milli maraqlar\u0131n\u0131 r\u0259hb\u0259r tutur. M\u00fcst\u0259qil Az\u0259rbaycan i\u015f\u011fal\u00e7\u0131 Erm\u0259nistan istisna olmaqla b\u00fct\u00fcn MDB \u00f6lk\u0259l\u0259ri il\u0259 azad ticar\u0259t rejimi yarad\u0131b, el\u0259c\u0259 d\u0259 respublikam\u0131zla dig\u0259r MDB d\u00f6vl\u0259tl\u0259ri aras\u0131nda s\u0259rb\u0259st s\u0259rmay\u0259 \u00fc\u00e7\u00fcn m\u00f6hk\u0259m h\u00fcquqi baza formala\u015f\u0131b. MDB Az\u0259rbaycan\u0131n xarici siyas\u0259tinin \u0259n m\u00fch\u00fcm m\u0259s\u0259l\u0259si &#8211; Erm\u0259nistan-Az\u0259rbaycan, Da\u011fl\u0131q Qaraba\u011f m\u00fcnaqi\u015f\u0259si il\u0259 ba\u011fl\u0131 h\u0259qiq\u0259tl\u0259rin d\u00fcnyaya \u00e7atd\u0131r\u0131lmas\u0131 bax\u0131m\u0131ndan da \u0259lveri\u015fli platformad\u0131r. M\u0259lumdur ki, Az\u0259rbaycan Erm\u0259nistan\u0131n i\u015f\u011fal\u00e7\u0131l\u0131q siyas\u0259ti n\u0259tic\u0259sind\u0259 yaranan m\u00fcnaqi\u015f\u0259nin \u0259dal\u0259tli h\u0259llin\u0259 nail olmaq \u00fc\u00e7\u00fcn beyn\u0259lxalq t\u0259\u015fkilatlar\u0131n, o c\u00fcml\u0259d\u0259n d\u0259 MDB-nin tribunas\u0131ndan geni\u015f istifad\u0259 etmi\u015fdir.<br \/>\nBu g\u00fcn d\u0259 Az\u0259rbaycan\u2013MDB \u0259laq\u0259l\u0259ri inki\u015faf edir. Respublikam\u0131z ke\u00e7mi\u015f sovet respublikalar\u0131 il\u0259 ikit\u0259r\u0259fli m\u00fcnasib\u0259tl\u0259rl\u0259 yana\u015f\u0131, h\u0259m\u00e7inin MDB \u00e7\u0259r\u00e7iv\u0259sind\u0259 bu d\u00f6vl\u0259tl\u0259rl\u0259 \u00e7oxt\u0259r\u0259fli \u0259m\u0259kda\u015fl\u0131\u011fa b\u00f6y\u00fck \u00f6n\u0259m verir. Oktyabr\u0131n 8-d\u0259 Moskvada ke\u00e7irilmi\u015f M\u00fcst\u0259qil D\u00f6vl\u0259tl\u0259r Birliyi D\u00f6vl\u0259t Ba\u015f\u00e7\u0131lar\u0131 \u015euras\u0131n\u0131n iclas\u0131nda \u00e7\u0131x\u0131\u015f ed\u0259n Prezident \u0130lham \u018fliyev Az\u0259rbaycan-MDB \u0259m\u0259kda\u015fl\u0131\u011f\u0131n\u0131n u\u011furla inki\u015faf etm\u0259sind\u0259n m\u0259mnunlu\u011funu bildirib v\u0259 ke\u00e7mi\u015f m\u00fctt\u0259fiq respublikalar\u0131n birg\u0259 ke\u00e7dikl\u0259ri yolda, o c\u00fcml\u0259d\u0259n d\u0259 \u0130kinci D\u00fcnya m\u00fcharib\u0259sind\u0259 Q\u0259l\u0259b\u0259nin \u0259ld\u0259 olunmas\u0131nda Az\u0259rbaycan\u0131n m\u00fch\u00fcm rol oynad\u0131\u011f\u0131n\u0131 qeyd edib. MDB d\u00f6vl\u0259tl\u0259ri aras\u0131nda \u0259m\u0259kda\u015fl\u0131\u011f\u0131n m\u00fch\u00fcm bir istiqam\u0259tini humanitar-m\u0259d\u0259ni sah\u0259 t\u0259\u015fkil edir. B\u00fct\u00fcn bunlar is\u0259 xalqlar\u0131 bir-birl\u0259rin\u0259 daha yax\u0131n edir v\u0259 onlar\u0131 z\u0259nginl\u0259\u015fdirir. MDB Humanitar \u018fm\u0259kda\u015fl\u0131q \u015euras\u0131n\u0131n q\u0259rar\u0131na \u0259sas\u0259n, Az\u0259rbaycan\u0131n \u015e\u0259rqi Z\u0259ng\u0259zur b\u00f6lg\u0259sinin La\u00e7\u0131n \u015f\u0259h\u0259ri 2025-ci ild\u0259 MDB-nin m\u0259d\u0259niyy\u0259t paytaxt\u0131 elan edilib. Prezident \u0130lham \u018fliyev bununla ba\u011fl\u0131 \u00e7\u0131x\u0131\u015f\u0131nda bildirib: \u201cLa\u00e7\u0131n Az\u0259rbaycan\u0131n 30 il\u0259 yax\u0131n m\u00fcdd\u0259td\u0259 Erm\u0259nistan\u0131n i\u015f\u011fal\u0131 alt\u0131nda olmu\u015f \u015f\u0259h\u0259rl\u0259rind\u0259n biridir v\u0259 dem\u0259k olar ki, tamamil\u0259 da\u011f\u0131d\u0131lm\u0131\u015fd\u0131. Bu g\u00fcn La\u00e7\u0131n art\u0131q b\u0259rpa olunub. Burada yeni h\u0259yat ba\u015flay\u0131b, ke\u00e7mi\u015f m\u0259cburi k\u00f6\u00e7k\u00fcnl\u0259r qay\u0131d\u0131blar. La\u00e7\u0131n\u0131n MDB-nin m\u0259d\u0259niyy\u0259t paytaxt\u0131 elan edilm\u0259si h\u0259m la\u00e7\u0131nl\u0131lar, h\u0259m d\u0259 b\u00fct\u00fcn Az\u0259rbaycan xalq\u0131 t\u0259r\u0259find\u0259n b\u00f6y\u00fck minn\u0259tdarl\u0131qla qar\u015f\u0131lan\u0131b\u201d. III MDB Oyunlar\u0131na ev sahibliyi h\u00fcququnun \u00f6lk\u0259miz\u0259 verilm\u0259si d\u0259 t\u0259\u015fkilat daxilind\u0259 Az\u0259rbaycana inam\u0131n y\u00fcks\u0259k olmas\u0131n\u0131n t\u0259sdiqidir. N\u00f6vb\u0259ti il Az\u0259rbaycanda III MDB Oyunlar\u0131 ke\u00e7iril\u0259c\u0259k. G\u0259nc\u0259 \u015f\u0259h\u0259ri idman paytaxt\u0131na \u00e7evril\u0259c\u0259k.<br \/>\nMDB d\u00f6vl\u0259t ba\u015f\u00e7\u0131lar\u0131n\u0131n Zirv\u0259 g\u00f6r\u00fc\u015f\u00fcnd\u0259 noyabr\u0131n 11-22-d\u0259 Bak\u0131da ke\u00e7iril\u0259c\u0259k BMT-nin \u0130qlim D\u0259yi\u015fm\u0259l\u0259ri \u00fczr\u0259 \u00c7\u0259r\u00e7iv\u0259 Konvensiyas\u0131n\u0131n T\u0259r\u0259fl\u0259r Konfrans\u0131n\u0131n 29-cu sessiyas\u0131n\u0131n (COP29) ke\u00e7irilm\u0259sin\u0259 bir daha d\u0259st\u0259k ifad\u0259 olunub.<br \/>\nB\u00fct\u00f6vl\u00fckd\u0259, Az\u0259rbaycan\u0131n Erm\u0259nistan istisna olmaqla b\u00fct\u00fcn MDB d\u00f6vl\u0259tl\u0259ri il\u0259 \u00e7ox y\u00fcks\u0259k s\u0259viyy\u0259li ikit\u0259r\u0259fli m\u00fcnasib\u0259tl\u0259ri formala\u015f\u0131b. \u0130ntensiv xarakter da\u015f\u0131yan bu m\u00fcnasib\u0259tl\u0259r \u00f6lk\u0259l\u0259rin milli maraqlar\u0131na xidm\u0259t edir v\u0259 tarixi dostluq \u0259n\u0259n\u0259l\u0259rin\u0259, qar\u015f\u0131l\u0131ql\u0131 h\u00f6rm\u0259t prinsipin\u0259 \u0259saslan\u0131r.<br \/>\nT\u00fcrkan \u015eadlinskaya &#8211; B\u0259rd\u0259 rayon Heyd\u0259r \u018fliyev M\u0259rk\u0259zinin elmi i\u015f\u00e7isi<\/p>\n","protected":false},"excerpt":{"rendered":"<p>Xarici siyas\u0259t h\u0259r bir d\u00f6vl\u0259tin, o c\u00fcml\u0259d\u0259n m\u00fcst\u0259qillik yolu il\u0259 inamla ir\u0259lil\u0259y\u0259n Az\u0259rbaycan Respublikas\u0131n\u0131n siyasi irad\u0259sinin g\u00f6st\u0259ricisi olmaqla yana\u015f\u0131, onun beyn\u0259lxalq m\u00fcnasib\u0259tl\u0259r sistemind\u0259 m\u00f6vqel\u0259rinin m\u00fc\u0259yy\u0259n edilm\u0259sini v\u0259 m\u00f6hk\u0259ml\u0259nm\u0259sini, iqtisadi, siyasi v\u0259 humanitar sah\u0259l\u0259rd\u0259 qar\u015f\u0131l\u0131ql\u0131 faydal\u0131 \u0259m\u0259kda\u015fl\u0131\u011f\u0131n qurulmas\u0131n\u0131 v\u0259 inki\u015faf\u0131n\u0131 n\u0259z\u0259rd\u0259 tutur. Az\u0259rbaycan d\u00f6vl\u0259ti il\u0259 MDB \u0259m\u0259kda\u015fl\u0131\u011f\u0131 da bu prinsipl\u0259r\u0259 \u0259saslan\u0131r. MDB d\u00f6vl\u0259tl\u0259rini ortaq siyasi ke\u00e7mi\u015f v\u0259 m\u00fcasir \u00e7a\u011f\u0131r\u0131\u015flar birl\u0259\u015fdirir. Quruma daxil olan d\u00f6vl\u0259tl\u0259r bir s\u0131ra istiqam\u0259tl\u0259r \u00fczr\u0259 \u00f6z f\u0259aliyy\u0259tl\u0259rini uzla\u015fd\u0131r\u0131blar ki, bu da regional t\u0259hl\u00fck\u0259sizliyin t\u0259min olunmas\u0131na v\u0259 qar\u015f\u0131l\u0131ql\u0131 maraqlara \u0259saslanan \u0259m\u0259kda\u015fl\u0131\u011f\u0131n d\u0259rinl\u0259\u015fm\u0259sin\u0259 \u00f6z m\u00fcsb\u0259t t\u0259sirini g\u00f6st\u0259rib. Az\u0259rbaycan\u0131n ke\u00e7mi\u015f ittifaqa&hellip;<\/p>\n","protected":false},"author":2,"featured_media":761505,"comment_status":"closed","ping_status":"closed","sticky":false,"template":"","format":"standard","meta":{"om_disable_all_campaigns":false,"_monsterinsights_skip_tracking":false,"_monsterinsights_sitenote_active":false,"_monsterinsights_sitenote_note":"","_monsterinsights_sitenote_category":0},"categories":[2],"tags":[],"aioseo_notices":[],"gutentor_comment":0,"rttpg_featured_image_url":{"full":["https:\/\/arantv.az\/wp-content\/uploads\/2024\/10\/463118736_489842830677069_724088318409476050_n.jpg",870,500,false],"landscape":["https:\/\/arantv.az\/wp-content\/uploads\/2024\/10\/463118736_489842830677069_724088318409476050_n.jpg",870,500,false],"portraits":["https:\/\/arantv.az\/wp-content\/uploads\/2024\/10\/463118736_489842830677069_724088318409476050_n.jpg",870,500,false],"thumbnail":["https:\/\/arantv.az\/wp-content\/uploads\/2024\/10\/463118736_489842830677069_724088318409476050_n-500x280.jpg",500,280,true],"medium":["https:\/\/arantv.az\/wp-content\/uploads\/2024\/10\/463118736_489842830677069_724088318409476050_n-635x365.jpg",635,365,true],"large":["https:\/\/arantv.az\/wp-content\/uploads\/2024\/10\/463118736_489842830677069_724088318409476050_n-840x483.jpg",640,368,true],"1536x1536":["https:\/\/arantv.az\/wp-content\/uploads\/2024\/10\/463118736_489842830677069_724088318409476050_n.jpg",870,500,false],"2048x2048":["https:\/\/arantv.az\/wp-content\/uploads\/2024\/10\/463118736_489842830677069_724088318409476050_n.jpg",870,500,false],"post-thumbnail":["https:\/\/arantv.az\/wp-content\/uploads\/2024\/10\/463118736_489842830677069_724088318409476050_n-240x172.jpg",240,172,true],"advps-thumb-one":["https:\/\/arantv.az\/wp-content\/uploads\/2024\/10\/463118736_489842830677069_724088318409476050_n.jpg",870,500,false]},"rttpg_author":{"display_name":"V\u00fcsal Rafiqo\u011flu","author_link":"https:\/\/arantv.az\/?author=2"},"rttpg_comment":0,"rttpg_category":"<a href=\"https:\/\/arantv.az\/?cat=2\" rel=\"category\">Region X\u0259b\u0259rl\u0259ri<\/a>","rttpg_excerpt":"Xarici siyas\u0259t h\u0259r bir d\u00f6vl\u0259tin, o c\u00fcml\u0259d\u0259n m\u00fcst\u0259qillik yolu il\u0259 inamla ir\u0259lil\u0259y\u0259n Az\u0259rbaycan Respublikas\u0131n\u0131n siyasi irad\u0259sinin g\u00f6st\u0259ricisi olmaqla yana\u015f\u0131, onun beyn\u0259lxalq m\u00fcnasib\u0259tl\u0259r sistemind\u0259 m\u00f6vqel\u0259rinin m\u00fc\u0259yy\u0259n edilm\u0259sini v\u0259 m\u00f6hk\u0259ml\u0259nm\u0259sini, iqtisadi, siyasi v\u0259 humanitar sah\u0259l\u0259rd\u0259 qar\u015f\u0131l\u0131ql\u0131 faydal\u0131 \u0259m\u0259kda\u015fl\u0131\u011f\u0131n qurulmas\u0131n\u0131 v\u0259 inki\u015faf\u0131n\u0131 n\u0259z\u0259rd\u0259 tutur. Az\u0259rbaycan d\u00f6vl\u0259ti il\u0259 MDB \u0259m\u0259kda\u015fl\u0131\u011f\u0131 da bu prinsipl\u0259r\u0259 \u0259saslan\u0131r. MDB d\u00f6vl\u0259tl\u0259rini ortaq siyasi ke\u00e7mi\u015f&hellip;","_links":{"self":[{"href":"https:\/\/arantv.az\/index.php?rest_route=\/wp\/v2\/posts\/761504"}],"collection":[{"href":"https:\/\/arantv.az\/index.php?rest_route=\/wp\/v2\/posts"}],"about":[{"href":"https:\/\/arantv.az\/index.php?rest_route=\/wp\/v2\/types\/post"}],"author":[{"embeddable":true,"href":"https:\/\/arantv.az\/index.php?rest_route=\/wp\/v2\/users\/2"}],"replies":[{"embeddable":true,"href":"https:\/\/arantv.az\/index.php?rest_route=%2Fwp%2Fv2%2Fcomments&post=761504"}],"version-history":[{"count":1,"href":"https:\/\/arantv.az\/index.php?rest_route=\/wp\/v2\/posts\/761504\/revisions"}],"predecessor-version":[{"id":761506,"href":"https:\/\/arantv.az\/index.php?rest_route=\/wp\/v2\/posts\/761504\/revisions\/761506"}],"wp:featuredmedia":[{"embeddable":true,"href":"https:\/\/arantv.az\/index.php?rest_route=\/wp\/v2\/media\/761505"}],"wp:attachment":[{"href":"https:\/\/arantv.az\/index.php?rest_route=%2Fwp%2Fv2%2Fmedia&parent=761504"}],"wp:term":[{"taxonomy":"category","embeddable":true,"href":"https:\/\/arantv.az\/index.php?rest_route=%2Fwp%2Fv2%2Fcategories&post=761504"},{"taxonomy":"post_tag","embeddable":true,"href":"https:\/\/arantv.az\/index.php?rest_route=%2Fwp%2Fv2%2Ftags&post=761504"}],"curies":[{"name":"wp","href":"https:\/\/api.w.org\/{rel}","templated":true}]}}