{"id":761511,"date":"2024-10-15T12:27:23","date_gmt":"2024-10-15T08:27:23","guid":{"rendered":"https:\/\/arantv.az\/?p=761511"},"modified":"2024-10-15T12:27:23","modified_gmt":"2024-10-15T08:27:23","slug":"professor-b%c9%99zi-caylarda-illik-axim-h%c9%99cmi-12-15-azalib","status":"publish","type":"post","link":"https:\/\/arantv.az\/?p=761511","title":{"rendered":"Professor: B\u0259zi \u00e7aylarda illik ax\u0131m h\u0259cmi 12-15% azal\u0131b"},"content":{"rendered":"<p>B\u0259zi \u00e7aylarda illik ax\u0131m h\u0259cmi 12-15% azal\u0131b.<\/p>\n<p><strong>ARANTV.AZ\u00a0 x\u0259b\u0259r verir ki,<\/strong>\u00a0bunu akademik H.\u018fliyev ad\u0131na Co\u011frafiya \u0130nstitutunun &#8220;Qurunun hidrologiyas\u0131 v\u0259 su ehtiyatlar\u0131&#8221; \u015f\u00f6b\u0259sinin m\u00fcdiri, professor Rza Mahmudov COP29-la ba\u011fl\u0131 &#8220;Az\u0259rbaycanda regional iqlim d\u0259yi\u015fm\u0259l\u0259ri v\u0259 onun su ehtiyatlar\u0131na t\u0259siri&#8221; m\u00f6vzusunda ke\u00e7iril\u0259n t\u0259dbird\u0259 deyib.<\/p>\n<p>O bildirib ki, \u00f6lk\u0259 \u0259razisind\u0259 regional iqlim d\u0259yi\u015fm\u0259l\u0259rinin m\u00f6vcud durumu v\u0259 onun su ehtiyatlar\u0131na t\u0259siri n\u0259tic\u0259sind\u0259 orta \u00e7oxillik temperaturlar \u00e7oxillik normaya nisb\u0259t\u0259n 1.1o C art\u0131b: &#8220;\u00c7ay sular\u0131n\u0131n illik ax\u0131m\u0131nda rejim d\u0259yi\u015fk\u0259nliyi ba\u015f verib v\u0259 b\u0259zi \u00e7aylarda illik ax\u0131m h\u0259cmi 12-15% azal\u0131b&#8221;.<\/p>\n","protected":false},"excerpt":{"rendered":"<p>B\u0259zi \u00e7aylarda illik ax\u0131m h\u0259cmi 12-15% azal\u0131b. ARANTV.AZ\u00a0 x\u0259b\u0259r verir ki,\u00a0bunu akademik H.\u018fliyev ad\u0131na Co\u011frafiya \u0130nstitutunun &#8220;Qurunun hidrologiyas\u0131 v\u0259 su ehtiyatlar\u0131&#8221; \u015f\u00f6b\u0259sinin m\u00fcdiri, professor Rza Mahmudov COP29-la ba\u011fl\u0131 &#8220;Az\u0259rbaycanda regional iqlim d\u0259yi\u015fm\u0259l\u0259ri v\u0259 onun su ehtiyatlar\u0131na t\u0259siri&#8221; m\u00f6vzusunda ke\u00e7iril\u0259n t\u0259dbird\u0259 deyib. O bildirib ki, \u00f6lk\u0259 \u0259razisind\u0259 regional iqlim d\u0259yi\u015fm\u0259l\u0259rinin m\u00f6vcud durumu v\u0259 onun su ehtiyatlar\u0131na t\u0259siri n\u0259tic\u0259sind\u0259 orta \u00e7oxillik temperaturlar \u00e7oxillik normaya nisb\u0259t\u0259n 1.1o C art\u0131b: &#8220;\u00c7ay sular\u0131n\u0131n illik ax\u0131m\u0131nda rejim d\u0259yi\u015fk\u0259nliyi ba\u015f verib v\u0259 b\u0259zi \u00e7aylarda illik ax\u0131m h\u0259cmi 12-15% azal\u0131b&#8221;.<\/p>\n","protected":false},"author":2,"featured_media":761512,"comment_status":"closed","ping_status":"closed","sticky":false,"template":"","format":"standard","meta":{"om_disable_all_campaigns":false,"_monsterinsights_skip_tracking":false,"_monsterinsights_sitenote_active":false,"_monsterinsights_sitenote_note":"","_monsterinsights_sitenote_category":0},"categories":[1],"tags":[],"aioseo_notices":[],"gutentor_comment":0,"rttpg_featured_image_url":{"full":["https:\/\/arantv.az\/wp-content\/uploads\/2024\/10\/ba7609ee172897849677746174910776611.jpg",975,540,false],"landscape":["https:\/\/arantv.az\/wp-content\/uploads\/2024\/10\/ba7609ee172897849677746174910776611.jpg",975,540,false],"portraits":["https:\/\/arantv.az\/wp-content\/uploads\/2024\/10\/ba7609ee172897849677746174910776611.jpg",975,540,false],"thumbnail":["https:\/\/arantv.az\/wp-content\/uploads\/2024\/10\/ba7609ee172897849677746174910776611-500x280.jpg",500,280,true],"medium":["https:\/\/arantv.az\/wp-content\/uploads\/2024\/10\/ba7609ee172897849677746174910776611-660x365.jpg",660,365,true],"large":["https:\/\/arantv.az\/wp-content\/uploads\/2024\/10\/ba7609ee172897849677746174910776611-840x465.jpg",640,354,true],"1536x1536":["https:\/\/arantv.az\/wp-content\/uploads\/2024\/10\/ba7609ee172897849677746174910776611.jpg",975,540,false],"2048x2048":["https:\/\/arantv.az\/wp-content\/uploads\/2024\/10\/ba7609ee172897849677746174910776611.jpg",975,540,false],"post-thumbnail":["https:\/\/arantv.az\/wp-content\/uploads\/2024\/10\/ba7609ee172897849677746174910776611-240x172.jpg",240,172,true],"advps-thumb-one":["https:\/\/arantv.az\/wp-content\/uploads\/2024\/10\/ba7609ee172897849677746174910776611.jpg",975,540,false]},"rttpg_author":{"display_name":"V\u00fcsal Rafiqo\u011flu","author_link":"https:\/\/arantv.az\/?author=2"},"rttpg_comment":0,"rttpg_category":"<a href=\"https:\/\/arantv.az\/?cat=1\" rel=\"category\">C\u0259miyy\u0259t<\/a>","rttpg_excerpt":"B\u0259zi \u00e7aylarda illik ax\u0131m h\u0259cmi 12-15% azal\u0131b. ARANTV.AZ\u00a0 x\u0259b\u0259r verir ki,\u00a0bunu akademik H.\u018fliyev ad\u0131na Co\u011frafiya \u0130nstitutunun &#8220;Qurunun hidrologiyas\u0131 v\u0259 su ehtiyatlar\u0131&#8221; \u015f\u00f6b\u0259sinin m\u00fcdiri, professor Rza Mahmudov COP29-la ba\u011fl\u0131 &#8220;Az\u0259rbaycanda regional iqlim d\u0259yi\u015fm\u0259l\u0259ri v\u0259 onun su ehtiyatlar\u0131na t\u0259siri&#8221; m\u00f6vzusunda ke\u00e7iril\u0259n t\u0259dbird\u0259 deyib. O bildirib ki, \u00f6lk\u0259 \u0259razisind\u0259 regional iqlim d\u0259yi\u015fm\u0259l\u0259rinin m\u00f6vcud durumu v\u0259 onun su ehtiyatlar\u0131na&hellip;","_links":{"self":[{"href":"https:\/\/arantv.az\/index.php?rest_route=\/wp\/v2\/posts\/761511"}],"collection":[{"href":"https:\/\/arantv.az\/index.php?rest_route=\/wp\/v2\/posts"}],"about":[{"href":"https:\/\/arantv.az\/index.php?rest_route=\/wp\/v2\/types\/post"}],"author":[{"embeddable":true,"href":"https:\/\/arantv.az\/index.php?rest_route=\/wp\/v2\/users\/2"}],"replies":[{"embeddable":true,"href":"https:\/\/arantv.az\/index.php?rest_route=%2Fwp%2Fv2%2Fcomments&post=761511"}],"version-history":[{"count":1,"href":"https:\/\/arantv.az\/index.php?rest_route=\/wp\/v2\/posts\/761511\/revisions"}],"predecessor-version":[{"id":761513,"href":"https:\/\/arantv.az\/index.php?rest_route=\/wp\/v2\/posts\/761511\/revisions\/761513"}],"wp:featuredmedia":[{"embeddable":true,"href":"https:\/\/arantv.az\/index.php?rest_route=\/wp\/v2\/media\/761512"}],"wp:attachment":[{"href":"https:\/\/arantv.az\/index.php?rest_route=%2Fwp%2Fv2%2Fmedia&parent=761511"}],"wp:term":[{"taxonomy":"category","embeddable":true,"href":"https:\/\/arantv.az\/index.php?rest_route=%2Fwp%2Fv2%2Fcategories&post=761511"},{"taxonomy":"post_tag","embeddable":true,"href":"https:\/\/arantv.az\/index.php?rest_route=%2Fwp%2Fv2%2Ftags&post=761511"}],"curies":[{"name":"wp","href":"https:\/\/api.w.org\/{rel}","templated":true}]}}